{"id":1133,"date":"2025-05-08T12:04:10","date_gmt":"2025-05-08T12:04:10","guid":{"rendered":"https:\/\/mentalhelse.no\/alesund\/?post_type=news&#038;p=1133"},"modified":"2025-05-08T12:04:10","modified_gmt":"2025-05-08T12:04:10","slug":"koselig-matlagingskurs","status":"publish","type":"news","link":"https:\/\/mentalhelse.no\/alesund\/aktuelt\/koselig-matlagingskurs\/","title":{"rendered":"Koselig matlagingskurs"},"content":{"rendered":"<figure class=\"alignwide wp-block-post-featured-image\"><img loading=\"lazy\" decoding=\"async\" width=\"768\" height=\"1024\" src=\"https:\/\/mentalhelse.no\/content\/uploads\/sites\/224\/2025\/05\/att.tlgmoAOgAnbH4w2qe7rS4OnxlydW_5LLqV_tGAZRXgM.jpeg\" class=\"attachment-post-thumbnail size-post-thumbnail wp-post-image\" alt=\"\" style=\"object-fit:cover; --focal-point: 50% 50%;\" srcset=\"https:\/\/mentalhelse.no\/content\/uploads\/sites\/224\/2025\/05\/att.tlgmoAOgAnbH4w2qe7rS4OnxlydW_5LLqV_tGAZRXgM.jpeg 768w, https:\/\/mentalhelse.no\/content\/uploads\/sites\/224\/2025\/05\/att.tlgmoAOgAnbH4w2qe7rS4OnxlydW_5LLqV_tGAZRXgM-225x300.jpeg 225w\" sizes=\"auto, (max-width: 768px) 100vw, 768px\" \/><\/figure>\n\n<h1 class=\"wp-block-post-title\">Koselig matlagingskurs<\/h1>\n\n<div class=\"is-img-top mh-byline wp-block-mh-byline\">\n                  <div class=\"mh-byline__inner\">\n                  \t\n                  \t<div class=\"mh-byline__meta\">\n                  \t\t<div class=\"mh-byline__post\">\n                  \t\t\t<div class=\"entry-date\">08.05.2025<\/div>\n                  \t\t<\/div>\n                  \t\t<div class=\"mh-byline__author\">\n                  \t\t\t <span class=\"mh-byline__author-link\">karilind<\/span>\n\t\t\t\t\t\t<\/div>\n\t\t\t\t\t<\/div>\n\t\t\t\t<\/div>\n\t\t<\/div>\n\n\n<p>Tirsdag 6.mai m\u00f8ttes en gjeng p\u00e5 8 stk p\u00e5 frivilligsentralen. Vi var klare til \u00e5 lage v\u00e5rruller sammen. Svein var instrukt\u00f8r og ledet oss gjennom prosessen. <\/p>\n\n\n\n<figure class=\"wp-block-image size-full\"><img loading=\"lazy\" decoding=\"async\" width=\"768\" height=\"1024\" src=\"https:\/\/mentalhelse.no\/content\/uploads\/sites\/224\/2025\/05\/att.AzfWhFyNQVi9UkZL2Ps9auVXNJDmO4R197rkOoMw2v4.jpeg\" alt=\"\" class=\"wp-image-1138\" srcset=\"https:\/\/mentalhelse.no\/content\/uploads\/sites\/224\/2025\/05\/att.AzfWhFyNQVi9UkZL2Ps9auVXNJDmO4R197rkOoMw2v4.jpeg 768w, https:\/\/mentalhelse.no\/content\/uploads\/sites\/224\/2025\/05\/att.AzfWhFyNQVi9UkZL2Ps9auVXNJDmO4R197rkOoMw2v4-225x300.jpeg 225w\" sizes=\"auto, (max-width: 768px) 100vw, 768px\" \/><\/figure>\n\n\n\n<p>Her ble det kuttet l\u00f8k i alle fasonger til den store gullmedalje. R\u00f8dl\u00f8k, gul l\u00f8k, v\u00e5rl\u00f8k og purrel\u00f8k. <\/p>\n\n\n\n<figure class=\"wp-block-image size-full\"><img loading=\"lazy\" decoding=\"async\" width=\"768\" height=\"1024\" src=\"https:\/\/mentalhelse.no\/content\/uploads\/sites\/224\/2025\/05\/att.pYhHDuCHnUuk2Pw_04aG8cxU03ZxtajC3wELQVUp04A.jpeg\" alt=\"\" class=\"wp-image-1135\" srcset=\"https:\/\/mentalhelse.no\/content\/uploads\/sites\/224\/2025\/05\/att.pYhHDuCHnUuk2Pw_04aG8cxU03ZxtajC3wELQVUp04A.jpeg 768w, https:\/\/mentalhelse.no\/content\/uploads\/sites\/224\/2025\/05\/att.pYhHDuCHnUuk2Pw_04aG8cxU03ZxtajC3wELQVUp04A-225x300.jpeg 225w\" sizes=\"auto, (max-width: 768px) 100vw, 768px\" \/><\/figure>\n\n\n\n<p>N\u00e5r alle ingredienser var kuttet, kj\u00f8ttdeig stekt og krydret var det \u00e5 blande godt sammen f\u00f8r vi rullet i vei og v\u00e5rrullene tok form.<\/p>\n\n\n\n<figure class=\"wp-block-image size-full\"><img loading=\"lazy\" decoding=\"async\" width=\"768\" height=\"1024\" src=\"https:\/\/mentalhelse.no\/content\/uploads\/sites\/224\/2025\/05\/att.c4PltnAK9zmopYAlMJhKjseD6OXHQRIT4UySqslwbKA.jpeg\" alt=\"\" class=\"wp-image-1136\" srcset=\"https:\/\/mentalhelse.no\/content\/uploads\/sites\/224\/2025\/05\/att.c4PltnAK9zmopYAlMJhKjseD6OXHQRIT4UySqslwbKA.jpeg 768w, https:\/\/mentalhelse.no\/content\/uploads\/sites\/224\/2025\/05\/att.c4PltnAK9zmopYAlMJhKjseD6OXHQRIT4UySqslwbKA-225x300.jpeg 225w\" sizes=\"auto, (max-width: 768px) 100vw, 768px\" \/><\/figure>\n\n\n\n<p>Vi fikk smake b\u00e5de p\u00e5 frityrstekte og ovnsstekte v\u00e5rruller. Det ble ogs\u00e5 rikelig til at alle kunne f\u00e5 med seg en god del hjem. Disse er gode \u00e5 fryse r\u00e5, s\u00e5 kan man ta de i stekeovn eller frityr n\u00e5r lysten melder seg.<\/p>\n\n\n\n<p>Takker for en koselig stund sammen med trivelige folk.<\/p>\n\n\n\n<p>Vil si dette ble en suksess og sjansen for at det vil bli flere muligheter til \u00e5 m\u00f8tes for \u00e5 lage mat sammen er stor!<\/p>\n\n\n\n\t\t<div class=\"mh-related-posts alignfull alignfull wp-block-mentalhelse-related-posts gray-mode\">\n\t\t\t<div class=\"mh-related-posts__inner\">\n\t\t\t\t\n\n<h3 class=\"wp-block-heading\" id=\"h-also-read\">Also read<\/h3>\n\n\n<div class=\"t2-featured-content-layout alignwide alignwide wp-block-t2-featured-content-layout\">\n<div class=\"t2-featured-query-post t2-featured-content is-post-type-news wp-block-t2-featured-query-post t2-featured-content-layout-col-4\"><a class=\"t2-post-link wp-block-t2-post-link\" href=\"https:\/\/mentalhelse.no\/alesund\/aktuelt\/tur-til-gapahuken-pa-lilletoppen\/\">\n\t<figure style=\"--t2-focal-point: 50% 50%;\" class=\"t2-post-featured-image has-image-ratio-16-9 wp-block-t2-post-featured-image\"><img loading=\"lazy\" decoding=\"async\" width=\"2048\" height=\"1536\" src=\"https:\/\/mentalhelse.no\/content\/uploads\/sites\/224\/2026\/02\/ad4c5c68-1b4d-4d0e-a699-c8b3e097f6a2.jpg\" class=\"attachment-post-thumbnail size-post-thumbnail wp-post-image\" alt=\"\" srcset=\"https:\/\/mentalhelse.no\/content\/uploads\/sites\/224\/2026\/02\/ad4c5c68-1b4d-4d0e-a699-c8b3e097f6a2.jpg 2048w, https:\/\/mentalhelse.no\/content\/uploads\/sites\/224\/2026\/02\/ad4c5c68-1b4d-4d0e-a699-c8b3e097f6a2-300x225.jpg 300w, https:\/\/mentalhelse.no\/content\/uploads\/sites\/224\/2026\/02\/ad4c5c68-1b4d-4d0e-a699-c8b3e097f6a2-1024x768.jpg 1024w, https:\/\/mentalhelse.no\/content\/uploads\/sites\/224\/2026\/02\/ad4c5c68-1b4d-4d0e-a699-c8b3e097f6a2-768x576.jpg 768w, https:\/\/mentalhelse.no\/content\/uploads\/sites\/224\/2026\/02\/ad4c5c68-1b4d-4d0e-a699-c8b3e097f6a2-1536x1152.jpg 1536w\" sizes=\"auto, (max-width: 2048px) 100vw, 2048px\" style=\"--focal-point: 50% 50%;\" \/><\/figure>\n<\/a>\n\n<div class=\"wp-block-group postinfo alignfull is-layout-flow wp-block-group-is-layout-flow\">\n\t<div class=\"wp-block-mentalhelse-post-category\">\n\t\t\t\t\t<div class=\"post-type\">\n\t\t\t\t\t\t<a href=\"https:\/\/mentalhelse.no\/alesund\/aktuelt\/\">Nyheter<\/a>\n\t\t\t\t\t<\/div>\n\t\t\t\t\t\n\t\t\t\t\t<div class=\"post-category\">\n\t\t\t\t\t\t\n\t\t\t\t\t<\/div>\n\t\t\t<\/div>\n\t<a class=\"t2-post-link wp-block-t2-post-link\" href=\"https:\/\/mentalhelse.no\/alesund\/aktuelt\/tur-til-gapahuken-pa-lilletoppen\/\">\n\t<h2 class=\"t2-post-title wp-block-t2-post-title\">Tur til gapahuken p\u00e5 Lilletoppen<\/h2>\n\t<\/a>\n<\/div>\n\n<\/div>\n\n<div class=\"t2-featured-query-post t2-featured-content is-post-type-news wp-block-t2-featured-query-post t2-featured-content-layout-col-4\"><a class=\"t2-post-link wp-block-t2-post-link\" href=\"https:\/\/mentalhelse.no\/alesund\/aktuelt\/medlemskveld-med-foredrag-og-julemat-20-november-og-juleverksted-29-november\/\">\n\t<figure style=\"--t2-focal-point: 50% 50%;\" class=\"t2-post-featured-image has-image-ratio-16-9 wp-block-t2-post-featured-image\"><img loading=\"lazy\" decoding=\"async\" width=\"2048\" height=\"1537\" src=\"https:\/\/mentalhelse.no\/content\/uploads\/sites\/224\/2025\/11\/Julebilde.jpg\" class=\"attachment-post-thumbnail size-post-thumbnail wp-post-image\" alt=\"\" srcset=\"https:\/\/mentalhelse.no\/content\/uploads\/sites\/224\/2025\/11\/Julebilde.jpg 2048w, https:\/\/mentalhelse.no\/content\/uploads\/sites\/224\/2025\/11\/Julebilde-300x225.jpg 300w, https:\/\/mentalhelse.no\/content\/uploads\/sites\/224\/2025\/11\/Julebilde-1024x769.jpg 1024w, https:\/\/mentalhelse.no\/content\/uploads\/sites\/224\/2025\/11\/Julebilde-768x576.jpg 768w, https:\/\/mentalhelse.no\/content\/uploads\/sites\/224\/2025\/11\/Julebilde-1536x1153.jpg 1536w\" sizes=\"auto, (max-width: 2048px) 100vw, 2048px\" style=\"--focal-point: 50% 50%;\" \/><\/figure>\n<\/a>\n\n<div class=\"wp-block-group postinfo alignfull is-layout-flow wp-block-group-is-layout-flow\">\n\t<div class=\"wp-block-mentalhelse-post-category\">\n\t\t\t\t\t<div class=\"post-type\">\n\t\t\t\t\t\t<a href=\"https:\/\/mentalhelse.no\/alesund\/aktuelt\/\">Nyheter<\/a>\n\t\t\t\t\t<\/div>\n\t\t\t\t\t\n\t\t\t\t\t<div class=\"post-category\">\n\t\t\t\t\t\t\n\t\t\t\t\t<\/div>\n\t\t\t<\/div>\n\t<a class=\"t2-post-link wp-block-t2-post-link\" href=\"https:\/\/mentalhelse.no\/alesund\/aktuelt\/medlemskveld-med-foredrag-og-julemat-20-november-og-juleverksted-29-november\/\">\n\t<h2 class=\"t2-post-title wp-block-t2-post-title\">Medlemskveld med foredrag og julemat 20.november og juleverksted 29.november<\/h2>\n\t<\/a>\n<\/div>\n\n<\/div>\n\n<div class=\"t2-featured-query-post t2-featured-content is-post-type-news wp-block-t2-featured-query-post t2-featured-content-layout-col-4\"><a class=\"t2-post-link wp-block-t2-post-link\" href=\"https:\/\/mentalhelse.no\/alesund\/aktuelt\/alesund-pride-14-juni-og-tur-til-sukkertoppen-15-juni\/\">\n\t<figure style=\"--t2-focal-point: 50% 50%;\" class=\"t2-post-featured-image has-image-ratio-16-9 wp-block-t2-post-featured-image\"><img loading=\"lazy\" decoding=\"async\" width=\"1920\" height=\"2560\" src=\"https:\/\/mentalhelse.no\/content\/uploads\/sites\/224\/2025\/05\/alex-jackman-_Bk2NVFx7q4-unsplash.jpg\" class=\"attachment-post-thumbnail size-post-thumbnail wp-post-image\" alt=\"\" srcset=\"https:\/\/mentalhelse.no\/content\/uploads\/sites\/224\/2025\/05\/alex-jackman-_Bk2NVFx7q4-unsplash.jpg 1920w, https:\/\/mentalhelse.no\/content\/uploads\/sites\/224\/2025\/05\/alex-jackman-_Bk2NVFx7q4-unsplash-225x300.jpg 225w, https:\/\/mentalhelse.no\/content\/uploads\/sites\/224\/2025\/05\/alex-jackman-_Bk2NVFx7q4-unsplash-768x1024.jpg 768w, https:\/\/mentalhelse.no\/content\/uploads\/sites\/224\/2025\/05\/alex-jackman-_Bk2NVFx7q4-unsplash-1152x1536.jpg 1152w, https:\/\/mentalhelse.no\/content\/uploads\/sites\/224\/2025\/05\/alex-jackman-_Bk2NVFx7q4-unsplash-1536x2048.jpg 1536w\" sizes=\"auto, (max-width: 1920px) 100vw, 1920px\" style=\"--focal-point: 50% 50%;\" \/><\/figure>\n<\/a>\n\n<div class=\"wp-block-group postinfo alignfull is-layout-flow wp-block-group-is-layout-flow\">\n\t<div class=\"wp-block-mentalhelse-post-category\">\n\t\t\t\t\t<div class=\"post-type\">\n\t\t\t\t\t\t<a href=\"https:\/\/mentalhelse.no\/alesund\/aktuelt\/\">Nyheter<\/a>\n\t\t\t\t\t<\/div>\n\t\t\t\t\t\n\t\t\t\t\t<div class=\"post-category\">\n\t\t\t\t\t\t\n\t\t\t\t\t<\/div>\n\t\t\t<\/div>\n\t<a class=\"t2-post-link wp-block-t2-post-link\" href=\"https:\/\/mentalhelse.no\/alesund\/aktuelt\/alesund-pride-14-juni-og-tur-til-sukkertoppen-15-juni\/\">\n\t<h2 class=\"t2-post-title wp-block-t2-post-title\">\u00c5lesund pride 14.juni og tur til Sukkertoppen 15.juni<\/h2>\n\t<\/a>\n<\/div>\n\n<\/div>\n<\/div>\n\n\t\t\t<\/div>\n\t\t<\/div>","protected":false},"excerpt":{"rendered":"<p>Tirsdag 6.mai m\u00f8ttes en gjeng p\u00e5 8 stk p\u00e5 frivilligsentralen. Vi var klare til \u00e5 lage v\u00e5rruller sammen. Svein var instrukt\u00f8r og ledet oss gjennom&#8230;<\/p>\n","protected":false},"author":170,"featured_media":1137,"parent":0,"template":"","meta":{"t2_featured_media_focal_point":{"x":0.5,"y":0.5},"mh_hide_title":true},"news_category":[],"class_list":["post-1133","news","type-news","status-publish","has-post-thumbnail","hentry"],"yoast_head":"<!-- This site is optimized with the Yoast SEO Premium plugin v21.2 (Yoast SEO v21.2) - https:\/\/yoast.com\/wordpress\/plugins\/seo\/ -->\n<title>Koselig matlagingskurs - Mental Helse - \u00c5lesund<\/title>\n<meta name=\"robots\" content=\"index, follow, max-snippet:-1, max-image-preview:large, max-video-preview:-1\" \/>\n<link rel=\"canonical\" href=\"https:\/\/mentalhelse.no\/alesund\/aktuelt\/koselig-matlagingskurs\/\" \/>\n<meta property=\"og:locale\" content=\"nb_NO\" \/>\n<meta property=\"og:type\" content=\"article\" \/>\n<meta property=\"og:title\" content=\"Koselig matlagingskurs\" \/>\n<meta property=\"og:description\" content=\"Tirsdag 6.mai m\u00f8ttes en gjeng p\u00e5 8 stk p\u00e5 frivilligsentralen. Vi var klare til \u00e5 lage v\u00e5rruller sammen. Svein var instrukt\u00f8r og ledet oss gjennom...\" \/>\n<meta property=\"og:url\" content=\"https:\/\/mentalhelse.no\/alesund\/aktuelt\/koselig-matlagingskurs\/\" \/>\n<meta property=\"og:site_name\" content=\"\u00c5lesund\" \/>\n<meta property=\"og:image\" content=\"https:\/\/mentalhelse.no\/content\/uploads\/sites\/224\/2025\/05\/att.tlgmoAOgAnbH4w2qe7rS4OnxlydW_5LLqV_tGAZRXgM.jpeg\" \/>\n\t<meta property=\"og:image:width\" content=\"768\" \/>\n\t<meta property=\"og:image:height\" content=\"1024\" \/>\n\t<meta property=\"og:image:type\" content=\"image\/jpeg\" \/>\n<meta name=\"twitter:card\" content=\"summary_large_image\" \/>\n<meta name=\"twitter:label1\" content=\"Ansl. lesetid\" \/>\n\t<meta name=\"twitter:data1\" content=\"2 minutter\" \/>\n<script type=\"application\/ld+json\" class=\"yoast-schema-graph\">{\"@context\":\"https:\/\/schema.org\",\"@graph\":[{\"@type\":\"WebPage\",\"@id\":\"https:\/\/mentalhelse.no\/alesund\/aktuelt\/koselig-matlagingskurs\/\",\"url\":\"https:\/\/mentalhelse.no\/alesund\/aktuelt\/koselig-matlagingskurs\/\",\"name\":\"Koselig matlagingskurs - \u00c5lesund\",\"isPartOf\":{\"@id\":\"https:\/\/mentalhelse.no\/alesund\/#website\"},\"datePublished\":\"2025-05-08T12:04:10+00:00\",\"dateModified\":\"2025-05-08T12:04:10+00:00\",\"breadcrumb\":{\"@id\":\"https:\/\/mentalhelse.no\/alesund\/aktuelt\/koselig-matlagingskurs\/#breadcrumb\"},\"inLanguage\":\"nb-NO\",\"potentialAction\":[{\"@type\":\"ReadAction\",\"target\":[\"https:\/\/mentalhelse.no\/alesund\/aktuelt\/koselig-matlagingskurs\/\"]}]},{\"@type\":\"BreadcrumbList\",\"@id\":\"https:\/\/mentalhelse.no\/alesund\/aktuelt\/koselig-matlagingskurs\/#breadcrumb\",\"itemListElement\":[{\"@type\":\"ListItem\",\"position\":1,\"name\":\"Hjem\",\"item\":\"https:\/\/mentalhelse.no\/alesund\/\"},{\"@type\":\"ListItem\",\"position\":2,\"name\":\"Nyheter\",\"item\":\"https:\/\/mentalhelse.no\/alesund\/aktuelt\/\"},{\"@type\":\"ListItem\",\"position\":3,\"name\":\"Koselig matlagingskurs\"}]},{\"@type\":\"WebSite\",\"@id\":\"https:\/\/mentalhelse.no\/alesund\/#website\",\"url\":\"https:\/\/mentalhelse.no\/alesund\/\",\"name\":\"\u00c5lesund\",\"description\":\"\",\"potentialAction\":[{\"@type\":\"SearchAction\",\"target\":{\"@type\":\"EntryPoint\",\"urlTemplate\":\"https:\/\/mentalhelse.no\/alesund\/?s={search_term_string}\"},\"query-input\":\"required name=search_term_string\"}],\"inLanguage\":\"nb-NO\"}]}<\/script>\n<!-- \/ Yoast SEO Premium plugin. -->","yoast_head_json":{"title":"Koselig matlagingskurs - Mental Helse - \u00c5lesund","robots":{"index":"index","follow":"follow","max-snippet":"max-snippet:-1","max-image-preview":"max-image-preview:large","max-video-preview":"max-video-preview:-1"},"canonical":"https:\/\/mentalhelse.no\/alesund\/aktuelt\/koselig-matlagingskurs\/","og_locale":"nb_NO","og_type":"article","og_title":"Koselig matlagingskurs","og_description":"Tirsdag 6.mai m\u00f8ttes en gjeng p\u00e5 8 stk p\u00e5 frivilligsentralen. Vi var klare til \u00e5 lage v\u00e5rruller sammen. Svein var instrukt\u00f8r og ledet oss gjennom...","og_url":"https:\/\/mentalhelse.no\/alesund\/aktuelt\/koselig-matlagingskurs\/","og_site_name":"\u00c5lesund","og_image":[{"width":768,"height":1024,"url":"https:\/\/mentalhelse.no\/content\/uploads\/sites\/224\/2025\/05\/att.tlgmoAOgAnbH4w2qe7rS4OnxlydW_5LLqV_tGAZRXgM.jpeg","type":"image\/jpeg"}],"twitter_card":"summary_large_image","twitter_misc":{"Ansl. lesetid":"2 minutter"},"schema":{"@context":"https:\/\/schema.org","@graph":[{"@type":"WebPage","@id":"https:\/\/mentalhelse.no\/alesund\/aktuelt\/koselig-matlagingskurs\/","url":"https:\/\/mentalhelse.no\/alesund\/aktuelt\/koselig-matlagingskurs\/","name":"Koselig matlagingskurs - \u00c5lesund","isPartOf":{"@id":"https:\/\/mentalhelse.no\/alesund\/#website"},"datePublished":"2025-05-08T12:04:10+00:00","dateModified":"2025-05-08T12:04:10+00:00","breadcrumb":{"@id":"https:\/\/mentalhelse.no\/alesund\/aktuelt\/koselig-matlagingskurs\/#breadcrumb"},"inLanguage":"nb-NO","potentialAction":[{"@type":"ReadAction","target":["https:\/\/mentalhelse.no\/alesund\/aktuelt\/koselig-matlagingskurs\/"]}]},{"@type":"BreadcrumbList","@id":"https:\/\/mentalhelse.no\/alesund\/aktuelt\/koselig-matlagingskurs\/#breadcrumb","itemListElement":[{"@type":"ListItem","position":1,"name":"Hjem","item":"https:\/\/mentalhelse.no\/alesund\/"},{"@type":"ListItem","position":2,"name":"Nyheter","item":"https:\/\/mentalhelse.no\/alesund\/aktuelt\/"},{"@type":"ListItem","position":3,"name":"Koselig matlagingskurs"}]},{"@type":"WebSite","@id":"https:\/\/mentalhelse.no\/alesund\/#website","url":"https:\/\/mentalhelse.no\/alesund\/","name":"\u00c5lesund","description":"","potentialAction":[{"@type":"SearchAction","target":{"@type":"EntryPoint","urlTemplate":"https:\/\/mentalhelse.no\/alesund\/?s={search_term_string}"},"query-input":"required name=search_term_string"}],"inLanguage":"nb-NO"}]}},"_links":{"self":[{"href":"https:\/\/mentalhelse.no\/alesund\/wp-json\/wp\/v2\/news\/1133","targetHints":{"allow":["GET"]}}],"collection":[{"href":"https:\/\/mentalhelse.no\/alesund\/wp-json\/wp\/v2\/news"}],"about":[{"href":"https:\/\/mentalhelse.no\/alesund\/wp-json\/wp\/v2\/types\/news"}],"author":[{"embeddable":true,"href":"https:\/\/mentalhelse.no\/alesund\/wp-json\/wp\/v2\/users\/170"}],"wp:featuredmedia":[{"embeddable":true,"href":"https:\/\/mentalhelse.no\/alesund\/wp-json\/wp\/v2\/media\/1137"}],"wp:attachment":[{"href":"https:\/\/mentalhelse.no\/alesund\/wp-json\/wp\/v2\/media?parent=1133"}],"wp:term":[{"taxonomy":"news_category","embeddable":true,"href":"https:\/\/mentalhelse.no\/alesund\/wp-json\/wp\/v2\/news_category?post=1133"}],"curies":[{"name":"wp","href":"https:\/\/api.w.org\/{rel}","templated":true}]}}