{"id":1235,"date":"2026-02-15T15:44:03","date_gmt":"2026-02-15T15:44:03","guid":{"rendered":"https:\/\/mentalhelse.no\/alesund\/?post_type=news&#038;p=1235"},"modified":"2026-02-15T15:44:04","modified_gmt":"2026-02-15T15:44:04","slug":"tur-til-gapahuken-pa-lilletoppen","status":"publish","type":"news","link":"https:\/\/mentalhelse.no\/alesund\/aktuelt\/tur-til-gapahuken-pa-lilletoppen\/","title":{"rendered":"Tur til gapahuken p\u00e5 Lilletoppen"},"content":{"rendered":"<figure class=\"alignwide wp-block-post-featured-image\"><img loading=\"lazy\" decoding=\"async\" width=\"2048\" height=\"1536\" src=\"https:\/\/mentalhelse.no\/content\/uploads\/sites\/224\/2026\/02\/ad4c5c68-1b4d-4d0e-a699-c8b3e097f6a2.jpg\" class=\"attachment-post-thumbnail size-post-thumbnail wp-post-image\" alt=\"\" style=\"object-fit:cover; --focal-point: 50% 50%;\" srcset=\"https:\/\/mentalhelse.no\/content\/uploads\/sites\/224\/2026\/02\/ad4c5c68-1b4d-4d0e-a699-c8b3e097f6a2.jpg 2048w, https:\/\/mentalhelse.no\/content\/uploads\/sites\/224\/2026\/02\/ad4c5c68-1b4d-4d0e-a699-c8b3e097f6a2-300x225.jpg 300w, https:\/\/mentalhelse.no\/content\/uploads\/sites\/224\/2026\/02\/ad4c5c68-1b4d-4d0e-a699-c8b3e097f6a2-1024x768.jpg 1024w, https:\/\/mentalhelse.no\/content\/uploads\/sites\/224\/2026\/02\/ad4c5c68-1b4d-4d0e-a699-c8b3e097f6a2-768x576.jpg 768w, https:\/\/mentalhelse.no\/content\/uploads\/sites\/224\/2026\/02\/ad4c5c68-1b4d-4d0e-a699-c8b3e097f6a2-1536x1152.jpg 1536w\" sizes=\"auto, (max-width: 2048px) 100vw, 2048px\" \/><\/figure>\n\n<h1 class=\"wp-block-post-title\">Tur til gapahuken p\u00e5 Lilletoppen<\/h1>\n\n<div class=\"is-img-top mh-byline wp-block-mh-byline\">\n                  <div class=\"mh-byline__inner\">\n                  \t\n                  \t<div class=\"mh-byline__meta\">\n                  \t\t<div class=\"mh-byline__post\">\n                  \t\t\t<div class=\"entry-date\">15.02.2026<\/div>\n                  \t\t<\/div>\n                  \t\t<div class=\"mh-byline__author\">\n                  \t\t\t <span class=\"mh-byline__author-link\">karilind<\/span>\n\t\t\t\t\t\t<\/div>\n\t\t\t\t\t<\/div>\n\t\t\t\t<\/div>\n\t\t<\/div>\n\n\n<p>P\u00e5 fastelavnss\u00f8ndag var det tid for tur. Vi m\u00f8ttes en liten gjeng ved busstoppet p\u00e5 Kr\u00e5myra kl 11. Herfra ruslet vi sammen inn til gapahuken p\u00e5 Lilletoppen. Der ventet styremedlem Thomas p\u00e5 oss med god drikke. Vi hadde ogs\u00e5 med oss deilige boller som baker Walderhaug sponset oss med. I tillegg hadde vi glutenfrie boller.<\/p>\n\n\n\n<figure class=\"wp-block-image size-large\"><img loading=\"lazy\" decoding=\"async\" width=\"768\" height=\"1024\" src=\"https:\/\/mentalhelse.no\/content\/uploads\/sites\/224\/2026\/02\/54235e04-a747-4735-94e7-f2b88d0f3569-768x1024.jpg\" alt=\"\" class=\"wp-image-1238\" srcset=\"https:\/\/mentalhelse.no\/content\/uploads\/sites\/224\/2026\/02\/54235e04-a747-4735-94e7-f2b88d0f3569-768x1024.jpg 768w, https:\/\/mentalhelse.no\/content\/uploads\/sites\/224\/2026\/02\/54235e04-a747-4735-94e7-f2b88d0f3569-225x300.jpg 225w, https:\/\/mentalhelse.no\/content\/uploads\/sites\/224\/2026\/02\/54235e04-a747-4735-94e7-f2b88d0f3569-1152x1536.jpg 1152w, https:\/\/mentalhelse.no\/content\/uploads\/sites\/224\/2026\/02\/54235e04-a747-4735-94e7-f2b88d0f3569.jpg 1536w\" sizes=\"auto, (max-width: 768px) 100vw, 768px\" \/><\/figure>\n\n\n\n<p>Det ble servering av fastelavnsboller. Her var det fritt valg om man ville ha jordb\u00e6rsyltet\u00f8y, bringeb\u00e6rsyltet\u00f8y eller begge deler p\u00e5 i tillegg til krem. <\/p>\n\n\n\n<p>Selv om vi var en liten gjeng som gikk innover var det mange som kom forbi i l\u00f8pet av de timene vi var der som ogs\u00e5 fikk seg boller og drikke. Det ble mange fine samtaler med mange hyggelige mennesker og vi fikk fortalt hva vi driver med og delt ut brosjyrer.<\/p>\n\n\n\n<figure class=\"wp-block-image size-large\"><img loading=\"lazy\" decoding=\"async\" width=\"768\" height=\"1024\" src=\"https:\/\/mentalhelse.no\/content\/uploads\/sites\/224\/2026\/02\/ee3d2c83-cdc1-4a44-8a94-71e4a1e1f280-768x1024.jpg\" alt=\"\" class=\"wp-image-1236\" srcset=\"https:\/\/mentalhelse.no\/content\/uploads\/sites\/224\/2026\/02\/ee3d2c83-cdc1-4a44-8a94-71e4a1e1f280-768x1024.jpg 768w, https:\/\/mentalhelse.no\/content\/uploads\/sites\/224\/2026\/02\/ee3d2c83-cdc1-4a44-8a94-71e4a1e1f280-225x300.jpg 225w, https:\/\/mentalhelse.no\/content\/uploads\/sites\/224\/2026\/02\/ee3d2c83-cdc1-4a44-8a94-71e4a1e1f280-1152x1536.jpg 1152w, https:\/\/mentalhelse.no\/content\/uploads\/sites\/224\/2026\/02\/ee3d2c83-cdc1-4a44-8a94-71e4a1e1f280.jpg 1536w\" sizes=\"auto, (max-width: 768px) 100vw, 768px\" \/><\/figure>\n\n\n\n<figure class=\"wp-block-image size-large\"><img loading=\"lazy\" decoding=\"async\" width=\"1024\" height=\"768\" src=\"https:\/\/mentalhelse.no\/content\/uploads\/sites\/224\/2026\/02\/1ac2c700-298b-4992-86d6-ed07e839459a-1024x768.jpg\" alt=\"\" class=\"wp-image-1241\" srcset=\"https:\/\/mentalhelse.no\/content\/uploads\/sites\/224\/2026\/02\/1ac2c700-298b-4992-86d6-ed07e839459a-1024x768.jpg 1024w, https:\/\/mentalhelse.no\/content\/uploads\/sites\/224\/2026\/02\/1ac2c700-298b-4992-86d6-ed07e839459a-300x225.jpg 300w, https:\/\/mentalhelse.no\/content\/uploads\/sites\/224\/2026\/02\/1ac2c700-298b-4992-86d6-ed07e839459a-768x576.jpg 768w, https:\/\/mentalhelse.no\/content\/uploads\/sites\/224\/2026\/02\/1ac2c700-298b-4992-86d6-ed07e839459a-1536x1152.jpg 1536w, https:\/\/mentalhelse.no\/content\/uploads\/sites\/224\/2026\/02\/1ac2c700-298b-4992-86d6-ed07e839459a.jpg 2048w\" sizes=\"auto, (max-width: 1024px) 100vw, 1024px\" \/><\/figure>\n\n\n\n<p>Etter hvert kom det sur vind og i 15-tiden pakket vi sammen. Det var en litt kald, men forn\u00f8yd liten gjeng som ruslet derfra tilbake til bilen.<\/p>\n\n\n\n<p>Tusen takk til alle som var med og alle som stakk innom oss i l\u00f8pet av dagen!<\/p>\n\n\n\n\t\t<div class=\"mh-related-posts alignfull alignfull wp-block-mentalhelse-related-posts gray-mode\">\n\t\t\t<div class=\"mh-related-posts__inner\">\n\t\t\t\t\n\n<h3 class=\"wp-block-heading\" id=\"h-also-read\">Also read<\/h3>\n\n\n<div class=\"t2-featured-content-layout alignwide alignwide wp-block-t2-featured-content-layout\">\n<div class=\"t2-featured-query-post t2-featured-content is-post-type-news wp-block-t2-featured-query-post t2-featured-content-layout-col-4\"><a class=\"t2-post-link wp-block-t2-post-link\" href=\"https:\/\/mentalhelse.no\/alesund\/aktuelt\/medlemskveld-med-foredrag-og-julemat-20-november-og-juleverksted-29-november\/\">\n\t<figure style=\"--t2-focal-point: 50% 50%;\" class=\"t2-post-featured-image has-image-ratio-16-9 wp-block-t2-post-featured-image\"><img loading=\"lazy\" decoding=\"async\" width=\"2048\" height=\"1537\" src=\"https:\/\/mentalhelse.no\/content\/uploads\/sites\/224\/2025\/11\/Julebilde.jpg\" class=\"attachment-post-thumbnail size-post-thumbnail wp-post-image\" alt=\"\" srcset=\"https:\/\/mentalhelse.no\/content\/uploads\/sites\/224\/2025\/11\/Julebilde.jpg 2048w, https:\/\/mentalhelse.no\/content\/uploads\/sites\/224\/2025\/11\/Julebilde-300x225.jpg 300w, https:\/\/mentalhelse.no\/content\/uploads\/sites\/224\/2025\/11\/Julebilde-1024x769.jpg 1024w, https:\/\/mentalhelse.no\/content\/uploads\/sites\/224\/2025\/11\/Julebilde-768x576.jpg 768w, https:\/\/mentalhelse.no\/content\/uploads\/sites\/224\/2025\/11\/Julebilde-1536x1153.jpg 1536w\" sizes=\"auto, (max-width: 2048px) 100vw, 2048px\" style=\"--focal-point: 50% 50%;\" \/><\/figure>\n<\/a>\n\n<div class=\"wp-block-group postinfo alignfull is-layout-flow wp-block-group-is-layout-flow\">\n\t<div class=\"wp-block-mentalhelse-post-category\">\n\t\t\t\t\t<div class=\"post-type\">\n\t\t\t\t\t\t<a href=\"https:\/\/mentalhelse.no\/alesund\/aktuelt\/\">Nyheter<\/a>\n\t\t\t\t\t<\/div>\n\t\t\t\t\t\n\t\t\t\t\t<div class=\"post-category\">\n\t\t\t\t\t\t\n\t\t\t\t\t<\/div>\n\t\t\t<\/div>\n\t<a class=\"t2-post-link wp-block-t2-post-link\" href=\"https:\/\/mentalhelse.no\/alesund\/aktuelt\/medlemskveld-med-foredrag-og-julemat-20-november-og-juleverksted-29-november\/\">\n\t<h2 class=\"t2-post-title wp-block-t2-post-title\">Medlemskveld med foredrag og julemat 20.november og juleverksted 29.november<\/h2>\n\t<\/a>\n<\/div>\n\n<\/div>\n\n<div class=\"t2-featured-query-post t2-featured-content is-post-type-news wp-block-t2-featured-query-post t2-featured-content-layout-col-4\"><a class=\"t2-post-link wp-block-t2-post-link\" href=\"https:\/\/mentalhelse.no\/alesund\/aktuelt\/alesund-pride-14-juni-og-tur-til-sukkertoppen-15-juni\/\">\n\t<figure style=\"--t2-focal-point: 50% 50%;\" class=\"t2-post-featured-image has-image-ratio-16-9 wp-block-t2-post-featured-image\"><img loading=\"lazy\" decoding=\"async\" width=\"1920\" height=\"2560\" src=\"https:\/\/mentalhelse.no\/content\/uploads\/sites\/224\/2025\/05\/alex-jackman-_Bk2NVFx7q4-unsplash.jpg\" class=\"attachment-post-thumbnail size-post-thumbnail wp-post-image\" alt=\"\" srcset=\"https:\/\/mentalhelse.no\/content\/uploads\/sites\/224\/2025\/05\/alex-jackman-_Bk2NVFx7q4-unsplash.jpg 1920w, https:\/\/mentalhelse.no\/content\/uploads\/sites\/224\/2025\/05\/alex-jackman-_Bk2NVFx7q4-unsplash-225x300.jpg 225w, https:\/\/mentalhelse.no\/content\/uploads\/sites\/224\/2025\/05\/alex-jackman-_Bk2NVFx7q4-unsplash-768x1024.jpg 768w, https:\/\/mentalhelse.no\/content\/uploads\/sites\/224\/2025\/05\/alex-jackman-_Bk2NVFx7q4-unsplash-1152x1536.jpg 1152w, https:\/\/mentalhelse.no\/content\/uploads\/sites\/224\/2025\/05\/alex-jackman-_Bk2NVFx7q4-unsplash-1536x2048.jpg 1536w\" sizes=\"auto, (max-width: 1920px) 100vw, 1920px\" style=\"--focal-point: 50% 50%;\" \/><\/figure>\n<\/a>\n\n<div class=\"wp-block-group postinfo alignfull is-layout-flow wp-block-group-is-layout-flow\">\n\t<div class=\"wp-block-mentalhelse-post-category\">\n\t\t\t\t\t<div class=\"post-type\">\n\t\t\t\t\t\t<a href=\"https:\/\/mentalhelse.no\/alesund\/aktuelt\/\">Nyheter<\/a>\n\t\t\t\t\t<\/div>\n\t\t\t\t\t\n\t\t\t\t\t<div class=\"post-category\">\n\t\t\t\t\t\t\n\t\t\t\t\t<\/div>\n\t\t\t<\/div>\n\t<a class=\"t2-post-link wp-block-t2-post-link\" href=\"https:\/\/mentalhelse.no\/alesund\/aktuelt\/alesund-pride-14-juni-og-tur-til-sukkertoppen-15-juni\/\">\n\t<h2 class=\"t2-post-title wp-block-t2-post-title\">\u00c5lesund pride 14.juni og tur til Sukkertoppen 15.juni<\/h2>\n\t<\/a>\n<\/div>\n\n<\/div>\n\n<div class=\"t2-featured-query-post t2-featured-content is-post-type-news wp-block-t2-featured-query-post t2-featured-content-layout-col-4\"><a class=\"t2-post-link wp-block-t2-post-link\" href=\"https:\/\/mentalhelse.no\/alesund\/aktuelt\/sosial-kveld-med-matlaging-og-spill\/\">\n\t<figure style=\"--t2-focal-point: 50% 50%;\" class=\"t2-post-featured-image has-image-ratio-16-9 wp-block-t2-post-featured-image\"><img loading=\"lazy\" decoding=\"async\" width=\"1536\" height=\"2048\" src=\"https:\/\/mentalhelse.no\/content\/uploads\/sites\/224\/2025\/05\/att.jzOTJJT07fyWPmOiYoc46zMwyf2G6i9y3ER8KCaG9I0.jpeg\" class=\"attachment-post-thumbnail size-post-thumbnail wp-post-image\" alt=\"\" srcset=\"https:\/\/mentalhelse.no\/content\/uploads\/sites\/224\/2025\/05\/att.jzOTJJT07fyWPmOiYoc46zMwyf2G6i9y3ER8KCaG9I0.jpeg 1536w, https:\/\/mentalhelse.no\/content\/uploads\/sites\/224\/2025\/05\/att.jzOTJJT07fyWPmOiYoc46zMwyf2G6i9y3ER8KCaG9I0-225x300.jpeg 225w, https:\/\/mentalhelse.no\/content\/uploads\/sites\/224\/2025\/05\/att.jzOTJJT07fyWPmOiYoc46zMwyf2G6i9y3ER8KCaG9I0-768x1024.jpeg 768w, https:\/\/mentalhelse.no\/content\/uploads\/sites\/224\/2025\/05\/att.jzOTJJT07fyWPmOiYoc46zMwyf2G6i9y3ER8KCaG9I0-1152x1536.jpeg 1152w\" sizes=\"auto, (max-width: 1536px) 100vw, 1536px\" style=\"--focal-point: 50% 50%;\" \/><\/figure>\n<\/a>\n\n<div class=\"wp-block-group postinfo alignfull is-layout-flow wp-block-group-is-layout-flow\">\n\t<div class=\"wp-block-mentalhelse-post-category\">\n\t\t\t\t\t<div class=\"post-type\">\n\t\t\t\t\t\t<a href=\"https:\/\/mentalhelse.no\/alesund\/aktuelt\/\">Nyheter<\/a>\n\t\t\t\t\t<\/div>\n\t\t\t\t\t\n\t\t\t\t\t<div class=\"post-category\">\n\t\t\t\t\t\t\n\t\t\t\t\t<\/div>\n\t\t\t<\/div>\n\t<a class=\"t2-post-link wp-block-t2-post-link\" href=\"https:\/\/mentalhelse.no\/alesund\/aktuelt\/sosial-kveld-med-matlaging-og-spill\/\">\n\t<h2 class=\"t2-post-title wp-block-t2-post-title\">Sosial kveld med matlaging og spill<\/h2>\n\t<\/a>\n<\/div>\n\n<\/div>\n<\/div>\n\n\t\t\t<\/div>\n\t\t<\/div>","protected":false},"excerpt":{"rendered":"<p>P\u00e5 fastelavnss\u00f8ndag var det tid for tur. Vi m\u00f8ttes en liten gjeng ved busstoppet p\u00e5 Kr\u00e5myra kl 11. Herfra ruslet vi sammen inn til gapahuken&#8230;<\/p>\n","protected":false},"author":170,"featured_media":1243,"parent":0,"template":"","meta":{"t2_featured_media_focal_point":{"x":0.5,"y":0.5},"mh_hide_title":true},"news_category":[],"class_list":["post-1235","news","type-news","status-publish","has-post-thumbnail","hentry"],"yoast_head":"<!-- This site is optimized with the Yoast SEO Premium plugin v21.2 (Yoast SEO v21.2) - https:\/\/yoast.com\/wordpress\/plugins\/seo\/ -->\n<title>Tur til gapahuken p\u00e5 Lilletoppen - Mental Helse - \u00c5lesund<\/title>\n<meta name=\"robots\" content=\"index, follow, max-snippet:-1, max-image-preview:large, max-video-preview:-1\" \/>\n<link rel=\"canonical\" href=\"https:\/\/mentalhelse.no\/alesund\/aktuelt\/tur-til-gapahuken-pa-lilletoppen\/\" \/>\n<meta property=\"og:locale\" content=\"nb_NO\" \/>\n<meta property=\"og:type\" content=\"article\" \/>\n<meta property=\"og:title\" content=\"Tur til gapahuken p\u00e5 Lilletoppen\" \/>\n<meta property=\"og:description\" content=\"P\u00e5 fastelavnss\u00f8ndag var det tid for tur. Vi m\u00f8ttes en liten gjeng ved busstoppet p\u00e5 Kr\u00e5myra kl 11. Herfra ruslet vi sammen inn til gapahuken...\" \/>\n<meta property=\"og:url\" content=\"https:\/\/mentalhelse.no\/alesund\/aktuelt\/tur-til-gapahuken-pa-lilletoppen\/\" \/>\n<meta property=\"og:site_name\" content=\"\u00c5lesund\" \/>\n<meta property=\"article:modified_time\" content=\"2026-02-15T15:44:04+00:00\" \/>\n<meta property=\"og:image\" content=\"https:\/\/mentalhelse.no\/content\/uploads\/sites\/224\/2026\/02\/ad4c5c68-1b4d-4d0e-a699-c8b3e097f6a2.jpg\" \/>\n\t<meta property=\"og:image:width\" content=\"2048\" \/>\n\t<meta property=\"og:image:height\" content=\"1536\" \/>\n\t<meta property=\"og:image:type\" content=\"image\/jpeg\" \/>\n<meta name=\"twitter:card\" content=\"summary_large_image\" \/>\n<meta name=\"twitter:label1\" content=\"Ansl. lesetid\" \/>\n\t<meta name=\"twitter:data1\" content=\"2 minutter\" \/>\n<script type=\"application\/ld+json\" class=\"yoast-schema-graph\">{\"@context\":\"https:\/\/schema.org\",\"@graph\":[{\"@type\":\"WebPage\",\"@id\":\"https:\/\/mentalhelse.no\/alesund\/aktuelt\/tur-til-gapahuken-pa-lilletoppen\/\",\"url\":\"https:\/\/mentalhelse.no\/alesund\/aktuelt\/tur-til-gapahuken-pa-lilletoppen\/\",\"name\":\"Tur til gapahuken p\u00e5 Lilletoppen - \u00c5lesund\",\"isPartOf\":{\"@id\":\"https:\/\/mentalhelse.no\/alesund\/#website\"},\"datePublished\":\"2026-02-15T15:44:03+00:00\",\"dateModified\":\"2026-02-15T15:44:04+00:00\",\"breadcrumb\":{\"@id\":\"https:\/\/mentalhelse.no\/alesund\/aktuelt\/tur-til-gapahuken-pa-lilletoppen\/#breadcrumb\"},\"inLanguage\":\"nb-NO\",\"potentialAction\":[{\"@type\":\"ReadAction\",\"target\":[\"https:\/\/mentalhelse.no\/alesund\/aktuelt\/tur-til-gapahuken-pa-lilletoppen\/\"]}]},{\"@type\":\"BreadcrumbList\",\"@id\":\"https:\/\/mentalhelse.no\/alesund\/aktuelt\/tur-til-gapahuken-pa-lilletoppen\/#breadcrumb\",\"itemListElement\":[{\"@type\":\"ListItem\",\"position\":1,\"name\":\"Hjem\",\"item\":\"https:\/\/mentalhelse.no\/alesund\/\"},{\"@type\":\"ListItem\",\"position\":2,\"name\":\"Nyheter\",\"item\":\"https:\/\/mentalhelse.no\/alesund\/aktuelt\/\"},{\"@type\":\"ListItem\",\"position\":3,\"name\":\"Tur til gapahuken p\u00e5 Lilletoppen\"}]},{\"@type\":\"WebSite\",\"@id\":\"https:\/\/mentalhelse.no\/alesund\/#website\",\"url\":\"https:\/\/mentalhelse.no\/alesund\/\",\"name\":\"\u00c5lesund\",\"description\":\"\",\"potentialAction\":[{\"@type\":\"SearchAction\",\"target\":{\"@type\":\"EntryPoint\",\"urlTemplate\":\"https:\/\/mentalhelse.no\/alesund\/?s={search_term_string}\"},\"query-input\":\"required name=search_term_string\"}],\"inLanguage\":\"nb-NO\"}]}<\/script>\n<!-- \/ Yoast SEO Premium plugin. -->","yoast_head_json":{"title":"Tur til gapahuken p\u00e5 Lilletoppen - Mental Helse - \u00c5lesund","robots":{"index":"index","follow":"follow","max-snippet":"max-snippet:-1","max-image-preview":"max-image-preview:large","max-video-preview":"max-video-preview:-1"},"canonical":"https:\/\/mentalhelse.no\/alesund\/aktuelt\/tur-til-gapahuken-pa-lilletoppen\/","og_locale":"nb_NO","og_type":"article","og_title":"Tur til gapahuken p\u00e5 Lilletoppen","og_description":"P\u00e5 fastelavnss\u00f8ndag var det tid for tur. Vi m\u00f8ttes en liten gjeng ved busstoppet p\u00e5 Kr\u00e5myra kl 11. Herfra ruslet vi sammen inn til gapahuken...","og_url":"https:\/\/mentalhelse.no\/alesund\/aktuelt\/tur-til-gapahuken-pa-lilletoppen\/","og_site_name":"\u00c5lesund","article_modified_time":"2026-02-15T15:44:04+00:00","og_image":[{"width":2048,"height":1536,"url":"https:\/\/mentalhelse.no\/content\/uploads\/sites\/224\/2026\/02\/ad4c5c68-1b4d-4d0e-a699-c8b3e097f6a2.jpg","type":"image\/jpeg"}],"twitter_card":"summary_large_image","twitter_misc":{"Ansl. lesetid":"2 minutter"},"schema":{"@context":"https:\/\/schema.org","@graph":[{"@type":"WebPage","@id":"https:\/\/mentalhelse.no\/alesund\/aktuelt\/tur-til-gapahuken-pa-lilletoppen\/","url":"https:\/\/mentalhelse.no\/alesund\/aktuelt\/tur-til-gapahuken-pa-lilletoppen\/","name":"Tur til gapahuken p\u00e5 Lilletoppen - \u00c5lesund","isPartOf":{"@id":"https:\/\/mentalhelse.no\/alesund\/#website"},"datePublished":"2026-02-15T15:44:03+00:00","dateModified":"2026-02-15T15:44:04+00:00","breadcrumb":{"@id":"https:\/\/mentalhelse.no\/alesund\/aktuelt\/tur-til-gapahuken-pa-lilletoppen\/#breadcrumb"},"inLanguage":"nb-NO","potentialAction":[{"@type":"ReadAction","target":["https:\/\/mentalhelse.no\/alesund\/aktuelt\/tur-til-gapahuken-pa-lilletoppen\/"]}]},{"@type":"BreadcrumbList","@id":"https:\/\/mentalhelse.no\/alesund\/aktuelt\/tur-til-gapahuken-pa-lilletoppen\/#breadcrumb","itemListElement":[{"@type":"ListItem","position":1,"name":"Hjem","item":"https:\/\/mentalhelse.no\/alesund\/"},{"@type":"ListItem","position":2,"name":"Nyheter","item":"https:\/\/mentalhelse.no\/alesund\/aktuelt\/"},{"@type":"ListItem","position":3,"name":"Tur til gapahuken p\u00e5 Lilletoppen"}]},{"@type":"WebSite","@id":"https:\/\/mentalhelse.no\/alesund\/#website","url":"https:\/\/mentalhelse.no\/alesund\/","name":"\u00c5lesund","description":"","potentialAction":[{"@type":"SearchAction","target":{"@type":"EntryPoint","urlTemplate":"https:\/\/mentalhelse.no\/alesund\/?s={search_term_string}"},"query-input":"required name=search_term_string"}],"inLanguage":"nb-NO"}]}},"_links":{"self":[{"href":"https:\/\/mentalhelse.no\/alesund\/wp-json\/wp\/v2\/news\/1235","targetHints":{"allow":["GET"]}}],"collection":[{"href":"https:\/\/mentalhelse.no\/alesund\/wp-json\/wp\/v2\/news"}],"about":[{"href":"https:\/\/mentalhelse.no\/alesund\/wp-json\/wp\/v2\/types\/news"}],"author":[{"embeddable":true,"href":"https:\/\/mentalhelse.no\/alesund\/wp-json\/wp\/v2\/users\/170"}],"wp:featuredmedia":[{"embeddable":true,"href":"https:\/\/mentalhelse.no\/alesund\/wp-json\/wp\/v2\/media\/1243"}],"wp:attachment":[{"href":"https:\/\/mentalhelse.no\/alesund\/wp-json\/wp\/v2\/media?parent=1235"}],"wp:term":[{"taxonomy":"news_category","embeddable":true,"href":"https:\/\/mentalhelse.no\/alesund\/wp-json\/wp\/v2\/news_category?post=1235"}],"curies":[{"name":"wp","href":"https:\/\/api.w.org\/{rel}","templated":true}]}}