{"id":1101,"date":"2026-04-20T21:44:54","date_gmt":"2026-04-20T21:44:54","guid":{"rendered":"https:\/\/mentalhelse.no\/andebu\/?post_type=news&#038;p=1101"},"modified":"2026-04-20T21:44:54","modified_gmt":"2026-04-20T21:44:54","slug":"sommertur-til-roros","status":"publish","type":"news","link":"https:\/\/mentalhelse.no\/andebu\/aktuelt\/sommertur-til-roros\/","title":{"rendered":"Sommertur til R\u00f8ros"},"content":{"rendered":"<figure class=\"alignwide wp-block-post-featured-image\"><img loading=\"lazy\" decoding=\"async\" width=\"2560\" height=\"1920\" src=\"https:\/\/mentalhelse.no\/content\/uploads\/sites\/279\/2023\/09\/steven-kamenar-MMJx78V7xS8-unsplash-scaled.jpg\" class=\"attachment-post-thumbnail size-post-thumbnail wp-post-image\" alt=\"\" style=\"object-fit:cover; --focal-point: 50% 50%;\" srcset=\"https:\/\/mentalhelse.no\/content\/uploads\/sites\/279\/2023\/09\/steven-kamenar-MMJx78V7xS8-unsplash-scaled.jpg 2560w, https:\/\/mentalhelse.no\/content\/uploads\/sites\/279\/2023\/09\/steven-kamenar-MMJx78V7xS8-unsplash-300x225.jpg 300w, https:\/\/mentalhelse.no\/content\/uploads\/sites\/279\/2023\/09\/steven-kamenar-MMJx78V7xS8-unsplash-1024x768.jpg 1024w, https:\/\/mentalhelse.no\/content\/uploads\/sites\/279\/2023\/09\/steven-kamenar-MMJx78V7xS8-unsplash-768x576.jpg 768w, https:\/\/mentalhelse.no\/content\/uploads\/sites\/279\/2023\/09\/steven-kamenar-MMJx78V7xS8-unsplash-1536x1152.jpg 1536w, https:\/\/mentalhelse.no\/content\/uploads\/sites\/279\/2023\/09\/steven-kamenar-MMJx78V7xS8-unsplash-2048x1536.jpg 2048w\" sizes=\"auto, (max-width: 2560px) 100vw, 2560px\" \/><\/figure>\n\n<h1 class=\"wp-block-post-title\">Sommertur til R\u00f8ros<\/h1>\n\n<div class=\"is-img-top mh-byline wp-block-mh-byline\">\n                  <div class=\"mh-byline__inner\">\n                  \t\n                  \t<div class=\"mh-byline__meta\">\n                  \t\t<div class=\"mh-byline__post\">\n                  \t\t\t<div class=\"entry-date\">20.04.2026<\/div>\n                  \t\t<\/div>\n                  \t\t<div class=\"mh-byline__author\">\n                  \t\t\t <span class=\"mh-byline__author-link\">Mental Helse Andebu<\/span>\n\t\t\t\t\t\t<\/div>\n\t\t\t\t\t<\/div>\n\t\t\t\t<\/div>\n\t\t<\/div>\n\n\n<p><strong>Mental Helse Andebu inviterer sine medlemmer p\u00e5 sommertur til R\u00f8ros 5 \u2013 7 juni 2026<\/strong><\/p>\n\n\n\n<p>Vi parkerer bilene nedenfor Gjenbruket i Kodal og hopper p\u00e5 bussen som tar oss videre til Bergstadens hotell p\u00e5 R\u00f8ros der vi skal nyte de neste dagene. P\u00e5 hotellet har vi fri inngang til Spa-avdelingen.<\/p>\n\n\n\n<p>Fredag<\/p>\n\n\n\n<p>09.00: Bussen g\u00e5r fra Kodal<\/p>\n\n\n\n<p>P\u00e5 turen til R\u00f8ros stopper vi for en matbit.<\/p>\n\n\n\n<p>Pizzabuffet p\u00e5 hotellet p\u00e5 kvelden<\/p>\n\n\n\n<p>L\u00f8rdag<\/p>\n\n\n\n<p>08.00 \u2013 10.30: Frokost<\/p>\n\n\n\n<p>12.30: Bussen til Smelthytta der vi f\u00e5r guidet omvisning<br>Ca. 14.30: Bussen g\u00e5r i retur til hotellet<\/p>\n\n\n\n<p>Egentid frem til middag<\/p>\n\n\n\n<p>19.00: 3 retters middag i Restaurant 1897<br><br>S\u00f8ndag<br>08.00 \u2013 10.30: Frokost<br>11.00: Avreise fra hotellet<\/p>\n\n\n\n<p>P\u00e5 turen hjem stopper vi for middag<\/p>\n\n\n\n<p><strong>Bindende skriftlig p\u00e5melding innen 20 mai 2026 p\u00e5 epost til<\/strong><\/p>\n\n\n\n<p><a href=\"mailto:andebu@mentalhelse.no\"><strong>andebu@mentalhelse.no<\/strong><\/a><strong> eller p\u00e5 SMS til<\/strong><\/p>\n\n\n\n<p><strong>Stig Roar Mortensen p\u00e5 909 70&nbsp;684<\/strong><\/p>\n\n\n\n<p><strong>(Medlemskap for 2026 m\u00e5 v\u00e6re betalt ved p\u00e5melding)<\/strong><\/p>\n\n\n\n<p><strong>P\u00e5krevd info: Navn, telefonnummer, ev. allergier og enkel\/dobbelrom (ev. med hvem)<\/strong><\/p>\n\n\n\n<p><strong>Det er ogs\u00e5 begrenset med enkeltrom, s\u00e5 fint om man kan dele rom om man har muligheten.<\/strong><\/p>\n\n\n\n<p><strong>Vi har 40 plasser \u2013 f\u00f8rstemann til m\u00f8lla<\/strong><\/p>\n\n\n\n<p><strong>Egenandel: 750kr pr. pers. i dobbeltrom \/ 1000kr pr. pers. i enkeltrom<br>betales til kontonr: 2500.11.62155 innen 20 mai 2026 og merkes med deltagernavn.<br>Er ikke deltageravgift betalt innen fristen g\u00e5r plassen videre til de p\u00e5 en eventuell venteliste.<\/strong><\/p>\n\n\n\n\t\t<div class=\"mh-related-posts alignfull alignfull wp-block-mentalhelse-related-posts gray-mode\">\n\t\t\t<div class=\"mh-related-posts__inner\">\n\t\t\t\t\n\n<h3 class=\"wp-block-heading\" id=\"h-also-read\">Also read<\/h3>\n\n\n<div class=\"t2-featured-content-layout alignwide alignwide wp-block-t2-featured-content-layout\">\n<div class=\"t2-featured-query-post t2-featured-content is-post-type-news wp-block-t2-featured-query-post t2-featured-content-layout-col-4\"><a class=\"t2-post-link wp-block-t2-post-link\" href=\"https:\/\/mentalhelse.no\/andebu\/aktuelt\/arsmotepapirer-2026\/\">\n\t<figure style=\"--t2-focal-point: 50% 50%;\" class=\"t2-post-featured-image has-image-ratio-16-9 wp-block-t2-post-featured-image\"><img decoding=\"async\" src=\"data:image\/jpeg;base64, \/9j\/4AAQSkZJRgABAQEAYABgAAD\/\/gA+Q1JFQVRPUjogZ2QtanBlZyB2MS4wICh1c2luZyBJSkcgSlBFRyB2ODApLCBkZWZhdWx0IHF1YWxpdHkK\/9sAQwAIBgYHBgUIBwcHCQkICgwUDQwLCwwZEhMPFB0aHx4dGhwcICQuJyAiLCMcHCg3KSwwMTQ0NB8nOT04MjwuMzQy\/9sAQwEJCQkMCwwYDQ0YMiEcITIyMjIyMjIyMjIyMjIyMjIyMjIyMjIyMjIyMjIyMjIyMjIyMjIyMjIyMjIyMjIyMjIy\/8AAEQgBLAEsAwEiAAIRAQMRAf\/EAB8AAAEFAQEBAQEBAAAAAAAAAAABAgMEBQYHCAkKC\/\/EALUQAAIBAwMCBAMFBQQEAAABfQECAwAEEQUSITFBBhNRYQcicRQygZGhCCNCscEVUtHwJDNicoIJChYXGBkaJSYnKCkqNDU2Nzg5OkNERUZHSElKU1RVVldYWVpjZGVmZ2hpanN0dXZ3eHl6g4SFhoeIiYqSk5SVlpeYmZqio6Slpqeoqaqys7S1tre4ubrCw8TFxsfIycrS09TV1tfY2drh4uPk5ebn6Onq8fLz9PX29\/j5+v\/EAB8BAAMBAQEBAQEBAQEAAAAAAAABAgMEBQYHCAkKC\/\/EALURAAIBAgQEAwQHBQQEAAECdwABAgMRBAUhMQYSQVEHYXETIjKBCBRCkaGxwQkjM1LwFWJy0QoWJDThJfEXGBkaJicoKSo1Njc4OTpDREVGR0hJSlNUVVZXWFlaY2RlZmdoaWpzdHV2d3h5eoKDhIWGh4iJipKTlJWWl5iZmqKjpKWmp6ipqrKztLW2t7i5usLDxMXGx8jJytLT1NXW19jZ2uLj5OXm5+jp6vLz9PX29\/j5+v\/aAAwDAQACEQMRAD8A9goooqRhRRRQAUUUUAFFFFABRRRQAUUUUAFFFFABRRRQAUUUUAFFFFABRRRQAUUUUAFFFFABRRRQAUUUUAFFFFABRRRQAUUUUAFFFFABRRRQAUUUUAFFFFABRRRQAUUUUAFFFFABRRRQAUUUUAFFFFABRRRQAUUUUAFFFFABRRRQAUUUUAFFFFABRRRQAUUUUAFFFFABRRRQAUUUUAFFFFABRRRQAUUUUAFFFFABRRRQAUUUUAFFFFABRRRQAUUUUAFFFFABRRRQAUUUUAFFFFABRRRQAUUUUAFFFFABRRRQAUUUUAFFFFABRRRQAUUUUAFFFFABRRRQAUUUUAFFFFABRRRQAUUUUAFFFFABRRRQAUUUUAFFFFABRRRQAUUUUAFFFFABRRRQAUUUUAFFFFABRRRQAUUUUAFFFFABRRRQAUUUUAFFFFABRRRQAUUUUAFFFFABRRRQAUUUUAFFFFABRRRQAUUUUAFFFFABRRRQAUUUUAFFFFABRRRQAUUUUAFFFFABRRRQAUUUUAFFFFABRRRQAUUUUAFFFFABRRRQAUUUUAFFFFABRRRQAUUUUAFFFFABRRRQAUUUUAFFFFABRRRQAUUUUAFFFFABRRRQAUUUUAFFFFABRRRQAUUUUAFFFFABRRRQAUUUUAFFFFABRRRQAUUUUAFFFFABRRRQAUUUUAFFFFABRRRQAUUUUAFFFFABRRRQAUUUUAFFFFABRRRQAUUUUAFFFFABRRRQAUUUUAFFFFABRRRQAUUUUAFFFFABRRRQAUUUUAFFFFABRRRQAUUUUAFFFFABRRRQAUUUUAFFFFABRRRQAUUUUAFFFFABRRRQAUUUUAFFFFABRRRQAUUUUAFFFFABRRRQAUUUUAFFFFABRRRQAUUUUAFFFFABRRRQAUUUUAFFFFABRRRQAUUUUAFFFFABRRRQAUUUUAFFFFABRRRQAUUUUAFFFFABRRRQAUUUUAFFFFABRRRQAUUUUAFFFFABRRRQAUUUUAFFFFABRRRQAUUUUAFFFFABRRRQAUUUUAFFFFABRRRQAUUUUAFFFFABRRRQAUUUUAFFFFABRRRQAUUUUAFFFFABRRRQAUUUUAFFFFABRRRQAUUUUAFFFFABRRRQAUUUUAFFFFABRRRQAUUUUAFFFFABRRRQAUUUUAFFFFABRRRQAUUUUAFFFFABRRRQAUUUUAFFFFABRRRQAUUUUAFFFFABRRRQAUUUUAFFFFABRRRQAUUUUAFFFFABRRRQAUUUUAFFFFABRRRQAUUUUAFFFFABRRRQAUUUUAFFFFABRRRQAUUUUAFFFFABRRRQAUUUUAFFFFABRRRQAUUUUAFFFFABRRRQAUUUUAFFFFABRRRQAUUUUAFFFFABRRRQAUUUUAFFFFABRRRQAUUUUAFFFFABRRRQAUUUUAFFFFABRRRQAUUUUAFFFFABRRRQAUUUUAFFFFABRRRQAUUUUAFFFFABRRRQAUUUUAFFFFABRRRQAUUUUAFFFFABRRRQAUUUUAFFFFABRRRQAUUUUAFFFFABRRRQAUUUUAFFFFABRRRQAUUUUAFFFFABRRRQAUUUUAFFFFABRRRQAUUUUAFFFFABRRRQAUUUUAFFFFABRRRQAUUUUAFFFFABRRRQAUUUUAFFFFABRRRQAUUUUAFFFFABRRRQAUUUUAFFFFABRRRQAUUUUAFFFFABRRRQAUUUUAFFFFABRRRQAUUUUAFFFFABRRRQAUUUUAFFFFABRRRQAUUUUAFFFFABRRRQAUUUUAFFFFABRRRQAUUUUAFFFFABRRRQAUUUUAFFFFABRRRQAUUUUAFFFFABRRRQAUUUUAFFFFABRRRQAUUUUAFFFFABRRRQAUUUUAFFFFABRRRQAUUUUAFFFFABRRRQAUUUUAFFFFABRRRQAUUUUAFFFFAH\/9k=\" alt=\"\u00c5rsm\u00f8tepapirer 2026\"\/><\/figure>\n<\/a>\n\n<div class=\"wp-block-group postinfo alignfull is-layout-flow wp-block-group-is-layout-flow\">\n\t<div class=\"wp-block-mentalhelse-post-category\">\n\t\t\t\t\t<div class=\"post-type\">\n\t\t\t\t\t\t<a href=\"https:\/\/mentalhelse.no\/andebu\/aktuelt\/\">Nyheter<\/a>\n\t\t\t\t\t<\/div>\n\t\t\t\t\t\n\t\t\t\t\t<div class=\"post-category\">\n\t\t\t\t\t\t\n\t\t\t\t\t<\/div>\n\t\t\t<\/div>\n\t<a class=\"t2-post-link wp-block-t2-post-link\" href=\"https:\/\/mentalhelse.no\/andebu\/aktuelt\/arsmotepapirer-2026\/\">\n\t<h2 class=\"t2-post-title wp-block-t2-post-title\">\u00c5rsm\u00f8tepapirer 2026<\/h2>\n\t<\/a>\n<\/div>\n\n<\/div>\n\n<div class=\"t2-featured-query-post t2-featured-content is-post-type-news wp-block-t2-featured-query-post t2-featured-content-layout-col-4\"><a class=\"t2-post-link wp-block-t2-post-link\" href=\"https:\/\/mentalhelse.no\/andebu\/aktuelt\/innkalling-til-arsmote-2026\/\">\n\t<figure style=\"--t2-focal-point: 50% 50%;\" class=\"t2-post-featured-image has-image-ratio-16-9 wp-block-t2-post-featured-image\"><img decoding=\"async\" src=\"data:image\/jpeg;base64, \/9j\/4AAQSkZJRgABAQEAYABgAAD\/\/gA+Q1JFQVRPUjogZ2QtanBlZyB2MS4wICh1c2luZyBJSkcgSlBFRyB2ODApLCBkZWZhdWx0IHF1YWxpdHkK\/9sAQwAIBgYHBgUIBwcHCQkICgwUDQwLCwwZEhMPFB0aHx4dGhwcICQuJyAiLCMcHCg3KSwwMTQ0NB8nOT04MjwuMzQy\/9sAQwEJCQkMCwwYDQ0YMiEcITIyMjIyMjIyMjIyMjIyMjIyMjIyMjIyMjIyMjIyMjIyMjIyMjIyMjIyMjIyMjIyMjIy\/8AAEQgBLAEsAwEiAAIRAQMRAf\/EAB8AAAEFAQEBAQEBAAAAAAAAAAABAgMEBQYHCAkKC\/\/EALUQAAIBAwMCBAMFBQQEAAABfQECAwAEEQUSITFBBhNRYQcicRQygZGhCCNCscEVUtHwJDNicoIJChYXGBkaJSYnKCkqNDU2Nzg5OkNERUZHSElKU1RVVldYWVpjZGVmZ2hpanN0dXZ3eHl6g4SFhoeIiYqSk5SVlpeYmZqio6Slpqeoqaqys7S1tre4ubrCw8TFxsfIycrS09TV1tfY2drh4uPk5ebn6Onq8fLz9PX29\/j5+v\/EAB8BAAMBAQEBAQEBAQEAAAAAAAABAgMEBQYHCAkKC\/\/EALURAAIBAgQEAwQHBQQEAAECdwABAgMRBAUhMQYSQVEHYXETIjKBCBRCkaGxwQkjM1LwFWJy0QoWJDThJfEXGBkaJicoKSo1Njc4OTpDREVGR0hJSlNUVVZXWFlaY2RlZmdoaWpzdHV2d3h5eoKDhIWGh4iJipKTlJWWl5iZmqKjpKWmp6ipqrKztLW2t7i5usLDxMXGx8jJytLT1NXW19jZ2uLj5OXm5+jp6vLz9PX29\/j5+v\/aAAwDAQACEQMRAD8A9goooqRhRRRQAUUUUAFFFFABRRRQAUUUUAFFFFABRRRQAUUUUAFFFFABRRRQAUUUUAFFFFABRRRQAUUUUAFFFFABRRRQAUUUUAFFFFABRRRQAUUUUAFFFFABRRRQAUUUUAFFFFABRRRQAUUUUAFFFFABRRRQAUUUUAFFFFABRRRQAUUUUAFFFFABRRRQAUUUUAFFFFABRRRQAUUUUAFFFFABRRRQAUUUUAFFFFABRRRQAUUUUAFFFFABRRRQAUUUUAFFFFABRRRQAUUUUAFFFFABRRRQAUUUUAFFFFABRRRQAUUUUAFFFFABRRRQAUUUUAFFFFABRRRQAUUUUAFFFFABRRRQAUUUUAFFFFABRRRQAUUUUAFFFFABRRRQAUUUUAFFFFABRRRQAUUUUAFFFFABRRRQAUUUUAFFFFABRRRQAUUUUAFFFFABRRRQAUUUUAFFFFABRRRQAUUUUAFFFFABRRRQAUUUUAFFFFABRRRQAUUUUAFFFFABRRRQAUUUUAFFFFABRRRQAUUUUAFFFFABRRRQAUUUUAFFFFABRRRQAUUUUAFFFFABRRRQAUUUUAFFFFABRRRQAUUUUAFFFFABRRRQAUUUUAFFFFABRRRQAUUUUAFFFFABRRRQAUUUUAFFFFABRRRQAUUUUAFFFFABRRRQAUUUUAFFFFABRRRQAUUUUAFFFFABRRRQAUUUUAFFFFABRRRQAUUUUAFFFFABRRRQAUUUUAFFFFABRRRQAUUUUAFFFFABRRRQAUUUUAFFFFABRRRQAUUUUAFFFFABRRRQAUUUUAFFFFABRRRQAUUUUAFFFFABRRRQAUUUUAFFFFABRRRQAUUUUAFFFFABRRRQAUUUUAFFFFABRRRQAUUUUAFFFFABRRRQAUUUUAFFFFABRRRQAUUUUAFFFFABRRRQAUUUUAFFFFABRRRQAUUUUAFFFFABRRRQAUUUUAFFIRkEHPPoarWYJMxLOdsjKMsTgUAWqKKKACiiigAooooAKKKKACiiigAooooAKKKKACiiigAooooAKKKKACiiigAooooAKKKKACiiigAooooAKKKKACiiigAooooAQjIIBI9x2qOGAQliHc7iWIOOvr0qWigAooooAKKKKACiiigAooooAKKKKACiiigAooooAKKKKACiiigAooooAKKKKACiiigAooooAKKKKACiiigAooooAKKKKACiiigAooooAKKKKACiiigAooooAKKKKACiiigAooooAKKKKACiiigAooooAKKKKACiiigAooooAKKKKACiiigAooooAKKKKACiiigAooooAKKKKACiiigAooooAKKKKACiiigAooooAKKKKACiiigAooooAKKKKACiiigAooooAKKKKACiiigAooooAKKKKACiiigAooooAKKKKACiiigAooooAKKKKACiiigAooooAKKKKACiiigAooooAKKKKACiiigAooooAKKKKACiiigAooooAKKKKACiiigAooooAKKKKACiiigAooooAKKKKACiiigAooooAKKKKACiiigAooooAKKKKACiiigAooooAKKKKACiiigAooooAKKKKACiiigAooooAKKKKACiiigAooooAKKKKACiiigAooooAKKKKACiiigAooooAKKKKACiiigAooooAKKKKACiiigAooooAKKKKACiiigAooooAKKKKACiiigAooooAKKKKACiiigAooooAKKKKACiiigAooooAKKKKACiiigAooooAKKKKACiiigAooooAKKKKACiiigAooooAKKKKACiiigAooooAKKKKACiiigAooooAKKKKACiiigAooooAKKKKACiiigAooooAKKKKACiiigAooooAKKKKACiiigAooooAKKKKACiiigAooooAKKKKACiiigAooooAKKKKACiiigAooooAKKKKACiiigAooooAKKKKACiiigAooooAKKKKAP\/2Q==\" alt=\"Innkalling til \u00e5rsm\u00f8te 2026\"\/><\/figure>\n<\/a>\n\n<div class=\"wp-block-group postinfo alignfull is-layout-flow wp-block-group-is-layout-flow\">\n\t<div class=\"wp-block-mentalhelse-post-category\">\n\t\t\t\t\t<div class=\"post-type\">\n\t\t\t\t\t\t<a href=\"https:\/\/mentalhelse.no\/andebu\/aktuelt\/\">Nyheter<\/a>\n\t\t\t\t\t<\/div>\n\t\t\t\t\t\n\t\t\t\t\t<div class=\"post-category\">\n\t\t\t\t\t\t\n\t\t\t\t\t<\/div>\n\t\t\t<\/div>\n\t<a class=\"t2-post-link wp-block-t2-post-link\" href=\"https:\/\/mentalhelse.no\/andebu\/aktuelt\/innkalling-til-arsmote-2026\/\">\n\t<h2 class=\"t2-post-title wp-block-t2-post-title\">Innkalling til \u00e5rsm\u00f8te 2026<\/h2>\n\t<\/a>\n<\/div>\n\n<\/div>\n\n<div class=\"t2-featured-query-post t2-featured-content is-post-type-news wp-block-t2-featured-query-post t2-featured-content-layout-col-4\"><a class=\"t2-post-link wp-block-t2-post-link\" href=\"https:\/\/mentalhelse.no\/andebu\/aktuelt\/hosttur-til-lillehammer\/\">\n\t<figure style=\"--t2-focal-point: 50% 50%;\" class=\"t2-post-featured-image has-image-ratio-16-9 wp-block-t2-post-featured-image\"><img loading=\"lazy\" decoding=\"async\" width=\"2560\" height=\"1920\" src=\"https:\/\/mentalhelse.no\/content\/uploads\/sites\/279\/2023\/09\/steven-kamenar-MMJx78V7xS8-unsplash-scaled.jpg\" class=\"attachment-post-thumbnail size-post-thumbnail wp-post-image\" alt=\"\" srcset=\"https:\/\/mentalhelse.no\/content\/uploads\/sites\/279\/2023\/09\/steven-kamenar-MMJx78V7xS8-unsplash-scaled.jpg 2560w, https:\/\/mentalhelse.no\/content\/uploads\/sites\/279\/2023\/09\/steven-kamenar-MMJx78V7xS8-unsplash-300x225.jpg 300w, https:\/\/mentalhelse.no\/content\/uploads\/sites\/279\/2023\/09\/steven-kamenar-MMJx78V7xS8-unsplash-1024x768.jpg 1024w, https:\/\/mentalhelse.no\/content\/uploads\/sites\/279\/2023\/09\/steven-kamenar-MMJx78V7xS8-unsplash-768x576.jpg 768w, https:\/\/mentalhelse.no\/content\/uploads\/sites\/279\/2023\/09\/steven-kamenar-MMJx78V7xS8-unsplash-1536x1152.jpg 1536w, https:\/\/mentalhelse.no\/content\/uploads\/sites\/279\/2023\/09\/steven-kamenar-MMJx78V7xS8-unsplash-2048x1536.jpg 2048w\" sizes=\"auto, (max-width: 2560px) 100vw, 2560px\" style=\"--focal-point: 50% 50%;\" \/><\/figure>\n<\/a>\n\n<div class=\"wp-block-group postinfo alignfull is-layout-flow wp-block-group-is-layout-flow\">\n\t<div class=\"wp-block-mentalhelse-post-category\">\n\t\t\t\t\t<div class=\"post-type\">\n\t\t\t\t\t\t<a href=\"https:\/\/mentalhelse.no\/andebu\/aktuelt\/\">Nyheter<\/a>\n\t\t\t\t\t<\/div>\n\t\t\t\t\t\n\t\t\t\t\t<div class=\"post-category\">\n\t\t\t\t\t\t\n\t\t\t\t\t<\/div>\n\t\t\t<\/div>\n\t<a class=\"t2-post-link wp-block-t2-post-link\" href=\"https:\/\/mentalhelse.no\/andebu\/aktuelt\/hosttur-til-lillehammer\/\">\n\t<h2 class=\"t2-post-title wp-block-t2-post-title\">H\u00f8sttur til Lillehammer<\/h2>\n\t<\/a>\n<\/div>\n\n<\/div>\n<\/div>\n\n\t\t\t<\/div>\n\t\t<\/div>","protected":false},"excerpt":{"rendered":"<p>Mental Helse Andebu inviterer sine medlemmer p\u00e5 sommertur til R\u00f8ros 5 \u2013 7 juni 2026 Vi parkerer bilene nedenfor Gjenbruket i Kodal og hopper p\u00e5&#8230;<\/p>\n","protected":false},"author":53,"featured_media":999,"parent":0,"template":"","meta":{"t2_featured_media_focal_point":{"x":0.5,"y":0.5},"mh_hide_title":true},"news_category":[],"class_list":["post-1101","news","type-news","status-publish","has-post-thumbnail","hentry"],"yoast_head":"<!-- This site is optimized with the Yoast SEO Premium plugin v21.2 (Yoast SEO v21.2) - https:\/\/yoast.com\/wordpress\/plugins\/seo\/ -->\n<title>Sommertur til R\u00f8ros - Mental Helse - Andebu<\/title>\n<meta name=\"robots\" content=\"index, follow, max-snippet:-1, max-image-preview:large, max-video-preview:-1\" \/>\n<link rel=\"canonical\" href=\"https:\/\/mentalhelse.no\/andebu\/aktuelt\/sommertur-til-roros\/\" \/>\n<meta property=\"og:locale\" content=\"nb_NO\" \/>\n<meta property=\"og:type\" content=\"article\" \/>\n<meta property=\"og:title\" content=\"Sommertur til R\u00f8ros\" \/>\n<meta property=\"og:description\" content=\"Mental Helse Andebu inviterer sine medlemmer p\u00e5 sommertur til R\u00f8ros 5 \u2013 7 juni 2026 Vi parkerer bilene nedenfor Gjenbruket i Kodal og hopper p\u00e5...\" \/>\n<meta property=\"og:url\" content=\"https:\/\/mentalhelse.no\/andebu\/aktuelt\/sommertur-til-roros\/\" \/>\n<meta property=\"og:site_name\" content=\"Andebu\" \/>\n<meta property=\"og:image\" content=\"https:\/\/mentalhelse.no\/content\/uploads\/sites\/279\/2023\/09\/steven-kamenar-MMJx78V7xS8-unsplash-scaled.jpg\" \/>\n\t<meta property=\"og:image:width\" content=\"2560\" \/>\n\t<meta property=\"og:image:height\" content=\"1920\" \/>\n\t<meta property=\"og:image:type\" content=\"image\/jpeg\" \/>\n<meta name=\"twitter:card\" content=\"summary_large_image\" \/>\n<meta name=\"twitter:label1\" content=\"Ansl. lesetid\" \/>\n\t<meta name=\"twitter:data1\" content=\"2 minutter\" \/>\n<script type=\"application\/ld+json\" class=\"yoast-schema-graph\">{\"@context\":\"https:\/\/schema.org\",\"@graph\":[{\"@type\":\"WebPage\",\"@id\":\"https:\/\/mentalhelse.no\/andebu\/aktuelt\/sommertur-til-roros\/\",\"url\":\"https:\/\/mentalhelse.no\/andebu\/aktuelt\/sommertur-til-roros\/\",\"name\":\"Sommertur til R\u00f8ros - Andebu\",\"isPartOf\":{\"@id\":\"https:\/\/mentalhelse.no\/andebu\/#website\"},\"datePublished\":\"2026-04-20T21:44:54+00:00\",\"dateModified\":\"2026-04-20T21:44:54+00:00\",\"breadcrumb\":{\"@id\":\"https:\/\/mentalhelse.no\/andebu\/aktuelt\/sommertur-til-roros\/#breadcrumb\"},\"inLanguage\":\"nb-NO\",\"potentialAction\":[{\"@type\":\"ReadAction\",\"target\":[\"https:\/\/mentalhelse.no\/andebu\/aktuelt\/sommertur-til-roros\/\"]}]},{\"@type\":\"BreadcrumbList\",\"@id\":\"https:\/\/mentalhelse.no\/andebu\/aktuelt\/sommertur-til-roros\/#breadcrumb\",\"itemListElement\":[{\"@type\":\"ListItem\",\"position\":1,\"name\":\"Hjem\",\"item\":\"https:\/\/mentalhelse.no\/andebu\/\"},{\"@type\":\"ListItem\",\"position\":2,\"name\":\"Nyheter\",\"item\":\"https:\/\/mentalhelse.no\/andebu\/aktuelt\/\"},{\"@type\":\"ListItem\",\"position\":3,\"name\":\"Sommertur til R\u00f8ros\"}]},{\"@type\":\"WebSite\",\"@id\":\"https:\/\/mentalhelse.no\/andebu\/#website\",\"url\":\"https:\/\/mentalhelse.no\/andebu\/\",\"name\":\"Andebu\",\"description\":\"\",\"potentialAction\":[{\"@type\":\"SearchAction\",\"target\":{\"@type\":\"EntryPoint\",\"urlTemplate\":\"https:\/\/mentalhelse.no\/andebu\/?s={search_term_string}\"},\"query-input\":\"required name=search_term_string\"}],\"inLanguage\":\"nb-NO\"}]}<\/script>\n<!-- \/ Yoast SEO Premium plugin. -->","yoast_head_json":{"title":"Sommertur til R\u00f8ros - Mental Helse - Andebu","robots":{"index":"index","follow":"follow","max-snippet":"max-snippet:-1","max-image-preview":"max-image-preview:large","max-video-preview":"max-video-preview:-1"},"canonical":"https:\/\/mentalhelse.no\/andebu\/aktuelt\/sommertur-til-roros\/","og_locale":"nb_NO","og_type":"article","og_title":"Sommertur til R\u00f8ros","og_description":"Mental Helse Andebu inviterer sine medlemmer p\u00e5 sommertur til R\u00f8ros 5 \u2013 7 juni 2026 Vi parkerer bilene nedenfor Gjenbruket i Kodal og hopper p\u00e5...","og_url":"https:\/\/mentalhelse.no\/andebu\/aktuelt\/sommertur-til-roros\/","og_site_name":"Andebu","og_image":[{"width":2560,"height":1920,"url":"https:\/\/mentalhelse.no\/content\/uploads\/sites\/279\/2023\/09\/steven-kamenar-MMJx78V7xS8-unsplash-scaled.jpg","type":"image\/jpeg"}],"twitter_card":"summary_large_image","twitter_misc":{"Ansl. lesetid":"2 minutter"},"schema":{"@context":"https:\/\/schema.org","@graph":[{"@type":"WebPage","@id":"https:\/\/mentalhelse.no\/andebu\/aktuelt\/sommertur-til-roros\/","url":"https:\/\/mentalhelse.no\/andebu\/aktuelt\/sommertur-til-roros\/","name":"Sommertur til R\u00f8ros - Andebu","isPartOf":{"@id":"https:\/\/mentalhelse.no\/andebu\/#website"},"datePublished":"2026-04-20T21:44:54+00:00","dateModified":"2026-04-20T21:44:54+00:00","breadcrumb":{"@id":"https:\/\/mentalhelse.no\/andebu\/aktuelt\/sommertur-til-roros\/#breadcrumb"},"inLanguage":"nb-NO","potentialAction":[{"@type":"ReadAction","target":["https:\/\/mentalhelse.no\/andebu\/aktuelt\/sommertur-til-roros\/"]}]},{"@type":"BreadcrumbList","@id":"https:\/\/mentalhelse.no\/andebu\/aktuelt\/sommertur-til-roros\/#breadcrumb","itemListElement":[{"@type":"ListItem","position":1,"name":"Hjem","item":"https:\/\/mentalhelse.no\/andebu\/"},{"@type":"ListItem","position":2,"name":"Nyheter","item":"https:\/\/mentalhelse.no\/andebu\/aktuelt\/"},{"@type":"ListItem","position":3,"name":"Sommertur til R\u00f8ros"}]},{"@type":"WebSite","@id":"https:\/\/mentalhelse.no\/andebu\/#website","url":"https:\/\/mentalhelse.no\/andebu\/","name":"Andebu","description":"","potentialAction":[{"@type":"SearchAction","target":{"@type":"EntryPoint","urlTemplate":"https:\/\/mentalhelse.no\/andebu\/?s={search_term_string}"},"query-input":"required name=search_term_string"}],"inLanguage":"nb-NO"}]}},"_links":{"self":[{"href":"https:\/\/mentalhelse.no\/andebu\/wp-json\/wp\/v2\/news\/1101","targetHints":{"allow":["GET"]}}],"collection":[{"href":"https:\/\/mentalhelse.no\/andebu\/wp-json\/wp\/v2\/news"}],"about":[{"href":"https:\/\/mentalhelse.no\/andebu\/wp-json\/wp\/v2\/types\/news"}],"author":[{"embeddable":true,"href":"https:\/\/mentalhelse.no\/andebu\/wp-json\/wp\/v2\/users\/53"}],"wp:featuredmedia":[{"embeddable":true,"href":"https:\/\/mentalhelse.no\/andebu\/wp-json\/wp\/v2\/media\/999"}],"wp:attachment":[{"href":"https:\/\/mentalhelse.no\/andebu\/wp-json\/wp\/v2\/media?parent=1101"}],"wp:term":[{"taxonomy":"news_category","embeddable":true,"href":"https:\/\/mentalhelse.no\/andebu\/wp-json\/wp\/v2\/news_category?post=1101"}],"curies":[{"name":"wp","href":"https:\/\/api.w.org\/{rel}","templated":true}]}}