{"id":1040,"date":"2025-04-23T07:43:08","date_gmt":"2025-04-23T07:43:08","guid":{"rendered":"https:\/\/mentalhelse.no\/bodo\/?post_type=news&#038;p=1040"},"modified":"2025-04-23T07:43:08","modified_gmt":"2025-04-23T07:43:08","slug":"arsmote-2025","status":"publish","type":"news","link":"https:\/\/mentalhelse.no\/bodo\/aktuelt\/arsmote-2025\/","title":{"rendered":"\u00c5rsm\u00f8te 2025"},"content":{"rendered":"<figure class=\"alignwide wp-block-post-featured-image\"><img loading=\"lazy\" decoding=\"async\" width=\"750\" height=\"555\" src=\"https:\/\/mentalhelse.no\/content\/uploads\/sites\/232\/2025\/04\/Styre-2025.png\" class=\"attachment-post-thumbnail size-post-thumbnail wp-post-image\" alt=\"\" style=\"object-fit:cover; --focal-point: 50% 50%;\" srcset=\"https:\/\/mentalhelse.no\/content\/uploads\/sites\/232\/2025\/04\/Styre-2025.png 750w, https:\/\/mentalhelse.no\/content\/uploads\/sites\/232\/2025\/04\/Styre-2025-300x222.png 300w\" sizes=\"auto, (max-width: 750px) 100vw, 750px\" \/><\/figure>\n\n<h1 class=\"wp-block-post-title\">\u00c5rsm\u00f8te 2025<\/h1>\n\n<div class=\"is-img-top mh-byline wp-block-mh-byline\">\n                  <div class=\"mh-byline__inner\">\n                  \t\n                  \t<div class=\"mh-byline__meta\">\n                  \t\t<div class=\"mh-byline__post\">\n                  \t\t\t<div class=\"entry-date\">23.04.2025<\/div>\n                  \t\t<\/div>\n                  \t\t<div class=\"mh-byline__author\">\n                  \t\t\t <span class=\"mh-byline__author-link\">Siri Br\u00e5tane<\/span>\n\t\t\t\t\t\t<\/div>\n\t\t\t\t\t<\/div>\n\t\t\t\t<\/div>\n\t\t<\/div>\n\n\n<p>27. februar 2025 avholdt Mental Helse Bod\u00f8 \u00e5rsm\u00f8te og det ble valgt et nytt styre.<\/p>\n\n\n\n<p>Det nye styret best\u00e5r av:<br>Leder: Monica Tangen<br>Nestleder: Charlie Cousens<br>Styremedlem: Karoline Lund Nikolaysen<br>Styremedlem: Juliane Tostrup Alp\u00f8y<br>Styremedlem: Per-Henrik Eikenes Kvalnes<br>Varamedlem: Gunn P. Berg<\/p>\n\n\n\n<p>Det nye styret ser frem til \u00e5 videref\u00f8re det gode arbeidet i laget og har planer om blant annet sommerfest og julebord, markering av Verdensdagen for psykisk helse, samt andre medlemsrettede arrangementer. <\/p>\n\n\n\n<p>Ta gjerne kontakt med ledere hvis du har lyst til \u00e5 v\u00e6re med.<br><\/p>\n\n\n\n\t\t<div class=\"mh-related-posts alignfull alignfull wp-block-mentalhelse-related-posts gray-mode\">\n\t\t\t<div class=\"mh-related-posts__inner\">\n\t\t\t\t\n\n<h3 class=\"wp-block-heading\" id=\"h-also-read\">Also read<\/h3>\n\n\n<div class=\"t2-featured-content-layout alignwide alignwide wp-block-t2-featured-content-layout\">\n<div class=\"t2-featured-query-post t2-featured-content is-post-type-news wp-block-t2-featured-query-post t2-featured-content-layout-col-4\"><a class=\"t2-post-link wp-block-t2-post-link\" href=\"https:\/\/mentalhelse.no\/bodo\/aktuelt\/vellykket-verdensdagsarrangement\/\">\n\t<figure style=\"--t2-focal-point: 50% 50%;\" class=\"t2-post-featured-image has-image-ratio-16-9 wp-block-t2-post-featured-image\"><img loading=\"lazy\" decoding=\"async\" width=\"1280\" height=\"960\" src=\"https:\/\/mentalhelse.no\/content\/uploads\/sites\/232\/2024\/10\/VD.jpg\" class=\"attachment-post-thumbnail size-post-thumbnail wp-post-image\" alt=\"\" srcset=\"https:\/\/mentalhelse.no\/content\/uploads\/sites\/232\/2024\/10\/VD.jpg 1280w, https:\/\/mentalhelse.no\/content\/uploads\/sites\/232\/2024\/10\/VD-300x225.jpg 300w, https:\/\/mentalhelse.no\/content\/uploads\/sites\/232\/2024\/10\/VD-1024x768.jpg 1024w, https:\/\/mentalhelse.no\/content\/uploads\/sites\/232\/2024\/10\/VD-768x576.jpg 768w\" sizes=\"auto, (max-width: 1280px) 100vw, 1280px\" style=\"--focal-point: 50% 50%;\" \/><\/figure>\n<\/a>\n\n<div class=\"wp-block-group postinfo alignfull is-layout-flow wp-block-group-is-layout-flow\">\n\t<div class=\"wp-block-mentalhelse-post-category\">\n\t\t\t\t\t<div class=\"post-type\">\n\t\t\t\t\t\t<a href=\"https:\/\/mentalhelse.no\/bodo\/aktuelt\/\">Nyheter<\/a>\n\t\t\t\t\t<\/div>\n\t\t\t\t\t\n\t\t\t\t\t<div class=\"post-category\">\n\t\t\t\t\t\t\n\t\t\t\t\t<\/div>\n\t\t\t<\/div>\n\t<a class=\"t2-post-link wp-block-t2-post-link\" href=\"https:\/\/mentalhelse.no\/bodo\/aktuelt\/vellykket-verdensdagsarrangement\/\">\n\t<h2 class=\"t2-post-title wp-block-t2-post-title\">Flott arrangement p\u00e5 Verdensdagen!<\/h2>\n\t<\/a>\n<\/div>\n\n<\/div>\n\n<div class=\"t2-featured-query-post t2-featured-content is-post-type-news wp-block-t2-featured-query-post t2-featured-content-layout-col-4\"><a class=\"t2-post-link wp-block-t2-post-link\" href=\"https:\/\/mentalhelse.no\/bodo\/aktuelt\/vellykket-sommerfest-med-mental-helse-bodo\/\">\n\t<figure style=\"--t2-focal-point: 50% 50%;\" class=\"t2-post-featured-image has-image-ratio-16-9 wp-block-t2-post-featured-image\"><img loading=\"lazy\" decoding=\"async\" width=\"2048\" height=\"1536\" src=\"https:\/\/mentalhelse.no\/content\/uploads\/sites\/232\/2024\/06\/bodo-sommerfest.jpg\" class=\"attachment-post-thumbnail size-post-thumbnail wp-post-image\" alt=\"\" srcset=\"https:\/\/mentalhelse.no\/content\/uploads\/sites\/232\/2024\/06\/bodo-sommerfest.jpg 2048w, https:\/\/mentalhelse.no\/content\/uploads\/sites\/232\/2024\/06\/bodo-sommerfest-300x225.jpg 300w, https:\/\/mentalhelse.no\/content\/uploads\/sites\/232\/2024\/06\/bodo-sommerfest-1024x768.jpg 1024w, https:\/\/mentalhelse.no\/content\/uploads\/sites\/232\/2024\/06\/bodo-sommerfest-768x576.jpg 768w, https:\/\/mentalhelse.no\/content\/uploads\/sites\/232\/2024\/06\/bodo-sommerfest-1536x1152.jpg 1536w\" sizes=\"auto, (max-width: 2048px) 100vw, 2048px\" style=\"--focal-point: 50% 50%;\" \/><\/figure>\n<\/a>\n\n<div class=\"wp-block-group postinfo alignfull is-layout-flow wp-block-group-is-layout-flow\">\n\t<div class=\"wp-block-mentalhelse-post-category\">\n\t\t\t\t\t<div class=\"post-type\">\n\t\t\t\t\t\t<a href=\"https:\/\/mentalhelse.no\/bodo\/aktuelt\/\">Nyheter<\/a>\n\t\t\t\t\t<\/div>\n\t\t\t\t\t\n\t\t\t\t\t<div class=\"post-category\">\n\t\t\t\t\t\t\n\t\t\t\t\t<\/div>\n\t\t\t<\/div>\n\t<a class=\"t2-post-link wp-block-t2-post-link\" href=\"https:\/\/mentalhelse.no\/bodo\/aktuelt\/vellykket-sommerfest-med-mental-helse-bodo\/\">\n\t<h2 class=\"t2-post-title wp-block-t2-post-title\">Vellykket sommerfest med Mental helse Bod\u00f8!<\/h2>\n\t<\/a>\n<\/div>\n\n<\/div>\n\n<div class=\"t2-featured-query-post t2-featured-content is-post-type-news wp-block-t2-featured-query-post t2-featured-content-layout-col-4\"><a class=\"t2-post-link wp-block-t2-post-link\" href=\"https:\/\/mentalhelse.no\/bodo\/aktuelt\/arsmotet-2024\/\">\n\t<figure style=\"--t2-focal-point: 50% 50%;\" class=\"t2-post-featured-image has-image-ratio-16-9 wp-block-t2-post-featured-image\"><img loading=\"lazy\" decoding=\"async\" width=\"1080\" height=\"801\" src=\"https:\/\/mentalhelse.no\/content\/uploads\/sites\/232\/2024\/02\/arsmote-bodo.jpg\" class=\"attachment-post-thumbnail size-post-thumbnail wp-post-image\" alt=\"\" srcset=\"https:\/\/mentalhelse.no\/content\/uploads\/sites\/232\/2024\/02\/arsmote-bodo.jpg 1080w, https:\/\/mentalhelse.no\/content\/uploads\/sites\/232\/2024\/02\/arsmote-bodo-300x223.jpg 300w, https:\/\/mentalhelse.no\/content\/uploads\/sites\/232\/2024\/02\/arsmote-bodo-1024x759.jpg 1024w, https:\/\/mentalhelse.no\/content\/uploads\/sites\/232\/2024\/02\/arsmote-bodo-768x570.jpg 768w\" sizes=\"auto, (max-width: 1080px) 100vw, 1080px\" style=\"--focal-point: 50% 50%;\" \/><\/figure>\n<\/a>\n\n<div class=\"wp-block-group postinfo alignfull is-layout-flow wp-block-group-is-layout-flow\">\n\t<div class=\"wp-block-mentalhelse-post-category\">\n\t\t\t\t\t<div class=\"post-type\">\n\t\t\t\t\t\t<a href=\"https:\/\/mentalhelse.no\/bodo\/aktuelt\/\">Nyheter<\/a>\n\t\t\t\t\t<\/div>\n\t\t\t\t\t\n\t\t\t\t\t<div class=\"post-category\">\n\t\t\t\t\t\t\n\t\t\t\t\t<\/div>\n\t\t\t<\/div>\n\t<a class=\"t2-post-link wp-block-t2-post-link\" href=\"https:\/\/mentalhelse.no\/bodo\/aktuelt\/arsmotet-2024\/\">\n\t<h2 class=\"t2-post-title wp-block-t2-post-title\">\u00c5rsm\u00f8tet 2024!<\/h2>\n\t<\/a>\n<\/div>\n\n<\/div>\n<\/div>\n\n\t\t\t<\/div>\n\t\t<\/div>","protected":false},"excerpt":{"rendered":"<p>27. februar 2025 avholdt Mental Helse Bod\u00f8 \u00e5rsm\u00f8te og det ble valgt et nytt styre. Det nye styret best\u00e5r av:Leder: Monica TangenNestleder: Charlie CousensStyremedlem: Karoline&#8230;<\/p>\n","protected":false},"author":7,"featured_media":1041,"parent":0,"template":"","meta":{"t2_featured_media_focal_point":{"x":0.5,"y":0.5},"mh_hide_title":true},"news_category":[],"class_list":["post-1040","news","type-news","status-publish","has-post-thumbnail","hentry"],"yoast_head":"<!-- This site is optimized with the Yoast SEO Premium plugin v21.2 (Yoast SEO v21.2) - https:\/\/yoast.com\/wordpress\/plugins\/seo\/ -->\n<title>\u00c5rsm\u00f8te 2025 - Mental Helse - Bod\u00f8<\/title>\n<meta name=\"robots\" content=\"index, follow, max-snippet:-1, max-image-preview:large, max-video-preview:-1\" \/>\n<link rel=\"canonical\" href=\"https:\/\/mentalhelse.no\/bodo\/aktuelt\/arsmote-2025\/\" \/>\n<meta property=\"og:locale\" content=\"nb_NO\" \/>\n<meta property=\"og:type\" content=\"article\" \/>\n<meta property=\"og:title\" content=\"\u00c5rsm\u00f8te 2025\" \/>\n<meta property=\"og:description\" content=\"27. februar 2025 avholdt Mental Helse Bod\u00f8 \u00e5rsm\u00f8te og det ble valgt et nytt styre. Det nye styret best\u00e5r av:Leder: Monica TangenNestleder: Charlie CousensStyremedlem: Karoline...\" \/>\n<meta property=\"og:url\" content=\"https:\/\/mentalhelse.no\/bodo\/aktuelt\/arsmote-2025\/\" \/>\n<meta property=\"og:site_name\" content=\"Bod\u00f8\" \/>\n<meta property=\"og:image\" content=\"https:\/\/mentalhelse.no\/content\/uploads\/sites\/232\/2025\/04\/Styre-2025.png\" \/>\n\t<meta property=\"og:image:width\" content=\"750\" \/>\n\t<meta property=\"og:image:height\" content=\"555\" \/>\n\t<meta property=\"og:image:type\" content=\"image\/png\" \/>\n<meta name=\"twitter:card\" content=\"summary_large_image\" \/>\n<meta name=\"twitter:label1\" content=\"Ansl. lesetid\" \/>\n\t<meta name=\"twitter:data1\" content=\"1 minutt\" \/>\n<script type=\"application\/ld+json\" class=\"yoast-schema-graph\">{\"@context\":\"https:\/\/schema.org\",\"@graph\":[{\"@type\":\"WebPage\",\"@id\":\"https:\/\/mentalhelse.no\/bodo\/aktuelt\/arsmote-2025\/\",\"url\":\"https:\/\/mentalhelse.no\/bodo\/aktuelt\/arsmote-2025\/\",\"name\":\"\u00c5rsm\u00f8te 2025 - Bod\u00f8\",\"isPartOf\":{\"@id\":\"https:\/\/mentalhelse.no\/bodo\/#website\"},\"datePublished\":\"2025-04-23T07:43:08+00:00\",\"dateModified\":\"2025-04-23T07:43:08+00:00\",\"breadcrumb\":{\"@id\":\"https:\/\/mentalhelse.no\/bodo\/aktuelt\/arsmote-2025\/#breadcrumb\"},\"inLanguage\":\"nb-NO\",\"potentialAction\":[{\"@type\":\"ReadAction\",\"target\":[\"https:\/\/mentalhelse.no\/bodo\/aktuelt\/arsmote-2025\/\"]}]},{\"@type\":\"BreadcrumbList\",\"@id\":\"https:\/\/mentalhelse.no\/bodo\/aktuelt\/arsmote-2025\/#breadcrumb\",\"itemListElement\":[{\"@type\":\"ListItem\",\"position\":1,\"name\":\"Hjem\",\"item\":\"https:\/\/mentalhelse.no\/bodo\/\"},{\"@type\":\"ListItem\",\"position\":2,\"name\":\"Nyheter\",\"item\":\"https:\/\/mentalhelse.no\/bodo\/aktuelt\/\"},{\"@type\":\"ListItem\",\"position\":3,\"name\":\"\u00c5rsm\u00f8te 2025\"}]},{\"@type\":\"WebSite\",\"@id\":\"https:\/\/mentalhelse.no\/bodo\/#website\",\"url\":\"https:\/\/mentalhelse.no\/bodo\/\",\"name\":\"Bod\u00f8\",\"description\":\"\",\"potentialAction\":[{\"@type\":\"SearchAction\",\"target\":{\"@type\":\"EntryPoint\",\"urlTemplate\":\"https:\/\/mentalhelse.no\/bodo\/?s={search_term_string}\"},\"query-input\":\"required name=search_term_string\"}],\"inLanguage\":\"nb-NO\"}]}<\/script>\n<!-- \/ Yoast SEO Premium plugin. -->","yoast_head_json":{"title":"\u00c5rsm\u00f8te 2025 - Mental Helse - Bod\u00f8","robots":{"index":"index","follow":"follow","max-snippet":"max-snippet:-1","max-image-preview":"max-image-preview:large","max-video-preview":"max-video-preview:-1"},"canonical":"https:\/\/mentalhelse.no\/bodo\/aktuelt\/arsmote-2025\/","og_locale":"nb_NO","og_type":"article","og_title":"\u00c5rsm\u00f8te 2025","og_description":"27. februar 2025 avholdt Mental Helse Bod\u00f8 \u00e5rsm\u00f8te og det ble valgt et nytt styre. Det nye styret best\u00e5r av:Leder: Monica TangenNestleder: Charlie CousensStyremedlem: Karoline...","og_url":"https:\/\/mentalhelse.no\/bodo\/aktuelt\/arsmote-2025\/","og_site_name":"Bod\u00f8","og_image":[{"width":750,"height":555,"url":"https:\/\/mentalhelse.no\/content\/uploads\/sites\/232\/2025\/04\/Styre-2025.png","type":"image\/png"}],"twitter_card":"summary_large_image","twitter_misc":{"Ansl. lesetid":"1 minutt"},"schema":{"@context":"https:\/\/schema.org","@graph":[{"@type":"WebPage","@id":"https:\/\/mentalhelse.no\/bodo\/aktuelt\/arsmote-2025\/","url":"https:\/\/mentalhelse.no\/bodo\/aktuelt\/arsmote-2025\/","name":"\u00c5rsm\u00f8te 2025 - Bod\u00f8","isPartOf":{"@id":"https:\/\/mentalhelse.no\/bodo\/#website"},"datePublished":"2025-04-23T07:43:08+00:00","dateModified":"2025-04-23T07:43:08+00:00","breadcrumb":{"@id":"https:\/\/mentalhelse.no\/bodo\/aktuelt\/arsmote-2025\/#breadcrumb"},"inLanguage":"nb-NO","potentialAction":[{"@type":"ReadAction","target":["https:\/\/mentalhelse.no\/bodo\/aktuelt\/arsmote-2025\/"]}]},{"@type":"BreadcrumbList","@id":"https:\/\/mentalhelse.no\/bodo\/aktuelt\/arsmote-2025\/#breadcrumb","itemListElement":[{"@type":"ListItem","position":1,"name":"Hjem","item":"https:\/\/mentalhelse.no\/bodo\/"},{"@type":"ListItem","position":2,"name":"Nyheter","item":"https:\/\/mentalhelse.no\/bodo\/aktuelt\/"},{"@type":"ListItem","position":3,"name":"\u00c5rsm\u00f8te 2025"}]},{"@type":"WebSite","@id":"https:\/\/mentalhelse.no\/bodo\/#website","url":"https:\/\/mentalhelse.no\/bodo\/","name":"Bod\u00f8","description":"","potentialAction":[{"@type":"SearchAction","target":{"@type":"EntryPoint","urlTemplate":"https:\/\/mentalhelse.no\/bodo\/?s={search_term_string}"},"query-input":"required name=search_term_string"}],"inLanguage":"nb-NO"}]}},"_links":{"self":[{"href":"https:\/\/mentalhelse.no\/bodo\/wp-json\/wp\/v2\/news\/1040","targetHints":{"allow":["GET"]}}],"collection":[{"href":"https:\/\/mentalhelse.no\/bodo\/wp-json\/wp\/v2\/news"}],"about":[{"href":"https:\/\/mentalhelse.no\/bodo\/wp-json\/wp\/v2\/types\/news"}],"author":[{"embeddable":true,"href":"https:\/\/mentalhelse.no\/bodo\/wp-json\/wp\/v2\/users\/7"}],"wp:featuredmedia":[{"embeddable":true,"href":"https:\/\/mentalhelse.no\/bodo\/wp-json\/wp\/v2\/media\/1041"}],"wp:attachment":[{"href":"https:\/\/mentalhelse.no\/bodo\/wp-json\/wp\/v2\/media?parent=1040"}],"wp:term":[{"taxonomy":"news_category","embeddable":true,"href":"https:\/\/mentalhelse.no\/bodo\/wp-json\/wp\/v2\/news_category?post=1040"}],"curies":[{"name":"wp","href":"https:\/\/api.w.org\/{rel}","templated":true}]}}