{"id":1030,"date":"2024-01-07T19:51:22","date_gmt":"2024-01-07T19:51:22","guid":{"rendered":"https:\/\/mentalhelse.no\/bronnoy\/?post_type=news&#038;p=1030"},"modified":"2024-01-07T19:51:22","modified_gmt":"2024-01-07T19:51:22","slug":"walk-and-talk-med-friluftsgruppa","status":"publish","type":"news","link":"https:\/\/mentalhelse.no\/bronnoy\/aktuelt\/walk-and-talk-med-friluftsgruppa\/","title":{"rendered":"&laquo;Walk and talk&raquo; med friluftsgruppa"},"content":{"rendered":"<h1 class=\"wp-block-post-title\">&laquo;Walk and talk&raquo; med friluftsgruppa<\/h1>\n\n<figure class=\"aligncenter wp-block-post-featured-image\"><img loading=\"lazy\" decoding=\"async\" width=\"526\" height=\"701\" src=\"https:\/\/mentalhelse.no\/content\/uploads\/sites\/233\/2024\/01\/walk-and-talk.jpg\" class=\"attachment-post-thumbnail size-post-thumbnail wp-post-image\" alt=\"\" style=\"object-fit:cover; --focal-point: 50% 50%;\" srcset=\"https:\/\/mentalhelse.no\/content\/uploads\/sites\/233\/2024\/01\/walk-and-talk.jpg 526w, https:\/\/mentalhelse.no\/content\/uploads\/sites\/233\/2024\/01\/walk-and-talk-225x300.jpg 225w\" sizes=\"auto, (max-width: 526px) 100vw, 526px\" \/><\/figure>\n\n<div class=\"is-img-top mh-byline wp-block-mh-byline\">\n                  <div class=\"mh-byline__inner\">\n                  \t\n                  \t<div class=\"mh-byline__meta\">\n                  \t\t<div class=\"mh-byline__post\">\n                  \t\t\t<div class=\"entry-date\">07.01.2024<\/div>\n                  \t\t<\/div>\n                  \t\t<div class=\"mh-byline__author\">\n                  \t\t\t <span class=\"mh-byline__author-link\">thea<\/span>\n\t\t\t\t\t\t<\/div>\n\t\t\t\t\t<\/div>\n\t\t\t\t<\/div>\n\t\t<\/div>\n\n\n<p>Trimgruppa trosset kulde og vind, og m\u00f8tte opp p\u00e5 &laquo;Walk and talk&raquo; tirsdag 2. januar. <\/p>\n\n\n\n<p>Hver tirsdag kl. 11 arrangerer Mental helse Br\u00f8nn\u00f8ysund trivelige turer i frisk luft, hvor man kan sl\u00e5 av en prat eller bare f\u00e5 seg en luftetur. <\/p>\n\n\n\n<p>Alle er velkomne!<\/p>\n\n\n\n<p> <\/p>\n\n\n\n\t\t<div class=\"mh-related-posts alignfull alignfull wp-block-mentalhelse-related-posts gray-mode\">\n\t\t\t<div class=\"mh-related-posts__inner\">\n\t\t\t\t\n\n<h3 class=\"wp-block-heading\" id=\"h-also-read\">Also read<\/h3>\n\n\n<div class=\"t2-featured-content-layout alignwide alignwide wp-block-t2-featured-content-layout\">\n<div class=\"t2-featured-query-post t2-featured-content is-post-type-news wp-block-t2-featured-query-post t2-featured-content-layout-col-4\"><a class=\"t2-post-link wp-block-t2-post-link\" href=\"https:\/\/mentalhelse.no\/bronnoy\/aktuelt\/fantastisk-rundtur-med-buss\/\">\n\t<figure style=\"--t2-focal-point: 50% 50%;\" class=\"t2-post-featured-image has-image-ratio-16-9 wp-block-t2-post-featured-image\"><img loading=\"lazy\" decoding=\"async\" width=\"2000\" height=\"1126\" src=\"https:\/\/mentalhelse.no\/content\/uploads\/sites\/233\/2024\/06\/Strand.jpg\" class=\"attachment-post-thumbnail size-post-thumbnail wp-post-image\" alt=\"\" srcset=\"https:\/\/mentalhelse.no\/content\/uploads\/sites\/233\/2024\/06\/Strand.jpg 2000w, https:\/\/mentalhelse.no\/content\/uploads\/sites\/233\/2024\/06\/Strand-300x169.jpg 300w, https:\/\/mentalhelse.no\/content\/uploads\/sites\/233\/2024\/06\/Strand-1024x577.jpg 1024w, https:\/\/mentalhelse.no\/content\/uploads\/sites\/233\/2024\/06\/Strand-768x432.jpg 768w, https:\/\/mentalhelse.no\/content\/uploads\/sites\/233\/2024\/06\/Strand-1536x865.jpg 1536w\" sizes=\"auto, (max-width: 2000px) 100vw, 2000px\" style=\"--focal-point: 50% 50%;\" \/><\/figure>\n<\/a>\n\n<div class=\"wp-block-group postinfo alignfull is-layout-flow wp-block-group-is-layout-flow\">\n\t<div class=\"wp-block-mentalhelse-post-category\">\n\t\t\t\t\t<div class=\"post-type\">\n\t\t\t\t\t\t<a href=\"https:\/\/mentalhelse.no\/bronnoy\/aktuelt\/\">Nyheter<\/a>\n\t\t\t\t\t<\/div>\n\t\t\t\t\t\n\t\t\t\t\t<div class=\"post-category\">\n\t\t\t\t\t\t\n\t\t\t\t\t<\/div>\n\t\t\t<\/div>\n\t<a class=\"t2-post-link wp-block-t2-post-link\" href=\"https:\/\/mentalhelse.no\/bronnoy\/aktuelt\/fantastisk-rundtur-med-buss\/\">\n\t<h2 class=\"t2-post-title wp-block-t2-post-title\">Fantastisk rundtur med buss<\/h2>\n\t<\/a>\n<\/div>\n\n<\/div>\n\n\n\n\n<\/div>\n\n\t\t\t<\/div>\n\t\t<\/div>","protected":false},"excerpt":{"rendered":"<p>Trimgruppa trosset kulde og vind, og m\u00f8tte opp p\u00e5 &laquo;Walk and talk&raquo; tirsdag 2. januar. Hver tirsdag kl. 11 arrangerer Mental helse Br\u00f8nn\u00f8ysund trivelige turer&#8230;<\/p>\n","protected":false},"author":115,"featured_media":1031,"parent":0,"template":"","meta":{"t2_featured_media_focal_point":{"x":0.5,"y":0.5},"mh_hide_title":true},"news_category":[],"class_list":["post-1030","news","type-news","status-publish","has-post-thumbnail","hentry"],"yoast_head":"<!-- This site is optimized with the Yoast SEO Premium plugin v21.2 (Yoast SEO v21.2) - https:\/\/yoast.com\/wordpress\/plugins\/seo\/ -->\n<title>&quot;Walk and talk&quot; med friluftsgruppa - Mental Helse - Br\u00f8nn\u00f8y<\/title>\n<meta name=\"robots\" content=\"index, follow, max-snippet:-1, max-image-preview:large, max-video-preview:-1\" \/>\n<link rel=\"canonical\" href=\"https:\/\/mentalhelse.no\/bronnoy\/aktuelt\/walk-and-talk-med-friluftsgruppa\/\" \/>\n<meta property=\"og:locale\" content=\"nb_NO\" \/>\n<meta property=\"og:type\" content=\"article\" \/>\n<meta property=\"og:title\" content=\"&quot;Walk and talk&quot; med friluftsgruppa\" \/>\n<meta property=\"og:description\" content=\"Trimgruppa trosset kulde og vind, og m\u00f8tte opp p\u00e5 &laquo;Walk and talk&raquo; tirsdag 2. januar. Hver tirsdag kl. 11 arrangerer Mental helse Br\u00f8nn\u00f8ysund trivelige turer...\" \/>\n<meta property=\"og:url\" content=\"https:\/\/mentalhelse.no\/bronnoy\/aktuelt\/walk-and-talk-med-friluftsgruppa\/\" \/>\n<meta property=\"og:site_name\" content=\"Br\u00f8nn\u00f8y\" \/>\n<meta property=\"og:image\" content=\"https:\/\/mentalhelse.no\/content\/uploads\/sites\/233\/2024\/01\/walk-and-talk.jpg\" \/>\n\t<meta property=\"og:image:width\" content=\"526\" \/>\n\t<meta property=\"og:image:height\" content=\"701\" \/>\n\t<meta property=\"og:image:type\" content=\"image\/jpeg\" \/>\n<meta name=\"twitter:card\" content=\"summary_large_image\" \/>\n<meta name=\"twitter:label1\" content=\"Ansl. lesetid\" \/>\n\t<meta name=\"twitter:data1\" content=\"1 minutt\" \/>\n<script type=\"application\/ld+json\" class=\"yoast-schema-graph\">{\"@context\":\"https:\/\/schema.org\",\"@graph\":[{\"@type\":\"WebPage\",\"@id\":\"https:\/\/mentalhelse.no\/bronnoy\/aktuelt\/walk-and-talk-med-friluftsgruppa\/\",\"url\":\"https:\/\/mentalhelse.no\/bronnoy\/aktuelt\/walk-and-talk-med-friluftsgruppa\/\",\"name\":\"\\\"Walk and talk\\\" med friluftsgruppa - Br\u00f8nn\u00f8y\",\"isPartOf\":{\"@id\":\"https:\/\/mentalhelse.no\/bronnoy\/#website\"},\"datePublished\":\"2024-01-07T19:51:22+00:00\",\"dateModified\":\"2024-01-07T19:51:22+00:00\",\"breadcrumb\":{\"@id\":\"https:\/\/mentalhelse.no\/bronnoy\/aktuelt\/walk-and-talk-med-friluftsgruppa\/#breadcrumb\"},\"inLanguage\":\"nb-NO\",\"potentialAction\":[{\"@type\":\"ReadAction\",\"target\":[\"https:\/\/mentalhelse.no\/bronnoy\/aktuelt\/walk-and-talk-med-friluftsgruppa\/\"]}]},{\"@type\":\"BreadcrumbList\",\"@id\":\"https:\/\/mentalhelse.no\/bronnoy\/aktuelt\/walk-and-talk-med-friluftsgruppa\/#breadcrumb\",\"itemListElement\":[{\"@type\":\"ListItem\",\"position\":1,\"name\":\"Hjem\",\"item\":\"https:\/\/mentalhelse.no\/bronnoy\/\"},{\"@type\":\"ListItem\",\"position\":2,\"name\":\"Nyheter\",\"item\":\"https:\/\/mentalhelse.no\/bronnoy\/aktuelt\/\"},{\"@type\":\"ListItem\",\"position\":3,\"name\":\"&laquo;Walk and talk&raquo; med friluftsgruppa\"}]},{\"@type\":\"WebSite\",\"@id\":\"https:\/\/mentalhelse.no\/bronnoy\/#website\",\"url\":\"https:\/\/mentalhelse.no\/bronnoy\/\",\"name\":\"Br\u00f8nn\u00f8y\",\"description\":\"\",\"potentialAction\":[{\"@type\":\"SearchAction\",\"target\":{\"@type\":\"EntryPoint\",\"urlTemplate\":\"https:\/\/mentalhelse.no\/bronnoy\/?s={search_term_string}\"},\"query-input\":\"required name=search_term_string\"}],\"inLanguage\":\"nb-NO\"}]}<\/script>\n<!-- \/ Yoast SEO Premium plugin. -->","yoast_head_json":{"title":"\"Walk and talk\" med friluftsgruppa - Mental Helse - Br\u00f8nn\u00f8y","robots":{"index":"index","follow":"follow","max-snippet":"max-snippet:-1","max-image-preview":"max-image-preview:large","max-video-preview":"max-video-preview:-1"},"canonical":"https:\/\/mentalhelse.no\/bronnoy\/aktuelt\/walk-and-talk-med-friluftsgruppa\/","og_locale":"nb_NO","og_type":"article","og_title":"\"Walk and talk\" med friluftsgruppa","og_description":"Trimgruppa trosset kulde og vind, og m\u00f8tte opp p\u00e5 &laquo;Walk and talk&raquo; tirsdag 2. januar. Hver tirsdag kl. 11 arrangerer Mental helse Br\u00f8nn\u00f8ysund trivelige turer...","og_url":"https:\/\/mentalhelse.no\/bronnoy\/aktuelt\/walk-and-talk-med-friluftsgruppa\/","og_site_name":"Br\u00f8nn\u00f8y","og_image":[{"width":526,"height":701,"url":"https:\/\/mentalhelse.no\/content\/uploads\/sites\/233\/2024\/01\/walk-and-talk.jpg","type":"image\/jpeg"}],"twitter_card":"summary_large_image","twitter_misc":{"Ansl. lesetid":"1 minutt"},"schema":{"@context":"https:\/\/schema.org","@graph":[{"@type":"WebPage","@id":"https:\/\/mentalhelse.no\/bronnoy\/aktuelt\/walk-and-talk-med-friluftsgruppa\/","url":"https:\/\/mentalhelse.no\/bronnoy\/aktuelt\/walk-and-talk-med-friluftsgruppa\/","name":"\"Walk and talk\" med friluftsgruppa - Br\u00f8nn\u00f8y","isPartOf":{"@id":"https:\/\/mentalhelse.no\/bronnoy\/#website"},"datePublished":"2024-01-07T19:51:22+00:00","dateModified":"2024-01-07T19:51:22+00:00","breadcrumb":{"@id":"https:\/\/mentalhelse.no\/bronnoy\/aktuelt\/walk-and-talk-med-friluftsgruppa\/#breadcrumb"},"inLanguage":"nb-NO","potentialAction":[{"@type":"ReadAction","target":["https:\/\/mentalhelse.no\/bronnoy\/aktuelt\/walk-and-talk-med-friluftsgruppa\/"]}]},{"@type":"BreadcrumbList","@id":"https:\/\/mentalhelse.no\/bronnoy\/aktuelt\/walk-and-talk-med-friluftsgruppa\/#breadcrumb","itemListElement":[{"@type":"ListItem","position":1,"name":"Hjem","item":"https:\/\/mentalhelse.no\/bronnoy\/"},{"@type":"ListItem","position":2,"name":"Nyheter","item":"https:\/\/mentalhelse.no\/bronnoy\/aktuelt\/"},{"@type":"ListItem","position":3,"name":"&laquo;Walk and talk&raquo; med friluftsgruppa"}]},{"@type":"WebSite","@id":"https:\/\/mentalhelse.no\/bronnoy\/#website","url":"https:\/\/mentalhelse.no\/bronnoy\/","name":"Br\u00f8nn\u00f8y","description":"","potentialAction":[{"@type":"SearchAction","target":{"@type":"EntryPoint","urlTemplate":"https:\/\/mentalhelse.no\/bronnoy\/?s={search_term_string}"},"query-input":"required name=search_term_string"}],"inLanguage":"nb-NO"}]}},"_links":{"self":[{"href":"https:\/\/mentalhelse.no\/bronnoy\/wp-json\/wp\/v2\/news\/1030","targetHints":{"allow":["GET"]}}],"collection":[{"href":"https:\/\/mentalhelse.no\/bronnoy\/wp-json\/wp\/v2\/news"}],"about":[{"href":"https:\/\/mentalhelse.no\/bronnoy\/wp-json\/wp\/v2\/types\/news"}],"author":[{"embeddable":true,"href":"https:\/\/mentalhelse.no\/bronnoy\/wp-json\/wp\/v2\/users\/115"}],"wp:featuredmedia":[{"embeddable":true,"href":"https:\/\/mentalhelse.no\/bronnoy\/wp-json\/wp\/v2\/media\/1031"}],"wp:attachment":[{"href":"https:\/\/mentalhelse.no\/bronnoy\/wp-json\/wp\/v2\/media?parent=1030"}],"wp:term":[{"taxonomy":"news_category","embeddable":true,"href":"https:\/\/mentalhelse.no\/bronnoy\/wp-json\/wp\/v2\/news_category?post=1030"}],"curies":[{"name":"wp","href":"https:\/\/api.w.org\/{rel}","templated":true}]}}