{"id":1106,"date":"2024-02-21T09:21:45","date_gmt":"2024-02-21T09:21:45","guid":{"rendered":"https:\/\/mentalhelse.no\/drammen\/?post_type=news&#038;p=1106"},"modified":"2024-02-21T09:21:45","modified_gmt":"2024-02-21T09:21:45","slug":"arsmote-i-mental-helse-buskerud-06-04-24-kl-11-00-pa-tyrifjord-hotell","status":"publish","type":"news","link":"https:\/\/mentalhelse.no\/drammen\/aktuelt\/arsmote-i-mental-helse-buskerud-06-04-24-kl-11-00-pa-tyrifjord-hotell\/","title":{"rendered":"\u00c5rsm\u00f8te i Mental Helse Buskerud 06.04.24 kl 11.00 p\u00e5 Tyrifjord hotell"},"content":{"rendered":"<figure class=\"alignwide wp-block-post-featured-image\"><img decoding=\"async\" src=\"data:image\/jpeg;base64, \/9j\/4AAQSkZJRgABAQEAYABgAAD\/\/gA+Q1JFQVRPUjogZ2QtanBlZyB2MS4wICh1c2luZyBJSkcgSlBFRyB2ODApLCBkZWZhdWx0IHF1YWxpdHkK\/9sAQwAIBgYHBgUIBwcHCQkICgwUDQwLCwwZEhMPFB0aHx4dGhwcICQuJyAiLCMcHCg3KSwwMTQ0NB8nOT04MjwuMzQy\/9sAQwEJCQkMCwwYDQ0YMiEcITIyMjIyMjIyMjIyMjIyMjIyMjIyMjIyMjIyMjIyMjIyMjIyMjIyMjIyMjIyMjIyMjIy\/8AAEQgBLAEsAwEiAAIRAQMRAf\/EAB8AAAEFAQEBAQEBAAAAAAAAAAABAgMEBQYHCAkKC\/\/EALUQAAIBAwMCBAMFBQQEAAABfQECAwAEEQUSITFBBhNRYQcicRQygZGhCCNCscEVUtHwJDNicoIJChYXGBkaJSYnKCkqNDU2Nzg5OkNERUZHSElKU1RVVldYWVpjZGVmZ2hpanN0dXZ3eHl6g4SFhoeIiYqSk5SVlpeYmZqio6Slpqeoqaqys7S1tre4ubrCw8TFxsfIycrS09TV1tfY2drh4uPk5ebn6Onq8fLz9PX29\/j5+v\/EAB8BAAMBAQEBAQEBAQEAAAAAAAABAgMEBQYHCAkKC\/\/EALURAAIBAgQEAwQHBQQEAAECdwABAgMRBAUhMQYSQVEHYXETIjKBCBRCkaGxwQkjM1LwFWJy0QoWJDThJfEXGBkaJicoKSo1Njc4OTpDREVGR0hJSlNUVVZXWFlaY2RlZmdoaWpzdHV2d3h5eoKDhIWGh4iJipKTlJWWl5iZmqKjpKWmp6ipqrKztLW2t7i5usLDxMXGx8jJytLT1NXW19jZ2uLj5OXm5+jp6vLz9PX29\/j5+v\/aAAwDAQACEQMRAD8A9goooqRhRRRQAUUUUAFFFFABRRRQAUUUUAFFFFABRRRQAUUUUAFFFFABRRRQAUUUUAFFFFABRRRQAUUUUAFFFFABRRRQAUUUUAFFFFABRRRQAUUUUAFFFFABRRRQAUUUUAFFFFABRRRQAUUUUAFFFFABRRRQAUUUUAFFFFABRRRQAUUUUAFFFFABRRRQAUUUUAFFFFABRRRQAUUUUAFFFFABRRRQAUUUUAFFFFABRRRQAUUUUAFFFFABRRRQAUUUUAFFFFABRRRQAUUUUAFFFFABRRRQAUUUUAFFFFABRRRQAUUUUAFFFFABRRRQAUUUUAFFFFABRRRQAUUUUAFFFFABRRRQAUUUUAFFFFABRRRQAUUUUAFFFFABRRRQAUUUUAFFFFABRRRQAUUUUAFFFFABRRRQAUUUUAFFFFABRRRQAUUUUAFFFFABRRRQAUUUUAFFFFABRRRQAUUUUAFFFFABRRRQAUUUUAFFFFABRRRQAUUUUAFFFFABRRRQAUUUUAFFFFABRRRQAUUUUAFFFFABRRRQAUUUUAFFFFABRRRQAUUUUAFFFFABRRRQAUUUUAFFFFABRRRQAUUUUAFFFFABRRRQAUUUUAFFFFABRRRQAUUUUAFFFFABRRRQAUUUUAFFFFABRRRQAUUUUAFFFFABRRRQAUUUUAFFFFABRRRQAUUUUAFFFFABRRRQAUUUUAFFFFABRRRQAUUUUAFFFFABRRRQAUUUUAFFFFABRRRQAUUUUAFFFFABRRRQAUUUUAFFFFABRRRQAUUUUAFFFFABRRRQAUUUUAFFFFABRRRQAUUUUAFFFFABRRRQAUUUUAFFFFABRRRQAUUUUAFFFFABRRRQAUUUUAFFFFABRRRQAUUUUAFFFFABRRRQAUUUUAFFFFABRRRQAUUUUAFFFFABRRRQAUUUUAFFFFABRRRQAUUUUAFFFFABRRRQAUUUUAFFFFABRRRQAUUUUAFFFFABRRRQAUUUUAFFFFABRRRQAUUUUAFFFFABRRRQAUUUUAFFFFABRRRQAUUUUAFFFFABRRRQAUUUUAFFFFABRRRQAUUUUAFFFFABRRRQAUUUUAFFFFABRRRQAUUUUAFFFFABRRRQAUUUUAFFFFABRRRQAUUUUAFFFFABRRRQAUUUUAFFFFABRRRQAUUUUAFFFFABRRRQAUUUUAFFFFABRRRQAUUUUAFFFFABRRRQAUUUUAFFFFABRRRQAUUUUAFFFFABRRRQAUUUUAFFFFABRRRQAUUUUAFFFFABRRRQAUUUUAFFFFABRRRQAUUUUAFFFFABRRRQAUUUUAFFFFABRRRQAUUUUAFFFFABRRRQAUUUUAFFFFABRRRQAUUUUAFFFFABRRRQAUUUUAFFFFABRRRQAUUUUAFFFFABRRRQAUUUUAFFFFABRRRQAUUUUAFFFFABRRRQAUUUUAFFFFABRRRQAUUUUAFFFFABRRRQAUUUUAFFFFABRRRQAUUUUAFFFFABRRRQAUUUUAFFFFABRRRQAUUUUAFFFFABRRRQAUUUUAFFFFABRRRQAUUUUAFFFFABRRRQAUUUUAFFFFABRRRQAUUUUAFFFFABRRRQAUUUUAFFFFABRRRQAUUUUAFFFFABRRRQAUUUUAFFFFABRRRQAUUUUAFFFFABRRRQAUUUUAFFFFABRRRQAUUUUAFFFFABRRRQAUUUUAFFFFABRRRQAUUUUAFFFFABRRRQAUUUUAFFFFABRRRQAUUUUAFFFFABRRRQAUUUUAFFFFABRRRQAUUUUAFFFFABRRRQAUUUUAFFFFABRRRQAUUUUAFFFFABRRRQAUUUUAFFFFABRRRQAUUUUAFFFFABRRRQAUUUUAFFFFABRRRQAUUUUAFFFFABRRRQAUUUUAFFFFABRRRQAUUUUAFFFFABRRRQAUUUUAFFFFAH\/9k=\" alt=\"\u00c5rsm\u00f8te i Mental Helse Buskerud 06.04.24 kl 11.00 p\u00e5 Tyrifjord hotell\"\/><\/figure>\n\n<h1 class=\"wp-block-post-title\">\u00c5rsm\u00f8te i Mental Helse Buskerud 06.04.24 kl 11.00 p\u00e5 Tyrifjord hotell<\/h1>\n\n<div class=\"is-img-top mh-byline wp-block-mh-byline\">\n                  <div class=\"mh-byline__inner\">\n                  \t\n                  \t<div class=\"mh-byline__meta\">\n                  \t\t<div class=\"mh-byline__post\">\n                  \t\t\t<div class=\"entry-date\">21.02.2024<\/div>\n                  \t\t<\/div>\n                  \t\t<div class=\"mh-byline__author\">\n                  \t\t\t <span class=\"mh-byline__author-link\">lagdrammen<\/span>\n\t\t\t\t\t\t<\/div>\n\t\t\t\t\t<\/div>\n\t\t\t\t<\/div>\n\t\t<\/div>\n\n\n<p>Det f\u00f8rste ordin\u00e6re \u00e5rsm\u00f8tet i det gjenoppst\u00e5tte fylkeslaget i Buskerud avholdes p\u00e5 Tyrifjord hotell 6. april 2024 kl 11.00.<\/p>\n\n\n\n<p>De som har registrert epost i medlemsregisteret skal ha f\u00e5tt innkallelsen som epost, men det er opplyst at enkelte har f\u00e5tt eposten i s\u00f8ppelmappen sin sammen med all annen s\u00f8ppelpost.<\/p>\n\n\n\n<p>P\u00e5 stiftelses\u00e5rsm\u00f8tet i oktober 2023 ble det bestemt at det ikke skal v\u00e6re delegatordning, slik at alle medlemmene i Buskerud har rett til \u00e5 m\u00f8te.<\/p>\n\n\n\n<p>V\u00e6r oppmerksom p\u00e5 p\u00e5meldingsfristen!<\/p>\n\n\n\n<p>Du kan finne innkallelsen i lenken nedenfor:<\/p>\n\n\n\n<figure class=\"wp-block-embed is-type-wp-embed is-provider-buskerud wp-block-embed-buskerud\"><div class=\"wp-block-embed__wrapper\">\n<blockquote class=\"wp-embedded-content\" data-secret=\"AWDnrPbe46\"><a href=\"https:\/\/mentalhelse.no\/buskerud\/event\/arsmote\/\">\u00c5rsm\u00f8te<\/a><\/blockquote><iframe loading=\"lazy\" class=\"wp-embedded-content\" sandbox=\"allow-scripts\" security=\"restricted\" style=\"position: absolute; visibility: hidden;\" title=\"&laquo;\u00c5rsm\u00f8te&raquo; &#8212; Buskerud\" src=\"https:\/\/mentalhelse.no\/buskerud\/event\/arsmote\/embed\/#?secret=tr7kxuf2yf#?secret=AWDnrPbe46\" data-secret=\"AWDnrPbe46\" width=\"500\" height=\"282\" frameborder=\"0\" marginwidth=\"0\" marginheight=\"0\" scrolling=\"no\"><\/iframe>\n<\/div><\/figure>\n\n\n\n<div class=\"wp-block-buttons is-layout-flex wp-block-buttons-is-layout-flex\"><\/div>\n\n\n\n\t\t<div class=\"mh-related-posts alignfull alignfull wp-block-mentalhelse-related-posts gray-mode\">\n\t\t\t<div class=\"mh-related-posts__inner\">\n\t\t\t\t\n\n<h3 class=\"wp-block-heading\" id=\"h-also-read\">Also read<\/h3>\n\n\n<div class=\"t2-featured-content-layout alignwide alignwide wp-block-t2-featured-content-layout\">\n<div class=\"t2-featured-query-post t2-featured-content is-post-type-news wp-block-t2-featured-query-post t2-featured-content-layout-col-4\"><a class=\"t2-post-link wp-block-t2-post-link\" href=\"https:\/\/mentalhelse.no\/drammen\/aktuelt\/sakspapirer-arsmotet-2026\/\">\n\t<figure style=\"--t2-focal-point: 50% 50%;\" class=\"t2-post-featured-image has-image-ratio-16-9 wp-block-t2-post-featured-image\"><img loading=\"lazy\" decoding=\"async\" width=\"2560\" height=\"1707\" src=\"https:\/\/mentalhelse.no\/content\/uploads\/sites\/184\/2023\/09\/helselov-rettigheter-stockphoto-scaled.jpg\" class=\"attachment-post-thumbnail size-post-thumbnail wp-post-image\" alt=\"\" srcset=\"https:\/\/mentalhelse.no\/content\/uploads\/sites\/184\/2023\/09\/helselov-rettigheter-stockphoto-scaled.jpg 2560w, https:\/\/mentalhelse.no\/content\/uploads\/sites\/184\/2023\/09\/helselov-rettigheter-stockphoto-300x200.jpg 300w, https:\/\/mentalhelse.no\/content\/uploads\/sites\/184\/2023\/09\/helselov-rettigheter-stockphoto-1024x683.jpg 1024w, https:\/\/mentalhelse.no\/content\/uploads\/sites\/184\/2023\/09\/helselov-rettigheter-stockphoto-768x512.jpg 768w, https:\/\/mentalhelse.no\/content\/uploads\/sites\/184\/2023\/09\/helselov-rettigheter-stockphoto-1536x1024.jpg 1536w, https:\/\/mentalhelse.no\/content\/uploads\/sites\/184\/2023\/09\/helselov-rettigheter-stockphoto-2048x1365.jpg 2048w\" sizes=\"auto, (max-width: 2560px) 100vw, 2560px\" style=\"--focal-point: 50% 50%;\" \/><\/figure>\n<\/a>\n\n<div class=\"wp-block-group postinfo alignfull is-layout-flow wp-block-group-is-layout-flow\">\n\t<div class=\"wp-block-mentalhelse-post-category\">\n\t\t\t\t\t<div class=\"post-type\">\n\t\t\t\t\t\t<a href=\"https:\/\/mentalhelse.no\/drammen\/aktuelt\/\">Nyheter<\/a>\n\t\t\t\t\t<\/div>\n\t\t\t\t\t\n\t\t\t\t\t<div class=\"post-category\">\n\t\t\t\t\t\t\n\t\t\t\t\t<\/div>\n\t\t\t<\/div>\n\t<a class=\"t2-post-link wp-block-t2-post-link\" href=\"https:\/\/mentalhelse.no\/drammen\/aktuelt\/sakspapirer-arsmotet-2026\/\">\n\t<h2 class=\"t2-post-title wp-block-t2-post-title\">Sakspapirer \u00e5rsm\u00f8tet 2026<\/h2>\n\t<\/a>\n<\/div>\n\n<\/div>\n\n<div class=\"t2-featured-query-post t2-featured-content is-post-type-news wp-block-t2-featured-query-post t2-featured-content-layout-col-4\"><a class=\"t2-post-link wp-block-t2-post-link\" href=\"https:\/\/mentalhelse.no\/drammen\/aktuelt\/sjakk-spill-pa-dagsenteret-mandager-kl13-00-15-00\/\">\n\t<figure style=\"--t2-focal-point: 50% 50%;\" class=\"t2-post-featured-image has-image-ratio-16-9 wp-block-t2-post-featured-image\"><img loading=\"lazy\" decoding=\"async\" width=\"1861\" height=\"2560\" src=\"https:\/\/mentalhelse.no\/content\/uploads\/sites\/184\/2026\/02\/bilde-scaled.jpg\" class=\"attachment-post-thumbnail size-post-thumbnail wp-post-image\" alt=\"\" srcset=\"https:\/\/mentalhelse.no\/content\/uploads\/sites\/184\/2026\/02\/bilde-scaled.jpg 1861w, https:\/\/mentalhelse.no\/content\/uploads\/sites\/184\/2026\/02\/bilde-218x300.jpg 218w, https:\/\/mentalhelse.no\/content\/uploads\/sites\/184\/2026\/02\/bilde-744x1024.jpg 744w, https:\/\/mentalhelse.no\/content\/uploads\/sites\/184\/2026\/02\/bilde-768x1057.jpg 768w, https:\/\/mentalhelse.no\/content\/uploads\/sites\/184\/2026\/02\/bilde-1117x1536.jpg 1117w, https:\/\/mentalhelse.no\/content\/uploads\/sites\/184\/2026\/02\/bilde-1489x2048.jpg 1489w\" sizes=\"auto, (max-width: 1861px) 100vw, 1861px\" style=\"--focal-point: 50% 50%;\" \/><\/figure>\n<\/a>\n\n<div class=\"wp-block-group postinfo alignfull is-layout-flow wp-block-group-is-layout-flow\">\n\t<div class=\"wp-block-mentalhelse-post-category\">\n\t\t\t\t\t<div class=\"post-type\">\n\t\t\t\t\t\t<a href=\"https:\/\/mentalhelse.no\/drammen\/aktuelt\/\">Nyheter<\/a>\n\t\t\t\t\t<\/div>\n\t\t\t\t\t\n\t\t\t\t\t<div class=\"post-category\">\n\t\t\t\t\t\t\n\t\t\t\t\t<\/div>\n\t\t\t<\/div>\n\t<a class=\"t2-post-link wp-block-t2-post-link\" href=\"https:\/\/mentalhelse.no\/drammen\/aktuelt\/sjakk-spill-pa-dagsenteret-mandager-kl13-00-15-00\/\">\n\t<h2 class=\"t2-post-title wp-block-t2-post-title\">Sjakk spill p\u00e5 Dagsenteret mandager kl13.00 &#8211; 15.00<\/h2>\n\t<\/a>\n<\/div>\n\n<\/div>\n\n<div class=\"t2-featured-query-post t2-featured-content is-post-type-news wp-block-t2-featured-query-post t2-featured-content-layout-col-4\"><a class=\"t2-post-link wp-block-t2-post-link\" href=\"https:\/\/mentalhelse.no\/drammen\/aktuelt\/ordinaert-arsmote-2026-er-na-berammet-til-26-02-26-kl-18-00\/\">\n\t<figure style=\"--t2-focal-point: 50% 50%;\" class=\"t2-post-featured-image has-image-ratio-16-9 wp-block-t2-post-featured-image\"><img loading=\"lazy\" decoding=\"async\" width=\"2560\" height=\"1707\" src=\"https:\/\/mentalhelse.no\/content\/uploads\/sites\/184\/2023\/09\/helselov-rettigheter-stockphoto-scaled.jpg\" class=\"attachment-post-thumbnail size-post-thumbnail wp-post-image\" alt=\"\" srcset=\"https:\/\/mentalhelse.no\/content\/uploads\/sites\/184\/2023\/09\/helselov-rettigheter-stockphoto-scaled.jpg 2560w, https:\/\/mentalhelse.no\/content\/uploads\/sites\/184\/2023\/09\/helselov-rettigheter-stockphoto-300x200.jpg 300w, https:\/\/mentalhelse.no\/content\/uploads\/sites\/184\/2023\/09\/helselov-rettigheter-stockphoto-1024x683.jpg 1024w, https:\/\/mentalhelse.no\/content\/uploads\/sites\/184\/2023\/09\/helselov-rettigheter-stockphoto-768x512.jpg 768w, https:\/\/mentalhelse.no\/content\/uploads\/sites\/184\/2023\/09\/helselov-rettigheter-stockphoto-1536x1024.jpg 1536w, https:\/\/mentalhelse.no\/content\/uploads\/sites\/184\/2023\/09\/helselov-rettigheter-stockphoto-2048x1365.jpg 2048w\" sizes=\"auto, (max-width: 2560px) 100vw, 2560px\" style=\"--focal-point: 50% 50%;\" \/><\/figure>\n<\/a>\n\n<div class=\"wp-block-group postinfo alignfull is-layout-flow wp-block-group-is-layout-flow\">\n\t<div class=\"wp-block-mentalhelse-post-category\">\n\t\t\t\t\t<div class=\"post-type\">\n\t\t\t\t\t\t<a href=\"https:\/\/mentalhelse.no\/drammen\/aktuelt\/\">Nyheter<\/a>\n\t\t\t\t\t<\/div>\n\t\t\t\t\t\n\t\t\t\t\t<div class=\"post-category\">\n\t\t\t\t\t\t\n\t\t\t\t\t<\/div>\n\t\t\t<\/div>\n\t<a class=\"t2-post-link wp-block-t2-post-link\" href=\"https:\/\/mentalhelse.no\/drammen\/aktuelt\/ordinaert-arsmote-2026-er-na-berammet-til-26-02-26-kl-18-00\/\">\n\t<h2 class=\"t2-post-title wp-block-t2-post-title\">Ordin\u00e6rt \u00e5rsm\u00f8te 2026 er n\u00e5 berammet til 26.02.26 kl 18.00<\/h2>\n\t<\/a>\n<\/div>\n\n<\/div>\n<\/div>\n\n\t\t\t<\/div>\n\t\t<\/div>","protected":false},"excerpt":{"rendered":"<p>Det f\u00f8rste ordin\u00e6re \u00e5rsm\u00f8tet i det gjenoppst\u00e5tte fylkeslaget i Buskerud avholdes p\u00e5 Tyrifjord hotell 6. april 2024 kl 11.00. De som har registrert epost i&#8230;<\/p>\n","protected":false},"author":59,"featured_media":0,"parent":0,"template":"","meta":{"t2_featured_media_focal_point":{"x":0.5,"y":0.5},"mh_hide_title":true},"news_category":[],"class_list":["post-1106","news","type-news","status-publish","hentry"],"yoast_head":"<!-- This site is optimized with the Yoast SEO Premium plugin v21.2 (Yoast SEO v21.2) - https:\/\/yoast.com\/wordpress\/plugins\/seo\/ -->\n<title>\u00c5rsm\u00f8te i Mental Helse Buskerud 06.04.24 kl 11.00 p\u00e5 Tyrifjord hotell - Mental Helse - Drammen<\/title>\n<meta name=\"robots\" content=\"index, follow, max-snippet:-1, max-image-preview:large, max-video-preview:-1\" \/>\n<link rel=\"canonical\" href=\"https:\/\/mentalhelse.no\/drammen\/aktuelt\/arsmote-i-mental-helse-buskerud-06-04-24-kl-11-00-pa-tyrifjord-hotell\/\" \/>\n<meta property=\"og:locale\" content=\"nb_NO\" \/>\n<meta property=\"og:type\" content=\"article\" \/>\n<meta property=\"og:title\" content=\"\u00c5rsm\u00f8te i Mental Helse Buskerud 06.04.24 kl 11.00 p\u00e5 Tyrifjord hotell\" \/>\n<meta property=\"og:description\" content=\"Det f\u00f8rste ordin\u00e6re \u00e5rsm\u00f8tet i det gjenoppst\u00e5tte fylkeslaget i Buskerud avholdes p\u00e5 Tyrifjord hotell 6. april 2024 kl 11.00. De som har registrert epost i...\" \/>\n<meta property=\"og:url\" content=\"https:\/\/mentalhelse.no\/drammen\/aktuelt\/arsmote-i-mental-helse-buskerud-06-04-24-kl-11-00-pa-tyrifjord-hotell\/\" \/>\n<meta property=\"og:site_name\" content=\"Drammen\" \/>\n<meta name=\"twitter:card\" content=\"summary_large_image\" \/>\n<meta name=\"twitter:label1\" content=\"Ansl. lesetid\" \/>\n\t<meta name=\"twitter:data1\" content=\"1 minutt\" \/>\n<script type=\"application\/ld+json\" class=\"yoast-schema-graph\">{\"@context\":\"https:\/\/schema.org\",\"@graph\":[{\"@type\":\"WebPage\",\"@id\":\"https:\/\/mentalhelse.no\/drammen\/aktuelt\/arsmote-i-mental-helse-buskerud-06-04-24-kl-11-00-pa-tyrifjord-hotell\/\",\"url\":\"https:\/\/mentalhelse.no\/drammen\/aktuelt\/arsmote-i-mental-helse-buskerud-06-04-24-kl-11-00-pa-tyrifjord-hotell\/\",\"name\":\"\u00c5rsm\u00f8te i Mental Helse Buskerud 06.04.24 kl 11.00 p\u00e5 Tyrifjord hotell - Drammen\",\"isPartOf\":{\"@id\":\"https:\/\/mentalhelse.no\/drammen\/#website\"},\"datePublished\":\"2024-02-21T09:21:45+00:00\",\"dateModified\":\"2024-02-21T09:21:45+00:00\",\"breadcrumb\":{\"@id\":\"https:\/\/mentalhelse.no\/drammen\/aktuelt\/arsmote-i-mental-helse-buskerud-06-04-24-kl-11-00-pa-tyrifjord-hotell\/#breadcrumb\"},\"inLanguage\":\"nb-NO\",\"potentialAction\":[{\"@type\":\"ReadAction\",\"target\":[\"https:\/\/mentalhelse.no\/drammen\/aktuelt\/arsmote-i-mental-helse-buskerud-06-04-24-kl-11-00-pa-tyrifjord-hotell\/\"]}]},{\"@type\":\"BreadcrumbList\",\"@id\":\"https:\/\/mentalhelse.no\/drammen\/aktuelt\/arsmote-i-mental-helse-buskerud-06-04-24-kl-11-00-pa-tyrifjord-hotell\/#breadcrumb\",\"itemListElement\":[{\"@type\":\"ListItem\",\"position\":1,\"name\":\"Hjem\",\"item\":\"https:\/\/mentalhelse.no\/drammen\/\"},{\"@type\":\"ListItem\",\"position\":2,\"name\":\"Nyheter\",\"item\":\"https:\/\/mentalhelse.no\/drammen\/aktuelt\/\"},{\"@type\":\"ListItem\",\"position\":3,\"name\":\"\u00c5rsm\u00f8te i Mental Helse Buskerud 06.04.24 kl 11.00 p\u00e5 Tyrifjord hotell\"}]},{\"@type\":\"WebSite\",\"@id\":\"https:\/\/mentalhelse.no\/drammen\/#website\",\"url\":\"https:\/\/mentalhelse.no\/drammen\/\",\"name\":\"Drammen\",\"description\":\"\",\"potentialAction\":[{\"@type\":\"SearchAction\",\"target\":{\"@type\":\"EntryPoint\",\"urlTemplate\":\"https:\/\/mentalhelse.no\/drammen\/?s={search_term_string}\"},\"query-input\":\"required name=search_term_string\"}],\"inLanguage\":\"nb-NO\"}]}<\/script>\n<!-- \/ Yoast SEO Premium plugin. -->","yoast_head_json":{"title":"\u00c5rsm\u00f8te i Mental Helse Buskerud 06.04.24 kl 11.00 p\u00e5 Tyrifjord hotell - Mental Helse - Drammen","robots":{"index":"index","follow":"follow","max-snippet":"max-snippet:-1","max-image-preview":"max-image-preview:large","max-video-preview":"max-video-preview:-1"},"canonical":"https:\/\/mentalhelse.no\/drammen\/aktuelt\/arsmote-i-mental-helse-buskerud-06-04-24-kl-11-00-pa-tyrifjord-hotell\/","og_locale":"nb_NO","og_type":"article","og_title":"\u00c5rsm\u00f8te i Mental Helse Buskerud 06.04.24 kl 11.00 p\u00e5 Tyrifjord hotell","og_description":"Det f\u00f8rste ordin\u00e6re \u00e5rsm\u00f8tet i det gjenoppst\u00e5tte fylkeslaget i Buskerud avholdes p\u00e5 Tyrifjord hotell 6. april 2024 kl 11.00. De som har registrert epost i...","og_url":"https:\/\/mentalhelse.no\/drammen\/aktuelt\/arsmote-i-mental-helse-buskerud-06-04-24-kl-11-00-pa-tyrifjord-hotell\/","og_site_name":"Drammen","twitter_card":"summary_large_image","twitter_misc":{"Ansl. lesetid":"1 minutt"},"schema":{"@context":"https:\/\/schema.org","@graph":[{"@type":"WebPage","@id":"https:\/\/mentalhelse.no\/drammen\/aktuelt\/arsmote-i-mental-helse-buskerud-06-04-24-kl-11-00-pa-tyrifjord-hotell\/","url":"https:\/\/mentalhelse.no\/drammen\/aktuelt\/arsmote-i-mental-helse-buskerud-06-04-24-kl-11-00-pa-tyrifjord-hotell\/","name":"\u00c5rsm\u00f8te i Mental Helse Buskerud 06.04.24 kl 11.00 p\u00e5 Tyrifjord hotell - Drammen","isPartOf":{"@id":"https:\/\/mentalhelse.no\/drammen\/#website"},"datePublished":"2024-02-21T09:21:45+00:00","dateModified":"2024-02-21T09:21:45+00:00","breadcrumb":{"@id":"https:\/\/mentalhelse.no\/drammen\/aktuelt\/arsmote-i-mental-helse-buskerud-06-04-24-kl-11-00-pa-tyrifjord-hotell\/#breadcrumb"},"inLanguage":"nb-NO","potentialAction":[{"@type":"ReadAction","target":["https:\/\/mentalhelse.no\/drammen\/aktuelt\/arsmote-i-mental-helse-buskerud-06-04-24-kl-11-00-pa-tyrifjord-hotell\/"]}]},{"@type":"BreadcrumbList","@id":"https:\/\/mentalhelse.no\/drammen\/aktuelt\/arsmote-i-mental-helse-buskerud-06-04-24-kl-11-00-pa-tyrifjord-hotell\/#breadcrumb","itemListElement":[{"@type":"ListItem","position":1,"name":"Hjem","item":"https:\/\/mentalhelse.no\/drammen\/"},{"@type":"ListItem","position":2,"name":"Nyheter","item":"https:\/\/mentalhelse.no\/drammen\/aktuelt\/"},{"@type":"ListItem","position":3,"name":"\u00c5rsm\u00f8te i Mental Helse Buskerud 06.04.24 kl 11.00 p\u00e5 Tyrifjord hotell"}]},{"@type":"WebSite","@id":"https:\/\/mentalhelse.no\/drammen\/#website","url":"https:\/\/mentalhelse.no\/drammen\/","name":"Drammen","description":"","potentialAction":[{"@type":"SearchAction","target":{"@type":"EntryPoint","urlTemplate":"https:\/\/mentalhelse.no\/drammen\/?s={search_term_string}"},"query-input":"required name=search_term_string"}],"inLanguage":"nb-NO"}]}},"_links":{"self":[{"href":"https:\/\/mentalhelse.no\/drammen\/wp-json\/wp\/v2\/news\/1106","targetHints":{"allow":["GET"]}}],"collection":[{"href":"https:\/\/mentalhelse.no\/drammen\/wp-json\/wp\/v2\/news"}],"about":[{"href":"https:\/\/mentalhelse.no\/drammen\/wp-json\/wp\/v2\/types\/news"}],"author":[{"embeddable":true,"href":"https:\/\/mentalhelse.no\/drammen\/wp-json\/wp\/v2\/users\/59"}],"wp:attachment":[{"href":"https:\/\/mentalhelse.no\/drammen\/wp-json\/wp\/v2\/media?parent=1106"}],"wp:term":[{"taxonomy":"news_category","embeddable":true,"href":"https:\/\/mentalhelse.no\/drammen\/wp-json\/wp\/v2\/news_category?post=1106"}],"curies":[{"name":"wp","href":"https:\/\/api.w.org\/{rel}","templated":true}]}}