{"id":1142,"date":"2025-01-14T08:54:53","date_gmt":"2025-01-14T08:54:53","guid":{"rendered":"https:\/\/mentalhelse.no\/farsund-og-lyngdal\/?post_type=news&#038;p=1142"},"modified":"2025-01-30T10:05:15","modified_gmt":"2025-01-30T10:05:15","slug":"innkalling-til-arsmote-i-farsund-og-lyngdal","status":"publish","type":"news","link":"https:\/\/mentalhelse.no\/farsund-og-lyngdal\/aktuelt\/innkalling-til-arsmote-i-farsund-og-lyngdal\/","title":{"rendered":"Innkalling til \u00e5rsm\u00f8te i Farsund og Lyngdal"},"content":{"rendered":"<figure class=\"alignwide wp-block-post-featured-image\"><img loading=\"lazy\" decoding=\"async\" width=\"536\" height=\"343\" src=\"https:\/\/mentalhelse.no\/content\/uploads\/sites\/197\/2024\/02\/mallete-536x343-2.jpg\" class=\"attachment-post-thumbnail size-post-thumbnail wp-post-image\" alt=\"\" style=\"object-fit:cover; --focal-point: 50% 50%;\" srcset=\"https:\/\/mentalhelse.no\/content\/uploads\/sites\/197\/2024\/02\/mallete-536x343-2.jpg 536w, https:\/\/mentalhelse.no\/content\/uploads\/sites\/197\/2024\/02\/mallete-536x343-2-300x192.jpg 300w\" sizes=\"auto, (max-width: 536px) 100vw, 536px\" \/><\/figure>\n\n<h1 class=\"wp-block-post-title\">Innkalling til \u00e5rsm\u00f8te i Farsund og Lyngdal<\/h1>\n\n<div class=\"is-img-top mh-byline wp-block-mh-byline\">\n                  <div class=\"mh-byline__inner\">\n                  \t\n                  \t<div class=\"mh-byline__meta\">\n                  \t\t<div class=\"mh-byline__post\">\n                  \t\t\t<div class=\"entry-date\">14.01.2025<\/div>\n                  \t\t<\/div>\n                  \t\t<div class=\"mh-byline__author\">\n                  \t\t\t <span class=\"mh-byline__author-link\">Erik Fransson<\/span>\n\t\t\t\t\t\t<\/div>\n\t\t\t\t\t<\/div>\n\t\t\t\t<\/div>\n\t\t<\/div>\n\n\n<p><strong>TID: KL 18:00 12. Februar 2025<\/strong><\/p>\n\n\n\n<p><strong>Sted: \u00d8rnemyrfjell 4 etasje p\u00e5 Lyngdal Helsehus<\/strong><\/p>\n\n\n\n<p><\/p>\n\n\n\n<p><strong>Saksliste<\/strong>:<\/p>\n\n\n\n<p>Sak 1: \u00c5pning\/konstituering (\u00a7 26.1)<\/p>\n\n\n\n<p>\u2022 navnefortegnelse over fremm\u00f8tte medlemmer med gyldig medlemskap<\/p>\n\n\n\n<p>\u2022 godkjenning av innkalling og dagsorden<\/p>\n\n\n\n<p>\u2022 valg av m\u00f8teleder og sekret\u00e6r for \u00e5rsm\u00f8tet<\/p>\n\n\n\n<p>\u2022 fastsettelse av forretningsorden<\/p>\n\n\n\n<p>\u2022 valg av to protokollunderskrivere<\/p>\n\n\n\n<p>\u2022 valg av tellekorps<\/p>\n\n\n\n<p>Sak 2: \u00c5rsmelding for \u00e5rsm\u00f8teperioden (\u00a726.2)<\/p>\n\n\n\n<p>Sak 3: Revidert regnskap pr.31.12.24. (\u00a726.2)<\/p>\n\n\n\n<p>Sak 4: Fastsettelse av honorar \/ godtgj\u00f8relse for styret (\u00a726.3)<\/p>\n\n\n\n<p>Sak 5: Innkomne saker (\u00a726.4)<\/p>\n\n\n\n<p>Saker som \u00f8nskes behandlet p\u00e5 \u00e5rsm\u00f8tet, m\u00e5 v\u00e6re innsendt til styret senest 27 januar 2025.<\/p>\n\n\n\n<p><strong>Sendes til<\/strong>: <a href=\"mailto:jorunn.gjersdal@hotmail.com\">jorunn.gjersdal@hotmail.com<\/a><\/p>\n\n\n\n<p>Sak 6: Handlingsplan for 2025. (\u00a726.5)<\/p>\n\n\n\n<p>Sak 7: Budsjett for 2025. (\u00a726.6)<\/p>\n\n\n\n<p>Sak 8: Valg (\u00a726.7, \u00a726.8,\u00a726.9, \u00a726.10)<\/p>\n\n\n<div class=\"t2-files wp-block-t2-files\">\n<div class=\"t2-file-item wp-block-t2-file-item\">\n\t\t<a href=\"https:\/\/mentalhelse.no\/content\/uploads\/sites\/197\/2025\/01\/M.H.-Farsund-og-Lyngdal-arsmotepapirer-2025-1.docx\" class=\"t2-file-item__link t2-file-item__link--icon-left\" download>\n\t\t\t<span class=\"t2-file-item__icon\"><svg xmlns=\"http:\/\/www.w3.org\/2000\/svg\" viewBox=\"0 0 24 24\" height=\"24\" width=\"24\" class=\"t2-icon t2-icon-mh-download\" aria-hidden=\"true\" focusable=\"false\"><path fill-rule=\"evenodd\" clip-rule=\"evenodd\" d=\"M12 2.5C12.2761 2.5 12.5 2.72386 12.5 3V13.7929L16.6464 9.64645C16.8417 9.45118 17.1583 9.45118 17.3536 9.64645C17.5488 9.84171 17.5488 10.1583 17.3536 10.3536L12.3536 15.3536C12.1583 15.5488 11.8417 15.5488 11.6464 15.3536L6.64645 10.3536C6.45118 10.1583 6.45118 9.84171 6.64645 9.64645C6.84171 9.45118 7.15829 9.45118 7.35355 9.64645L11.5 13.7929V3C11.5 2.72386 11.7239 2.5 12 2.5Z\" fill=\"currentColor\"\/><path fill-rule=\"evenodd\" clip-rule=\"evenodd\" d=\"M3 14.5C3.27614 14.5 3.5 14.7239 3.5 15V19C3.5 19.3978 3.65803 19.7793 3.93935 20.0607C4.22064 20.342 4.60217 20.5 5 20.5H19C19.3978 20.5 19.7793 20.342 20.0606 20.0606C20.342 19.7793 20.5 19.3978 20.5 19V15C20.5 14.7239 20.7239 14.5 21 14.5C21.2761 14.5 21.5 14.7239 21.5 15V19C21.5 19.663 21.2366 20.2989 20.7678 20.7678C20.2989 21.2366 19.663 21.5 19 21.5H5C4.33697 21.5 3.70107 21.2366 3.23222 20.7677C3.23222 20.7677 3.23222 20.7677 3.23222 20.7677C2.76339 20.2989 2.5 19.663 2.5 19V15C2.5 14.7239 2.72386 14.5 3 14.5Z\" fill=\"currentColor\"\/><\/svg><\/span>\n\t\t\t<span class=\"t2-file-item__info\">\n\t\t\t\t<span class=\"t2-file-item__filename\">M.H.-Farsund-og-Lyngdal-arsmotepapirer-2025-1<\/span>\n\t\t\t\t\n\t\t\t\t<span class=\"t2-file-item__meta\">docx \u00b7 101 KB<\/span>\n\t\t\t<\/span>\n\t\t<\/a>\n\t\t<\/div>\n<\/div>\n\n\n\t\t<div class=\"mh-related-posts alignfull alignfull wp-block-mentalhelse-related-posts gray-mode\">\n\t\t\t<div class=\"mh-related-posts__inner\">\n\t\t\t\t\n\n<h3 class=\"wp-block-heading\" id=\"h-also-read\">Also read<\/h3>\n\n\n<div class=\"t2-featured-content-layout alignwide alignwide wp-block-t2-featured-content-layout\">\n<div class=\"t2-featured-query-post t2-featured-content is-post-type-news wp-block-t2-featured-query-post t2-featured-content-layout-col-4\"><a class=\"t2-post-link wp-block-t2-post-link\" href=\"https:\/\/mentalhelse.no\/farsund-og-lyngdal\/aktuelt\/dette-skjer-hos-oss-hosten-2024\/\">\n\t<figure style=\"--t2-focal-point: 50% 50%;\" class=\"t2-post-featured-image has-image-ratio-16-9 wp-block-t2-post-featured-image\"><img loading=\"lazy\" decoding=\"async\" width=\"2560\" height=\"2048\" src=\"https:\/\/mentalhelse.no\/content\/uploads\/sites\/197\/2023\/10\/lavendel-scaled.jpg\" class=\"attachment-post-thumbnail size-post-thumbnail wp-post-image\" alt=\"\" srcset=\"https:\/\/mentalhelse.no\/content\/uploads\/sites\/197\/2023\/10\/lavendel-scaled.jpg 2560w, https:\/\/mentalhelse.no\/content\/uploads\/sites\/197\/2023\/10\/lavendel-300x240.jpg 300w, https:\/\/mentalhelse.no\/content\/uploads\/sites\/197\/2023\/10\/lavendel-1024x819.jpg 1024w, https:\/\/mentalhelse.no\/content\/uploads\/sites\/197\/2023\/10\/lavendel-768x614.jpg 768w, https:\/\/mentalhelse.no\/content\/uploads\/sites\/197\/2023\/10\/lavendel-1536x1229.jpg 1536w, https:\/\/mentalhelse.no\/content\/uploads\/sites\/197\/2023\/10\/lavendel-2048x1638.jpg 2048w\" sizes=\"auto, (max-width: 2560px) 100vw, 2560px\" style=\"--focal-point: 50% 50%;\" \/><\/figure>\n<\/a>\n\n<div class=\"wp-block-group postinfo alignfull is-layout-flow wp-block-group-is-layout-flow\">\n\t<div class=\"wp-block-mentalhelse-post-category\">\n\t\t\t\t\t<div class=\"post-type\">\n\t\t\t\t\t\t<a href=\"https:\/\/mentalhelse.no\/farsund-og-lyngdal\/aktuelt\/\">Nyheter<\/a>\n\t\t\t\t\t<\/div>\n\t\t\t\t\t\n\t\t\t\t\t<div class=\"post-category\">\n\t\t\t\t\t\t\n\t\t\t\t\t<\/div>\n\t\t\t<\/div>\n\t<a class=\"t2-post-link wp-block-t2-post-link\" href=\"https:\/\/mentalhelse.no\/farsund-og-lyngdal\/aktuelt\/dette-skjer-hos-oss-hosten-2024\/\">\n\t<h2 class=\"t2-post-title wp-block-t2-post-title\">Dette skjer hos oss h\u00f8sten 2024<\/h2>\n\t<\/a>\n<\/div>\n\n<\/div>\n\n\n\n\n<\/div>\n\n\t\t\t<\/div>\n\t\t<\/div>","protected":false},"excerpt":{"rendered":"<p>TID: KL 18:00 12. Februar 2025 Sted: \u00d8rnemyrfjell 4 etasje p\u00e5 Lyngdal Helsehus Saksliste: Sak 1: \u00c5pning\/konstituering (\u00a7 26.1) \u2022 navnefortegnelse over fremm\u00f8tte medlemmer med&#8230;<\/p>\n","protected":false},"author":10,"featured_media":1130,"parent":0,"template":"","meta":{"t2_featured_media_focal_point":{"x":0.5,"y":0.5},"mh_hide_title":true},"news_category":[],"class_list":["post-1142","news","type-news","status-publish","has-post-thumbnail","hentry"],"yoast_head":"<!-- This site is optimized with the Yoast SEO Premium plugin v21.2 (Yoast SEO v21.2) - https:\/\/yoast.com\/wordpress\/plugins\/seo\/ -->\n<title>Innkalling til \u00e5rsm\u00f8te i Mental Helse - Farsund og Lyngdal - Mental Helse - Farsund og Lyngdal<\/title>\n<meta name=\"robots\" content=\"index, follow, max-snippet:-1, max-image-preview:large, max-video-preview:-1\" \/>\n<link rel=\"canonical\" href=\"https:\/\/mentalhelse.no\/farsund-og-lyngdal\/aktuelt\/innkalling-til-arsmote-i-farsund-og-lyngdal\/\" \/>\n<meta property=\"og:locale\" content=\"nb_NO\" \/>\n<meta property=\"og:type\" content=\"article\" \/>\n<meta property=\"og:title\" content=\"Innkalling til \u00e5rsm\u00f8te i Farsund og Lyngdal\" \/>\n<meta property=\"og:description\" content=\"TID: KL 18:00 12. Februar 2025 Sted: \u00d8rnemyrfjell 4 etasje p\u00e5 Lyngdal Helsehus Saksliste: Sak 1: \u00c5pning\/konstituering (\u00a7 26.1) \u2022 navnefortegnelse over fremm\u00f8tte medlemmer med...\" \/>\n<meta property=\"og:url\" content=\"https:\/\/mentalhelse.no\/farsund-og-lyngdal\/aktuelt\/innkalling-til-arsmote-i-farsund-og-lyngdal\/\" \/>\n<meta property=\"og:site_name\" content=\"Farsund og Lyngdal\" \/>\n<meta property=\"article:modified_time\" content=\"2025-01-30T10:05:15+00:00\" \/>\n<meta property=\"og:image\" content=\"https:\/\/mentalhelse.no\/content\/uploads\/sites\/197\/2024\/02\/mallete-536x343-2.jpg\" \/>\n\t<meta property=\"og:image:width\" content=\"536\" \/>\n\t<meta property=\"og:image:height\" content=\"343\" \/>\n\t<meta property=\"og:image:type\" content=\"image\/jpeg\" \/>\n<meta name=\"twitter:card\" content=\"summary_large_image\" \/>\n<meta name=\"twitter:label1\" content=\"Ansl. lesetid\" \/>\n\t<meta name=\"twitter:data1\" content=\"1 minutt\" \/>\n<script type=\"application\/ld+json\" class=\"yoast-schema-graph\">{\"@context\":\"https:\/\/schema.org\",\"@graph\":[{\"@type\":\"WebPage\",\"@id\":\"https:\/\/mentalhelse.no\/farsund-og-lyngdal\/aktuelt\/innkalling-til-arsmote-i-farsund-og-lyngdal\/\",\"url\":\"https:\/\/mentalhelse.no\/farsund-og-lyngdal\/aktuelt\/innkalling-til-arsmote-i-farsund-og-lyngdal\/\",\"name\":\"Innkalling til \u00e5rsm\u00f8te i Farsund og Lyngdal - Farsund og Lyngdal\",\"isPartOf\":{\"@id\":\"https:\/\/mentalhelse.no\/farsund-og-lyngdal\/#website\"},\"datePublished\":\"2025-01-14T08:54:53+00:00\",\"dateModified\":\"2025-01-30T10:05:15+00:00\",\"breadcrumb\":{\"@id\":\"https:\/\/mentalhelse.no\/farsund-og-lyngdal\/aktuelt\/innkalling-til-arsmote-i-farsund-og-lyngdal\/#breadcrumb\"},\"inLanguage\":\"nb-NO\",\"potentialAction\":[{\"@type\":\"ReadAction\",\"target\":[\"https:\/\/mentalhelse.no\/farsund-og-lyngdal\/aktuelt\/innkalling-til-arsmote-i-farsund-og-lyngdal\/\"]}]},{\"@type\":\"BreadcrumbList\",\"@id\":\"https:\/\/mentalhelse.no\/farsund-og-lyngdal\/aktuelt\/innkalling-til-arsmote-i-farsund-og-lyngdal\/#breadcrumb\",\"itemListElement\":[{\"@type\":\"ListItem\",\"position\":1,\"name\":\"Hjem\",\"item\":\"https:\/\/mentalhelse.no\/farsund-og-lyngdal\/\"},{\"@type\":\"ListItem\",\"position\":2,\"name\":\"Nyheter\",\"item\":\"https:\/\/mentalhelse.no\/farsund-og-lyngdal\/aktuelt\/\"},{\"@type\":\"ListItem\",\"position\":3,\"name\":\"Innkalling til \u00e5rsm\u00f8te i Farsund og Lyngdal\"}]},{\"@type\":\"WebSite\",\"@id\":\"https:\/\/mentalhelse.no\/farsund-og-lyngdal\/#website\",\"url\":\"https:\/\/mentalhelse.no\/farsund-og-lyngdal\/\",\"name\":\"Farsund og Lyngdal\",\"description\":\"\",\"potentialAction\":[{\"@type\":\"SearchAction\",\"target\":{\"@type\":\"EntryPoint\",\"urlTemplate\":\"https:\/\/mentalhelse.no\/farsund-og-lyngdal\/?s={search_term_string}\"},\"query-input\":\"required name=search_term_string\"}],\"inLanguage\":\"nb-NO\"}]}<\/script>\n<!-- \/ Yoast SEO Premium plugin. -->","yoast_head_json":{"title":"Innkalling til \u00e5rsm\u00f8te i Mental Helse - Farsund og Lyngdal - Mental Helse - Farsund og Lyngdal","robots":{"index":"index","follow":"follow","max-snippet":"max-snippet:-1","max-image-preview":"max-image-preview:large","max-video-preview":"max-video-preview:-1"},"canonical":"https:\/\/mentalhelse.no\/farsund-og-lyngdal\/aktuelt\/innkalling-til-arsmote-i-farsund-og-lyngdal\/","og_locale":"nb_NO","og_type":"article","og_title":"Innkalling til \u00e5rsm\u00f8te i Farsund og Lyngdal","og_description":"TID: KL 18:00 12. Februar 2025 Sted: \u00d8rnemyrfjell 4 etasje p\u00e5 Lyngdal Helsehus Saksliste: Sak 1: \u00c5pning\/konstituering (\u00a7 26.1) \u2022 navnefortegnelse over fremm\u00f8tte medlemmer med...","og_url":"https:\/\/mentalhelse.no\/farsund-og-lyngdal\/aktuelt\/innkalling-til-arsmote-i-farsund-og-lyngdal\/","og_site_name":"Farsund og Lyngdal","article_modified_time":"2025-01-30T10:05:15+00:00","og_image":[{"width":536,"height":343,"url":"https:\/\/mentalhelse.no\/content\/uploads\/sites\/197\/2024\/02\/mallete-536x343-2.jpg","type":"image\/jpeg"}],"twitter_card":"summary_large_image","twitter_misc":{"Ansl. lesetid":"1 minutt"},"schema":{"@context":"https:\/\/schema.org","@graph":[{"@type":"WebPage","@id":"https:\/\/mentalhelse.no\/farsund-og-lyngdal\/aktuelt\/innkalling-til-arsmote-i-farsund-og-lyngdal\/","url":"https:\/\/mentalhelse.no\/farsund-og-lyngdal\/aktuelt\/innkalling-til-arsmote-i-farsund-og-lyngdal\/","name":"Innkalling til \u00e5rsm\u00f8te i Farsund og Lyngdal - Farsund og Lyngdal","isPartOf":{"@id":"https:\/\/mentalhelse.no\/farsund-og-lyngdal\/#website"},"datePublished":"2025-01-14T08:54:53+00:00","dateModified":"2025-01-30T10:05:15+00:00","breadcrumb":{"@id":"https:\/\/mentalhelse.no\/farsund-og-lyngdal\/aktuelt\/innkalling-til-arsmote-i-farsund-og-lyngdal\/#breadcrumb"},"inLanguage":"nb-NO","potentialAction":[{"@type":"ReadAction","target":["https:\/\/mentalhelse.no\/farsund-og-lyngdal\/aktuelt\/innkalling-til-arsmote-i-farsund-og-lyngdal\/"]}]},{"@type":"BreadcrumbList","@id":"https:\/\/mentalhelse.no\/farsund-og-lyngdal\/aktuelt\/innkalling-til-arsmote-i-farsund-og-lyngdal\/#breadcrumb","itemListElement":[{"@type":"ListItem","position":1,"name":"Hjem","item":"https:\/\/mentalhelse.no\/farsund-og-lyngdal\/"},{"@type":"ListItem","position":2,"name":"Nyheter","item":"https:\/\/mentalhelse.no\/farsund-og-lyngdal\/aktuelt\/"},{"@type":"ListItem","position":3,"name":"Innkalling til \u00e5rsm\u00f8te i Farsund og Lyngdal"}]},{"@type":"WebSite","@id":"https:\/\/mentalhelse.no\/farsund-og-lyngdal\/#website","url":"https:\/\/mentalhelse.no\/farsund-og-lyngdal\/","name":"Farsund og Lyngdal","description":"","potentialAction":[{"@type":"SearchAction","target":{"@type":"EntryPoint","urlTemplate":"https:\/\/mentalhelse.no\/farsund-og-lyngdal\/?s={search_term_string}"},"query-input":"required name=search_term_string"}],"inLanguage":"nb-NO"}]}},"_links":{"self":[{"href":"https:\/\/mentalhelse.no\/farsund-og-lyngdal\/wp-json\/wp\/v2\/news\/1142","targetHints":{"allow":["GET"]}}],"collection":[{"href":"https:\/\/mentalhelse.no\/farsund-og-lyngdal\/wp-json\/wp\/v2\/news"}],"about":[{"href":"https:\/\/mentalhelse.no\/farsund-og-lyngdal\/wp-json\/wp\/v2\/types\/news"}],"author":[{"embeddable":true,"href":"https:\/\/mentalhelse.no\/farsund-og-lyngdal\/wp-json\/wp\/v2\/users\/10"}],"wp:featuredmedia":[{"embeddable":true,"href":"https:\/\/mentalhelse.no\/farsund-og-lyngdal\/wp-json\/wp\/v2\/media\/1130"}],"wp:attachment":[{"href":"https:\/\/mentalhelse.no\/farsund-og-lyngdal\/wp-json\/wp\/v2\/media?parent=1142"}],"wp:term":[{"taxonomy":"news_category","embeddable":true,"href":"https:\/\/mentalhelse.no\/farsund-og-lyngdal\/wp-json\/wp\/v2\/news_category?post=1142"}],"curies":[{"name":"wp","href":"https:\/\/api.w.org\/{rel}","templated":true}]}}