{"id":1201,"date":"2023-11-08T10:19:17","date_gmt":"2023-11-08T10:19:17","guid":{"rendered":"https:\/\/mentalhelse.no\/fjord\/?post_type=news&#038;p=1201"},"modified":"2023-11-08T11:41:17","modified_gmt":"2023-11-08T11:41:17","slug":"markeringa-av-verdensdagen-for-psykisk-helse-i-fjord","status":"publish","type":"news","link":"https:\/\/mentalhelse.no\/fjord\/aktuelt\/markeringa-av-verdensdagen-for-psykisk-helse-i-fjord\/","title":{"rendered":"Markeringa av Verdensdagen for psykisk helse i Fjord"},"content":{"rendered":"<figure class=\"alignwide wp-block-post-featured-image\"><img loading=\"lazy\" decoding=\"async\" width=\"2560\" height=\"1920\" src=\"https:\/\/mentalhelse.no\/content\/uploads\/sites\/225\/2023\/10\/20231017_200211-scaled.jpg\" class=\"attachment-post-thumbnail size-post-thumbnail wp-post-image\" alt=\"\" style=\"object-fit:cover; --focal-point: 50% 50%;\" srcset=\"https:\/\/mentalhelse.no\/content\/uploads\/sites\/225\/2023\/10\/20231017_200211-scaled.jpg 2560w, https:\/\/mentalhelse.no\/content\/uploads\/sites\/225\/2023\/10\/20231017_200211-300x225.jpg 300w, https:\/\/mentalhelse.no\/content\/uploads\/sites\/225\/2023\/10\/20231017_200211-1024x768.jpg 1024w, https:\/\/mentalhelse.no\/content\/uploads\/sites\/225\/2023\/10\/20231017_200211-768x576.jpg 768w, https:\/\/mentalhelse.no\/content\/uploads\/sites\/225\/2023\/10\/20231017_200211-1536x1152.jpg 1536w, https:\/\/mentalhelse.no\/content\/uploads\/sites\/225\/2023\/10\/20231017_200211-2048x1536.jpg 2048w\" sizes=\"auto, (max-width: 2560px) 100vw, 2560px\" \/><\/figure>\n\n<h1 class=\"wp-block-post-title\">Markeringa av Verdensdagen for psykisk helse i Fjord<\/h1>\n\n<div class=\"is-img-top mh-byline wp-block-mh-byline\">\n                  <div class=\"mh-byline__inner\">\n                  \t\n                  \t<div class=\"mh-byline__meta\">\n                  \t\t<div class=\"mh-byline__post\">\n                  \t\t\t<div class=\"entry-date\">08.11.2023<\/div>\n                  \t\t<\/div>\n                  \t\t<div class=\"mh-byline__author\">\n                  \t\t\t <span class=\"mh-byline__author-link\">lagfjord<\/span>\n\t\t\t\t\t\t<\/div>\n\t\t\t\t\t<\/div>\n\t\t\t\t<\/div>\n\t\t<\/div>\n\n\n<p>Verdensdagen for psykisk helse er10. oktober.  FN oppretta den i 1992 og er ein internasjonal dag som vert markert i over 150 land. I Noreg vert den markert i vekene 39 &#8211; 42. \u00c5rets tema: <em>Vi treng kvarandre #lag plass<\/em> oppfordrar oss til \u00e5 gjere m\u00f8teplassane meir inkluderande ved \u00e5 bry seg om kvarandre, lytte og sj\u00e5 kvarandre. Det \u00e5 gjere noko meiningsfylt saman med andre er viktig for \u00e5 motvirke einsemd og utanforskap.<\/p>\n\n\n\n<p>Vi markerte Verdensdagen i Stordalshallen 17. oktober. Ingrid L\u00f8set leia m\u00f8tet. Ogs\u00e5 i \u00e5r hadde vi kulturelt p\u00e5fyll. Elin Dyrkorn opna med Ole Bulls S\u00e6terjentens sundag p\u00e5 fele, og seinare i programmet song ho og spelte gitar. Barbro S\u00e6tha var foredragedragshaldar. Med bakgrunn fr\u00e5 langrenn p\u00e5 h\u00f8gt niv\u00e5 og som mental og fysisk trenar i fleire \u00e5r har ho brei erfaring \u00e5 bygge p\u00e5. Barbro har utdanning fr\u00e5 Norges Idrettsh\u00f8yskole og innan organisasjonspsykologi og leiing. Ho  jobbar med livsstilsendring, glede og meistring. I foredraget fok ho utgangspunkt i eigne erfaringar og gav oss mange verkty til \u00e5 bruke i kvardagen.<\/p>\n\n\n\n<p>Til slutt hadde nytilsett kommunepsykolog Kristian Dirdal ordet og orienterte om tenestetilbodet i kommunen. I tillegg til han er det to psykiske helsearbeidarar og ein psykiatrisk sjukepleiar. Ein kan ta direkte kontakt med tenestetilbydarane utan \u00e5 g\u00e5 om lege og f\u00e5 tilvisning. <\/p>\n\n\n\n<p>Mental Helse Fjord takkar sponsorane Sparebanken M\u00f8re og Sanitetsforeninga Stordal Helselag som bidrog til at vi i tillegg til eigne midlar i Mental Helse kunne gjennomf\u00f8re markeringa.  <\/p>\n\n\n\n<p>  <\/p>\n\n\n\n<figure class=\"wp-block-image aligncenter size-large is-resized\"><img loading=\"lazy\" decoding=\"async\" src=\"https:\/\/mentalhelse.no\/content\/uploads\/sites\/225\/2023\/10\/VD-1-1024x906.jpg\" alt=\"\" class=\"wp-image-1203\" style=\"width:374px;height:331px\" width=\"374\" height=\"331\" srcset=\"https:\/\/mentalhelse.no\/content\/uploads\/sites\/225\/2023\/10\/VD-1-1024x906.jpg 1024w, https:\/\/mentalhelse.no\/content\/uploads\/sites\/225\/2023\/10\/VD-1-300x265.jpg 300w, https:\/\/mentalhelse.no\/content\/uploads\/sites\/225\/2023\/10\/VD-1-768x680.jpg 768w, https:\/\/mentalhelse.no\/content\/uploads\/sites\/225\/2023\/10\/VD-1-1536x1359.jpg 1536w, https:\/\/mentalhelse.no\/content\/uploads\/sites\/225\/2023\/10\/VD-1-2048x1812.jpg 2048w\" sizes=\"auto, (max-width: 374px) 100vw, 374px\" \/><figcaption class=\"wp-element-caption\">Mental og fysisk trenar  (og tidlegare langrennsl\u00f8par) Barbro S\u00e6tha hadde foredrag\/k\u00e5seri.  <\/figcaption><\/figure>\n\n\n\n<figure class=\"wp-block-image aligncenter size-large is-resized\"><img loading=\"lazy\" decoding=\"async\" src=\"https:\/\/mentalhelse.no\/content\/uploads\/sites\/225\/2023\/10\/VD2-1024x768.jpg\" alt=\"\" class=\"wp-image-1204\" style=\"width:376px;height:282px\" width=\"376\" height=\"282\" srcset=\"https:\/\/mentalhelse.no\/content\/uploads\/sites\/225\/2023\/10\/VD2-1024x768.jpg 1024w, https:\/\/mentalhelse.no\/content\/uploads\/sites\/225\/2023\/10\/VD2-300x225.jpg 300w, https:\/\/mentalhelse.no\/content\/uploads\/sites\/225\/2023\/10\/VD2-768x576.jpg 768w, https:\/\/mentalhelse.no\/content\/uploads\/sites\/225\/2023\/10\/VD2-1536x1152.jpg 1536w, https:\/\/mentalhelse.no\/content\/uploads\/sites\/225\/2023\/10\/VD2-2048x1536.jpg 2048w\" sizes=\"auto, (max-width: 376px) 100vw, 376px\" \/><figcaption class=\"wp-element-caption\">Elin Dyrkorn stod for det kulturelle innslaget. F\u00f8rst p\u00e5 fele, seinare med gitar og song.<\/figcaption><\/figure>\n\n\n\n<figure class=\"wp-block-image aligncenter size-large is-resized\"><img loading=\"lazy\" decoding=\"async\" src=\"https:\/\/mentalhelse.no\/content\/uploads\/sites\/225\/2023\/10\/VD3-1024x972.jpg\" alt=\"\" class=\"wp-image-1205\" style=\"width:377px;height:358px\" width=\"377\" height=\"358\" srcset=\"https:\/\/mentalhelse.no\/content\/uploads\/sites\/225\/2023\/10\/VD3-1024x972.jpg 1024w, https:\/\/mentalhelse.no\/content\/uploads\/sites\/225\/2023\/10\/VD3-300x285.jpg 300w, https:\/\/mentalhelse.no\/content\/uploads\/sites\/225\/2023\/10\/VD3-768x729.jpg 768w, https:\/\/mentalhelse.no\/content\/uploads\/sites\/225\/2023\/10\/VD3-1536x1458.jpg 1536w, https:\/\/mentalhelse.no\/content\/uploads\/sites\/225\/2023\/10\/VD3-2048x1944.jpg 2048w\" sizes=\"auto, (max-width: 377px) 100vw, 377px\" \/><figcaption class=\"wp-element-caption\">Nytilsett kommunepsykolog Kristian Dyrdal, som ogs\u00e5 er den f\u00f8rste  psykologen i kommunen, orienterte om tenestetilbodet.<\/figcaption><\/figure>\n\n\n\n\t\t<div class=\"mh-related-posts alignfull alignfull wp-block-mentalhelse-related-posts gray-mode\">\n\t\t\t<div class=\"mh-related-posts__inner\">\n\t\t\t\t\n\n<h3 class=\"wp-block-heading\" id=\"h-also-read\">Also read<\/h3>\n\n\n<div class=\"t2-featured-content-layout alignwide alignwide wp-block-t2-featured-content-layout\">\n<div class=\"t2-featured-query-post t2-featured-content is-post-type-news wp-block-t2-featured-query-post t2-featured-content-layout-col-4\"><a class=\"t2-post-link wp-block-t2-post-link\" href=\"https:\/\/mentalhelse.no\/fjord\/aktuelt\/pa-fylkesarsmote-2026\/\">\n\t<figure style=\"--t2-focal-point: 50% 50%;\" class=\"t2-post-featured-image has-image-ratio-16-9 wp-block-t2-post-featured-image\"><img loading=\"lazy\" decoding=\"async\" width=\"2048\" height=\"1152\" src=\"https:\/\/mentalhelse.no\/content\/uploads\/sites\/225\/2026\/04\/Delegatane.jpeg\" class=\"attachment-post-thumbnail size-post-thumbnail wp-post-image\" alt=\"\" srcset=\"https:\/\/mentalhelse.no\/content\/uploads\/sites\/225\/2026\/04\/Delegatane.jpeg 2048w, https:\/\/mentalhelse.no\/content\/uploads\/sites\/225\/2026\/04\/Delegatane-300x169.jpeg 300w, https:\/\/mentalhelse.no\/content\/uploads\/sites\/225\/2026\/04\/Delegatane-1024x576.jpeg 1024w, https:\/\/mentalhelse.no\/content\/uploads\/sites\/225\/2026\/04\/Delegatane-768x432.jpeg 768w, https:\/\/mentalhelse.no\/content\/uploads\/sites\/225\/2026\/04\/Delegatane-1536x864.jpeg 1536w\" sizes=\"auto, (max-width: 2048px) 100vw, 2048px\" style=\"--focal-point: 50% 50%;\" \/><\/figure>\n<\/a>\n\n<div class=\"wp-block-group postinfo alignfull is-layout-flow wp-block-group-is-layout-flow\">\n\t<div class=\"wp-block-mentalhelse-post-category\">\n\t\t\t\t\t<div class=\"post-type\">\n\t\t\t\t\t\t<a href=\"https:\/\/mentalhelse.no\/fjord\/aktuelt\/\">Nyheter<\/a>\n\t\t\t\t\t<\/div>\n\t\t\t\t\t\n\t\t\t\t\t<div class=\"post-category\">\n\t\t\t\t\t\t\n\t\t\t\t\t<\/div>\n\t\t\t<\/div>\n\t<a class=\"t2-post-link wp-block-t2-post-link\" href=\"https:\/\/mentalhelse.no\/fjord\/aktuelt\/pa-fylkesarsmote-2026\/\">\n\t<h2 class=\"t2-post-title wp-block-t2-post-title\">P\u00e5 fylkes\u00e5rsm\u00f8te 2026<\/h2>\n\t<\/a>\n<\/div>\n\n<\/div>\n\n<div class=\"t2-featured-query-post t2-featured-content is-post-type-news wp-block-t2-featured-query-post t2-featured-content-layout-col-4\"><a class=\"t2-post-link wp-block-t2-post-link\" href=\"https:\/\/mentalhelse.no\/fjord\/aktuelt\/frivilligmote-i-april\/\">\n\t<figure style=\"--t2-focal-point: 50% 50%;\" class=\"t2-post-featured-image has-image-ratio-16-9 wp-block-t2-post-featured-image\"><img loading=\"lazy\" decoding=\"async\" width=\"2560\" height=\"1920\" src=\"https:\/\/mentalhelse.no\/content\/uploads\/sites\/225\/2026\/04\/IMG_3314-scaled.jpeg\" class=\"attachment-post-thumbnail size-post-thumbnail wp-post-image\" alt=\"\" srcset=\"https:\/\/mentalhelse.no\/content\/uploads\/sites\/225\/2026\/04\/IMG_3314-scaled.jpeg 2560w, https:\/\/mentalhelse.no\/content\/uploads\/sites\/225\/2026\/04\/IMG_3314-300x225.jpeg 300w, https:\/\/mentalhelse.no\/content\/uploads\/sites\/225\/2026\/04\/IMG_3314-1024x768.jpeg 1024w, https:\/\/mentalhelse.no\/content\/uploads\/sites\/225\/2026\/04\/IMG_3314-768x576.jpeg 768w, https:\/\/mentalhelse.no\/content\/uploads\/sites\/225\/2026\/04\/IMG_3314-1536x1152.jpeg 1536w, https:\/\/mentalhelse.no\/content\/uploads\/sites\/225\/2026\/04\/IMG_3314-2048x1536.jpeg 2048w\" sizes=\"auto, (max-width: 2560px) 100vw, 2560px\" style=\"--focal-point: 50% 50%;\" \/><\/figure>\n<\/a>\n\n<div class=\"wp-block-group postinfo alignfull is-layout-flow wp-block-group-is-layout-flow\">\n\t<div class=\"wp-block-mentalhelse-post-category\">\n\t\t\t\t\t<div class=\"post-type\">\n\t\t\t\t\t\t<a href=\"https:\/\/mentalhelse.no\/fjord\/aktuelt\/\">Nyheter<\/a>\n\t\t\t\t\t<\/div>\n\t\t\t\t\t\n\t\t\t\t\t<div class=\"post-category\">\n\t\t\t\t\t\t\n\t\t\t\t\t<\/div>\n\t\t\t<\/div>\n\t<a class=\"t2-post-link wp-block-t2-post-link\" href=\"https:\/\/mentalhelse.no\/fjord\/aktuelt\/frivilligmote-i-april\/\">\n\t<h2 class=\"t2-post-title wp-block-t2-post-title\">Frivilligforum i april<\/h2>\n\t<\/a>\n<\/div>\n\n<\/div>\n\n<div class=\"t2-featured-query-post t2-featured-content is-post-type-news wp-block-t2-featured-query-post t2-featured-content-layout-col-4\"><a class=\"t2-post-link wp-block-t2-post-link\" href=\"https:\/\/mentalhelse.no\/fjord\/aktuelt\/steinomnbakt-pizza-herleg\/\">\n\t<figure style=\"--t2-focal-point: 50% 50%;\" class=\"t2-post-featured-image has-image-ratio-16-9 wp-block-t2-post-featured-image\"><img loading=\"lazy\" decoding=\"async\" width=\"1920\" height=\"1440\" src=\"https:\/\/mentalhelse.no\/content\/uploads\/sites\/225\/2026\/04\/Steiking.jpg\" class=\"attachment-post-thumbnail size-post-thumbnail wp-post-image\" alt=\"\" srcset=\"https:\/\/mentalhelse.no\/content\/uploads\/sites\/225\/2026\/04\/Steiking.jpg 1920w, https:\/\/mentalhelse.no\/content\/uploads\/sites\/225\/2026\/04\/Steiking-300x225.jpg 300w, https:\/\/mentalhelse.no\/content\/uploads\/sites\/225\/2026\/04\/Steiking-1024x768.jpg 1024w, https:\/\/mentalhelse.no\/content\/uploads\/sites\/225\/2026\/04\/Steiking-768x576.jpg 768w, https:\/\/mentalhelse.no\/content\/uploads\/sites\/225\/2026\/04\/Steiking-1536x1152.jpg 1536w\" sizes=\"auto, (max-width: 1920px) 100vw, 1920px\" style=\"--focal-point: 50% 50%;\" \/><\/figure>\n<\/a>\n\n<div class=\"wp-block-group postinfo alignfull is-layout-flow wp-block-group-is-layout-flow\">\n\t<div class=\"wp-block-mentalhelse-post-category\">\n\t\t\t\t\t<div class=\"post-type\">\n\t\t\t\t\t\t<a href=\"https:\/\/mentalhelse.no\/fjord\/aktuelt\/\">Nyheter<\/a>\n\t\t\t\t\t<\/div>\n\t\t\t\t\t\n\t\t\t\t\t<div class=\"post-category\">\n\t\t\t\t\t\t\n\t\t\t\t\t<\/div>\n\t\t\t<\/div>\n\t<a class=\"t2-post-link wp-block-t2-post-link\" href=\"https:\/\/mentalhelse.no\/fjord\/aktuelt\/steinomnbakt-pizza-herleg\/\">\n\t<h2 class=\"t2-post-title wp-block-t2-post-title\">Steinomnbakt pizza &#8211; herleg<\/h2>\n\t<\/a>\n<\/div>\n\n<\/div>\n<\/div>\n\n\t\t\t<\/div>\n\t\t<\/div>","protected":false},"excerpt":{"rendered":"<p>Verdensdagen for psykisk helse er10. oktober. FN oppretta den i 1992 og er ein internasjonal dag som vert markert i over 150 land. I Noreg&#8230;<\/p>\n","protected":false},"author":82,"featured_media":1202,"parent":0,"template":"","meta":{"t2_featured_media_focal_point":{"x":0.5,"y":0.5},"mh_hide_title":true},"news_category":[],"class_list":["post-1201","news","type-news","status-publish","has-post-thumbnail","hentry"],"yoast_head":"<!-- This site is optimized with the Yoast SEO Premium plugin v21.2 (Yoast SEO v21.2) - https:\/\/yoast.com\/wordpress\/plugins\/seo\/ -->\n<title>Markeringa av Verdensdagen for psykisk helse i Mental Helse - Fjord - Mental Helse - Fjord<\/title>\n<meta name=\"robots\" content=\"index, follow, max-snippet:-1, max-image-preview:large, max-video-preview:-1\" \/>\n<link rel=\"canonical\" href=\"https:\/\/mentalhelse.no\/fjord\/aktuelt\/markeringa-av-verdensdagen-for-psykisk-helse-i-fjord\/\" \/>\n<meta property=\"og:locale\" content=\"nb_NO\" \/>\n<meta property=\"og:type\" content=\"article\" \/>\n<meta property=\"og:title\" content=\"Markeringa av Verdensdagen for psykisk helse i Fjord\" \/>\n<meta property=\"og:description\" content=\"Verdensdagen for psykisk helse er10. oktober. FN oppretta den i 1992 og er ein internasjonal dag som vert markert i over 150 land. I Noreg...\" \/>\n<meta property=\"og:url\" content=\"https:\/\/mentalhelse.no\/fjord\/aktuelt\/markeringa-av-verdensdagen-for-psykisk-helse-i-fjord\/\" \/>\n<meta property=\"og:site_name\" content=\"Fjord\" \/>\n<meta property=\"article:modified_time\" content=\"2023-11-08T11:41:17+00:00\" \/>\n<meta property=\"og:image\" content=\"https:\/\/mentalhelse.no\/content\/uploads\/sites\/225\/2023\/10\/20231017_200211-scaled.jpg\" \/>\n\t<meta property=\"og:image:width\" content=\"2560\" \/>\n\t<meta property=\"og:image:height\" content=\"1920\" \/>\n\t<meta property=\"og:image:type\" content=\"image\/jpeg\" \/>\n<meta name=\"twitter:card\" content=\"summary_large_image\" \/>\n<meta name=\"twitter:label1\" content=\"Ansl. lesetid\" \/>\n\t<meta name=\"twitter:data1\" content=\"3 minutter\" \/>\n<script type=\"application\/ld+json\" class=\"yoast-schema-graph\">{\"@context\":\"https:\/\/schema.org\",\"@graph\":[{\"@type\":\"WebPage\",\"@id\":\"https:\/\/mentalhelse.no\/fjord\/aktuelt\/markeringa-av-verdensdagen-for-psykisk-helse-i-fjord\/\",\"url\":\"https:\/\/mentalhelse.no\/fjord\/aktuelt\/markeringa-av-verdensdagen-for-psykisk-helse-i-fjord\/\",\"name\":\"Markeringa av Verdensdagen for psykisk helse i Fjord - Fjord\",\"isPartOf\":{\"@id\":\"https:\/\/mentalhelse.no\/fjord\/#website\"},\"datePublished\":\"2023-11-08T10:19:17+00:00\",\"dateModified\":\"2023-11-08T11:41:17+00:00\",\"breadcrumb\":{\"@id\":\"https:\/\/mentalhelse.no\/fjord\/aktuelt\/markeringa-av-verdensdagen-for-psykisk-helse-i-fjord\/#breadcrumb\"},\"inLanguage\":\"nb-NO\",\"potentialAction\":[{\"@type\":\"ReadAction\",\"target\":[\"https:\/\/mentalhelse.no\/fjord\/aktuelt\/markeringa-av-verdensdagen-for-psykisk-helse-i-fjord\/\"]}]},{\"@type\":\"BreadcrumbList\",\"@id\":\"https:\/\/mentalhelse.no\/fjord\/aktuelt\/markeringa-av-verdensdagen-for-psykisk-helse-i-fjord\/#breadcrumb\",\"itemListElement\":[{\"@type\":\"ListItem\",\"position\":1,\"name\":\"Hjem\",\"item\":\"https:\/\/mentalhelse.no\/fjord\/\"},{\"@type\":\"ListItem\",\"position\":2,\"name\":\"Nyheter\",\"item\":\"https:\/\/mentalhelse.no\/fjord\/aktuelt\/\"},{\"@type\":\"ListItem\",\"position\":3,\"name\":\"Markeringa av Verdensdagen for psykisk helse i Fjord\"}]},{\"@type\":\"WebSite\",\"@id\":\"https:\/\/mentalhelse.no\/fjord\/#website\",\"url\":\"https:\/\/mentalhelse.no\/fjord\/\",\"name\":\"Fjord\",\"description\":\"\",\"potentialAction\":[{\"@type\":\"SearchAction\",\"target\":{\"@type\":\"EntryPoint\",\"urlTemplate\":\"https:\/\/mentalhelse.no\/fjord\/?s={search_term_string}\"},\"query-input\":\"required name=search_term_string\"}],\"inLanguage\":\"nb-NO\"}]}<\/script>\n<!-- \/ Yoast SEO Premium plugin. -->","yoast_head_json":{"title":"Markeringa av Verdensdagen for psykisk helse i Mental Helse - Fjord - Mental Helse - Fjord","robots":{"index":"index","follow":"follow","max-snippet":"max-snippet:-1","max-image-preview":"max-image-preview:large","max-video-preview":"max-video-preview:-1"},"canonical":"https:\/\/mentalhelse.no\/fjord\/aktuelt\/markeringa-av-verdensdagen-for-psykisk-helse-i-fjord\/","og_locale":"nb_NO","og_type":"article","og_title":"Markeringa av Verdensdagen for psykisk helse i Fjord","og_description":"Verdensdagen for psykisk helse er10. oktober. FN oppretta den i 1992 og er ein internasjonal dag som vert markert i over 150 land. I Noreg...","og_url":"https:\/\/mentalhelse.no\/fjord\/aktuelt\/markeringa-av-verdensdagen-for-psykisk-helse-i-fjord\/","og_site_name":"Fjord","article_modified_time":"2023-11-08T11:41:17+00:00","og_image":[{"width":2560,"height":1920,"url":"https:\/\/mentalhelse.no\/content\/uploads\/sites\/225\/2023\/10\/20231017_200211-scaled.jpg","type":"image\/jpeg"}],"twitter_card":"summary_large_image","twitter_misc":{"Ansl. lesetid":"3 minutter"},"schema":{"@context":"https:\/\/schema.org","@graph":[{"@type":"WebPage","@id":"https:\/\/mentalhelse.no\/fjord\/aktuelt\/markeringa-av-verdensdagen-for-psykisk-helse-i-fjord\/","url":"https:\/\/mentalhelse.no\/fjord\/aktuelt\/markeringa-av-verdensdagen-for-psykisk-helse-i-fjord\/","name":"Markeringa av Verdensdagen for psykisk helse i Fjord - Fjord","isPartOf":{"@id":"https:\/\/mentalhelse.no\/fjord\/#website"},"datePublished":"2023-11-08T10:19:17+00:00","dateModified":"2023-11-08T11:41:17+00:00","breadcrumb":{"@id":"https:\/\/mentalhelse.no\/fjord\/aktuelt\/markeringa-av-verdensdagen-for-psykisk-helse-i-fjord\/#breadcrumb"},"inLanguage":"nb-NO","potentialAction":[{"@type":"ReadAction","target":["https:\/\/mentalhelse.no\/fjord\/aktuelt\/markeringa-av-verdensdagen-for-psykisk-helse-i-fjord\/"]}]},{"@type":"BreadcrumbList","@id":"https:\/\/mentalhelse.no\/fjord\/aktuelt\/markeringa-av-verdensdagen-for-psykisk-helse-i-fjord\/#breadcrumb","itemListElement":[{"@type":"ListItem","position":1,"name":"Hjem","item":"https:\/\/mentalhelse.no\/fjord\/"},{"@type":"ListItem","position":2,"name":"Nyheter","item":"https:\/\/mentalhelse.no\/fjord\/aktuelt\/"},{"@type":"ListItem","position":3,"name":"Markeringa av Verdensdagen for psykisk helse i Fjord"}]},{"@type":"WebSite","@id":"https:\/\/mentalhelse.no\/fjord\/#website","url":"https:\/\/mentalhelse.no\/fjord\/","name":"Fjord","description":"","potentialAction":[{"@type":"SearchAction","target":{"@type":"EntryPoint","urlTemplate":"https:\/\/mentalhelse.no\/fjord\/?s={search_term_string}"},"query-input":"required name=search_term_string"}],"inLanguage":"nb-NO"}]}},"_links":{"self":[{"href":"https:\/\/mentalhelse.no\/fjord\/wp-json\/wp\/v2\/news\/1201","targetHints":{"allow":["GET"]}}],"collection":[{"href":"https:\/\/mentalhelse.no\/fjord\/wp-json\/wp\/v2\/news"}],"about":[{"href":"https:\/\/mentalhelse.no\/fjord\/wp-json\/wp\/v2\/types\/news"}],"author":[{"embeddable":true,"href":"https:\/\/mentalhelse.no\/fjord\/wp-json\/wp\/v2\/users\/82"}],"wp:featuredmedia":[{"embeddable":true,"href":"https:\/\/mentalhelse.no\/fjord\/wp-json\/wp\/v2\/media\/1202"}],"wp:attachment":[{"href":"https:\/\/mentalhelse.no\/fjord\/wp-json\/wp\/v2\/media?parent=1201"}],"wp:term":[{"taxonomy":"news_category","embeddable":true,"href":"https:\/\/mentalhelse.no\/fjord\/wp-json\/wp\/v2\/news_category?post=1201"}],"curies":[{"name":"wp","href":"https:\/\/api.w.org\/{rel}","templated":true}]}}