{"id":1296,"date":"2023-12-20T10:52:27","date_gmt":"2023-12-20T10:52:27","guid":{"rendered":"https:\/\/mentalhelse.no\/fjord\/?post_type=news&#038;p=1296"},"modified":"2023-12-20T10:52:38","modified_gmt":"2023-12-20T10:52:38","slug":"midlar-til-lokal-aktivitet-og-frivilligheit-gjennom-dam-ekspress","status":"publish","type":"news","link":"https:\/\/mentalhelse.no\/fjord\/aktuelt\/midlar-til-lokal-aktivitet-og-frivilligheit-gjennom-dam-ekspress\/","title":{"rendered":"Midlar til lokal aktivitet og frivilligheit gjennom DAM Ekspress"},"content":{"rendered":"<figure class=\"alignwide wp-block-post-featured-image\"><img loading=\"lazy\" decoding=\"async\" width=\"2560\" height=\"1567\" src=\"https:\/\/mentalhelse.no\/content\/uploads\/sites\/225\/2023\/12\/Webinar-DAM-ekspress-scaled.jpg\" class=\"attachment-post-thumbnail size-post-thumbnail wp-post-image\" alt=\"\" style=\"object-fit:cover; --focal-point: 50% 50%;\" srcset=\"https:\/\/mentalhelse.no\/content\/uploads\/sites\/225\/2023\/12\/Webinar-DAM-ekspress-scaled.jpg 2560w, https:\/\/mentalhelse.no\/content\/uploads\/sites\/225\/2023\/12\/Webinar-DAM-ekspress-300x184.jpg 300w, https:\/\/mentalhelse.no\/content\/uploads\/sites\/225\/2023\/12\/Webinar-DAM-ekspress-1024x627.jpg 1024w, https:\/\/mentalhelse.no\/content\/uploads\/sites\/225\/2023\/12\/Webinar-DAM-ekspress-768x470.jpg 768w, https:\/\/mentalhelse.no\/content\/uploads\/sites\/225\/2023\/12\/Webinar-DAM-ekspress-1536x940.jpg 1536w, https:\/\/mentalhelse.no\/content\/uploads\/sites\/225\/2023\/12\/Webinar-DAM-ekspress-2048x1254.jpg 2048w\" sizes=\"auto, (max-width: 2560px) 100vw, 2560px\" \/><\/figure>\n\n<h1 class=\"wp-block-post-title\">Midlar til lokal aktivitet og frivilligheit gjennom DAM Ekspress<\/h1>\n\n<div class=\"is-img-top mh-byline wp-block-mh-byline\">\n                  <div class=\"mh-byline__inner\">\n                  \t\n                  \t<div class=\"mh-byline__meta\">\n                  \t\t<div class=\"mh-byline__post\">\n                  \t\t\t<div class=\"entry-date\">20.12.2023<\/div>\n                  \t\t<\/div>\n                  \t\t<div class=\"mh-byline__author\">\n                  \t\t\t <span class=\"mh-byline__author-link\">lagfjord<\/span>\n\t\t\t\t\t\t<\/div>\n\t\t\t\t\t<\/div>\n\t\t\t\t<\/div>\n\t\t<\/div>\n\n\n<p>Mental Helse ved r\u00e5dgjevar Johanna Myklebust og S\u00f8lvi Hagen inviterte til webinar torsdag 7. desember, der vi fekk vite om krava DAM set, samt fekk tips og r\u00e5d om \u00e5 bygge ein god s\u00f8knad.<\/p>\n\n\n\n<p>Form\u00e5let med ordninga er \u00e5 st\u00f8tte sm\u00e5 prosjekt og tiltak med fokus p\u00e5 lokal aktivitet og frivilligheit. Lokallaga kan s\u00f8ke p\u00e5 mellom 5.000 og 40.000 kr til slike prosjekt. Alle organisasjonar som er medlemmer kan s\u00f8ke.<\/p>\n\n\n\n<p>Vi kan s\u00f8ke om midlar til treningsgruppe, kurs, samlingar og aktivitetar. Det er relativt enkle s\u00f8knader, og dei kan sendast n\u00e5r om helst (ingen s\u00f8knadsfrist), og  f\u00e5r svar innan 45 dagar. Ein kan s\u00f8ke p\u00e5 mange prosjekt samtidig.  Kurshaldarane synte ein god s\u00f8knad fr\u00e5 eitt av lokallaga i fylket v\u00e5rt som vi fekk tilsendt i etterkant. <\/p>\n\n\n\n<p>Etter det eg kunne sj\u00e5, var vi tre deltakarar fr\u00e5 M\u00f8re og Romsdal p\u00e5 Webinaret. P\u00e5 DAM sine nettsider kan vi lese meir om ordninga, og der kan vi opprette brukar og s\u00f8ke. Treng vi r\u00e5d, kan vi kontakte Johanna og S\u00f8lvi. Det er relativt enkelt \u00e5 s\u00f8ke, og vi b\u00f8r bruke ordninga til \u00e5 hente inn midlar til fleire gode aktivitetar i lokallaga v\u00e5re.     <\/p>\n\n\n\n\t\t<div class=\"mh-related-posts alignfull alignfull wp-block-mentalhelse-related-posts gray-mode\">\n\t\t\t<div class=\"mh-related-posts__inner\">\n\t\t\t\t\n\n<h3 class=\"wp-block-heading\" id=\"h-also-read\">Also read<\/h3>\n\n\n<div class=\"t2-featured-content-layout alignwide alignwide wp-block-t2-featured-content-layout\">\n<div class=\"t2-featured-query-post t2-featured-content is-post-type-news wp-block-t2-featured-query-post t2-featured-content-layout-col-4\"><a class=\"t2-post-link wp-block-t2-post-link\" href=\"https:\/\/mentalhelse.no\/fjord\/aktuelt\/pa-fylkesarsmote-2026\/\">\n\t<figure style=\"--t2-focal-point: 50% 50%;\" class=\"t2-post-featured-image has-image-ratio-16-9 wp-block-t2-post-featured-image\"><img loading=\"lazy\" decoding=\"async\" width=\"2048\" height=\"1152\" src=\"https:\/\/mentalhelse.no\/content\/uploads\/sites\/225\/2026\/04\/Delegatane.jpeg\" class=\"attachment-post-thumbnail size-post-thumbnail wp-post-image\" alt=\"\" srcset=\"https:\/\/mentalhelse.no\/content\/uploads\/sites\/225\/2026\/04\/Delegatane.jpeg 2048w, https:\/\/mentalhelse.no\/content\/uploads\/sites\/225\/2026\/04\/Delegatane-300x169.jpeg 300w, https:\/\/mentalhelse.no\/content\/uploads\/sites\/225\/2026\/04\/Delegatane-1024x576.jpeg 1024w, https:\/\/mentalhelse.no\/content\/uploads\/sites\/225\/2026\/04\/Delegatane-768x432.jpeg 768w, https:\/\/mentalhelse.no\/content\/uploads\/sites\/225\/2026\/04\/Delegatane-1536x864.jpeg 1536w\" sizes=\"auto, (max-width: 2048px) 100vw, 2048px\" style=\"--focal-point: 50% 50%;\" \/><\/figure>\n<\/a>\n\n<div class=\"wp-block-group postinfo alignfull is-layout-flow wp-block-group-is-layout-flow\">\n\t<div class=\"wp-block-mentalhelse-post-category\">\n\t\t\t\t\t<div class=\"post-type\">\n\t\t\t\t\t\t<a href=\"https:\/\/mentalhelse.no\/fjord\/aktuelt\/\">Nyheter<\/a>\n\t\t\t\t\t<\/div>\n\t\t\t\t\t\n\t\t\t\t\t<div class=\"post-category\">\n\t\t\t\t\t\t\n\t\t\t\t\t<\/div>\n\t\t\t<\/div>\n\t<a class=\"t2-post-link wp-block-t2-post-link\" href=\"https:\/\/mentalhelse.no\/fjord\/aktuelt\/pa-fylkesarsmote-2026\/\">\n\t<h2 class=\"t2-post-title wp-block-t2-post-title\">P\u00e5 fylkes\u00e5rsm\u00f8te 2026<\/h2>\n\t<\/a>\n<\/div>\n\n<\/div>\n\n<div class=\"t2-featured-query-post t2-featured-content is-post-type-news wp-block-t2-featured-query-post t2-featured-content-layout-col-4\"><a class=\"t2-post-link wp-block-t2-post-link\" href=\"https:\/\/mentalhelse.no\/fjord\/aktuelt\/frivilligmote-i-april\/\">\n\t<figure style=\"--t2-focal-point: 50% 50%;\" class=\"t2-post-featured-image has-image-ratio-16-9 wp-block-t2-post-featured-image\"><img loading=\"lazy\" decoding=\"async\" width=\"2560\" height=\"1920\" src=\"https:\/\/mentalhelse.no\/content\/uploads\/sites\/225\/2026\/04\/IMG_3314-scaled.jpeg\" class=\"attachment-post-thumbnail size-post-thumbnail wp-post-image\" alt=\"\" srcset=\"https:\/\/mentalhelse.no\/content\/uploads\/sites\/225\/2026\/04\/IMG_3314-scaled.jpeg 2560w, https:\/\/mentalhelse.no\/content\/uploads\/sites\/225\/2026\/04\/IMG_3314-300x225.jpeg 300w, https:\/\/mentalhelse.no\/content\/uploads\/sites\/225\/2026\/04\/IMG_3314-1024x768.jpeg 1024w, https:\/\/mentalhelse.no\/content\/uploads\/sites\/225\/2026\/04\/IMG_3314-768x576.jpeg 768w, https:\/\/mentalhelse.no\/content\/uploads\/sites\/225\/2026\/04\/IMG_3314-1536x1152.jpeg 1536w, https:\/\/mentalhelse.no\/content\/uploads\/sites\/225\/2026\/04\/IMG_3314-2048x1536.jpeg 2048w\" sizes=\"auto, (max-width: 2560px) 100vw, 2560px\" style=\"--focal-point: 50% 50%;\" \/><\/figure>\n<\/a>\n\n<div class=\"wp-block-group postinfo alignfull is-layout-flow wp-block-group-is-layout-flow\">\n\t<div class=\"wp-block-mentalhelse-post-category\">\n\t\t\t\t\t<div class=\"post-type\">\n\t\t\t\t\t\t<a href=\"https:\/\/mentalhelse.no\/fjord\/aktuelt\/\">Nyheter<\/a>\n\t\t\t\t\t<\/div>\n\t\t\t\t\t\n\t\t\t\t\t<div class=\"post-category\">\n\t\t\t\t\t\t\n\t\t\t\t\t<\/div>\n\t\t\t<\/div>\n\t<a class=\"t2-post-link wp-block-t2-post-link\" href=\"https:\/\/mentalhelse.no\/fjord\/aktuelt\/frivilligmote-i-april\/\">\n\t<h2 class=\"t2-post-title wp-block-t2-post-title\">Frivilligforum i april<\/h2>\n\t<\/a>\n<\/div>\n\n<\/div>\n\n<div class=\"t2-featured-query-post t2-featured-content is-post-type-news wp-block-t2-featured-query-post t2-featured-content-layout-col-4\"><a class=\"t2-post-link wp-block-t2-post-link\" href=\"https:\/\/mentalhelse.no\/fjord\/aktuelt\/steinomnbakt-pizza-herleg\/\">\n\t<figure style=\"--t2-focal-point: 50% 50%;\" class=\"t2-post-featured-image has-image-ratio-16-9 wp-block-t2-post-featured-image\"><img loading=\"lazy\" decoding=\"async\" width=\"1920\" height=\"1440\" src=\"https:\/\/mentalhelse.no\/content\/uploads\/sites\/225\/2026\/04\/Steiking.jpg\" class=\"attachment-post-thumbnail size-post-thumbnail wp-post-image\" alt=\"\" srcset=\"https:\/\/mentalhelse.no\/content\/uploads\/sites\/225\/2026\/04\/Steiking.jpg 1920w, https:\/\/mentalhelse.no\/content\/uploads\/sites\/225\/2026\/04\/Steiking-300x225.jpg 300w, https:\/\/mentalhelse.no\/content\/uploads\/sites\/225\/2026\/04\/Steiking-1024x768.jpg 1024w, https:\/\/mentalhelse.no\/content\/uploads\/sites\/225\/2026\/04\/Steiking-768x576.jpg 768w, https:\/\/mentalhelse.no\/content\/uploads\/sites\/225\/2026\/04\/Steiking-1536x1152.jpg 1536w\" sizes=\"auto, (max-width: 1920px) 100vw, 1920px\" style=\"--focal-point: 50% 50%;\" \/><\/figure>\n<\/a>\n\n<div class=\"wp-block-group postinfo alignfull is-layout-flow wp-block-group-is-layout-flow\">\n\t<div class=\"wp-block-mentalhelse-post-category\">\n\t\t\t\t\t<div class=\"post-type\">\n\t\t\t\t\t\t<a href=\"https:\/\/mentalhelse.no\/fjord\/aktuelt\/\">Nyheter<\/a>\n\t\t\t\t\t<\/div>\n\t\t\t\t\t\n\t\t\t\t\t<div class=\"post-category\">\n\t\t\t\t\t\t\n\t\t\t\t\t<\/div>\n\t\t\t<\/div>\n\t<a class=\"t2-post-link wp-block-t2-post-link\" href=\"https:\/\/mentalhelse.no\/fjord\/aktuelt\/steinomnbakt-pizza-herleg\/\">\n\t<h2 class=\"t2-post-title wp-block-t2-post-title\">Steinomnbakt pizza &#8211; herleg<\/h2>\n\t<\/a>\n<\/div>\n\n<\/div>\n<\/div>\n\n\t\t\t<\/div>\n\t\t<\/div>","protected":false},"excerpt":{"rendered":"<p>Mental Helse ved r\u00e5dgjevar Johanna Myklebust og S\u00f8lvi Hagen inviterte til webinar torsdag 7. desember, der vi fekk vite om krava DAM set, samt fekk&#8230;<\/p>\n","protected":false},"author":82,"featured_media":1294,"parent":0,"template":"","meta":{"t2_featured_media_focal_point":{"x":0.5,"y":0.5},"mh_hide_title":true},"news_category":[],"class_list":["post-1296","news","type-news","status-publish","has-post-thumbnail","hentry"],"yoast_head":"<!-- This site is optimized with the Yoast SEO Premium plugin v21.2 (Yoast SEO v21.2) - https:\/\/yoast.com\/wordpress\/plugins\/seo\/ -->\n<title>Midlar til lokal aktivitet og frivilligheit gjennom DAM Ekspress - Mental Helse - Fjord<\/title>\n<meta name=\"robots\" content=\"index, follow, max-snippet:-1, max-image-preview:large, max-video-preview:-1\" \/>\n<link rel=\"canonical\" href=\"https:\/\/mentalhelse.no\/fjord\/aktuelt\/midlar-til-lokal-aktivitet-og-frivilligheit-gjennom-dam-ekspress\/\" \/>\n<meta property=\"og:locale\" content=\"nb_NO\" \/>\n<meta property=\"og:type\" content=\"article\" \/>\n<meta property=\"og:title\" content=\"Midlar til lokal aktivitet og frivilligheit gjennom DAM Ekspress\" \/>\n<meta property=\"og:description\" content=\"Mental Helse ved r\u00e5dgjevar Johanna Myklebust og S\u00f8lvi Hagen inviterte til webinar torsdag 7. desember, der vi fekk vite om krava DAM set, samt fekk...\" \/>\n<meta property=\"og:url\" content=\"https:\/\/mentalhelse.no\/fjord\/aktuelt\/midlar-til-lokal-aktivitet-og-frivilligheit-gjennom-dam-ekspress\/\" \/>\n<meta property=\"og:site_name\" content=\"Fjord\" \/>\n<meta property=\"article:modified_time\" content=\"2023-12-20T10:52:38+00:00\" \/>\n<meta property=\"og:image\" content=\"https:\/\/mentalhelse.no\/content\/uploads\/sites\/225\/2023\/12\/Webinar-DAM-ekspress-scaled.jpg\" \/>\n\t<meta property=\"og:image:width\" content=\"2560\" \/>\n\t<meta property=\"og:image:height\" content=\"1567\" \/>\n\t<meta property=\"og:image:type\" content=\"image\/jpeg\" \/>\n<meta name=\"twitter:card\" content=\"summary_large_image\" \/>\n<meta name=\"twitter:label1\" content=\"Ansl. lesetid\" \/>\n\t<meta name=\"twitter:data1\" content=\"2 minutter\" \/>\n<script type=\"application\/ld+json\" class=\"yoast-schema-graph\">{\"@context\":\"https:\/\/schema.org\",\"@graph\":[{\"@type\":\"WebPage\",\"@id\":\"https:\/\/mentalhelse.no\/fjord\/aktuelt\/midlar-til-lokal-aktivitet-og-frivilligheit-gjennom-dam-ekspress\/\",\"url\":\"https:\/\/mentalhelse.no\/fjord\/aktuelt\/midlar-til-lokal-aktivitet-og-frivilligheit-gjennom-dam-ekspress\/\",\"name\":\"Midlar til lokal aktivitet og frivilligheit gjennom DAM Ekspress - Fjord\",\"isPartOf\":{\"@id\":\"https:\/\/mentalhelse.no\/fjord\/#website\"},\"datePublished\":\"2023-12-20T10:52:27+00:00\",\"dateModified\":\"2023-12-20T10:52:38+00:00\",\"breadcrumb\":{\"@id\":\"https:\/\/mentalhelse.no\/fjord\/aktuelt\/midlar-til-lokal-aktivitet-og-frivilligheit-gjennom-dam-ekspress\/#breadcrumb\"},\"inLanguage\":\"nb-NO\",\"potentialAction\":[{\"@type\":\"ReadAction\",\"target\":[\"https:\/\/mentalhelse.no\/fjord\/aktuelt\/midlar-til-lokal-aktivitet-og-frivilligheit-gjennom-dam-ekspress\/\"]}]},{\"@type\":\"BreadcrumbList\",\"@id\":\"https:\/\/mentalhelse.no\/fjord\/aktuelt\/midlar-til-lokal-aktivitet-og-frivilligheit-gjennom-dam-ekspress\/#breadcrumb\",\"itemListElement\":[{\"@type\":\"ListItem\",\"position\":1,\"name\":\"Hjem\",\"item\":\"https:\/\/mentalhelse.no\/fjord\/\"},{\"@type\":\"ListItem\",\"position\":2,\"name\":\"Nyheter\",\"item\":\"https:\/\/mentalhelse.no\/fjord\/aktuelt\/\"},{\"@type\":\"ListItem\",\"position\":3,\"name\":\"Midlar til lokal aktivitet og frivilligheit gjennom DAM Ekspress\"}]},{\"@type\":\"WebSite\",\"@id\":\"https:\/\/mentalhelse.no\/fjord\/#website\",\"url\":\"https:\/\/mentalhelse.no\/fjord\/\",\"name\":\"Fjord\",\"description\":\"\",\"potentialAction\":[{\"@type\":\"SearchAction\",\"target\":{\"@type\":\"EntryPoint\",\"urlTemplate\":\"https:\/\/mentalhelse.no\/fjord\/?s={search_term_string}\"},\"query-input\":\"required name=search_term_string\"}],\"inLanguage\":\"nb-NO\"}]}<\/script>\n<!-- \/ Yoast SEO Premium plugin. -->","yoast_head_json":{"title":"Midlar til lokal aktivitet og frivilligheit gjennom DAM Ekspress - Mental Helse - Fjord","robots":{"index":"index","follow":"follow","max-snippet":"max-snippet:-1","max-image-preview":"max-image-preview:large","max-video-preview":"max-video-preview:-1"},"canonical":"https:\/\/mentalhelse.no\/fjord\/aktuelt\/midlar-til-lokal-aktivitet-og-frivilligheit-gjennom-dam-ekspress\/","og_locale":"nb_NO","og_type":"article","og_title":"Midlar til lokal aktivitet og frivilligheit gjennom DAM Ekspress","og_description":"Mental Helse ved r\u00e5dgjevar Johanna Myklebust og S\u00f8lvi Hagen inviterte til webinar torsdag 7. desember, der vi fekk vite om krava DAM set, samt fekk...","og_url":"https:\/\/mentalhelse.no\/fjord\/aktuelt\/midlar-til-lokal-aktivitet-og-frivilligheit-gjennom-dam-ekspress\/","og_site_name":"Fjord","article_modified_time":"2023-12-20T10:52:38+00:00","og_image":[{"width":2560,"height":1567,"url":"https:\/\/mentalhelse.no\/content\/uploads\/sites\/225\/2023\/12\/Webinar-DAM-ekspress-scaled.jpg","type":"image\/jpeg"}],"twitter_card":"summary_large_image","twitter_misc":{"Ansl. lesetid":"2 minutter"},"schema":{"@context":"https:\/\/schema.org","@graph":[{"@type":"WebPage","@id":"https:\/\/mentalhelse.no\/fjord\/aktuelt\/midlar-til-lokal-aktivitet-og-frivilligheit-gjennom-dam-ekspress\/","url":"https:\/\/mentalhelse.no\/fjord\/aktuelt\/midlar-til-lokal-aktivitet-og-frivilligheit-gjennom-dam-ekspress\/","name":"Midlar til lokal aktivitet og frivilligheit gjennom DAM Ekspress - Fjord","isPartOf":{"@id":"https:\/\/mentalhelse.no\/fjord\/#website"},"datePublished":"2023-12-20T10:52:27+00:00","dateModified":"2023-12-20T10:52:38+00:00","breadcrumb":{"@id":"https:\/\/mentalhelse.no\/fjord\/aktuelt\/midlar-til-lokal-aktivitet-og-frivilligheit-gjennom-dam-ekspress\/#breadcrumb"},"inLanguage":"nb-NO","potentialAction":[{"@type":"ReadAction","target":["https:\/\/mentalhelse.no\/fjord\/aktuelt\/midlar-til-lokal-aktivitet-og-frivilligheit-gjennom-dam-ekspress\/"]}]},{"@type":"BreadcrumbList","@id":"https:\/\/mentalhelse.no\/fjord\/aktuelt\/midlar-til-lokal-aktivitet-og-frivilligheit-gjennom-dam-ekspress\/#breadcrumb","itemListElement":[{"@type":"ListItem","position":1,"name":"Hjem","item":"https:\/\/mentalhelse.no\/fjord\/"},{"@type":"ListItem","position":2,"name":"Nyheter","item":"https:\/\/mentalhelse.no\/fjord\/aktuelt\/"},{"@type":"ListItem","position":3,"name":"Midlar til lokal aktivitet og frivilligheit gjennom DAM Ekspress"}]},{"@type":"WebSite","@id":"https:\/\/mentalhelse.no\/fjord\/#website","url":"https:\/\/mentalhelse.no\/fjord\/","name":"Fjord","description":"","potentialAction":[{"@type":"SearchAction","target":{"@type":"EntryPoint","urlTemplate":"https:\/\/mentalhelse.no\/fjord\/?s={search_term_string}"},"query-input":"required name=search_term_string"}],"inLanguage":"nb-NO"}]}},"_links":{"self":[{"href":"https:\/\/mentalhelse.no\/fjord\/wp-json\/wp\/v2\/news\/1296","targetHints":{"allow":["GET"]}}],"collection":[{"href":"https:\/\/mentalhelse.no\/fjord\/wp-json\/wp\/v2\/news"}],"about":[{"href":"https:\/\/mentalhelse.no\/fjord\/wp-json\/wp\/v2\/types\/news"}],"author":[{"embeddable":true,"href":"https:\/\/mentalhelse.no\/fjord\/wp-json\/wp\/v2\/users\/82"}],"wp:featuredmedia":[{"embeddable":true,"href":"https:\/\/mentalhelse.no\/fjord\/wp-json\/wp\/v2\/media\/1294"}],"wp:attachment":[{"href":"https:\/\/mentalhelse.no\/fjord\/wp-json\/wp\/v2\/media?parent=1296"}],"wp:term":[{"taxonomy":"news_category","embeddable":true,"href":"https:\/\/mentalhelse.no\/fjord\/wp-json\/wp\/v2\/news_category?post=1296"}],"curies":[{"name":"wp","href":"https:\/\/api.w.org\/{rel}","templated":true}]}}