{"id":1495,"date":"2024-04-05T21:47:29","date_gmt":"2024-04-05T21:47:29","guid":{"rendered":"https:\/\/mentalhelse.no\/fjord\/?post_type=news&#038;p=1495"},"modified":"2024-04-06T13:43:44","modified_gmt":"2024-04-06T13:43:44","slug":"lesestund-pa-biblioteket","status":"publish","type":"news","link":"https:\/\/mentalhelse.no\/fjord\/aktuelt\/lesestund-pa-biblioteket\/","title":{"rendered":"Lesestund p\u00e5 biblioteket"},"content":{"rendered":"<figure class=\"alignwide wp-block-post-featured-image\"><img loading=\"lazy\" decoding=\"async\" width=\"2560\" height=\"1707\" src=\"https:\/\/mentalhelse.no\/content\/uploads\/sites\/225\/2024\/04\/Biblioteket-2024-scaled.jpg\" class=\"attachment-post-thumbnail size-post-thumbnail wp-post-image\" alt=\"\" style=\"object-fit:cover; --focal-point: 50% 50%;\" srcset=\"https:\/\/mentalhelse.no\/content\/uploads\/sites\/225\/2024\/04\/Biblioteket-2024-scaled.jpg 2560w, https:\/\/mentalhelse.no\/content\/uploads\/sites\/225\/2024\/04\/Biblioteket-2024-300x200.jpg 300w, https:\/\/mentalhelse.no\/content\/uploads\/sites\/225\/2024\/04\/Biblioteket-2024-1024x683.jpg 1024w, https:\/\/mentalhelse.no\/content\/uploads\/sites\/225\/2024\/04\/Biblioteket-2024-768x512.jpg 768w, https:\/\/mentalhelse.no\/content\/uploads\/sites\/225\/2024\/04\/Biblioteket-2024-1536x1024.jpg 1536w, https:\/\/mentalhelse.no\/content\/uploads\/sites\/225\/2024\/04\/Biblioteket-2024-2048x1365.jpg 2048w\" sizes=\"auto, (max-width: 2560px) 100vw, 2560px\" \/><\/figure>\n\n<h1 class=\"wp-block-post-title\">Lesestund p\u00e5 biblioteket<\/h1>\n\n<div class=\"is-img-top mh-byline wp-block-mh-byline\">\n                  <div class=\"mh-byline__inner\">\n                  \t\n                  \t<div class=\"mh-byline__meta\">\n                  \t\t<div class=\"mh-byline__post\">\n                  \t\t\t<div class=\"entry-date\">05.04.2024<\/div>\n                  \t\t<\/div>\n                  \t\t<div class=\"mh-byline__author\">\n                  \t\t\t <span class=\"mh-byline__author-link\">lagfjord<\/span>\n\t\t\t\t\t\t<\/div>\n\t\t\t\t\t<\/div>\n\t\t\t\t<\/div>\n\t\t<\/div>\n\n<p class=\"t2-ingress wp-block-t2-ingress\">F\u00f8rste torsdagen i april m\u00f8ttest vi p\u00e5 biblioteket der bibliotekar Bj\u00f8rg las ein novelle som innleiing til samtale. <\/p>\n\n\n<h4 class=\"wp-block-heading\" id=\"h-evigvarande-tema\">Evigvarande tema?<\/h4>\n\n\n\n<p>Den handla om ei dame som skal i selskap til eit vennepar. Klesvalet er ikkje lett, og ho legg fram mange antrekk \u00e5 velje mellom. Tidlegare erfaringar, der ho i selskap har vorte plassert saman med aktuelle menn utan \u00e5 f\u00e5 &laquo;draget&raquo;, f\u00f8rer til at ho legg skulda p\u00e5 nasen sin som ho meiner ikkje er bra nok. Oppfatninga har ridd henne s\u00e5 mykje at ho har vore inne p\u00e5 tanken \u00e5 operere nasen for \u00e5 f\u00e5 den slik ho \u00f8nskjer det, men har sl\u00e5tt det fr\u00e5 seg. <\/p>\n\n\n\n<p>Endeleg klarert i god tid f\u00f8r selskapet syklar ho avgarde, men oppdagar plutseleg at ho er 40 minutt for seint ute fordi sommartida er over, set opp farten, k\u00f8yrer over ein issvull, fyk over inngangsporten til vertsfolket og landar. Kort fortalt,  ho forferda vertsfolket og dei andre gjestane som kom til, med eit forsl\u00e5tt bl\u00f8dande andlet. Men etter ho fekk vaska av seg blodet og roa seg litt, konstanterte ho med glede at no hadde nasen vorte slik ho \u00f8nskte og deltok i selskapet. Denne gongen opplevde ho at bordkavaleren hadde auge for henne.<\/p>\n\n\n\n<p>Historia handlar eigenleg om kroppspress skapt av eigne oppfatningar av utsj\u00e5naden som festar seg.  Velkjent er det ogs\u00e5 at n\u00e5r vi skal ut, er det ogs\u00e5 ei viss studering av kva vi skal ha p\u00e5 oss, om vi ser bra nok ut. Eit alltid aktuelt tema som er framstilt p\u00e5 ein humoristisk m\u00e5te i novellen kalla <em>Dame i svev<\/em> skriven av Marianne Fastvold. <\/p>\n\n\n\n<p>Etterp\u00e5 reiste vi ned p\u00e5 frivilligsentralen til kaffi\/te og vaflar, der praten gjekk  vidare.<\/p>\n\n\n\n<h2 class=\"wp-block-heading\" id=\"h-\"> <\/h2>\n\n\n\n\t\t<div class=\"mh-related-posts alignfull alignfull wp-block-mentalhelse-related-posts gray-mode\">\n\t\t\t<div class=\"mh-related-posts__inner\">\n\t\t\t\t\n\n<h3 class=\"wp-block-heading\" id=\"h-also-read\">Also read<\/h3>\n\n\n<div class=\"t2-featured-content-layout alignwide alignwide wp-block-t2-featured-content-layout\">\n<div class=\"t2-featured-query-post t2-featured-content is-post-type-news wp-block-t2-featured-query-post t2-featured-content-layout-col-4\"><a class=\"t2-post-link wp-block-t2-post-link\" href=\"https:\/\/mentalhelse.no\/fjord\/aktuelt\/pa-fylkesarsmote-2026\/\">\n\t<figure style=\"--t2-focal-point: 50% 50%;\" class=\"t2-post-featured-image has-image-ratio-16-9 wp-block-t2-post-featured-image\"><img loading=\"lazy\" decoding=\"async\" width=\"2048\" height=\"1152\" src=\"https:\/\/mentalhelse.no\/content\/uploads\/sites\/225\/2026\/04\/Delegatane.jpeg\" class=\"attachment-post-thumbnail size-post-thumbnail wp-post-image\" alt=\"\" srcset=\"https:\/\/mentalhelse.no\/content\/uploads\/sites\/225\/2026\/04\/Delegatane.jpeg 2048w, https:\/\/mentalhelse.no\/content\/uploads\/sites\/225\/2026\/04\/Delegatane-300x169.jpeg 300w, https:\/\/mentalhelse.no\/content\/uploads\/sites\/225\/2026\/04\/Delegatane-1024x576.jpeg 1024w, https:\/\/mentalhelse.no\/content\/uploads\/sites\/225\/2026\/04\/Delegatane-768x432.jpeg 768w, https:\/\/mentalhelse.no\/content\/uploads\/sites\/225\/2026\/04\/Delegatane-1536x864.jpeg 1536w\" sizes=\"auto, (max-width: 2048px) 100vw, 2048px\" style=\"--focal-point: 50% 50%;\" \/><\/figure>\n<\/a>\n\n<div class=\"wp-block-group postinfo alignfull is-layout-flow wp-block-group-is-layout-flow\">\n\t<div class=\"wp-block-mentalhelse-post-category\">\n\t\t\t\t\t<div class=\"post-type\">\n\t\t\t\t\t\t<a href=\"https:\/\/mentalhelse.no\/fjord\/aktuelt\/\">Nyheter<\/a>\n\t\t\t\t\t<\/div>\n\t\t\t\t\t\n\t\t\t\t\t<div class=\"post-category\">\n\t\t\t\t\t\t\n\t\t\t\t\t<\/div>\n\t\t\t<\/div>\n\t<a class=\"t2-post-link wp-block-t2-post-link\" href=\"https:\/\/mentalhelse.no\/fjord\/aktuelt\/pa-fylkesarsmote-2026\/\">\n\t<h2 class=\"t2-post-title wp-block-t2-post-title\">P\u00e5 fylkes\u00e5rsm\u00f8te 2026<\/h2>\n\t<\/a>\n<\/div>\n\n<\/div>\n\n<div class=\"t2-featured-query-post t2-featured-content is-post-type-news wp-block-t2-featured-query-post t2-featured-content-layout-col-4\"><a class=\"t2-post-link wp-block-t2-post-link\" href=\"https:\/\/mentalhelse.no\/fjord\/aktuelt\/frivilligmote-i-april\/\">\n\t<figure style=\"--t2-focal-point: 50% 50%;\" class=\"t2-post-featured-image has-image-ratio-16-9 wp-block-t2-post-featured-image\"><img loading=\"lazy\" decoding=\"async\" width=\"2560\" height=\"1920\" src=\"https:\/\/mentalhelse.no\/content\/uploads\/sites\/225\/2026\/04\/IMG_3314-scaled.jpeg\" class=\"attachment-post-thumbnail size-post-thumbnail wp-post-image\" alt=\"\" srcset=\"https:\/\/mentalhelse.no\/content\/uploads\/sites\/225\/2026\/04\/IMG_3314-scaled.jpeg 2560w, https:\/\/mentalhelse.no\/content\/uploads\/sites\/225\/2026\/04\/IMG_3314-300x225.jpeg 300w, https:\/\/mentalhelse.no\/content\/uploads\/sites\/225\/2026\/04\/IMG_3314-1024x768.jpeg 1024w, https:\/\/mentalhelse.no\/content\/uploads\/sites\/225\/2026\/04\/IMG_3314-768x576.jpeg 768w, https:\/\/mentalhelse.no\/content\/uploads\/sites\/225\/2026\/04\/IMG_3314-1536x1152.jpeg 1536w, https:\/\/mentalhelse.no\/content\/uploads\/sites\/225\/2026\/04\/IMG_3314-2048x1536.jpeg 2048w\" sizes=\"auto, (max-width: 2560px) 100vw, 2560px\" style=\"--focal-point: 50% 50%;\" \/><\/figure>\n<\/a>\n\n<div class=\"wp-block-group postinfo alignfull is-layout-flow wp-block-group-is-layout-flow\">\n\t<div class=\"wp-block-mentalhelse-post-category\">\n\t\t\t\t\t<div class=\"post-type\">\n\t\t\t\t\t\t<a href=\"https:\/\/mentalhelse.no\/fjord\/aktuelt\/\">Nyheter<\/a>\n\t\t\t\t\t<\/div>\n\t\t\t\t\t\n\t\t\t\t\t<div class=\"post-category\">\n\t\t\t\t\t\t\n\t\t\t\t\t<\/div>\n\t\t\t<\/div>\n\t<a class=\"t2-post-link wp-block-t2-post-link\" href=\"https:\/\/mentalhelse.no\/fjord\/aktuelt\/frivilligmote-i-april\/\">\n\t<h2 class=\"t2-post-title wp-block-t2-post-title\">Frivilligforum i april<\/h2>\n\t<\/a>\n<\/div>\n\n<\/div>\n\n<div class=\"t2-featured-query-post t2-featured-content is-post-type-news wp-block-t2-featured-query-post t2-featured-content-layout-col-4\"><a class=\"t2-post-link wp-block-t2-post-link\" href=\"https:\/\/mentalhelse.no\/fjord\/aktuelt\/steinomnbakt-pizza-herleg\/\">\n\t<figure style=\"--t2-focal-point: 50% 50%;\" class=\"t2-post-featured-image has-image-ratio-16-9 wp-block-t2-post-featured-image\"><img loading=\"lazy\" decoding=\"async\" width=\"1920\" height=\"1440\" src=\"https:\/\/mentalhelse.no\/content\/uploads\/sites\/225\/2026\/04\/Steiking.jpg\" class=\"attachment-post-thumbnail size-post-thumbnail wp-post-image\" alt=\"\" srcset=\"https:\/\/mentalhelse.no\/content\/uploads\/sites\/225\/2026\/04\/Steiking.jpg 1920w, https:\/\/mentalhelse.no\/content\/uploads\/sites\/225\/2026\/04\/Steiking-300x225.jpg 300w, https:\/\/mentalhelse.no\/content\/uploads\/sites\/225\/2026\/04\/Steiking-1024x768.jpg 1024w, https:\/\/mentalhelse.no\/content\/uploads\/sites\/225\/2026\/04\/Steiking-768x576.jpg 768w, https:\/\/mentalhelse.no\/content\/uploads\/sites\/225\/2026\/04\/Steiking-1536x1152.jpg 1536w\" sizes=\"auto, (max-width: 1920px) 100vw, 1920px\" style=\"--focal-point: 50% 50%;\" \/><\/figure>\n<\/a>\n\n<div class=\"wp-block-group postinfo alignfull is-layout-flow wp-block-group-is-layout-flow\">\n\t<div class=\"wp-block-mentalhelse-post-category\">\n\t\t\t\t\t<div class=\"post-type\">\n\t\t\t\t\t\t<a href=\"https:\/\/mentalhelse.no\/fjord\/aktuelt\/\">Nyheter<\/a>\n\t\t\t\t\t<\/div>\n\t\t\t\t\t\n\t\t\t\t\t<div class=\"post-category\">\n\t\t\t\t\t\t\n\t\t\t\t\t<\/div>\n\t\t\t<\/div>\n\t<a class=\"t2-post-link wp-block-t2-post-link\" href=\"https:\/\/mentalhelse.no\/fjord\/aktuelt\/steinomnbakt-pizza-herleg\/\">\n\t<h2 class=\"t2-post-title wp-block-t2-post-title\">Steinomnbakt pizza &#8211; herleg<\/h2>\n\t<\/a>\n<\/div>\n\n<\/div>\n<\/div>\n\n\t\t\t<\/div>\n\t\t<\/div>","protected":false},"excerpt":{"rendered":"<p>Evigvarande tema? Den handla om ei dame som skal i selskap til eit vennepar. Klesvalet er ikkje lett, og ho legg fram mange antrekk \u00e5&#8230;<\/p>\n","protected":false},"author":82,"featured_media":1496,"parent":0,"template":"","meta":{"t2_featured_media_focal_point":{"x":0.5,"y":0.5},"mh_hide_title":true},"news_category":[],"class_list":["post-1495","news","type-news","status-publish","has-post-thumbnail","hentry"],"yoast_head":"<!-- This site is optimized with the Yoast SEO Premium plugin v21.2 (Yoast SEO v21.2) - https:\/\/yoast.com\/wordpress\/plugins\/seo\/ -->\n<title>Lesestund p\u00e5 biblioteket - Mental Helse - Fjord<\/title>\n<meta name=\"robots\" content=\"index, follow, max-snippet:-1, max-image-preview:large, max-video-preview:-1\" \/>\n<link rel=\"canonical\" href=\"https:\/\/mentalhelse.no\/fjord\/aktuelt\/lesestund-pa-biblioteket\/\" \/>\n<meta property=\"og:locale\" content=\"nb_NO\" \/>\n<meta property=\"og:type\" content=\"article\" \/>\n<meta property=\"og:title\" content=\"Lesestund p\u00e5 biblioteket\" \/>\n<meta property=\"og:description\" content=\"Evigvarande tema? Den handla om ei dame som skal i selskap til eit vennepar. Klesvalet er ikkje lett, og ho legg fram mange antrekk \u00e5...\" \/>\n<meta property=\"og:url\" content=\"https:\/\/mentalhelse.no\/fjord\/aktuelt\/lesestund-pa-biblioteket\/\" \/>\n<meta property=\"og:site_name\" content=\"Fjord\" \/>\n<meta property=\"article:modified_time\" content=\"2024-04-06T13:43:44+00:00\" \/>\n<meta property=\"og:image\" content=\"https:\/\/mentalhelse.no\/content\/uploads\/sites\/225\/2024\/04\/Biblioteket-2024-scaled.jpg\" \/>\n\t<meta property=\"og:image:width\" content=\"2560\" \/>\n\t<meta property=\"og:image:height\" content=\"1707\" \/>\n\t<meta property=\"og:image:type\" content=\"image\/jpeg\" \/>\n<meta name=\"twitter:card\" content=\"summary_large_image\" \/>\n<meta name=\"twitter:label1\" content=\"Ansl. lesetid\" \/>\n\t<meta name=\"twitter:data1\" content=\"2 minutter\" \/>\n<script type=\"application\/ld+json\" class=\"yoast-schema-graph\">{\"@context\":\"https:\/\/schema.org\",\"@graph\":[{\"@type\":\"WebPage\",\"@id\":\"https:\/\/mentalhelse.no\/fjord\/aktuelt\/lesestund-pa-biblioteket\/\",\"url\":\"https:\/\/mentalhelse.no\/fjord\/aktuelt\/lesestund-pa-biblioteket\/\",\"name\":\"Lesestund p\u00e5 biblioteket - Fjord\",\"isPartOf\":{\"@id\":\"https:\/\/mentalhelse.no\/fjord\/#website\"},\"datePublished\":\"2024-04-05T21:47:29+00:00\",\"dateModified\":\"2024-04-06T13:43:44+00:00\",\"breadcrumb\":{\"@id\":\"https:\/\/mentalhelse.no\/fjord\/aktuelt\/lesestund-pa-biblioteket\/#breadcrumb\"},\"inLanguage\":\"nb-NO\",\"potentialAction\":[{\"@type\":\"ReadAction\",\"target\":[\"https:\/\/mentalhelse.no\/fjord\/aktuelt\/lesestund-pa-biblioteket\/\"]}]},{\"@type\":\"BreadcrumbList\",\"@id\":\"https:\/\/mentalhelse.no\/fjord\/aktuelt\/lesestund-pa-biblioteket\/#breadcrumb\",\"itemListElement\":[{\"@type\":\"ListItem\",\"position\":1,\"name\":\"Hjem\",\"item\":\"https:\/\/mentalhelse.no\/fjord\/\"},{\"@type\":\"ListItem\",\"position\":2,\"name\":\"Nyheter\",\"item\":\"https:\/\/mentalhelse.no\/fjord\/aktuelt\/\"},{\"@type\":\"ListItem\",\"position\":3,\"name\":\"Lesestund p\u00e5 biblioteket\"}]},{\"@type\":\"WebSite\",\"@id\":\"https:\/\/mentalhelse.no\/fjord\/#website\",\"url\":\"https:\/\/mentalhelse.no\/fjord\/\",\"name\":\"Fjord\",\"description\":\"\",\"potentialAction\":[{\"@type\":\"SearchAction\",\"target\":{\"@type\":\"EntryPoint\",\"urlTemplate\":\"https:\/\/mentalhelse.no\/fjord\/?s={search_term_string}\"},\"query-input\":\"required name=search_term_string\"}],\"inLanguage\":\"nb-NO\"}]}<\/script>\n<!-- \/ Yoast SEO Premium plugin. -->","yoast_head_json":{"title":"Lesestund p\u00e5 biblioteket - Mental Helse - Fjord","robots":{"index":"index","follow":"follow","max-snippet":"max-snippet:-1","max-image-preview":"max-image-preview:large","max-video-preview":"max-video-preview:-1"},"canonical":"https:\/\/mentalhelse.no\/fjord\/aktuelt\/lesestund-pa-biblioteket\/","og_locale":"nb_NO","og_type":"article","og_title":"Lesestund p\u00e5 biblioteket","og_description":"Evigvarande tema? Den handla om ei dame som skal i selskap til eit vennepar. Klesvalet er ikkje lett, og ho legg fram mange antrekk \u00e5...","og_url":"https:\/\/mentalhelse.no\/fjord\/aktuelt\/lesestund-pa-biblioteket\/","og_site_name":"Fjord","article_modified_time":"2024-04-06T13:43:44+00:00","og_image":[{"width":2560,"height":1707,"url":"https:\/\/mentalhelse.no\/content\/uploads\/sites\/225\/2024\/04\/Biblioteket-2024-scaled.jpg","type":"image\/jpeg"}],"twitter_card":"summary_large_image","twitter_misc":{"Ansl. lesetid":"2 minutter"},"schema":{"@context":"https:\/\/schema.org","@graph":[{"@type":"WebPage","@id":"https:\/\/mentalhelse.no\/fjord\/aktuelt\/lesestund-pa-biblioteket\/","url":"https:\/\/mentalhelse.no\/fjord\/aktuelt\/lesestund-pa-biblioteket\/","name":"Lesestund p\u00e5 biblioteket - Fjord","isPartOf":{"@id":"https:\/\/mentalhelse.no\/fjord\/#website"},"datePublished":"2024-04-05T21:47:29+00:00","dateModified":"2024-04-06T13:43:44+00:00","breadcrumb":{"@id":"https:\/\/mentalhelse.no\/fjord\/aktuelt\/lesestund-pa-biblioteket\/#breadcrumb"},"inLanguage":"nb-NO","potentialAction":[{"@type":"ReadAction","target":["https:\/\/mentalhelse.no\/fjord\/aktuelt\/lesestund-pa-biblioteket\/"]}]},{"@type":"BreadcrumbList","@id":"https:\/\/mentalhelse.no\/fjord\/aktuelt\/lesestund-pa-biblioteket\/#breadcrumb","itemListElement":[{"@type":"ListItem","position":1,"name":"Hjem","item":"https:\/\/mentalhelse.no\/fjord\/"},{"@type":"ListItem","position":2,"name":"Nyheter","item":"https:\/\/mentalhelse.no\/fjord\/aktuelt\/"},{"@type":"ListItem","position":3,"name":"Lesestund p\u00e5 biblioteket"}]},{"@type":"WebSite","@id":"https:\/\/mentalhelse.no\/fjord\/#website","url":"https:\/\/mentalhelse.no\/fjord\/","name":"Fjord","description":"","potentialAction":[{"@type":"SearchAction","target":{"@type":"EntryPoint","urlTemplate":"https:\/\/mentalhelse.no\/fjord\/?s={search_term_string}"},"query-input":"required name=search_term_string"}],"inLanguage":"nb-NO"}]}},"_links":{"self":[{"href":"https:\/\/mentalhelse.no\/fjord\/wp-json\/wp\/v2\/news\/1495","targetHints":{"allow":["GET"]}}],"collection":[{"href":"https:\/\/mentalhelse.no\/fjord\/wp-json\/wp\/v2\/news"}],"about":[{"href":"https:\/\/mentalhelse.no\/fjord\/wp-json\/wp\/v2\/types\/news"}],"author":[{"embeddable":true,"href":"https:\/\/mentalhelse.no\/fjord\/wp-json\/wp\/v2\/users\/82"}],"wp:featuredmedia":[{"embeddable":true,"href":"https:\/\/mentalhelse.no\/fjord\/wp-json\/wp\/v2\/media\/1496"}],"wp:attachment":[{"href":"https:\/\/mentalhelse.no\/fjord\/wp-json\/wp\/v2\/media?parent=1495"}],"wp:term":[{"taxonomy":"news_category","embeddable":true,"href":"https:\/\/mentalhelse.no\/fjord\/wp-json\/wp\/v2\/news_category?post=1495"}],"curies":[{"name":"wp","href":"https:\/\/api.w.org\/{rel}","templated":true}]}}