{"id":1604,"date":"2024-06-15T05:13:47","date_gmt":"2024-06-15T05:13:47","guid":{"rendered":"https:\/\/mentalhelse.no\/fjord\/?post_type=news&#038;p=1604"},"modified":"2024-06-15T05:14:37","modified_gmt":"2024-06-15T05:14:37","slug":"pa-lokallagstreff-i-skodje","status":"publish","type":"news","link":"https:\/\/mentalhelse.no\/fjord\/aktuelt\/pa-lokallagstreff-i-skodje\/","title":{"rendered":"P\u00e5 lokallagstreff i Skodje"},"content":{"rendered":"<figure class=\"alignwide wp-block-post-featured-image\"><img loading=\"lazy\" decoding=\"async\" width=\"1599\" height=\"900\" src=\"https:\/\/mentalhelse.no\/content\/uploads\/sites\/225\/2024\/06\/Frammotte.jpg\" class=\"attachment-post-thumbnail size-post-thumbnail wp-post-image\" alt=\"\" style=\"object-fit:cover; --focal-point: 53% 47%;\" srcset=\"https:\/\/mentalhelse.no\/content\/uploads\/sites\/225\/2024\/06\/Frammotte.jpg 1599w, https:\/\/mentalhelse.no\/content\/uploads\/sites\/225\/2024\/06\/Frammotte-300x169.jpg 300w, https:\/\/mentalhelse.no\/content\/uploads\/sites\/225\/2024\/06\/Frammotte-1024x576.jpg 1024w, https:\/\/mentalhelse.no\/content\/uploads\/sites\/225\/2024\/06\/Frammotte-768x432.jpg 768w, https:\/\/mentalhelse.no\/content\/uploads\/sites\/225\/2024\/06\/Frammotte-1536x865.jpg 1536w\" sizes=\"auto, (max-width: 1599px) 100vw, 1599px\" \/><\/figure>\n\n<h1 class=\"wp-block-post-title\">P\u00e5 lokallagstreff i Skodje<\/h1>\n\n<div class=\"is-img-top mh-byline wp-block-mh-byline\">\n                  <div class=\"mh-byline__inner\">\n                  \t\n                  \t<div class=\"mh-byline__meta\">\n                  \t\t<div class=\"mh-byline__post\">\n                  \t\t\t<div class=\"entry-date\">15.06.2024<\/div>\n                  \t\t<\/div>\n                  \t\t<div class=\"mh-byline__author\">\n                  \t\t\t <span class=\"mh-byline__author-link\">lagfjord<\/span>\n\t\t\t\t\t\t<\/div>\n\t\t\t\t\t<\/div>\n\t\t\t\t<\/div>\n\t\t<\/div>\n\n\n<p>Sundag 9. juni inviterte Mental Helse Skodje\/\u00d8rskog alle lokallaga i fylket v\u00e5rt til treff i Skodje.<\/p>\n\n\n\n<p>   <\/p>\n\n\n\n<h4 class=\"wp-block-heading\" id=\"h-triveleg-treff\">Triveleg treff<br> <\/h4>\n\n\n\n<p>Det er ein langvarig tradisjon at eitt lokallag i fylket kvart \u00e5r inviterer alle dei andre lokallaga til treff hos seg. I \u00e5r var det Mental Helse Skodje\/\u00d8rskog som tok  stafettpinnen. Dei inviterte oss til Nersk\u00f8yel\u00f8a i Skodje. <\/p>\n\n\n\n<p>I overkant av 60 medlemmer fr\u00e5 \u00e5tte lokallag m\u00f8ttes og hadde ei triveleg \u00f8kt saman. Bj\u00f8rn Nedreskodje fortalde historia om Skodje, og om diverse oldtidfunn som ein har funne i omr\u00e5det. Brit Ellen Carlsen hadde fleire sanginnslag, og det var ogs\u00e5 allsong. Dei som \u00f8nskte det, fekk omvisning p\u00e5 dagtilbodet Sommerfuglen som lokallaget driftar saman med \u00c5lesund kommune. <\/p>\n\n\n\n<p>   <\/p>\n\n\n\n<div class=\"wp-block-columns is-layout-flex wp-container-core-columns-is-layout-1 wp-block-columns-is-layout-flex\">\n<div class=\"wp-block-column is-layout-flow wp-block-column-is-layout-flow\" style=\"flex-basis:66.66%\">\n<figure class=\"wp-block-image size-full\"><img loading=\"lazy\" decoding=\"async\" width=\"798\" height=\"449\" src=\"https:\/\/mentalhelse.no\/content\/uploads\/sites\/225\/2024\/06\/Fra-matbordet.jpg\" alt=\"\" class=\"wp-image-1606\" srcset=\"https:\/\/mentalhelse.no\/content\/uploads\/sites\/225\/2024\/06\/Fra-matbordet.jpg 798w, https:\/\/mentalhelse.no\/content\/uploads\/sites\/225\/2024\/06\/Fra-matbordet-300x169.jpg 300w, https:\/\/mentalhelse.no\/content\/uploads\/sites\/225\/2024\/06\/Fra-matbordet-768x432.jpg 768w\" sizes=\"auto, (max-width: 798px) 100vw, 798px\" \/><\/figure>\n<\/div>\n\n\n\n<div class=\"wp-block-column is-layout-flow wp-block-column-is-layout-flow\" style=\"flex-basis:33.33%\">\n<p>Vertsskapet hadde to varmrettar som gjestane fekk velje mellom, oksegryte og bacalao. Begge rettane smakte godt. Seinare vart det servert kaker og kaffe\/te. <\/p>\n<\/div>\n<\/div>\n\n\n\n\n\n<figure class=\"wp-block-image size-large\"><img loading=\"lazy\" decoding=\"async\" width=\"1024\" height=\"269\" src=\"https:\/\/mentalhelse.no\/content\/uploads\/sites\/225\/2024\/06\/Mange-fra-Fjord-1024x269.jpg\" alt=\"\" class=\"wp-image-1607\" srcset=\"https:\/\/mentalhelse.no\/content\/uploads\/sites\/225\/2024\/06\/Mange-fra-Fjord-1024x269.jpg 1024w, https:\/\/mentalhelse.no\/content\/uploads\/sites\/225\/2024\/06\/Mange-fra-Fjord-300x79.jpg 300w, https:\/\/mentalhelse.no\/content\/uploads\/sites\/225\/2024\/06\/Mange-fra-Fjord-768x202.jpg 768w, https:\/\/mentalhelse.no\/content\/uploads\/sites\/225\/2024\/06\/Mange-fra-Fjord-1536x404.jpg 1536w, https:\/\/mentalhelse.no\/content\/uploads\/sites\/225\/2024\/06\/Mange-fra-Fjord.jpg 1602w\" sizes=\"auto, (max-width: 1024px) 100vw, 1024px\" \/><figcaption class=\"wp-element-caption\">Fr\u00e5 v\u00e5rt lokallag m\u00f8tte elleve medlemmer som hadde ei triveleg \u00f8kt saman med dei andre p\u00e5 treffet.<\/figcaption><\/figure>\n\n\n\n<h2 class=\"wp-block-heading\" id=\"h-\"> <\/h2>\n\n\n\n\t\t<div class=\"mh-related-posts alignfull alignfull wp-block-mentalhelse-related-posts gray-mode\">\n\t\t\t<div class=\"mh-related-posts__inner\">\n\t\t\t\t\n\n<h3 class=\"wp-block-heading\" id=\"h-also-read\">Also read<\/h3>\n\n\n<div class=\"t2-featured-content-layout alignwide alignwide wp-block-t2-featured-content-layout\">\n<div class=\"t2-featured-query-post t2-featured-content is-post-type-news wp-block-t2-featured-query-post t2-featured-content-layout-col-4\"><a class=\"t2-post-link wp-block-t2-post-link\" href=\"https:\/\/mentalhelse.no\/fjord\/aktuelt\/pa-fylkesarsmote-2026\/\">\n\t<figure style=\"--t2-focal-point: 50% 50%;\" class=\"t2-post-featured-image has-image-ratio-16-9 wp-block-t2-post-featured-image\"><img loading=\"lazy\" decoding=\"async\" width=\"2048\" height=\"1152\" src=\"https:\/\/mentalhelse.no\/content\/uploads\/sites\/225\/2026\/04\/Delegatane.jpeg\" class=\"attachment-post-thumbnail size-post-thumbnail wp-post-image\" alt=\"\" srcset=\"https:\/\/mentalhelse.no\/content\/uploads\/sites\/225\/2026\/04\/Delegatane.jpeg 2048w, https:\/\/mentalhelse.no\/content\/uploads\/sites\/225\/2026\/04\/Delegatane-300x169.jpeg 300w, https:\/\/mentalhelse.no\/content\/uploads\/sites\/225\/2026\/04\/Delegatane-1024x576.jpeg 1024w, https:\/\/mentalhelse.no\/content\/uploads\/sites\/225\/2026\/04\/Delegatane-768x432.jpeg 768w, https:\/\/mentalhelse.no\/content\/uploads\/sites\/225\/2026\/04\/Delegatane-1536x864.jpeg 1536w\" sizes=\"auto, (max-width: 2048px) 100vw, 2048px\" style=\"--focal-point: 50% 50%;\" \/><\/figure>\n<\/a>\n\n<div class=\"wp-block-group postinfo alignfull is-layout-flow wp-block-group-is-layout-flow\">\n\t<div class=\"wp-block-mentalhelse-post-category\">\n\t\t\t\t\t<div class=\"post-type\">\n\t\t\t\t\t\t<a href=\"https:\/\/mentalhelse.no\/fjord\/aktuelt\/\">Nyheter<\/a>\n\t\t\t\t\t<\/div>\n\t\t\t\t\t\n\t\t\t\t\t<div class=\"post-category\">\n\t\t\t\t\t\t\n\t\t\t\t\t<\/div>\n\t\t\t<\/div>\n\t<a class=\"t2-post-link wp-block-t2-post-link\" href=\"https:\/\/mentalhelse.no\/fjord\/aktuelt\/pa-fylkesarsmote-2026\/\">\n\t<h2 class=\"t2-post-title wp-block-t2-post-title\">P\u00e5 fylkes\u00e5rsm\u00f8te 2026<\/h2>\n\t<\/a>\n<\/div>\n\n<\/div>\n\n<div class=\"t2-featured-query-post t2-featured-content is-post-type-news wp-block-t2-featured-query-post t2-featured-content-layout-col-4\"><a class=\"t2-post-link wp-block-t2-post-link\" href=\"https:\/\/mentalhelse.no\/fjord\/aktuelt\/frivilligmote-i-april\/\">\n\t<figure style=\"--t2-focal-point: 50% 50%;\" class=\"t2-post-featured-image has-image-ratio-16-9 wp-block-t2-post-featured-image\"><img loading=\"lazy\" decoding=\"async\" width=\"2560\" height=\"1920\" src=\"https:\/\/mentalhelse.no\/content\/uploads\/sites\/225\/2026\/04\/IMG_3314-scaled.jpeg\" class=\"attachment-post-thumbnail size-post-thumbnail wp-post-image\" alt=\"\" srcset=\"https:\/\/mentalhelse.no\/content\/uploads\/sites\/225\/2026\/04\/IMG_3314-scaled.jpeg 2560w, https:\/\/mentalhelse.no\/content\/uploads\/sites\/225\/2026\/04\/IMG_3314-300x225.jpeg 300w, https:\/\/mentalhelse.no\/content\/uploads\/sites\/225\/2026\/04\/IMG_3314-1024x768.jpeg 1024w, https:\/\/mentalhelse.no\/content\/uploads\/sites\/225\/2026\/04\/IMG_3314-768x576.jpeg 768w, https:\/\/mentalhelse.no\/content\/uploads\/sites\/225\/2026\/04\/IMG_3314-1536x1152.jpeg 1536w, https:\/\/mentalhelse.no\/content\/uploads\/sites\/225\/2026\/04\/IMG_3314-2048x1536.jpeg 2048w\" sizes=\"auto, (max-width: 2560px) 100vw, 2560px\" style=\"--focal-point: 50% 50%;\" \/><\/figure>\n<\/a>\n\n<div class=\"wp-block-group postinfo alignfull is-layout-flow wp-block-group-is-layout-flow\">\n\t<div class=\"wp-block-mentalhelse-post-category\">\n\t\t\t\t\t<div class=\"post-type\">\n\t\t\t\t\t\t<a href=\"https:\/\/mentalhelse.no\/fjord\/aktuelt\/\">Nyheter<\/a>\n\t\t\t\t\t<\/div>\n\t\t\t\t\t\n\t\t\t\t\t<div class=\"post-category\">\n\t\t\t\t\t\t\n\t\t\t\t\t<\/div>\n\t\t\t<\/div>\n\t<a class=\"t2-post-link wp-block-t2-post-link\" href=\"https:\/\/mentalhelse.no\/fjord\/aktuelt\/frivilligmote-i-april\/\">\n\t<h2 class=\"t2-post-title wp-block-t2-post-title\">Frivilligforum i april<\/h2>\n\t<\/a>\n<\/div>\n\n<\/div>\n\n<div class=\"t2-featured-query-post t2-featured-content is-post-type-news wp-block-t2-featured-query-post t2-featured-content-layout-col-4\"><a class=\"t2-post-link wp-block-t2-post-link\" href=\"https:\/\/mentalhelse.no\/fjord\/aktuelt\/steinomnbakt-pizza-herleg\/\">\n\t<figure style=\"--t2-focal-point: 50% 50%;\" class=\"t2-post-featured-image has-image-ratio-16-9 wp-block-t2-post-featured-image\"><img loading=\"lazy\" decoding=\"async\" width=\"1920\" height=\"1440\" src=\"https:\/\/mentalhelse.no\/content\/uploads\/sites\/225\/2026\/04\/Steiking.jpg\" class=\"attachment-post-thumbnail size-post-thumbnail wp-post-image\" alt=\"\" srcset=\"https:\/\/mentalhelse.no\/content\/uploads\/sites\/225\/2026\/04\/Steiking.jpg 1920w, https:\/\/mentalhelse.no\/content\/uploads\/sites\/225\/2026\/04\/Steiking-300x225.jpg 300w, https:\/\/mentalhelse.no\/content\/uploads\/sites\/225\/2026\/04\/Steiking-1024x768.jpg 1024w, https:\/\/mentalhelse.no\/content\/uploads\/sites\/225\/2026\/04\/Steiking-768x576.jpg 768w, https:\/\/mentalhelse.no\/content\/uploads\/sites\/225\/2026\/04\/Steiking-1536x1152.jpg 1536w\" sizes=\"auto, (max-width: 1920px) 100vw, 1920px\" style=\"--focal-point: 50% 50%;\" \/><\/figure>\n<\/a>\n\n<div class=\"wp-block-group postinfo alignfull is-layout-flow wp-block-group-is-layout-flow\">\n\t<div class=\"wp-block-mentalhelse-post-category\">\n\t\t\t\t\t<div class=\"post-type\">\n\t\t\t\t\t\t<a href=\"https:\/\/mentalhelse.no\/fjord\/aktuelt\/\">Nyheter<\/a>\n\t\t\t\t\t<\/div>\n\t\t\t\t\t\n\t\t\t\t\t<div class=\"post-category\">\n\t\t\t\t\t\t\n\t\t\t\t\t<\/div>\n\t\t\t<\/div>\n\t<a class=\"t2-post-link wp-block-t2-post-link\" href=\"https:\/\/mentalhelse.no\/fjord\/aktuelt\/steinomnbakt-pizza-herleg\/\">\n\t<h2 class=\"t2-post-title wp-block-t2-post-title\">Steinomnbakt pizza &#8211; herleg<\/h2>\n\t<\/a>\n<\/div>\n\n<\/div>\n<\/div>\n\n\t\t\t<\/div>\n\t\t<\/div>","protected":false},"excerpt":{"rendered":"<p>Sundag 9. juni inviterte Mental Helse Skodje\/\u00d8rskog alle lokallaga i fylket v\u00e5rt til treff i Skodje. Triveleg treff Det er ein langvarig tradisjon at eitt&#8230;<\/p>\n","protected":false},"author":82,"featured_media":1605,"parent":0,"template":"","meta":{"t2_featured_media_focal_point":{"x":0.53,"y":0.47},"mh_hide_title":true},"news_category":[],"class_list":["post-1604","news","type-news","status-publish","has-post-thumbnail","hentry"],"yoast_head":"<!-- This site is optimized with the Yoast SEO Premium plugin v21.2 (Yoast SEO v21.2) - https:\/\/yoast.com\/wordpress\/plugins\/seo\/ -->\n<title>P\u00e5 lokallagstreff i Skodje - Mental Helse - Fjord<\/title>\n<meta name=\"robots\" content=\"index, follow, max-snippet:-1, max-image-preview:large, max-video-preview:-1\" \/>\n<link rel=\"canonical\" href=\"https:\/\/mentalhelse.no\/fjord\/aktuelt\/pa-lokallagstreff-i-skodje\/\" \/>\n<meta property=\"og:locale\" content=\"nb_NO\" \/>\n<meta property=\"og:type\" content=\"article\" \/>\n<meta property=\"og:title\" content=\"P\u00e5 lokallagstreff i Skodje\" \/>\n<meta property=\"og:description\" content=\"Sundag 9. juni inviterte Mental Helse Skodje\/\u00d8rskog alle lokallaga i fylket v\u00e5rt til treff i Skodje. Triveleg treff Det er ein langvarig tradisjon at eitt...\" \/>\n<meta property=\"og:url\" content=\"https:\/\/mentalhelse.no\/fjord\/aktuelt\/pa-lokallagstreff-i-skodje\/\" \/>\n<meta property=\"og:site_name\" content=\"Fjord\" \/>\n<meta property=\"article:modified_time\" content=\"2024-06-15T05:14:37+00:00\" \/>\n<meta property=\"og:image\" content=\"https:\/\/mentalhelse.no\/content\/uploads\/sites\/225\/2024\/06\/Frammotte.jpg\" \/>\n\t<meta property=\"og:image:width\" content=\"1599\" \/>\n\t<meta property=\"og:image:height\" content=\"900\" \/>\n\t<meta property=\"og:image:type\" content=\"image\/jpeg\" \/>\n<meta name=\"twitter:card\" content=\"summary_large_image\" \/>\n<meta name=\"twitter:label1\" content=\"Ansl. lesetid\" \/>\n\t<meta name=\"twitter:data1\" content=\"2 minutter\" \/>\n<script type=\"application\/ld+json\" class=\"yoast-schema-graph\">{\"@context\":\"https:\/\/schema.org\",\"@graph\":[{\"@type\":\"WebPage\",\"@id\":\"https:\/\/mentalhelse.no\/fjord\/aktuelt\/pa-lokallagstreff-i-skodje\/\",\"url\":\"https:\/\/mentalhelse.no\/fjord\/aktuelt\/pa-lokallagstreff-i-skodje\/\",\"name\":\"P\u00e5 lokallagstreff i Skodje - Fjord\",\"isPartOf\":{\"@id\":\"https:\/\/mentalhelse.no\/fjord\/#website\"},\"datePublished\":\"2024-06-15T05:13:47+00:00\",\"dateModified\":\"2024-06-15T05:14:37+00:00\",\"breadcrumb\":{\"@id\":\"https:\/\/mentalhelse.no\/fjord\/aktuelt\/pa-lokallagstreff-i-skodje\/#breadcrumb\"},\"inLanguage\":\"nb-NO\",\"potentialAction\":[{\"@type\":\"ReadAction\",\"target\":[\"https:\/\/mentalhelse.no\/fjord\/aktuelt\/pa-lokallagstreff-i-skodje\/\"]}]},{\"@type\":\"BreadcrumbList\",\"@id\":\"https:\/\/mentalhelse.no\/fjord\/aktuelt\/pa-lokallagstreff-i-skodje\/#breadcrumb\",\"itemListElement\":[{\"@type\":\"ListItem\",\"position\":1,\"name\":\"Hjem\",\"item\":\"https:\/\/mentalhelse.no\/fjord\/\"},{\"@type\":\"ListItem\",\"position\":2,\"name\":\"Nyheter\",\"item\":\"https:\/\/mentalhelse.no\/fjord\/aktuelt\/\"},{\"@type\":\"ListItem\",\"position\":3,\"name\":\"P\u00e5 lokallagstreff i Skodje\"}]},{\"@type\":\"WebSite\",\"@id\":\"https:\/\/mentalhelse.no\/fjord\/#website\",\"url\":\"https:\/\/mentalhelse.no\/fjord\/\",\"name\":\"Fjord\",\"description\":\"\",\"potentialAction\":[{\"@type\":\"SearchAction\",\"target\":{\"@type\":\"EntryPoint\",\"urlTemplate\":\"https:\/\/mentalhelse.no\/fjord\/?s={search_term_string}\"},\"query-input\":\"required name=search_term_string\"}],\"inLanguage\":\"nb-NO\"}]}<\/script>\n<!-- \/ Yoast SEO Premium plugin. -->","yoast_head_json":{"title":"P\u00e5 lokallagstreff i Skodje - Mental Helse - Fjord","robots":{"index":"index","follow":"follow","max-snippet":"max-snippet:-1","max-image-preview":"max-image-preview:large","max-video-preview":"max-video-preview:-1"},"canonical":"https:\/\/mentalhelse.no\/fjord\/aktuelt\/pa-lokallagstreff-i-skodje\/","og_locale":"nb_NO","og_type":"article","og_title":"P\u00e5 lokallagstreff i Skodje","og_description":"Sundag 9. juni inviterte Mental Helse Skodje\/\u00d8rskog alle lokallaga i fylket v\u00e5rt til treff i Skodje. Triveleg treff Det er ein langvarig tradisjon at eitt...","og_url":"https:\/\/mentalhelse.no\/fjord\/aktuelt\/pa-lokallagstreff-i-skodje\/","og_site_name":"Fjord","article_modified_time":"2024-06-15T05:14:37+00:00","og_image":[{"width":1599,"height":900,"url":"https:\/\/mentalhelse.no\/content\/uploads\/sites\/225\/2024\/06\/Frammotte.jpg","type":"image\/jpeg"}],"twitter_card":"summary_large_image","twitter_misc":{"Ansl. lesetid":"2 minutter"},"schema":{"@context":"https:\/\/schema.org","@graph":[{"@type":"WebPage","@id":"https:\/\/mentalhelse.no\/fjord\/aktuelt\/pa-lokallagstreff-i-skodje\/","url":"https:\/\/mentalhelse.no\/fjord\/aktuelt\/pa-lokallagstreff-i-skodje\/","name":"P\u00e5 lokallagstreff i Skodje - Fjord","isPartOf":{"@id":"https:\/\/mentalhelse.no\/fjord\/#website"},"datePublished":"2024-06-15T05:13:47+00:00","dateModified":"2024-06-15T05:14:37+00:00","breadcrumb":{"@id":"https:\/\/mentalhelse.no\/fjord\/aktuelt\/pa-lokallagstreff-i-skodje\/#breadcrumb"},"inLanguage":"nb-NO","potentialAction":[{"@type":"ReadAction","target":["https:\/\/mentalhelse.no\/fjord\/aktuelt\/pa-lokallagstreff-i-skodje\/"]}]},{"@type":"BreadcrumbList","@id":"https:\/\/mentalhelse.no\/fjord\/aktuelt\/pa-lokallagstreff-i-skodje\/#breadcrumb","itemListElement":[{"@type":"ListItem","position":1,"name":"Hjem","item":"https:\/\/mentalhelse.no\/fjord\/"},{"@type":"ListItem","position":2,"name":"Nyheter","item":"https:\/\/mentalhelse.no\/fjord\/aktuelt\/"},{"@type":"ListItem","position":3,"name":"P\u00e5 lokallagstreff i Skodje"}]},{"@type":"WebSite","@id":"https:\/\/mentalhelse.no\/fjord\/#website","url":"https:\/\/mentalhelse.no\/fjord\/","name":"Fjord","description":"","potentialAction":[{"@type":"SearchAction","target":{"@type":"EntryPoint","urlTemplate":"https:\/\/mentalhelse.no\/fjord\/?s={search_term_string}"},"query-input":"required name=search_term_string"}],"inLanguage":"nb-NO"}]}},"_links":{"self":[{"href":"https:\/\/mentalhelse.no\/fjord\/wp-json\/wp\/v2\/news\/1604","targetHints":{"allow":["GET"]}}],"collection":[{"href":"https:\/\/mentalhelse.no\/fjord\/wp-json\/wp\/v2\/news"}],"about":[{"href":"https:\/\/mentalhelse.no\/fjord\/wp-json\/wp\/v2\/types\/news"}],"author":[{"embeddable":true,"href":"https:\/\/mentalhelse.no\/fjord\/wp-json\/wp\/v2\/users\/82"}],"wp:featuredmedia":[{"embeddable":true,"href":"https:\/\/mentalhelse.no\/fjord\/wp-json\/wp\/v2\/media\/1605"}],"wp:attachment":[{"href":"https:\/\/mentalhelse.no\/fjord\/wp-json\/wp\/v2\/media?parent=1604"}],"wp:term":[{"taxonomy":"news_category","embeddable":true,"href":"https:\/\/mentalhelse.no\/fjord\/wp-json\/wp\/v2\/news_category?post=1604"}],"curies":[{"name":"wp","href":"https:\/\/api.w.org\/{rel}","templated":true}]}}