{"id":1738,"date":"2024-09-25T22:40:02","date_gmt":"2024-09-25T22:40:02","guid":{"rendered":"https:\/\/mentalhelse.no\/fjord\/?post_type=news&#038;p=1738"},"modified":"2024-09-25T22:40:02","modified_gmt":"2024-09-25T22:40:02","slug":"rundtur-vestre-jordskar-vestre","status":"publish","type":"news","link":"https:\/\/mentalhelse.no\/fjord\/aktuelt\/rundtur-vestre-jordskar-vestre\/","title":{"rendered":"Rundtur Vestre &#8211; Jordskar &#8211; Vestre"},"content":{"rendered":"<figure class=\"alignwide wp-block-post-featured-image\"><img loading=\"lazy\" decoding=\"async\" width=\"2560\" height=\"1920\" src=\"https:\/\/mentalhelse.no\/content\/uploads\/sites\/225\/2024\/09\/Utsikt-scaled.jpg\" class=\"attachment-post-thumbnail size-post-thumbnail wp-post-image\" alt=\"\" style=\"object-fit:cover; --focal-point: 50% 50%;\" srcset=\"https:\/\/mentalhelse.no\/content\/uploads\/sites\/225\/2024\/09\/Utsikt-scaled.jpg 2560w, https:\/\/mentalhelse.no\/content\/uploads\/sites\/225\/2024\/09\/Utsikt-300x225.jpg 300w, https:\/\/mentalhelse.no\/content\/uploads\/sites\/225\/2024\/09\/Utsikt-1024x768.jpg 1024w, https:\/\/mentalhelse.no\/content\/uploads\/sites\/225\/2024\/09\/Utsikt-768x576.jpg 768w, https:\/\/mentalhelse.no\/content\/uploads\/sites\/225\/2024\/09\/Utsikt-1536x1152.jpg 1536w, https:\/\/mentalhelse.no\/content\/uploads\/sites\/225\/2024\/09\/Utsikt-2048x1536.jpg 2048w\" sizes=\"auto, (max-width: 2560px) 100vw, 2560px\" \/><\/figure>\n\n<h1 class=\"wp-block-post-title\">Rundtur Vestre &#8211; Jordskar &#8211; Vestre<\/h1>\n\n<div class=\"is-img-top mh-byline wp-block-mh-byline\">\n                  <div class=\"mh-byline__inner\">\n                  \t\n                  \t<div class=\"mh-byline__meta\">\n                  \t\t<div class=\"mh-byline__post\">\n                  \t\t\t<div class=\"entry-date\">25.09.2024<\/div>\n                  \t\t<\/div>\n                  \t\t<div class=\"mh-byline__author\">\n                  \t\t\t <span class=\"mh-byline__author-link\">lagfjord<\/span>\n\t\t\t\t\t\t<\/div>\n\t\t\t\t\t<\/div>\n\t\t\t\t<\/div>\n\t\t<\/div>\n\n<p class=\"t2-ingress wp-block-t2-ingress\">Tur m\u00e5 vi ha. Naturen er rett utfor d\u00f8ra. Berre \u00e5 finne fram turskoa og labbe i veg.<\/p>\n\n\n<h4 class=\"wp-block-heading\" id=\"h-oppover\">Oppover<\/h4>\n\n\n\n<p>Vi samla oss p\u00e5 Vestre. F\u00f8rst vandra vi p\u00e5 asfaltert veg, t\u00f8rt og fint. Tok til venstre og begynte oppstiginga p\u00e5 grusa veg i motbakke. M\u00e5 p\u00e6se og puste, f\u00e5r opp pulsen. Det skal vere bra for helsa, vert det sagt. Mykje \u00e5 snakke om, utveksle tankar og opplevingar. Kombinasjonen prating og g\u00e5ing i motbakke tek p\u00e5 pusten. M\u00e5 stogge og ta ei kvild. Lade til vidare tur.<\/p>\n\n\n\n<p>G\u00e5r vidare. Motbakken flyt over i flatare veg. Vandrar inn i ope landskap. Nedover lia her vart skogen hoggen for eit par \u00e5rs tid sidan, og landskapet opna seg med flott og lett utsikt. Hausten har f\u00e5tt tak. Kaldare ver har kledd om skogen til vakre flammar blant det gr\u00f8ne. R\u00f8s litt i haldet av synet av sn\u00f8 p\u00e5 toppane. Snart kjem han krypande ned lia.<\/p>\n\n\n\n<h4 class=\"wp-block-heading\" id=\"h-herleg-og-variert\">Herleg og variert<\/h4>\n\n\n\n<p>Men! Dagen i dag er ei nisje i regn og surt ver. Mildt med solglytt i dag. Herleg. Kjekt \u00e5 g\u00e5 i dette terrenget, skifte mellom flate og sm\u00e5 bakkar. Variert. Skogsvegen g\u00e5r over i sti. Regnveret har lagt att sm\u00e5 dammar her og der. Bl\u00f8yte. Elva har b\u00f8sa seg opp litt. Renn kvikt mellom steinane. Ho m\u00e5 passerast. Pytt, kva gjer det om f\u00f8tene vert litt v\u00e5te. Berre \u00e5 skifte til turt n\u00e5r ein kjem heim.<\/p>\n\n\n\n<p>Passerer eit gjerde og n\u00e5r benken. Han lokkar til kvild. Noko fuktig er han, men godt \u00e5 henge seg nedp\u00e5 likevel. Etter kvart kjem vi til f\u00f8rste husa. Vedstabelen ved det eine bygget er t\u00f8rt og klar for vinteren. Passerer neste tun og eit fint, nytt hus med flott utsikt. M\u00e5 stogge og sj\u00e5. Alltid noko nytt \u00e5 legge merke til. Kjem ned til Skarb\u00f8en og traskar p\u00e5 asfalt til Vestre og bilane.<\/p>\n\n\n\n<p>Akutt kaffit\u00f8rste, durar ut til Systra. Til kaffi og eplekake med is g\u00e5r praten vidare. Vi har det s\u00e5 triveleg at det er vanskeleg \u00e5 bryte opp.   <\/p>\n\n\n\n<figure class=\"wp-block-image size-large is-resized\"><img loading=\"lazy\" decoding=\"async\" width=\"1024\" height=\"768\" src=\"https:\/\/mentalhelse.no\/content\/uploads\/sites\/225\/2024\/09\/20240924_111620-1024x768.jpg\" alt=\"\" class=\"wp-image-1741\" style=\"aspect-ratio:1.3333333333333333;width:792px;height:auto\" srcset=\"https:\/\/mentalhelse.no\/content\/uploads\/sites\/225\/2024\/09\/20240924_111620-1024x768.jpg 1024w, https:\/\/mentalhelse.no\/content\/uploads\/sites\/225\/2024\/09\/20240924_111620-300x225.jpg 300w, https:\/\/mentalhelse.no\/content\/uploads\/sites\/225\/2024\/09\/20240924_111620-768x576.jpg 768w, https:\/\/mentalhelse.no\/content\/uploads\/sites\/225\/2024\/09\/20240924_111620-1536x1152.jpg 1536w, https:\/\/mentalhelse.no\/content\/uploads\/sites\/225\/2024\/09\/20240924_111620-2048x1536.jpg 2048w\" sizes=\"auto, (max-width: 1024px) 100vw, 1024px\" \/><figcaption class=\"wp-element-caption\">Etter kvart gjekk bakken over i flatare veg. Etter ei lita kvild traska vi vidare inn i det opne landskapet med flott utsikt. <\/figcaption><\/figure>\n\n\n\n<figure class=\"wp-block-image size-full\"><img loading=\"lazy\" decoding=\"async\" width=\"1008\" height=\"756\" src=\"https:\/\/mentalhelse.no\/content\/uploads\/sites\/225\/2024\/09\/Matokt.jpg\" alt=\"\" class=\"wp-image-1742\" srcset=\"https:\/\/mentalhelse.no\/content\/uploads\/sites\/225\/2024\/09\/Matokt.jpg 1008w, https:\/\/mentalhelse.no\/content\/uploads\/sites\/225\/2024\/09\/Matokt-300x225.jpg 300w, https:\/\/mentalhelse.no\/content\/uploads\/sites\/225\/2024\/09\/Matokt-768x576.jpg 768w\" sizes=\"auto, (max-width: 1008px) 100vw, 1008px\" \/><figcaption class=\"wp-element-caption\">Nedanfor leet freista benken sj\u00f8lv om han var fuktig etter regnveret som har vore siste dagane. Godt \u00e5 hengje seg nedp\u00e5.<\/figcaption><\/figure>\n\n\n\n\t\t<div class=\"mh-related-posts alignfull alignfull wp-block-mentalhelse-related-posts gray-mode\">\n\t\t\t<div class=\"mh-related-posts__inner\">\n\t\t\t\t\n\n<h3 class=\"wp-block-heading\" id=\"h-also-read\">Also read<\/h3>\n\n\n<div class=\"t2-featured-content-layout alignwide alignwide wp-block-t2-featured-content-layout\">\n<div class=\"t2-featured-query-post t2-featured-content is-post-type-news wp-block-t2-featured-query-post t2-featured-content-layout-col-4\"><a class=\"t2-post-link wp-block-t2-post-link\" href=\"https:\/\/mentalhelse.no\/fjord\/aktuelt\/pa-fylkesarsmote-2026\/\">\n\t<figure style=\"--t2-focal-point: 50% 50%;\" class=\"t2-post-featured-image has-image-ratio-16-9 wp-block-t2-post-featured-image\"><img loading=\"lazy\" decoding=\"async\" width=\"2048\" height=\"1152\" src=\"https:\/\/mentalhelse.no\/content\/uploads\/sites\/225\/2026\/04\/Delegatane.jpeg\" class=\"attachment-post-thumbnail size-post-thumbnail wp-post-image\" alt=\"\" srcset=\"https:\/\/mentalhelse.no\/content\/uploads\/sites\/225\/2026\/04\/Delegatane.jpeg 2048w, https:\/\/mentalhelse.no\/content\/uploads\/sites\/225\/2026\/04\/Delegatane-300x169.jpeg 300w, https:\/\/mentalhelse.no\/content\/uploads\/sites\/225\/2026\/04\/Delegatane-1024x576.jpeg 1024w, https:\/\/mentalhelse.no\/content\/uploads\/sites\/225\/2026\/04\/Delegatane-768x432.jpeg 768w, https:\/\/mentalhelse.no\/content\/uploads\/sites\/225\/2026\/04\/Delegatane-1536x864.jpeg 1536w\" sizes=\"auto, (max-width: 2048px) 100vw, 2048px\" style=\"--focal-point: 50% 50%;\" \/><\/figure>\n<\/a>\n\n<div class=\"wp-block-group postinfo alignfull is-layout-flow wp-block-group-is-layout-flow\">\n\t<div class=\"wp-block-mentalhelse-post-category\">\n\t\t\t\t\t<div class=\"post-type\">\n\t\t\t\t\t\t<a href=\"https:\/\/mentalhelse.no\/fjord\/aktuelt\/\">Nyheter<\/a>\n\t\t\t\t\t<\/div>\n\t\t\t\t\t\n\t\t\t\t\t<div class=\"post-category\">\n\t\t\t\t\t\t\n\t\t\t\t\t<\/div>\n\t\t\t<\/div>\n\t<a class=\"t2-post-link wp-block-t2-post-link\" href=\"https:\/\/mentalhelse.no\/fjord\/aktuelt\/pa-fylkesarsmote-2026\/\">\n\t<h2 class=\"t2-post-title wp-block-t2-post-title\">P\u00e5 fylkes\u00e5rsm\u00f8te 2026<\/h2>\n\t<\/a>\n<\/div>\n\n<\/div>\n\n<div class=\"t2-featured-query-post t2-featured-content is-post-type-news wp-block-t2-featured-query-post t2-featured-content-layout-col-4\"><a class=\"t2-post-link wp-block-t2-post-link\" href=\"https:\/\/mentalhelse.no\/fjord\/aktuelt\/frivilligmote-i-april\/\">\n\t<figure style=\"--t2-focal-point: 50% 50%;\" class=\"t2-post-featured-image has-image-ratio-16-9 wp-block-t2-post-featured-image\"><img loading=\"lazy\" decoding=\"async\" width=\"2560\" height=\"1920\" src=\"https:\/\/mentalhelse.no\/content\/uploads\/sites\/225\/2026\/04\/IMG_3314-scaled.jpeg\" class=\"attachment-post-thumbnail size-post-thumbnail wp-post-image\" alt=\"\" srcset=\"https:\/\/mentalhelse.no\/content\/uploads\/sites\/225\/2026\/04\/IMG_3314-scaled.jpeg 2560w, https:\/\/mentalhelse.no\/content\/uploads\/sites\/225\/2026\/04\/IMG_3314-300x225.jpeg 300w, https:\/\/mentalhelse.no\/content\/uploads\/sites\/225\/2026\/04\/IMG_3314-1024x768.jpeg 1024w, https:\/\/mentalhelse.no\/content\/uploads\/sites\/225\/2026\/04\/IMG_3314-768x576.jpeg 768w, https:\/\/mentalhelse.no\/content\/uploads\/sites\/225\/2026\/04\/IMG_3314-1536x1152.jpeg 1536w, https:\/\/mentalhelse.no\/content\/uploads\/sites\/225\/2026\/04\/IMG_3314-2048x1536.jpeg 2048w\" sizes=\"auto, (max-width: 2560px) 100vw, 2560px\" style=\"--focal-point: 50% 50%;\" \/><\/figure>\n<\/a>\n\n<div class=\"wp-block-group postinfo alignfull is-layout-flow wp-block-group-is-layout-flow\">\n\t<div class=\"wp-block-mentalhelse-post-category\">\n\t\t\t\t\t<div class=\"post-type\">\n\t\t\t\t\t\t<a href=\"https:\/\/mentalhelse.no\/fjord\/aktuelt\/\">Nyheter<\/a>\n\t\t\t\t\t<\/div>\n\t\t\t\t\t\n\t\t\t\t\t<div class=\"post-category\">\n\t\t\t\t\t\t\n\t\t\t\t\t<\/div>\n\t\t\t<\/div>\n\t<a class=\"t2-post-link wp-block-t2-post-link\" href=\"https:\/\/mentalhelse.no\/fjord\/aktuelt\/frivilligmote-i-april\/\">\n\t<h2 class=\"t2-post-title wp-block-t2-post-title\">Frivilligforum i april<\/h2>\n\t<\/a>\n<\/div>\n\n<\/div>\n\n<div class=\"t2-featured-query-post t2-featured-content is-post-type-news wp-block-t2-featured-query-post t2-featured-content-layout-col-4\"><a class=\"t2-post-link wp-block-t2-post-link\" href=\"https:\/\/mentalhelse.no\/fjord\/aktuelt\/steinomnbakt-pizza-herleg\/\">\n\t<figure style=\"--t2-focal-point: 50% 50%;\" class=\"t2-post-featured-image has-image-ratio-16-9 wp-block-t2-post-featured-image\"><img loading=\"lazy\" decoding=\"async\" width=\"1920\" height=\"1440\" src=\"https:\/\/mentalhelse.no\/content\/uploads\/sites\/225\/2026\/04\/Steiking.jpg\" class=\"attachment-post-thumbnail size-post-thumbnail wp-post-image\" alt=\"\" srcset=\"https:\/\/mentalhelse.no\/content\/uploads\/sites\/225\/2026\/04\/Steiking.jpg 1920w, https:\/\/mentalhelse.no\/content\/uploads\/sites\/225\/2026\/04\/Steiking-300x225.jpg 300w, https:\/\/mentalhelse.no\/content\/uploads\/sites\/225\/2026\/04\/Steiking-1024x768.jpg 1024w, https:\/\/mentalhelse.no\/content\/uploads\/sites\/225\/2026\/04\/Steiking-768x576.jpg 768w, https:\/\/mentalhelse.no\/content\/uploads\/sites\/225\/2026\/04\/Steiking-1536x1152.jpg 1536w\" sizes=\"auto, (max-width: 1920px) 100vw, 1920px\" style=\"--focal-point: 50% 50%;\" \/><\/figure>\n<\/a>\n\n<div class=\"wp-block-group postinfo alignfull is-layout-flow wp-block-group-is-layout-flow\">\n\t<div class=\"wp-block-mentalhelse-post-category\">\n\t\t\t\t\t<div class=\"post-type\">\n\t\t\t\t\t\t<a href=\"https:\/\/mentalhelse.no\/fjord\/aktuelt\/\">Nyheter<\/a>\n\t\t\t\t\t<\/div>\n\t\t\t\t\t\n\t\t\t\t\t<div class=\"post-category\">\n\t\t\t\t\t\t\n\t\t\t\t\t<\/div>\n\t\t\t<\/div>\n\t<a class=\"t2-post-link wp-block-t2-post-link\" href=\"https:\/\/mentalhelse.no\/fjord\/aktuelt\/steinomnbakt-pizza-herleg\/\">\n\t<h2 class=\"t2-post-title wp-block-t2-post-title\">Steinomnbakt pizza &#8211; herleg<\/h2>\n\t<\/a>\n<\/div>\n\n<\/div>\n<\/div>\n\n\t\t\t<\/div>\n\t\t<\/div>","protected":false},"excerpt":{"rendered":"<p>Oppover Vi samla oss p\u00e5 Vestre. F\u00f8rst vandra vi p\u00e5 asfaltert veg, t\u00f8rt og fint. Tok til venstre og begynte oppstiginga p\u00e5 grusa veg i&#8230;<\/p>\n","protected":false},"author":82,"featured_media":1740,"parent":0,"template":"","meta":{"t2_featured_media_focal_point":{"x":0.5,"y":0.5},"mh_hide_title":true},"news_category":[],"class_list":["post-1738","news","type-news","status-publish","has-post-thumbnail","hentry"],"yoast_head":"<!-- This site is optimized with the Yoast SEO Premium plugin v21.2 (Yoast SEO v21.2) - https:\/\/yoast.com\/wordpress\/plugins\/seo\/ -->\n<title>Rundtur Vestre - Jordskar - Vestre - Mental Helse - Fjord<\/title>\n<meta name=\"robots\" content=\"index, follow, max-snippet:-1, max-image-preview:large, max-video-preview:-1\" \/>\n<link rel=\"canonical\" href=\"https:\/\/mentalhelse.no\/fjord\/aktuelt\/rundtur-vestre-jordskar-vestre\/\" \/>\n<meta property=\"og:locale\" content=\"nb_NO\" \/>\n<meta property=\"og:type\" content=\"article\" \/>\n<meta property=\"og:title\" content=\"Rundtur Vestre - Jordskar - Vestre\" \/>\n<meta property=\"og:description\" content=\"Oppover Vi samla oss p\u00e5 Vestre. F\u00f8rst vandra vi p\u00e5 asfaltert veg, t\u00f8rt og fint. Tok til venstre og begynte oppstiginga p\u00e5 grusa veg i...\" \/>\n<meta property=\"og:url\" content=\"https:\/\/mentalhelse.no\/fjord\/aktuelt\/rundtur-vestre-jordskar-vestre\/\" \/>\n<meta property=\"og:site_name\" content=\"Fjord\" \/>\n<meta property=\"og:image\" content=\"https:\/\/mentalhelse.no\/content\/uploads\/sites\/225\/2024\/09\/Utsikt-scaled.jpg\" \/>\n\t<meta property=\"og:image:width\" content=\"2560\" \/>\n\t<meta property=\"og:image:height\" content=\"1920\" \/>\n\t<meta property=\"og:image:type\" content=\"image\/jpeg\" \/>\n<meta name=\"twitter:card\" content=\"summary_large_image\" \/>\n<meta name=\"twitter:label1\" content=\"Ansl. lesetid\" \/>\n\t<meta name=\"twitter:data1\" content=\"3 minutter\" \/>\n<script type=\"application\/ld+json\" class=\"yoast-schema-graph\">{\"@context\":\"https:\/\/schema.org\",\"@graph\":[{\"@type\":\"WebPage\",\"@id\":\"https:\/\/mentalhelse.no\/fjord\/aktuelt\/rundtur-vestre-jordskar-vestre\/\",\"url\":\"https:\/\/mentalhelse.no\/fjord\/aktuelt\/rundtur-vestre-jordskar-vestre\/\",\"name\":\"Rundtur Vestre - Jordskar - Vestre - Fjord\",\"isPartOf\":{\"@id\":\"https:\/\/mentalhelse.no\/fjord\/#website\"},\"datePublished\":\"2024-09-25T22:40:02+00:00\",\"dateModified\":\"2024-09-25T22:40:02+00:00\",\"breadcrumb\":{\"@id\":\"https:\/\/mentalhelse.no\/fjord\/aktuelt\/rundtur-vestre-jordskar-vestre\/#breadcrumb\"},\"inLanguage\":\"nb-NO\",\"potentialAction\":[{\"@type\":\"ReadAction\",\"target\":[\"https:\/\/mentalhelse.no\/fjord\/aktuelt\/rundtur-vestre-jordskar-vestre\/\"]}]},{\"@type\":\"BreadcrumbList\",\"@id\":\"https:\/\/mentalhelse.no\/fjord\/aktuelt\/rundtur-vestre-jordskar-vestre\/#breadcrumb\",\"itemListElement\":[{\"@type\":\"ListItem\",\"position\":1,\"name\":\"Hjem\",\"item\":\"https:\/\/mentalhelse.no\/fjord\/\"},{\"@type\":\"ListItem\",\"position\":2,\"name\":\"Nyheter\",\"item\":\"https:\/\/mentalhelse.no\/fjord\/aktuelt\/\"},{\"@type\":\"ListItem\",\"position\":3,\"name\":\"Rundtur Vestre &#8211; Jordskar &#8211; Vestre\"}]},{\"@type\":\"WebSite\",\"@id\":\"https:\/\/mentalhelse.no\/fjord\/#website\",\"url\":\"https:\/\/mentalhelse.no\/fjord\/\",\"name\":\"Fjord\",\"description\":\"\",\"potentialAction\":[{\"@type\":\"SearchAction\",\"target\":{\"@type\":\"EntryPoint\",\"urlTemplate\":\"https:\/\/mentalhelse.no\/fjord\/?s={search_term_string}\"},\"query-input\":\"required name=search_term_string\"}],\"inLanguage\":\"nb-NO\"}]}<\/script>\n<!-- \/ Yoast SEO Premium plugin. -->","yoast_head_json":{"title":"Rundtur Vestre - Jordskar - Vestre - Mental Helse - Fjord","robots":{"index":"index","follow":"follow","max-snippet":"max-snippet:-1","max-image-preview":"max-image-preview:large","max-video-preview":"max-video-preview:-1"},"canonical":"https:\/\/mentalhelse.no\/fjord\/aktuelt\/rundtur-vestre-jordskar-vestre\/","og_locale":"nb_NO","og_type":"article","og_title":"Rundtur Vestre - Jordskar - Vestre","og_description":"Oppover Vi samla oss p\u00e5 Vestre. F\u00f8rst vandra vi p\u00e5 asfaltert veg, t\u00f8rt og fint. Tok til venstre og begynte oppstiginga p\u00e5 grusa veg i...","og_url":"https:\/\/mentalhelse.no\/fjord\/aktuelt\/rundtur-vestre-jordskar-vestre\/","og_site_name":"Fjord","og_image":[{"width":2560,"height":1920,"url":"https:\/\/mentalhelse.no\/content\/uploads\/sites\/225\/2024\/09\/Utsikt-scaled.jpg","type":"image\/jpeg"}],"twitter_card":"summary_large_image","twitter_misc":{"Ansl. lesetid":"3 minutter"},"schema":{"@context":"https:\/\/schema.org","@graph":[{"@type":"WebPage","@id":"https:\/\/mentalhelse.no\/fjord\/aktuelt\/rundtur-vestre-jordskar-vestre\/","url":"https:\/\/mentalhelse.no\/fjord\/aktuelt\/rundtur-vestre-jordskar-vestre\/","name":"Rundtur Vestre - Jordskar - Vestre - Fjord","isPartOf":{"@id":"https:\/\/mentalhelse.no\/fjord\/#website"},"datePublished":"2024-09-25T22:40:02+00:00","dateModified":"2024-09-25T22:40:02+00:00","breadcrumb":{"@id":"https:\/\/mentalhelse.no\/fjord\/aktuelt\/rundtur-vestre-jordskar-vestre\/#breadcrumb"},"inLanguage":"nb-NO","potentialAction":[{"@type":"ReadAction","target":["https:\/\/mentalhelse.no\/fjord\/aktuelt\/rundtur-vestre-jordskar-vestre\/"]}]},{"@type":"BreadcrumbList","@id":"https:\/\/mentalhelse.no\/fjord\/aktuelt\/rundtur-vestre-jordskar-vestre\/#breadcrumb","itemListElement":[{"@type":"ListItem","position":1,"name":"Hjem","item":"https:\/\/mentalhelse.no\/fjord\/"},{"@type":"ListItem","position":2,"name":"Nyheter","item":"https:\/\/mentalhelse.no\/fjord\/aktuelt\/"},{"@type":"ListItem","position":3,"name":"Rundtur Vestre &#8211; Jordskar &#8211; Vestre"}]},{"@type":"WebSite","@id":"https:\/\/mentalhelse.no\/fjord\/#website","url":"https:\/\/mentalhelse.no\/fjord\/","name":"Fjord","description":"","potentialAction":[{"@type":"SearchAction","target":{"@type":"EntryPoint","urlTemplate":"https:\/\/mentalhelse.no\/fjord\/?s={search_term_string}"},"query-input":"required name=search_term_string"}],"inLanguage":"nb-NO"}]}},"_links":{"self":[{"href":"https:\/\/mentalhelse.no\/fjord\/wp-json\/wp\/v2\/news\/1738","targetHints":{"allow":["GET"]}}],"collection":[{"href":"https:\/\/mentalhelse.no\/fjord\/wp-json\/wp\/v2\/news"}],"about":[{"href":"https:\/\/mentalhelse.no\/fjord\/wp-json\/wp\/v2\/types\/news"}],"author":[{"embeddable":true,"href":"https:\/\/mentalhelse.no\/fjord\/wp-json\/wp\/v2\/users\/82"}],"wp:featuredmedia":[{"embeddable":true,"href":"https:\/\/mentalhelse.no\/fjord\/wp-json\/wp\/v2\/media\/1740"}],"wp:attachment":[{"href":"https:\/\/mentalhelse.no\/fjord\/wp-json\/wp\/v2\/media?parent=1738"}],"wp:term":[{"taxonomy":"news_category","embeddable":true,"href":"https:\/\/mentalhelse.no\/fjord\/wp-json\/wp\/v2\/news_category?post=1738"}],"curies":[{"name":"wp","href":"https:\/\/api.w.org\/{rel}","templated":true}]}}