{"id":1988,"date":"2025-04-12T23:03:57","date_gmt":"2025-04-12T23:03:57","guid":{"rendered":"https:\/\/mentalhelse.no\/fjord\/?post_type=news&#038;p=1988"},"modified":"2025-04-12T23:09:22","modified_gmt":"2025-04-12T23:09:22","slug":"branntryggleik-i-heimen-arsaker-og-forebygging","status":"publish","type":"news","link":"https:\/\/mentalhelse.no\/fjord\/aktuelt\/branntryggleik-i-heimen-arsaker-og-forebygging\/","title":{"rendered":"Branntryggleik i heimen, \u00e5rsaker og f\u00f8rebygging"},"content":{"rendered":"<figure class=\"alignwide wp-block-post-featured-image\"><img loading=\"lazy\" decoding=\"async\" width=\"2560\" height=\"1921\" src=\"https:\/\/mentalhelse.no\/content\/uploads\/sites\/225\/2025\/04\/Kveling-av-brann-scaled.jpg\" class=\"attachment-post-thumbnail size-post-thumbnail wp-post-image\" alt=\"\" style=\"object-fit:cover; --focal-point: 50% 50%;\" srcset=\"https:\/\/mentalhelse.no\/content\/uploads\/sites\/225\/2025\/04\/Kveling-av-brann-scaled.jpg 2560w, https:\/\/mentalhelse.no\/content\/uploads\/sites\/225\/2025\/04\/Kveling-av-brann-300x225.jpg 300w, https:\/\/mentalhelse.no\/content\/uploads\/sites\/225\/2025\/04\/Kveling-av-brann-1024x768.jpg 1024w, https:\/\/mentalhelse.no\/content\/uploads\/sites\/225\/2025\/04\/Kveling-av-brann-768x576.jpg 768w, https:\/\/mentalhelse.no\/content\/uploads\/sites\/225\/2025\/04\/Kveling-av-brann-1536x1152.jpg 1536w, https:\/\/mentalhelse.no\/content\/uploads\/sites\/225\/2025\/04\/Kveling-av-brann-2048x1536.jpg 2048w\" sizes=\"auto, (max-width: 2560px) 100vw, 2560px\" \/><\/figure>\n\n<h1 class=\"wp-block-post-title\">Branntryggleik i heimen, \u00e5rsaker og f\u00f8rebygging<\/h1>\n\n<div class=\"is-img-top mh-byline wp-block-mh-byline\">\n                  <div class=\"mh-byline__inner\">\n                  \t\n                  \t<div class=\"mh-byline__meta\">\n                  \t\t<div class=\"mh-byline__post\">\n                  \t\t\t<div class=\"entry-date\">12.04.2025<\/div>\n                  \t\t<\/div>\n                  \t\t<div class=\"mh-byline__author\">\n                  \t\t\t <span class=\"mh-byline__author-link\">lagfjord<\/span>\n\t\t\t\t\t\t<\/div>\n\t\t\t\t\t<\/div>\n\t\t\t\t<\/div>\n\t\t<\/div>\n\n\n<p><\/p>\n\n\n\n<h4 class=\"wp-block-heading\" id=\"h-nokre-harde-fakta\">Nokre harde fakta<\/h4>\n\n\n\n<p>Branninspekt\u00f8r Oddbj\u00f8rn Nilsen fortalde at 75 % av dei som omkjem i brann er i gruppene eldre og rusavhengige. Personar over 70 \u00e5r har fire til fem gonger h\u00f8gare risiko for \u00e5 omkomme i brann enn resten av befolkninga. Dei fleste omkjem av r\u00f8ykforgiftning. 75 % av brannane skjer i bustader, og nesten halvparten i einebustader. Brannane begynner i vaskerom, kj\u00f8kken ( mest under matlaging) og stove.<\/p>\n\n\n\n<p>\u00c5rsaka til at dei over 70 \u00e5r er mest utsett er at ein vert eldre, bur lengre heime, har redusert mobilitet, h\u00f8yrsle og hukommelse, og bustaden ikkje er tilrettelagt. <\/p>\n\n\n\n<h4 class=\"wp-block-heading\" id=\"h-kva-ein-kan-gjere-for-a-unnga-a-omkomme-ved-brann\">Kva ein kan gjere for \u00e5 unng\u00e5 \u00e5 omkomme ved brann<\/h4>\n\n\n\n<p><\/p>\n\n\n\n<p>Oddbj\u00f8rn tok fram kva ein kan gjere for \u00e5 unng\u00e5 \u00e5 omkomme dersom brann oppst\u00e5r. Ha brannvarslarar i fleire rom (kravet er at det skal vere minst ein i kvar h\u00f8gd) ha soverom og  opphaldsrom p\u00e5 &laquo;bakkeplanet&raquo; (kravet er minst to r\u00f8mmingsvegar), komfyrvakt (eit krav i alle nye kj\u00f8kken etter 2010), mindre bruk av levande lys, slokkeutstyr som er lett \u00e5 bruke, halde seg informert og ha tilsyn med utstyret og den elektriske installasjonen. T.d. sj\u00e5 om det er svimerke p\u00e5 elektriske kontakter. P\u00e5 hjelpemiddelsentralen kan ein f\u00e5r diverse varslingsutstyr dersom ein t.d. h\u00f8yrer d\u00e5rleg. Elles er tekstilar i ull mykje mindre brannfarlege enn dei kunstige.<\/p>\n\n\n\n<p>Det er viktig \u00e5 ha t.d. brannteppe, skum- eller pulverapparat og brannslange som kan brukast dersom brann oppst\u00e5r. Oddbj\u00f8rn synte med brannteppe sl\u00f8kking av ein tenkt brann i ei panne. Han la brannteppet roleg over panna for unng\u00e5 \u00e5 tilf\u00f8re elden meir luft ved br\u00e5 bevegelse.  <\/p>\n\n\n\n<p><\/p>\n\n\n\n<div class=\"wp-block-columns is-layout-flex wp-container-core-columns-is-layout-1 wp-block-columns-is-layout-flex\">\n<div class=\"wp-block-column is-layout-flow wp-block-column-is-layout-flow\">\n<figure class=\"wp-block-image size-large\"><img loading=\"lazy\" decoding=\"async\" width=\"888\" height=\"1024\" src=\"https:\/\/mentalhelse.no\/content\/uploads\/sites\/225\/2025\/04\/Pulverapparat-1-888x1024.jpg\" alt=\"\" class=\"wp-image-1991\" srcset=\"https:\/\/mentalhelse.no\/content\/uploads\/sites\/225\/2025\/04\/Pulverapparat-1-888x1024.jpg 888w, https:\/\/mentalhelse.no\/content\/uploads\/sites\/225\/2025\/04\/Pulverapparat-1-260x300.jpg 260w, https:\/\/mentalhelse.no\/content\/uploads\/sites\/225\/2025\/04\/Pulverapparat-1-768x886.jpg 768w, https:\/\/mentalhelse.no\/content\/uploads\/sites\/225\/2025\/04\/Pulverapparat-1-1331x1536.jpg 1331w, https:\/\/mentalhelse.no\/content\/uploads\/sites\/225\/2025\/04\/Pulverapparat-1-1775x2048.jpg 1775w\" sizes=\"auto, (max-width: 888px) 100vw, 888px\" \/><\/figure>\n<\/div>\n\n\n\n<div class=\"wp-block-column is-layout-flow wp-block-column-is-layout-flow\">\n<p><\/p>\n\n\n\n<p>Skum- og pulverapparata b\u00f8r snuast fleire gonger i \u00e5ret, og byttast etter ca. 10 \u00e5r. Oddbj\u00f8rn anbefalte at ein har pulverapparat fordi dei gjer minst skade ved ein eventuell brann. Han fortalde at apparatet han held er rundt 6 kilo, men ein kan f\u00e5 apparat p\u00e5 rundt 3 kilo som er lettar \u00e5 handtere. Vi fekk demonstrert korleis ein skal bruke apparatet og rette slangen mot elden.<\/p>\n<\/div>\n<\/div>\n\n\n\n<figure class=\"wp-block-image size-large is-resized\"><img loading=\"lazy\" decoding=\"async\" width=\"1024\" height=\"653\" src=\"https:\/\/mentalhelse.no\/content\/uploads\/sites\/225\/2025\/04\/Nyttig-utstyr-1024x653.jpg\" alt=\"\" class=\"wp-image-1992\" style=\"aspect-ratio:1.5681470137825422;width:793px;height:auto\" srcset=\"https:\/\/mentalhelse.no\/content\/uploads\/sites\/225\/2025\/04\/Nyttig-utstyr-1024x653.jpg 1024w, https:\/\/mentalhelse.no\/content\/uploads\/sites\/225\/2025\/04\/Nyttig-utstyr-300x191.jpg 300w, https:\/\/mentalhelse.no\/content\/uploads\/sites\/225\/2025\/04\/Nyttig-utstyr-768x490.jpg 768w, https:\/\/mentalhelse.no\/content\/uploads\/sites\/225\/2025\/04\/Nyttig-utstyr-1536x979.jpg 1536w, https:\/\/mentalhelse.no\/content\/uploads\/sites\/225\/2025\/04\/Nyttig-utstyr-2048x1306.jpg 2048w\" sizes=\"auto, (max-width: 1024px) 100vw, 1024px\" \/><figcaption class=\"wp-element-caption\">Noko brannsl\u00f8kkingsutstyr som er nyttig \u00e5 ha lett tilgjengeleg.<\/figcaption><\/figure>\n\n\n\n<figure class=\"wp-block-image size-large is-resized\"><img loading=\"lazy\" decoding=\"async\" width=\"1024\" height=\"768\" src=\"https:\/\/mentalhelse.no\/content\/uploads\/sites\/225\/2025\/04\/20250408_193739-1024x768.jpg\" alt=\"\" class=\"wp-image-1993\" style=\"aspect-ratio:1.3333333333333333;width:792px;height:auto\" srcset=\"https:\/\/mentalhelse.no\/content\/uploads\/sites\/225\/2025\/04\/20250408_193739-1024x768.jpg 1024w, https:\/\/mentalhelse.no\/content\/uploads\/sites\/225\/2025\/04\/20250408_193739-300x225.jpg 300w, https:\/\/mentalhelse.no\/content\/uploads\/sites\/225\/2025\/04\/20250408_193739-768x576.jpg 768w, https:\/\/mentalhelse.no\/content\/uploads\/sites\/225\/2025\/04\/20250408_193739-1536x1152.jpg 1536w, https:\/\/mentalhelse.no\/content\/uploads\/sites\/225\/2025\/04\/20250408_193739-2048x1536.jpg 2048w\" sizes=\"auto, (max-width: 1024px) 100vw, 1024px\" \/><figcaption class=\"wp-element-caption\">Vi fekk sv\u00e6rt nyttig informasjon og vart p\u00e5mint om at det er viktig \u00e5 sjekke brannvarslarar og halde brannsl\u00f8kkingsutstyret lett tilgjengeleg. (Tema p\u00e5 medlemsm\u00f8tet i april.)<\/figcaption><\/figure>\n\n\n\n\t\t<div class=\"mh-related-posts alignfull alignfull wp-block-mentalhelse-related-posts gray-mode\">\n\t\t\t<div class=\"mh-related-posts__inner\">\n\t\t\t\t\n\n<h3 class=\"wp-block-heading\" id=\"h-also-read\">Also read<\/h3>\n\n\n<div class=\"t2-featured-content-layout alignwide alignwide wp-block-t2-featured-content-layout\">\n<div class=\"t2-featured-query-post t2-featured-content is-post-type-news wp-block-t2-featured-query-post t2-featured-content-layout-col-4\"><a class=\"t2-post-link wp-block-t2-post-link\" href=\"https:\/\/mentalhelse.no\/fjord\/aktuelt\/pa-fylkesarsmote-2026\/\">\n\t<figure style=\"--t2-focal-point: 50% 50%;\" class=\"t2-post-featured-image has-image-ratio-16-9 wp-block-t2-post-featured-image\"><img loading=\"lazy\" decoding=\"async\" width=\"2048\" height=\"1152\" src=\"https:\/\/mentalhelse.no\/content\/uploads\/sites\/225\/2026\/04\/Delegatane.jpeg\" class=\"attachment-post-thumbnail size-post-thumbnail wp-post-image\" alt=\"\" srcset=\"https:\/\/mentalhelse.no\/content\/uploads\/sites\/225\/2026\/04\/Delegatane.jpeg 2048w, https:\/\/mentalhelse.no\/content\/uploads\/sites\/225\/2026\/04\/Delegatane-300x169.jpeg 300w, https:\/\/mentalhelse.no\/content\/uploads\/sites\/225\/2026\/04\/Delegatane-1024x576.jpeg 1024w, https:\/\/mentalhelse.no\/content\/uploads\/sites\/225\/2026\/04\/Delegatane-768x432.jpeg 768w, https:\/\/mentalhelse.no\/content\/uploads\/sites\/225\/2026\/04\/Delegatane-1536x864.jpeg 1536w\" sizes=\"auto, (max-width: 2048px) 100vw, 2048px\" style=\"--focal-point: 50% 50%;\" \/><\/figure>\n<\/a>\n\n<div class=\"wp-block-group postinfo alignfull is-layout-flow wp-block-group-is-layout-flow\">\n\t<div class=\"wp-block-mentalhelse-post-category\">\n\t\t\t\t\t<div class=\"post-type\">\n\t\t\t\t\t\t<a href=\"https:\/\/mentalhelse.no\/fjord\/aktuelt\/\">Nyheter<\/a>\n\t\t\t\t\t<\/div>\n\t\t\t\t\t\n\t\t\t\t\t<div class=\"post-category\">\n\t\t\t\t\t\t\n\t\t\t\t\t<\/div>\n\t\t\t<\/div>\n\t<a class=\"t2-post-link wp-block-t2-post-link\" href=\"https:\/\/mentalhelse.no\/fjord\/aktuelt\/pa-fylkesarsmote-2026\/\">\n\t<h2 class=\"t2-post-title wp-block-t2-post-title\">P\u00e5 fylkes\u00e5rsm\u00f8te 2026<\/h2>\n\t<\/a>\n<\/div>\n\n<\/div>\n\n<div class=\"t2-featured-query-post t2-featured-content is-post-type-news wp-block-t2-featured-query-post t2-featured-content-layout-col-4\"><a class=\"t2-post-link wp-block-t2-post-link\" href=\"https:\/\/mentalhelse.no\/fjord\/aktuelt\/frivilligmote-i-april\/\">\n\t<figure style=\"--t2-focal-point: 50% 50%;\" class=\"t2-post-featured-image has-image-ratio-16-9 wp-block-t2-post-featured-image\"><img loading=\"lazy\" decoding=\"async\" width=\"2560\" height=\"1920\" src=\"https:\/\/mentalhelse.no\/content\/uploads\/sites\/225\/2026\/04\/IMG_3314-scaled.jpeg\" class=\"attachment-post-thumbnail size-post-thumbnail wp-post-image\" alt=\"\" srcset=\"https:\/\/mentalhelse.no\/content\/uploads\/sites\/225\/2026\/04\/IMG_3314-scaled.jpeg 2560w, https:\/\/mentalhelse.no\/content\/uploads\/sites\/225\/2026\/04\/IMG_3314-300x225.jpeg 300w, https:\/\/mentalhelse.no\/content\/uploads\/sites\/225\/2026\/04\/IMG_3314-1024x768.jpeg 1024w, https:\/\/mentalhelse.no\/content\/uploads\/sites\/225\/2026\/04\/IMG_3314-768x576.jpeg 768w, https:\/\/mentalhelse.no\/content\/uploads\/sites\/225\/2026\/04\/IMG_3314-1536x1152.jpeg 1536w, https:\/\/mentalhelse.no\/content\/uploads\/sites\/225\/2026\/04\/IMG_3314-2048x1536.jpeg 2048w\" sizes=\"auto, (max-width: 2560px) 100vw, 2560px\" style=\"--focal-point: 50% 50%;\" \/><\/figure>\n<\/a>\n\n<div class=\"wp-block-group postinfo alignfull is-layout-flow wp-block-group-is-layout-flow\">\n\t<div class=\"wp-block-mentalhelse-post-category\">\n\t\t\t\t\t<div class=\"post-type\">\n\t\t\t\t\t\t<a href=\"https:\/\/mentalhelse.no\/fjord\/aktuelt\/\">Nyheter<\/a>\n\t\t\t\t\t<\/div>\n\t\t\t\t\t\n\t\t\t\t\t<div class=\"post-category\">\n\t\t\t\t\t\t\n\t\t\t\t\t<\/div>\n\t\t\t<\/div>\n\t<a class=\"t2-post-link wp-block-t2-post-link\" href=\"https:\/\/mentalhelse.no\/fjord\/aktuelt\/frivilligmote-i-april\/\">\n\t<h2 class=\"t2-post-title wp-block-t2-post-title\">Frivilligforum i april<\/h2>\n\t<\/a>\n<\/div>\n\n<\/div>\n\n<div class=\"t2-featured-query-post t2-featured-content is-post-type-news wp-block-t2-featured-query-post t2-featured-content-layout-col-4\"><a class=\"t2-post-link wp-block-t2-post-link\" href=\"https:\/\/mentalhelse.no\/fjord\/aktuelt\/steinomnbakt-pizza-herleg\/\">\n\t<figure style=\"--t2-focal-point: 50% 50%;\" class=\"t2-post-featured-image has-image-ratio-16-9 wp-block-t2-post-featured-image\"><img loading=\"lazy\" decoding=\"async\" width=\"1920\" height=\"1440\" src=\"https:\/\/mentalhelse.no\/content\/uploads\/sites\/225\/2026\/04\/Steiking.jpg\" class=\"attachment-post-thumbnail size-post-thumbnail wp-post-image\" alt=\"\" srcset=\"https:\/\/mentalhelse.no\/content\/uploads\/sites\/225\/2026\/04\/Steiking.jpg 1920w, https:\/\/mentalhelse.no\/content\/uploads\/sites\/225\/2026\/04\/Steiking-300x225.jpg 300w, https:\/\/mentalhelse.no\/content\/uploads\/sites\/225\/2026\/04\/Steiking-1024x768.jpg 1024w, https:\/\/mentalhelse.no\/content\/uploads\/sites\/225\/2026\/04\/Steiking-768x576.jpg 768w, https:\/\/mentalhelse.no\/content\/uploads\/sites\/225\/2026\/04\/Steiking-1536x1152.jpg 1536w\" sizes=\"auto, (max-width: 1920px) 100vw, 1920px\" style=\"--focal-point: 50% 50%;\" \/><\/figure>\n<\/a>\n\n<div class=\"wp-block-group postinfo alignfull is-layout-flow wp-block-group-is-layout-flow\">\n\t<div class=\"wp-block-mentalhelse-post-category\">\n\t\t\t\t\t<div class=\"post-type\">\n\t\t\t\t\t\t<a href=\"https:\/\/mentalhelse.no\/fjord\/aktuelt\/\">Nyheter<\/a>\n\t\t\t\t\t<\/div>\n\t\t\t\t\t\n\t\t\t\t\t<div class=\"post-category\">\n\t\t\t\t\t\t\n\t\t\t\t\t<\/div>\n\t\t\t<\/div>\n\t<a class=\"t2-post-link wp-block-t2-post-link\" href=\"https:\/\/mentalhelse.no\/fjord\/aktuelt\/steinomnbakt-pizza-herleg\/\">\n\t<h2 class=\"t2-post-title wp-block-t2-post-title\">Steinomnbakt pizza &#8211; herleg<\/h2>\n\t<\/a>\n<\/div>\n\n<\/div>\n<\/div>\n\n\t\t\t<\/div>\n\t\t<\/div>","protected":false},"excerpt":{"rendered":"<p>Nokre harde fakta Branninspekt\u00f8r Oddbj\u00f8rn Nilsen fortalde at 75 % av dei som omkjem i brann er i gruppene eldre og rusavhengige. Personar over 70&#8230;<\/p>\n","protected":false},"author":82,"featured_media":1989,"parent":0,"template":"","meta":{"t2_featured_media_focal_point":{"x":0.5,"y":0.5},"mh_hide_title":true},"news_category":[],"class_list":["post-1988","news","type-news","status-publish","has-post-thumbnail","hentry"],"yoast_head":"<!-- This site is optimized with the Yoast SEO Premium plugin v21.2 (Yoast SEO v21.2) - https:\/\/yoast.com\/wordpress\/plugins\/seo\/ -->\n<title>Branntryggleik i heimen, \u00e5rsaker og f\u00f8rebygging - Mental Helse - Fjord<\/title>\n<meta name=\"robots\" content=\"index, follow, max-snippet:-1, max-image-preview:large, max-video-preview:-1\" \/>\n<link rel=\"canonical\" href=\"https:\/\/mentalhelse.no\/fjord\/aktuelt\/branntryggleik-i-heimen-arsaker-og-forebygging\/\" \/>\n<meta property=\"og:locale\" content=\"nb_NO\" \/>\n<meta property=\"og:type\" content=\"article\" \/>\n<meta property=\"og:title\" content=\"Branntryggleik i heimen, \u00e5rsaker og f\u00f8rebygging\" \/>\n<meta property=\"og:description\" content=\"Nokre harde fakta Branninspekt\u00f8r Oddbj\u00f8rn Nilsen fortalde at 75 % av dei som omkjem i brann er i gruppene eldre og rusavhengige. Personar over 70...\" \/>\n<meta property=\"og:url\" content=\"https:\/\/mentalhelse.no\/fjord\/aktuelt\/branntryggleik-i-heimen-arsaker-og-forebygging\/\" \/>\n<meta property=\"og:site_name\" content=\"Fjord\" \/>\n<meta property=\"article:modified_time\" content=\"2025-04-12T23:09:22+00:00\" \/>\n<meta property=\"og:image\" content=\"https:\/\/mentalhelse.no\/content\/uploads\/sites\/225\/2025\/04\/Kveling-av-brann-scaled.jpg\" \/>\n\t<meta property=\"og:image:width\" content=\"2560\" \/>\n\t<meta property=\"og:image:height\" content=\"1921\" \/>\n\t<meta property=\"og:image:type\" content=\"image\/jpeg\" \/>\n<meta name=\"twitter:card\" content=\"summary_large_image\" \/>\n<meta name=\"twitter:label1\" content=\"Ansl. lesetid\" \/>\n\t<meta name=\"twitter:data1\" content=\"3 minutter\" \/>\n<script type=\"application\/ld+json\" class=\"yoast-schema-graph\">{\"@context\":\"https:\/\/schema.org\",\"@graph\":[{\"@type\":\"WebPage\",\"@id\":\"https:\/\/mentalhelse.no\/fjord\/aktuelt\/branntryggleik-i-heimen-arsaker-og-forebygging\/\",\"url\":\"https:\/\/mentalhelse.no\/fjord\/aktuelt\/branntryggleik-i-heimen-arsaker-og-forebygging\/\",\"name\":\"Branntryggleik i heimen, \u00e5rsaker og f\u00f8rebygging - Fjord\",\"isPartOf\":{\"@id\":\"https:\/\/mentalhelse.no\/fjord\/#website\"},\"datePublished\":\"2025-04-12T23:03:57+00:00\",\"dateModified\":\"2025-04-12T23:09:22+00:00\",\"breadcrumb\":{\"@id\":\"https:\/\/mentalhelse.no\/fjord\/aktuelt\/branntryggleik-i-heimen-arsaker-og-forebygging\/#breadcrumb\"},\"inLanguage\":\"nb-NO\",\"potentialAction\":[{\"@type\":\"ReadAction\",\"target\":[\"https:\/\/mentalhelse.no\/fjord\/aktuelt\/branntryggleik-i-heimen-arsaker-og-forebygging\/\"]}]},{\"@type\":\"BreadcrumbList\",\"@id\":\"https:\/\/mentalhelse.no\/fjord\/aktuelt\/branntryggleik-i-heimen-arsaker-og-forebygging\/#breadcrumb\",\"itemListElement\":[{\"@type\":\"ListItem\",\"position\":1,\"name\":\"Hjem\",\"item\":\"https:\/\/mentalhelse.no\/fjord\/\"},{\"@type\":\"ListItem\",\"position\":2,\"name\":\"Nyheter\",\"item\":\"https:\/\/mentalhelse.no\/fjord\/aktuelt\/\"},{\"@type\":\"ListItem\",\"position\":3,\"name\":\"Branntryggleik i heimen, \u00e5rsaker og f\u00f8rebygging\"}]},{\"@type\":\"WebSite\",\"@id\":\"https:\/\/mentalhelse.no\/fjord\/#website\",\"url\":\"https:\/\/mentalhelse.no\/fjord\/\",\"name\":\"Fjord\",\"description\":\"\",\"potentialAction\":[{\"@type\":\"SearchAction\",\"target\":{\"@type\":\"EntryPoint\",\"urlTemplate\":\"https:\/\/mentalhelse.no\/fjord\/?s={search_term_string}\"},\"query-input\":\"required name=search_term_string\"}],\"inLanguage\":\"nb-NO\"}]}<\/script>\n<!-- \/ Yoast SEO Premium plugin. -->","yoast_head_json":{"title":"Branntryggleik i heimen, \u00e5rsaker og f\u00f8rebygging - Mental Helse - Fjord","robots":{"index":"index","follow":"follow","max-snippet":"max-snippet:-1","max-image-preview":"max-image-preview:large","max-video-preview":"max-video-preview:-1"},"canonical":"https:\/\/mentalhelse.no\/fjord\/aktuelt\/branntryggleik-i-heimen-arsaker-og-forebygging\/","og_locale":"nb_NO","og_type":"article","og_title":"Branntryggleik i heimen, \u00e5rsaker og f\u00f8rebygging","og_description":"Nokre harde fakta Branninspekt\u00f8r Oddbj\u00f8rn Nilsen fortalde at 75 % av dei som omkjem i brann er i gruppene eldre og rusavhengige. Personar over 70...","og_url":"https:\/\/mentalhelse.no\/fjord\/aktuelt\/branntryggleik-i-heimen-arsaker-og-forebygging\/","og_site_name":"Fjord","article_modified_time":"2025-04-12T23:09:22+00:00","og_image":[{"width":2560,"height":1921,"url":"https:\/\/mentalhelse.no\/content\/uploads\/sites\/225\/2025\/04\/Kveling-av-brann-scaled.jpg","type":"image\/jpeg"}],"twitter_card":"summary_large_image","twitter_misc":{"Ansl. lesetid":"3 minutter"},"schema":{"@context":"https:\/\/schema.org","@graph":[{"@type":"WebPage","@id":"https:\/\/mentalhelse.no\/fjord\/aktuelt\/branntryggleik-i-heimen-arsaker-og-forebygging\/","url":"https:\/\/mentalhelse.no\/fjord\/aktuelt\/branntryggleik-i-heimen-arsaker-og-forebygging\/","name":"Branntryggleik i heimen, \u00e5rsaker og f\u00f8rebygging - Fjord","isPartOf":{"@id":"https:\/\/mentalhelse.no\/fjord\/#website"},"datePublished":"2025-04-12T23:03:57+00:00","dateModified":"2025-04-12T23:09:22+00:00","breadcrumb":{"@id":"https:\/\/mentalhelse.no\/fjord\/aktuelt\/branntryggleik-i-heimen-arsaker-og-forebygging\/#breadcrumb"},"inLanguage":"nb-NO","potentialAction":[{"@type":"ReadAction","target":["https:\/\/mentalhelse.no\/fjord\/aktuelt\/branntryggleik-i-heimen-arsaker-og-forebygging\/"]}]},{"@type":"BreadcrumbList","@id":"https:\/\/mentalhelse.no\/fjord\/aktuelt\/branntryggleik-i-heimen-arsaker-og-forebygging\/#breadcrumb","itemListElement":[{"@type":"ListItem","position":1,"name":"Hjem","item":"https:\/\/mentalhelse.no\/fjord\/"},{"@type":"ListItem","position":2,"name":"Nyheter","item":"https:\/\/mentalhelse.no\/fjord\/aktuelt\/"},{"@type":"ListItem","position":3,"name":"Branntryggleik i heimen, \u00e5rsaker og f\u00f8rebygging"}]},{"@type":"WebSite","@id":"https:\/\/mentalhelse.no\/fjord\/#website","url":"https:\/\/mentalhelse.no\/fjord\/","name":"Fjord","description":"","potentialAction":[{"@type":"SearchAction","target":{"@type":"EntryPoint","urlTemplate":"https:\/\/mentalhelse.no\/fjord\/?s={search_term_string}"},"query-input":"required name=search_term_string"}],"inLanguage":"nb-NO"}]}},"_links":{"self":[{"href":"https:\/\/mentalhelse.no\/fjord\/wp-json\/wp\/v2\/news\/1988","targetHints":{"allow":["GET"]}}],"collection":[{"href":"https:\/\/mentalhelse.no\/fjord\/wp-json\/wp\/v2\/news"}],"about":[{"href":"https:\/\/mentalhelse.no\/fjord\/wp-json\/wp\/v2\/types\/news"}],"author":[{"embeddable":true,"href":"https:\/\/mentalhelse.no\/fjord\/wp-json\/wp\/v2\/users\/82"}],"wp:featuredmedia":[{"embeddable":true,"href":"https:\/\/mentalhelse.no\/fjord\/wp-json\/wp\/v2\/media\/1989"}],"wp:attachment":[{"href":"https:\/\/mentalhelse.no\/fjord\/wp-json\/wp\/v2\/media?parent=1988"}],"wp:term":[{"taxonomy":"news_category","embeddable":true,"href":"https:\/\/mentalhelse.no\/fjord\/wp-json\/wp\/v2\/news_category?post=1988"}],"curies":[{"name":"wp","href":"https:\/\/api.w.org\/{rel}","templated":true}]}}