{"id":2328,"date":"2026-03-05T07:59:28","date_gmt":"2026-03-05T07:59:28","guid":{"rendered":"https:\/\/mentalhelse.no\/fjord\/?post_type=news&#038;p=2328"},"modified":"2026-03-05T07:59:34","modified_gmt":"2026-03-05T07:59:34","slug":"frivilligverkstad-og-forfattarmote-med-are-kalvo","status":"publish","type":"news","link":"https:\/\/mentalhelse.no\/fjord\/aktuelt\/frivilligverkstad-og-forfattarmote-med-are-kalvo\/","title":{"rendered":"Frivilligverkstad og forfattarm\u00f8te med Are Kalv\u00f8"},"content":{"rendered":"<figure class=\"alignwide wp-block-post-featured-image\"><img loading=\"lazy\" decoding=\"async\" width=\"2560\" height=\"1599\" src=\"https:\/\/mentalhelse.no\/content\/uploads\/sites\/225\/2026\/03\/Are-Kalvo-scaled.jpg\" class=\"attachment-post-thumbnail size-post-thumbnail wp-post-image\" alt=\"\" style=\"object-fit:cover; --focal-point: 50% 50%;\" srcset=\"https:\/\/mentalhelse.no\/content\/uploads\/sites\/225\/2026\/03\/Are-Kalvo-scaled.jpg 2560w, https:\/\/mentalhelse.no\/content\/uploads\/sites\/225\/2026\/03\/Are-Kalvo-300x187.jpg 300w, https:\/\/mentalhelse.no\/content\/uploads\/sites\/225\/2026\/03\/Are-Kalvo-1024x640.jpg 1024w, https:\/\/mentalhelse.no\/content\/uploads\/sites\/225\/2026\/03\/Are-Kalvo-768x480.jpg 768w, https:\/\/mentalhelse.no\/content\/uploads\/sites\/225\/2026\/03\/Are-Kalvo-1536x960.jpg 1536w, https:\/\/mentalhelse.no\/content\/uploads\/sites\/225\/2026\/03\/Are-Kalvo-2048x1279.jpg 2048w\" sizes=\"auto, (max-width: 2560px) 100vw, 2560px\" \/><\/figure>\n\n<h1 class=\"wp-block-post-title\">Frivilligverkstad og forfattarm\u00f8te med Are Kalv\u00f8<\/h1>\n\n<div class=\"is-img-top mh-byline wp-block-mh-byline\">\n                  <div class=\"mh-byline__inner\">\n                  \t\n                  \t<div class=\"mh-byline__meta\">\n                  \t\t<div class=\"mh-byline__post\">\n                  \t\t\t<div class=\"entry-date\">05.03.2026<\/div>\n                  \t\t<\/div>\n                  \t\t<div class=\"mh-byline__author\">\n                  \t\t\t <span class=\"mh-byline__author-link\">lagfjord<\/span>\n\t\t\t\t\t\t<\/div>\n\t\t\t\t\t<\/div>\n\t\t\t\t<\/div>\n\t\t<\/div>\n\n\n<h2 class=\"wp-block-heading\" id=\"h-\"> <\/h2>\n\n\n\n<h4 class=\"wp-block-heading\" id=\"h-triveleg-og-nyttig-kveld-pa-martin-lingehuset\">Triveleg og nyttig kveld p\u00e5 Martin Lingehuset<br><\/h4>\n\n\n\n<p>Fjord kommune inviterte alle lag og organisasjonar til frivilligverkstad tysdag 3. mars. F\u00f8rst fekk vi trimma lattermusklane i m\u00f8te med forfattar Are Kalv\u00f8: Berre b\u00f8nder lengtar heim. Forfattarm\u00f8tet var i regi av Litteraturhus M\u00f8re og Romsdal i samarbeid med Fjord bibliotek. Arrangementet var gratis og ope for alle.<\/p>\n\n\n\n<p>Etterp\u00e5 var det kaffimat og arbeidsverkstad der vi fr\u00e5 frivilligheita m\u00f8tte og arbeidde med innspel til den nye frivilligstrategien som er under arbeid. Kommunen ser p\u00e5 frivillig arbeid som ei av dei sterkaste kreftene i lokalsamfunnet v\u00e5rt ved at vi skaper m\u00f8teplassar, aktivitet, fellesskap og beredskap gjennom mange timar med engasjement og innsats.<\/p>\n\n\n\n<p>Difor \u00f8nskjer kommunen innspel om korleis arbeidet kan gjerast i praksis, og treng s\u00e5leis dei frivillige sine stemmer, erfaringar og idear. Fr\u00e5 v\u00e5rt lokallag m\u00f8tte Eystein Hjelme og Anna Margrethe Dr\u00e6geb\u00f8 Moe. Rundt borda vart det arbeidd med \u00e5 komme med svare p\u00e5 aktuelle sp\u00f8rsm\u00e5l vi fekk utdelt.  <\/p>\n\n\n<p class=\"t2-ingress wp-block-t2-ingress\"> <br> <\/p>\n\n\n<h2 class=\"wp-block-heading\" id=\"h-\"> <\/h2>\n\n\n\n<p><\/p>\n\n\n\n\t\t<div class=\"mh-related-posts alignfull alignfull wp-block-mentalhelse-related-posts gray-mode\">\n\t\t\t<div class=\"mh-related-posts__inner\">\n\t\t\t\t\n\n<h3 class=\"wp-block-heading\" id=\"h-also-read\">Also read<\/h3>\n\n\n<div class=\"t2-featured-content-layout alignwide alignwide wp-block-t2-featured-content-layout\">\n<div class=\"t2-featured-query-post t2-featured-content is-post-type-news wp-block-t2-featured-query-post t2-featured-content-layout-col-4\"><a class=\"t2-post-link wp-block-t2-post-link\" href=\"https:\/\/mentalhelse.no\/fjord\/aktuelt\/pa-fylkesarsmote-2026\/\">\n\t<figure style=\"--t2-focal-point: 50% 50%;\" class=\"t2-post-featured-image has-image-ratio-16-9 wp-block-t2-post-featured-image\"><img loading=\"lazy\" decoding=\"async\" width=\"2048\" height=\"1152\" src=\"https:\/\/mentalhelse.no\/content\/uploads\/sites\/225\/2026\/04\/Delegatane.jpeg\" class=\"attachment-post-thumbnail size-post-thumbnail wp-post-image\" alt=\"\" srcset=\"https:\/\/mentalhelse.no\/content\/uploads\/sites\/225\/2026\/04\/Delegatane.jpeg 2048w, https:\/\/mentalhelse.no\/content\/uploads\/sites\/225\/2026\/04\/Delegatane-300x169.jpeg 300w, https:\/\/mentalhelse.no\/content\/uploads\/sites\/225\/2026\/04\/Delegatane-1024x576.jpeg 1024w, https:\/\/mentalhelse.no\/content\/uploads\/sites\/225\/2026\/04\/Delegatane-768x432.jpeg 768w, https:\/\/mentalhelse.no\/content\/uploads\/sites\/225\/2026\/04\/Delegatane-1536x864.jpeg 1536w\" sizes=\"auto, (max-width: 2048px) 100vw, 2048px\" style=\"--focal-point: 50% 50%;\" \/><\/figure>\n<\/a>\n\n<div class=\"wp-block-group postinfo alignfull is-layout-flow wp-block-group-is-layout-flow\">\n\t<div class=\"wp-block-mentalhelse-post-category\">\n\t\t\t\t\t<div class=\"post-type\">\n\t\t\t\t\t\t<a href=\"https:\/\/mentalhelse.no\/fjord\/aktuelt\/\">Nyheter<\/a>\n\t\t\t\t\t<\/div>\n\t\t\t\t\t\n\t\t\t\t\t<div class=\"post-category\">\n\t\t\t\t\t\t\n\t\t\t\t\t<\/div>\n\t\t\t<\/div>\n\t<a class=\"t2-post-link wp-block-t2-post-link\" href=\"https:\/\/mentalhelse.no\/fjord\/aktuelt\/pa-fylkesarsmote-2026\/\">\n\t<h2 class=\"t2-post-title wp-block-t2-post-title\">P\u00e5 fylkes\u00e5rsm\u00f8te 2026<\/h2>\n\t<\/a>\n<\/div>\n\n<\/div>\n\n<div class=\"t2-featured-query-post t2-featured-content is-post-type-news wp-block-t2-featured-query-post t2-featured-content-layout-col-4\"><a class=\"t2-post-link wp-block-t2-post-link\" href=\"https:\/\/mentalhelse.no\/fjord\/aktuelt\/frivilligmote-i-april\/\">\n\t<figure style=\"--t2-focal-point: 50% 50%;\" class=\"t2-post-featured-image has-image-ratio-16-9 wp-block-t2-post-featured-image\"><img loading=\"lazy\" decoding=\"async\" width=\"2560\" height=\"1920\" src=\"https:\/\/mentalhelse.no\/content\/uploads\/sites\/225\/2026\/04\/IMG_3314-scaled.jpeg\" class=\"attachment-post-thumbnail size-post-thumbnail wp-post-image\" alt=\"\" srcset=\"https:\/\/mentalhelse.no\/content\/uploads\/sites\/225\/2026\/04\/IMG_3314-scaled.jpeg 2560w, https:\/\/mentalhelse.no\/content\/uploads\/sites\/225\/2026\/04\/IMG_3314-300x225.jpeg 300w, https:\/\/mentalhelse.no\/content\/uploads\/sites\/225\/2026\/04\/IMG_3314-1024x768.jpeg 1024w, https:\/\/mentalhelse.no\/content\/uploads\/sites\/225\/2026\/04\/IMG_3314-768x576.jpeg 768w, https:\/\/mentalhelse.no\/content\/uploads\/sites\/225\/2026\/04\/IMG_3314-1536x1152.jpeg 1536w, https:\/\/mentalhelse.no\/content\/uploads\/sites\/225\/2026\/04\/IMG_3314-2048x1536.jpeg 2048w\" sizes=\"auto, (max-width: 2560px) 100vw, 2560px\" style=\"--focal-point: 50% 50%;\" \/><\/figure>\n<\/a>\n\n<div class=\"wp-block-group postinfo alignfull is-layout-flow wp-block-group-is-layout-flow\">\n\t<div class=\"wp-block-mentalhelse-post-category\">\n\t\t\t\t\t<div class=\"post-type\">\n\t\t\t\t\t\t<a href=\"https:\/\/mentalhelse.no\/fjord\/aktuelt\/\">Nyheter<\/a>\n\t\t\t\t\t<\/div>\n\t\t\t\t\t\n\t\t\t\t\t<div class=\"post-category\">\n\t\t\t\t\t\t\n\t\t\t\t\t<\/div>\n\t\t\t<\/div>\n\t<a class=\"t2-post-link wp-block-t2-post-link\" href=\"https:\/\/mentalhelse.no\/fjord\/aktuelt\/frivilligmote-i-april\/\">\n\t<h2 class=\"t2-post-title wp-block-t2-post-title\">Frivilligforum i april<\/h2>\n\t<\/a>\n<\/div>\n\n<\/div>\n\n<div class=\"t2-featured-query-post t2-featured-content is-post-type-news wp-block-t2-featured-query-post t2-featured-content-layout-col-4\"><a class=\"t2-post-link wp-block-t2-post-link\" href=\"https:\/\/mentalhelse.no\/fjord\/aktuelt\/steinomnbakt-pizza-herleg\/\">\n\t<figure style=\"--t2-focal-point: 50% 50%;\" class=\"t2-post-featured-image has-image-ratio-16-9 wp-block-t2-post-featured-image\"><img loading=\"lazy\" decoding=\"async\" width=\"1920\" height=\"1440\" src=\"https:\/\/mentalhelse.no\/content\/uploads\/sites\/225\/2026\/04\/Steiking.jpg\" class=\"attachment-post-thumbnail size-post-thumbnail wp-post-image\" alt=\"\" srcset=\"https:\/\/mentalhelse.no\/content\/uploads\/sites\/225\/2026\/04\/Steiking.jpg 1920w, https:\/\/mentalhelse.no\/content\/uploads\/sites\/225\/2026\/04\/Steiking-300x225.jpg 300w, https:\/\/mentalhelse.no\/content\/uploads\/sites\/225\/2026\/04\/Steiking-1024x768.jpg 1024w, https:\/\/mentalhelse.no\/content\/uploads\/sites\/225\/2026\/04\/Steiking-768x576.jpg 768w, https:\/\/mentalhelse.no\/content\/uploads\/sites\/225\/2026\/04\/Steiking-1536x1152.jpg 1536w\" sizes=\"auto, (max-width: 1920px) 100vw, 1920px\" style=\"--focal-point: 50% 50%;\" \/><\/figure>\n<\/a>\n\n<div class=\"wp-block-group postinfo alignfull is-layout-flow wp-block-group-is-layout-flow\">\n\t<div class=\"wp-block-mentalhelse-post-category\">\n\t\t\t\t\t<div class=\"post-type\">\n\t\t\t\t\t\t<a href=\"https:\/\/mentalhelse.no\/fjord\/aktuelt\/\">Nyheter<\/a>\n\t\t\t\t\t<\/div>\n\t\t\t\t\t\n\t\t\t\t\t<div class=\"post-category\">\n\t\t\t\t\t\t\n\t\t\t\t\t<\/div>\n\t\t\t<\/div>\n\t<a class=\"t2-post-link wp-block-t2-post-link\" href=\"https:\/\/mentalhelse.no\/fjord\/aktuelt\/steinomnbakt-pizza-herleg\/\">\n\t<h2 class=\"t2-post-title wp-block-t2-post-title\">Steinomnbakt pizza &#8211; herleg<\/h2>\n\t<\/a>\n<\/div>\n\n<\/div>\n<\/div>\n\n\t\t\t<\/div>\n\t\t<\/div>","protected":false},"excerpt":{"rendered":"<p>Triveleg og nyttig kveld p\u00e5 Martin Lingehuset Fjord kommune inviterte alle lag og organisasjonar til frivilligverkstad tysdag 3. mars. F\u00f8rst fekk vi trimma lattermusklane i&#8230;<\/p>\n","protected":false},"author":82,"featured_media":2329,"parent":0,"template":"","meta":{"t2_featured_media_focal_point":{"x":0.5,"y":0.5},"mh_hide_title":true},"news_category":[],"class_list":["post-2328","news","type-news","status-publish","has-post-thumbnail","hentry"],"yoast_head":"<!-- This site is optimized with the Yoast SEO Premium plugin v21.2 (Yoast SEO v21.2) - https:\/\/yoast.com\/wordpress\/plugins\/seo\/ -->\n<title>Frivilligverkstad og forfattarm\u00f8te med Are Kalv\u00f8 - Mental Helse - Fjord<\/title>\n<meta name=\"robots\" content=\"index, follow, max-snippet:-1, max-image-preview:large, max-video-preview:-1\" \/>\n<link rel=\"canonical\" href=\"https:\/\/mentalhelse.no\/fjord\/aktuelt\/frivilligverkstad-og-forfattarmote-med-are-kalvo\/\" \/>\n<meta property=\"og:locale\" content=\"nb_NO\" \/>\n<meta property=\"og:type\" content=\"article\" \/>\n<meta property=\"og:title\" content=\"Frivilligverkstad og forfattarm\u00f8te med Are Kalv\u00f8\" \/>\n<meta property=\"og:description\" content=\"Triveleg og nyttig kveld p\u00e5 Martin Lingehuset Fjord kommune inviterte alle lag og organisasjonar til frivilligverkstad tysdag 3. mars. F\u00f8rst fekk vi trimma lattermusklane i...\" \/>\n<meta property=\"og:url\" content=\"https:\/\/mentalhelse.no\/fjord\/aktuelt\/frivilligverkstad-og-forfattarmote-med-are-kalvo\/\" \/>\n<meta property=\"og:site_name\" content=\"Fjord\" \/>\n<meta property=\"article:modified_time\" content=\"2026-03-05T07:59:34+00:00\" \/>\n<meta property=\"og:image\" content=\"https:\/\/mentalhelse.no\/content\/uploads\/sites\/225\/2026\/03\/Are-Kalvo-scaled.jpg\" \/>\n\t<meta property=\"og:image:width\" content=\"2560\" \/>\n\t<meta property=\"og:image:height\" content=\"1599\" \/>\n\t<meta property=\"og:image:type\" content=\"image\/jpeg\" \/>\n<meta name=\"twitter:card\" content=\"summary_large_image\" \/>\n<meta name=\"twitter:label1\" content=\"Ansl. lesetid\" \/>\n\t<meta name=\"twitter:data1\" content=\"1 minutt\" \/>\n<script type=\"application\/ld+json\" class=\"yoast-schema-graph\">{\"@context\":\"https:\/\/schema.org\",\"@graph\":[{\"@type\":\"WebPage\",\"@id\":\"https:\/\/mentalhelse.no\/fjord\/aktuelt\/frivilligverkstad-og-forfattarmote-med-are-kalvo\/\",\"url\":\"https:\/\/mentalhelse.no\/fjord\/aktuelt\/frivilligverkstad-og-forfattarmote-med-are-kalvo\/\",\"name\":\"Frivilligverkstad og forfattarm\u00f8te med Are Kalv\u00f8 - Fjord\",\"isPartOf\":{\"@id\":\"https:\/\/mentalhelse.no\/fjord\/#website\"},\"datePublished\":\"2026-03-05T07:59:28+00:00\",\"dateModified\":\"2026-03-05T07:59:34+00:00\",\"breadcrumb\":{\"@id\":\"https:\/\/mentalhelse.no\/fjord\/aktuelt\/frivilligverkstad-og-forfattarmote-med-are-kalvo\/#breadcrumb\"},\"inLanguage\":\"nb-NO\",\"potentialAction\":[{\"@type\":\"ReadAction\",\"target\":[\"https:\/\/mentalhelse.no\/fjord\/aktuelt\/frivilligverkstad-og-forfattarmote-med-are-kalvo\/\"]}]},{\"@type\":\"BreadcrumbList\",\"@id\":\"https:\/\/mentalhelse.no\/fjord\/aktuelt\/frivilligverkstad-og-forfattarmote-med-are-kalvo\/#breadcrumb\",\"itemListElement\":[{\"@type\":\"ListItem\",\"position\":1,\"name\":\"Hjem\",\"item\":\"https:\/\/mentalhelse.no\/fjord\/\"},{\"@type\":\"ListItem\",\"position\":2,\"name\":\"Nyheter\",\"item\":\"https:\/\/mentalhelse.no\/fjord\/aktuelt\/\"},{\"@type\":\"ListItem\",\"position\":3,\"name\":\"Frivilligverkstad og forfattarm\u00f8te med Are Kalv\u00f8\"}]},{\"@type\":\"WebSite\",\"@id\":\"https:\/\/mentalhelse.no\/fjord\/#website\",\"url\":\"https:\/\/mentalhelse.no\/fjord\/\",\"name\":\"Fjord\",\"description\":\"\",\"potentialAction\":[{\"@type\":\"SearchAction\",\"target\":{\"@type\":\"EntryPoint\",\"urlTemplate\":\"https:\/\/mentalhelse.no\/fjord\/?s={search_term_string}\"},\"query-input\":\"required name=search_term_string\"}],\"inLanguage\":\"nb-NO\"}]}<\/script>\n<!-- \/ Yoast SEO Premium plugin. -->","yoast_head_json":{"title":"Frivilligverkstad og forfattarm\u00f8te med Are Kalv\u00f8 - Mental Helse - Fjord","robots":{"index":"index","follow":"follow","max-snippet":"max-snippet:-1","max-image-preview":"max-image-preview:large","max-video-preview":"max-video-preview:-1"},"canonical":"https:\/\/mentalhelse.no\/fjord\/aktuelt\/frivilligverkstad-og-forfattarmote-med-are-kalvo\/","og_locale":"nb_NO","og_type":"article","og_title":"Frivilligverkstad og forfattarm\u00f8te med Are Kalv\u00f8","og_description":"Triveleg og nyttig kveld p\u00e5 Martin Lingehuset Fjord kommune inviterte alle lag og organisasjonar til frivilligverkstad tysdag 3. mars. F\u00f8rst fekk vi trimma lattermusklane i...","og_url":"https:\/\/mentalhelse.no\/fjord\/aktuelt\/frivilligverkstad-og-forfattarmote-med-are-kalvo\/","og_site_name":"Fjord","article_modified_time":"2026-03-05T07:59:34+00:00","og_image":[{"width":2560,"height":1599,"url":"https:\/\/mentalhelse.no\/content\/uploads\/sites\/225\/2026\/03\/Are-Kalvo-scaled.jpg","type":"image\/jpeg"}],"twitter_card":"summary_large_image","twitter_misc":{"Ansl. lesetid":"1 minutt"},"schema":{"@context":"https:\/\/schema.org","@graph":[{"@type":"WebPage","@id":"https:\/\/mentalhelse.no\/fjord\/aktuelt\/frivilligverkstad-og-forfattarmote-med-are-kalvo\/","url":"https:\/\/mentalhelse.no\/fjord\/aktuelt\/frivilligverkstad-og-forfattarmote-med-are-kalvo\/","name":"Frivilligverkstad og forfattarm\u00f8te med Are Kalv\u00f8 - Fjord","isPartOf":{"@id":"https:\/\/mentalhelse.no\/fjord\/#website"},"datePublished":"2026-03-05T07:59:28+00:00","dateModified":"2026-03-05T07:59:34+00:00","breadcrumb":{"@id":"https:\/\/mentalhelse.no\/fjord\/aktuelt\/frivilligverkstad-og-forfattarmote-med-are-kalvo\/#breadcrumb"},"inLanguage":"nb-NO","potentialAction":[{"@type":"ReadAction","target":["https:\/\/mentalhelse.no\/fjord\/aktuelt\/frivilligverkstad-og-forfattarmote-med-are-kalvo\/"]}]},{"@type":"BreadcrumbList","@id":"https:\/\/mentalhelse.no\/fjord\/aktuelt\/frivilligverkstad-og-forfattarmote-med-are-kalvo\/#breadcrumb","itemListElement":[{"@type":"ListItem","position":1,"name":"Hjem","item":"https:\/\/mentalhelse.no\/fjord\/"},{"@type":"ListItem","position":2,"name":"Nyheter","item":"https:\/\/mentalhelse.no\/fjord\/aktuelt\/"},{"@type":"ListItem","position":3,"name":"Frivilligverkstad og forfattarm\u00f8te med Are Kalv\u00f8"}]},{"@type":"WebSite","@id":"https:\/\/mentalhelse.no\/fjord\/#website","url":"https:\/\/mentalhelse.no\/fjord\/","name":"Fjord","description":"","potentialAction":[{"@type":"SearchAction","target":{"@type":"EntryPoint","urlTemplate":"https:\/\/mentalhelse.no\/fjord\/?s={search_term_string}"},"query-input":"required name=search_term_string"}],"inLanguage":"nb-NO"}]}},"_links":{"self":[{"href":"https:\/\/mentalhelse.no\/fjord\/wp-json\/wp\/v2\/news\/2328","targetHints":{"allow":["GET"]}}],"collection":[{"href":"https:\/\/mentalhelse.no\/fjord\/wp-json\/wp\/v2\/news"}],"about":[{"href":"https:\/\/mentalhelse.no\/fjord\/wp-json\/wp\/v2\/types\/news"}],"author":[{"embeddable":true,"href":"https:\/\/mentalhelse.no\/fjord\/wp-json\/wp\/v2\/users\/82"}],"wp:featuredmedia":[{"embeddable":true,"href":"https:\/\/mentalhelse.no\/fjord\/wp-json\/wp\/v2\/media\/2329"}],"wp:attachment":[{"href":"https:\/\/mentalhelse.no\/fjord\/wp-json\/wp\/v2\/media?parent=2328"}],"wp:term":[{"taxonomy":"news_category","embeddable":true,"href":"https:\/\/mentalhelse.no\/fjord\/wp-json\/wp\/v2\/news_category?post=2328"}],"curies":[{"name":"wp","href":"https:\/\/api.w.org\/{rel}","templated":true}]}}