{"id":2378,"date":"2026-04-19T08:13:27","date_gmt":"2026-04-19T08:13:27","guid":{"rendered":"https:\/\/mentalhelse.no\/fjord\/?post_type=news&#038;p=2378"},"modified":"2026-04-19T08:18:43","modified_gmt":"2026-04-19T08:18:43","slug":"steinomnbakt-pizza-herleg","status":"publish","type":"news","link":"https:\/\/mentalhelse.no\/fjord\/aktuelt\/steinomnbakt-pizza-herleg\/","title":{"rendered":"Steinomnbakt pizza &#8211; herleg"},"content":{"rendered":"<figure class=\"alignwide wp-block-post-featured-image\"><img loading=\"lazy\" decoding=\"async\" width=\"1920\" height=\"1440\" src=\"https:\/\/mentalhelse.no\/content\/uploads\/sites\/225\/2026\/04\/Steiking.jpg\" class=\"attachment-post-thumbnail size-post-thumbnail wp-post-image\" alt=\"\" style=\"object-fit:cover; --focal-point: 50% 50%;\" srcset=\"https:\/\/mentalhelse.no\/content\/uploads\/sites\/225\/2026\/04\/Steiking.jpg 1920w, https:\/\/mentalhelse.no\/content\/uploads\/sites\/225\/2026\/04\/Steiking-300x225.jpg 300w, https:\/\/mentalhelse.no\/content\/uploads\/sites\/225\/2026\/04\/Steiking-1024x768.jpg 1024w, https:\/\/mentalhelse.no\/content\/uploads\/sites\/225\/2026\/04\/Steiking-768x576.jpg 768w, https:\/\/mentalhelse.no\/content\/uploads\/sites\/225\/2026\/04\/Steiking-1536x1152.jpg 1536w\" sizes=\"auto, (max-width: 1920px) 100vw, 1920px\" \/><\/figure>\n\n<h1 class=\"wp-block-post-title\">Steinomnbakt pizza &#8211; herleg<\/h1>\n\n\n<p>F\u00f8rste turen v\u00e5r i \u00e5r la vi til Helsemplassen 16. april. P\u00e5 Helsemplassen har Vidar bygt steinomn som vert brukt til \u00e5 bake br\u00f8d og steike pizza i. <br>Tonje hadde klar mange pizzaemne og fortalde at det vart fyrt med t\u00f8rre lange skier i omnen kvelden f\u00f8r for \u00e5 begynne oppvarminga som tek tid. For \u00e5 steike pizza m\u00e5 varmen vere p\u00e5 250 &#8211; 300 grader. Vidar fortalde at dei bakar 12 br\u00f8d samtidig i steinomnen.<br>Vi var tolv som sessa oss rundt langbordet, og Tonje forma ut    pizza i lufta etter italiensk oppskrift som Vidar la forskjellig fyll p\u00e5. Det vart servert pizza med italiensk fyll og meir kjent fyll som pepperoni og skinke. Skinka er sj\u00f8lvprodusert p\u00e5 Helsemplassen som har h\u00f8ner og grisar.<br>\u00c5 steike ein pizza i omnen gjekk veldig fort. Vi var samde om at steinomnbaka pizzaen er sv\u00e6rt velsmakande. Dei gjekk unna som berre det.<\/p>\n\n\n\n<figure class=\"wp-block-image size-large\"><img loading=\"lazy\" decoding=\"async\" width=\"1024\" height=\"768\" src=\"https:\/\/mentalhelse.no\/content\/uploads\/sites\/225\/2026\/04\/Plass-for-12-1024x768.jpg\" alt=\"\" class=\"wp-image-2380\" srcset=\"https:\/\/mentalhelse.no\/content\/uploads\/sites\/225\/2026\/04\/Plass-for-12-1024x768.jpg 1024w, https:\/\/mentalhelse.no\/content\/uploads\/sites\/225\/2026\/04\/Plass-for-12-300x225.jpg 300w, https:\/\/mentalhelse.no\/content\/uploads\/sites\/225\/2026\/04\/Plass-for-12-768x576.jpg 768w, https:\/\/mentalhelse.no\/content\/uploads\/sites\/225\/2026\/04\/Plass-for-12-1536x1152.jpg 1536w, https:\/\/mentalhelse.no\/content\/uploads\/sites\/225\/2026\/04\/Plass-for-12-2048x1536.jpg 2048w\" sizes=\"auto, (max-width: 1024px) 100vw, 1024px\" \/><figcaption class=\"wp-element-caption\">Vi var tolv som sessa oss ved langbordet klar for informasjon og servering av omnsbaka pizza.  <\/figcaption><\/figure>\n\n\n\n<figure class=\"wp-block-image size-large\"><img loading=\"lazy\" decoding=\"async\" width=\"1024\" height=\"768\" src=\"https:\/\/mentalhelse.no\/content\/uploads\/sites\/225\/2026\/04\/20260416_180115-1024x768.jpg\" alt=\"\" class=\"wp-image-2381\" srcset=\"https:\/\/mentalhelse.no\/content\/uploads\/sites\/225\/2026\/04\/20260416_180115-1024x768.jpg 1024w, https:\/\/mentalhelse.no\/content\/uploads\/sites\/225\/2026\/04\/20260416_180115-300x225.jpg 300w, https:\/\/mentalhelse.no\/content\/uploads\/sites\/225\/2026\/04\/20260416_180115-768x576.jpg 768w, https:\/\/mentalhelse.no\/content\/uploads\/sites\/225\/2026\/04\/20260416_180115-1536x1152.jpg 1536w, https:\/\/mentalhelse.no\/content\/uploads\/sites\/225\/2026\/04\/20260416_180115-2048x1536.jpg 2048w\" sizes=\"auto, (max-width: 1024px) 100vw, 1024px\" \/><figcaption class=\"wp-element-caption\">Tonje forma ut pizzaene i lufta og Vidar hadde jobben med \u00e5 legge dei ulike fylla p\u00e5 dei etter kvart som Tonje steikte pizzaene i omnen.<\/figcaption><\/figure>\n\n\n\n<figure class=\"wp-block-image size-large\"><img loading=\"lazy\" decoding=\"async\" width=\"1024\" height=\"768\" src=\"https:\/\/mentalhelse.no\/content\/uploads\/sites\/225\/2026\/04\/20260416_183953-1024x768.jpg\" alt=\"\" class=\"wp-image-2382\" srcset=\"https:\/\/mentalhelse.no\/content\/uploads\/sites\/225\/2026\/04\/20260416_183953-1024x768.jpg 1024w, https:\/\/mentalhelse.no\/content\/uploads\/sites\/225\/2026\/04\/20260416_183953-300x225.jpg 300w, https:\/\/mentalhelse.no\/content\/uploads\/sites\/225\/2026\/04\/20260416_183953-768x576.jpg 768w, https:\/\/mentalhelse.no\/content\/uploads\/sites\/225\/2026\/04\/20260416_183953-1536x1152.jpg 1536w, https:\/\/mentalhelse.no\/content\/uploads\/sites\/225\/2026\/04\/20260416_183953-2048x1536.jpg 2048w\" sizes=\"auto, (max-width: 1024px) 100vw, 1024px\" \/><figcaption class=\"wp-element-caption\">Gode og mette etter ei kjekk oppleving p\u00e5 Helsemplassen.<\/figcaption><\/figure>\n\n\n\n<p><\/p>\n\n\n\n<p><\/p>\n\n\n<div class=\"is-img-top mh-byline wp-block-mh-byline\">\n                  <div class=\"mh-byline__inner\">\n                  \t\n                  \t<div class=\"mh-byline__meta\">\n                  \t\t<div class=\"mh-byline__post\">\n                  \t\t\t<div class=\"entry-date\">19.04.2026<\/div>\n                  \t\t<\/div>\n                  \t\t<div class=\"mh-byline__author\">\n                  \t\t\t <span class=\"mh-byline__author-link\">lagfjord<\/span>\n\t\t\t\t\t\t<\/div>\n\t\t\t\t\t<\/div>\n\t\t\t\t<\/div>\n\t\t<\/div>\n\n\n<p><\/p>\n\n\n\n\t\t<div class=\"mh-related-posts alignfull alignfull wp-block-mentalhelse-related-posts gray-mode\">\n\t\t\t<div class=\"mh-related-posts__inner\">\n\t\t\t\t\n\n<h3 class=\"wp-block-heading\" id=\"h-also-read\">Also read<\/h3>\n\n\n<div class=\"t2-featured-content-layout alignwide alignwide wp-block-t2-featured-content-layout\">\n<div class=\"t2-featured-query-post t2-featured-content is-post-type-news wp-block-t2-featured-query-post t2-featured-content-layout-col-4\"><a class=\"t2-post-link wp-block-t2-post-link\" href=\"https:\/\/mentalhelse.no\/fjord\/aktuelt\/pa-fylkesarsmote-2026\/\">\n\t<figure style=\"--t2-focal-point: 50% 50%;\" class=\"t2-post-featured-image has-image-ratio-16-9 wp-block-t2-post-featured-image\"><img loading=\"lazy\" decoding=\"async\" width=\"2048\" height=\"1152\" src=\"https:\/\/mentalhelse.no\/content\/uploads\/sites\/225\/2026\/04\/Delegatane.jpeg\" class=\"attachment-post-thumbnail size-post-thumbnail wp-post-image\" alt=\"\" srcset=\"https:\/\/mentalhelse.no\/content\/uploads\/sites\/225\/2026\/04\/Delegatane.jpeg 2048w, https:\/\/mentalhelse.no\/content\/uploads\/sites\/225\/2026\/04\/Delegatane-300x169.jpeg 300w, https:\/\/mentalhelse.no\/content\/uploads\/sites\/225\/2026\/04\/Delegatane-1024x576.jpeg 1024w, https:\/\/mentalhelse.no\/content\/uploads\/sites\/225\/2026\/04\/Delegatane-768x432.jpeg 768w, https:\/\/mentalhelse.no\/content\/uploads\/sites\/225\/2026\/04\/Delegatane-1536x864.jpeg 1536w\" sizes=\"auto, (max-width: 2048px) 100vw, 2048px\" style=\"--focal-point: 50% 50%;\" \/><\/figure>\n<\/a>\n\n<div class=\"wp-block-group postinfo alignfull is-layout-flow wp-block-group-is-layout-flow\">\n\t<div class=\"wp-block-mentalhelse-post-category\">\n\t\t\t\t\t<div class=\"post-type\">\n\t\t\t\t\t\t<a href=\"https:\/\/mentalhelse.no\/fjord\/aktuelt\/\">Nyheter<\/a>\n\t\t\t\t\t<\/div>\n\t\t\t\t\t\n\t\t\t\t\t<div class=\"post-category\">\n\t\t\t\t\t\t\n\t\t\t\t\t<\/div>\n\t\t\t<\/div>\n\t<a class=\"t2-post-link wp-block-t2-post-link\" href=\"https:\/\/mentalhelse.no\/fjord\/aktuelt\/pa-fylkesarsmote-2026\/\">\n\t<h2 class=\"t2-post-title wp-block-t2-post-title\">P\u00e5 fylkes\u00e5rsm\u00f8te 2026<\/h2>\n\t<\/a>\n<\/div>\n\n<\/div>\n\n<div class=\"t2-featured-query-post t2-featured-content is-post-type-news wp-block-t2-featured-query-post t2-featured-content-layout-col-4\"><a class=\"t2-post-link wp-block-t2-post-link\" href=\"https:\/\/mentalhelse.no\/fjord\/aktuelt\/frivilligmote-i-april\/\">\n\t<figure style=\"--t2-focal-point: 50% 50%;\" class=\"t2-post-featured-image has-image-ratio-16-9 wp-block-t2-post-featured-image\"><img loading=\"lazy\" decoding=\"async\" width=\"2560\" height=\"1920\" src=\"https:\/\/mentalhelse.no\/content\/uploads\/sites\/225\/2026\/04\/IMG_3314-scaled.jpeg\" class=\"attachment-post-thumbnail size-post-thumbnail wp-post-image\" alt=\"\" srcset=\"https:\/\/mentalhelse.no\/content\/uploads\/sites\/225\/2026\/04\/IMG_3314-scaled.jpeg 2560w, https:\/\/mentalhelse.no\/content\/uploads\/sites\/225\/2026\/04\/IMG_3314-300x225.jpeg 300w, https:\/\/mentalhelse.no\/content\/uploads\/sites\/225\/2026\/04\/IMG_3314-1024x768.jpeg 1024w, https:\/\/mentalhelse.no\/content\/uploads\/sites\/225\/2026\/04\/IMG_3314-768x576.jpeg 768w, https:\/\/mentalhelse.no\/content\/uploads\/sites\/225\/2026\/04\/IMG_3314-1536x1152.jpeg 1536w, https:\/\/mentalhelse.no\/content\/uploads\/sites\/225\/2026\/04\/IMG_3314-2048x1536.jpeg 2048w\" sizes=\"auto, (max-width: 2560px) 100vw, 2560px\" style=\"--focal-point: 50% 50%;\" \/><\/figure>\n<\/a>\n\n<div class=\"wp-block-group postinfo alignfull is-layout-flow wp-block-group-is-layout-flow\">\n\t<div class=\"wp-block-mentalhelse-post-category\">\n\t\t\t\t\t<div class=\"post-type\">\n\t\t\t\t\t\t<a href=\"https:\/\/mentalhelse.no\/fjord\/aktuelt\/\">Nyheter<\/a>\n\t\t\t\t\t<\/div>\n\t\t\t\t\t\n\t\t\t\t\t<div class=\"post-category\">\n\t\t\t\t\t\t\n\t\t\t\t\t<\/div>\n\t\t\t<\/div>\n\t<a class=\"t2-post-link wp-block-t2-post-link\" href=\"https:\/\/mentalhelse.no\/fjord\/aktuelt\/frivilligmote-i-april\/\">\n\t<h2 class=\"t2-post-title wp-block-t2-post-title\">Frivilligforum i april<\/h2>\n\t<\/a>\n<\/div>\n\n<\/div>\n\n<div class=\"t2-featured-query-post t2-featured-content is-post-type-news wp-block-t2-featured-query-post t2-featured-content-layout-col-4\"><a class=\"t2-post-link wp-block-t2-post-link\" href=\"https:\/\/mentalhelse.no\/fjord\/aktuelt\/presentasjon-av-styret-i-2026-2027\/\">\n\t<figure style=\"--t2-focal-point: 50% 50%;\" class=\"t2-post-featured-image has-image-ratio-16-9 wp-block-t2-post-featured-image\"><img loading=\"lazy\" decoding=\"async\" width=\"2560\" height=\"1920\" src=\"https:\/\/mentalhelse.no\/content\/uploads\/sites\/225\/2026\/04\/20260326_103533-scaled.jpg\" class=\"attachment-post-thumbnail size-post-thumbnail wp-post-image\" alt=\"\" srcset=\"https:\/\/mentalhelse.no\/content\/uploads\/sites\/225\/2026\/04\/20260326_103533-scaled.jpg 2560w, https:\/\/mentalhelse.no\/content\/uploads\/sites\/225\/2026\/04\/20260326_103533-300x225.jpg 300w, https:\/\/mentalhelse.no\/content\/uploads\/sites\/225\/2026\/04\/20260326_103533-1024x768.jpg 1024w, https:\/\/mentalhelse.no\/content\/uploads\/sites\/225\/2026\/04\/20260326_103533-768x576.jpg 768w, https:\/\/mentalhelse.no\/content\/uploads\/sites\/225\/2026\/04\/20260326_103533-1536x1152.jpg 1536w, https:\/\/mentalhelse.no\/content\/uploads\/sites\/225\/2026\/04\/20260326_103533-2048x1536.jpg 2048w\" sizes=\"auto, (max-width: 2560px) 100vw, 2560px\" style=\"--focal-point: 50% 50%;\" \/><\/figure>\n<\/a>\n\n<div class=\"wp-block-group postinfo alignfull is-layout-flow wp-block-group-is-layout-flow\">\n\t<div class=\"wp-block-mentalhelse-post-category\">\n\t\t\t\t\t<div class=\"post-type\">\n\t\t\t\t\t\t<a href=\"https:\/\/mentalhelse.no\/fjord\/aktuelt\/\">Nyheter<\/a>\n\t\t\t\t\t<\/div>\n\t\t\t\t\t\n\t\t\t\t\t<div class=\"post-category\">\n\t\t\t\t\t\t\n\t\t\t\t\t<\/div>\n\t\t\t<\/div>\n\t<a class=\"t2-post-link wp-block-t2-post-link\" href=\"https:\/\/mentalhelse.no\/fjord\/aktuelt\/presentasjon-av-styret-i-2026-2027\/\">\n\t<h2 class=\"t2-post-title wp-block-t2-post-title\">Presentasjon av styret 2026 &#8211; 2027<\/h2>\n\t<\/a>\n<\/div>\n\n<\/div>\n<\/div>\n\n\t\t\t<\/div>\n\t\t<\/div>","protected":false},"excerpt":{"rendered":"<p>F\u00f8rste turen v\u00e5r i \u00e5r la vi til Helsemplassen 16. april. P\u00e5 Helsemplassen har Vidar bygt steinomn som vert brukt til \u00e5 bake br\u00f8d og&#8230;<\/p>\n","protected":false},"author":82,"featured_media":2379,"parent":0,"template":"","meta":{"t2_featured_media_focal_point":{"x":0.5,"y":0.5},"mh_hide_title":true},"news_category":[],"class_list":["post-2378","news","type-news","status-publish","has-post-thumbnail","hentry"],"yoast_head":"<!-- This site is optimized with the Yoast SEO Premium plugin v21.2 (Yoast SEO v21.2) - https:\/\/yoast.com\/wordpress\/plugins\/seo\/ -->\n<title>Steinomnbakt pizza - herleg - Mental Helse - Fjord<\/title>\n<meta name=\"robots\" content=\"index, follow, max-snippet:-1, max-image-preview:large, max-video-preview:-1\" \/>\n<link rel=\"canonical\" href=\"https:\/\/mentalhelse.no\/fjord\/aktuelt\/steinomnbakt-pizza-herleg\/\" \/>\n<meta property=\"og:locale\" content=\"nb_NO\" \/>\n<meta property=\"og:type\" content=\"article\" \/>\n<meta property=\"og:title\" content=\"Steinomnbakt pizza - herleg\" \/>\n<meta property=\"og:description\" content=\"F\u00f8rste turen v\u00e5r i \u00e5r la vi til Helsemplassen 16. april. P\u00e5 Helsemplassen har Vidar bygt steinomn som vert brukt til \u00e5 bake br\u00f8d og...\" \/>\n<meta property=\"og:url\" content=\"https:\/\/mentalhelse.no\/fjord\/aktuelt\/steinomnbakt-pizza-herleg\/\" \/>\n<meta property=\"og:site_name\" content=\"Fjord\" \/>\n<meta property=\"article:modified_time\" content=\"2026-04-19T08:18:43+00:00\" \/>\n<meta property=\"og:image\" content=\"https:\/\/mentalhelse.no\/content\/uploads\/sites\/225\/2026\/04\/Steiking.jpg\" \/>\n\t<meta property=\"og:image:width\" content=\"1920\" \/>\n\t<meta property=\"og:image:height\" content=\"1440\" \/>\n\t<meta property=\"og:image:type\" content=\"image\/jpeg\" \/>\n<meta name=\"twitter:card\" content=\"summary_large_image\" \/>\n<meta name=\"twitter:label1\" content=\"Ansl. lesetid\" \/>\n\t<meta name=\"twitter:data1\" content=\"2 minutter\" \/>\n<script type=\"application\/ld+json\" class=\"yoast-schema-graph\">{\"@context\":\"https:\/\/schema.org\",\"@graph\":[{\"@type\":\"WebPage\",\"@id\":\"https:\/\/mentalhelse.no\/fjord\/aktuelt\/steinomnbakt-pizza-herleg\/\",\"url\":\"https:\/\/mentalhelse.no\/fjord\/aktuelt\/steinomnbakt-pizza-herleg\/\",\"name\":\"Steinomnbakt pizza - herleg - Fjord\",\"isPartOf\":{\"@id\":\"https:\/\/mentalhelse.no\/fjord\/#website\"},\"datePublished\":\"2026-04-19T08:13:27+00:00\",\"dateModified\":\"2026-04-19T08:18:43+00:00\",\"breadcrumb\":{\"@id\":\"https:\/\/mentalhelse.no\/fjord\/aktuelt\/steinomnbakt-pizza-herleg\/#breadcrumb\"},\"inLanguage\":\"nb-NO\",\"potentialAction\":[{\"@type\":\"ReadAction\",\"target\":[\"https:\/\/mentalhelse.no\/fjord\/aktuelt\/steinomnbakt-pizza-herleg\/\"]}]},{\"@type\":\"BreadcrumbList\",\"@id\":\"https:\/\/mentalhelse.no\/fjord\/aktuelt\/steinomnbakt-pizza-herleg\/#breadcrumb\",\"itemListElement\":[{\"@type\":\"ListItem\",\"position\":1,\"name\":\"Hjem\",\"item\":\"https:\/\/mentalhelse.no\/fjord\/\"},{\"@type\":\"ListItem\",\"position\":2,\"name\":\"Nyheter\",\"item\":\"https:\/\/mentalhelse.no\/fjord\/aktuelt\/\"},{\"@type\":\"ListItem\",\"position\":3,\"name\":\"Steinomnbakt pizza &#8211; herleg\"}]},{\"@type\":\"WebSite\",\"@id\":\"https:\/\/mentalhelse.no\/fjord\/#website\",\"url\":\"https:\/\/mentalhelse.no\/fjord\/\",\"name\":\"Fjord\",\"description\":\"\",\"potentialAction\":[{\"@type\":\"SearchAction\",\"target\":{\"@type\":\"EntryPoint\",\"urlTemplate\":\"https:\/\/mentalhelse.no\/fjord\/?s={search_term_string}\"},\"query-input\":\"required name=search_term_string\"}],\"inLanguage\":\"nb-NO\"}]}<\/script>\n<!-- \/ Yoast SEO Premium plugin. -->","yoast_head_json":{"title":"Steinomnbakt pizza - herleg - Mental Helse - Fjord","robots":{"index":"index","follow":"follow","max-snippet":"max-snippet:-1","max-image-preview":"max-image-preview:large","max-video-preview":"max-video-preview:-1"},"canonical":"https:\/\/mentalhelse.no\/fjord\/aktuelt\/steinomnbakt-pizza-herleg\/","og_locale":"nb_NO","og_type":"article","og_title":"Steinomnbakt pizza - herleg","og_description":"F\u00f8rste turen v\u00e5r i \u00e5r la vi til Helsemplassen 16. april. P\u00e5 Helsemplassen har Vidar bygt steinomn som vert brukt til \u00e5 bake br\u00f8d og...","og_url":"https:\/\/mentalhelse.no\/fjord\/aktuelt\/steinomnbakt-pizza-herleg\/","og_site_name":"Fjord","article_modified_time":"2026-04-19T08:18:43+00:00","og_image":[{"width":1920,"height":1440,"url":"https:\/\/mentalhelse.no\/content\/uploads\/sites\/225\/2026\/04\/Steiking.jpg","type":"image\/jpeg"}],"twitter_card":"summary_large_image","twitter_misc":{"Ansl. lesetid":"2 minutter"},"schema":{"@context":"https:\/\/schema.org","@graph":[{"@type":"WebPage","@id":"https:\/\/mentalhelse.no\/fjord\/aktuelt\/steinomnbakt-pizza-herleg\/","url":"https:\/\/mentalhelse.no\/fjord\/aktuelt\/steinomnbakt-pizza-herleg\/","name":"Steinomnbakt pizza - herleg - Fjord","isPartOf":{"@id":"https:\/\/mentalhelse.no\/fjord\/#website"},"datePublished":"2026-04-19T08:13:27+00:00","dateModified":"2026-04-19T08:18:43+00:00","breadcrumb":{"@id":"https:\/\/mentalhelse.no\/fjord\/aktuelt\/steinomnbakt-pizza-herleg\/#breadcrumb"},"inLanguage":"nb-NO","potentialAction":[{"@type":"ReadAction","target":["https:\/\/mentalhelse.no\/fjord\/aktuelt\/steinomnbakt-pizza-herleg\/"]}]},{"@type":"BreadcrumbList","@id":"https:\/\/mentalhelse.no\/fjord\/aktuelt\/steinomnbakt-pizza-herleg\/#breadcrumb","itemListElement":[{"@type":"ListItem","position":1,"name":"Hjem","item":"https:\/\/mentalhelse.no\/fjord\/"},{"@type":"ListItem","position":2,"name":"Nyheter","item":"https:\/\/mentalhelse.no\/fjord\/aktuelt\/"},{"@type":"ListItem","position":3,"name":"Steinomnbakt pizza &#8211; herleg"}]},{"@type":"WebSite","@id":"https:\/\/mentalhelse.no\/fjord\/#website","url":"https:\/\/mentalhelse.no\/fjord\/","name":"Fjord","description":"","potentialAction":[{"@type":"SearchAction","target":{"@type":"EntryPoint","urlTemplate":"https:\/\/mentalhelse.no\/fjord\/?s={search_term_string}"},"query-input":"required name=search_term_string"}],"inLanguage":"nb-NO"}]}},"_links":{"self":[{"href":"https:\/\/mentalhelse.no\/fjord\/wp-json\/wp\/v2\/news\/2378","targetHints":{"allow":["GET"]}}],"collection":[{"href":"https:\/\/mentalhelse.no\/fjord\/wp-json\/wp\/v2\/news"}],"about":[{"href":"https:\/\/mentalhelse.no\/fjord\/wp-json\/wp\/v2\/types\/news"}],"author":[{"embeddable":true,"href":"https:\/\/mentalhelse.no\/fjord\/wp-json\/wp\/v2\/users\/82"}],"wp:featuredmedia":[{"embeddable":true,"href":"https:\/\/mentalhelse.no\/fjord\/wp-json\/wp\/v2\/media\/2379"}],"wp:attachment":[{"href":"https:\/\/mentalhelse.no\/fjord\/wp-json\/wp\/v2\/media?parent=2378"}],"wp:term":[{"taxonomy":"news_category","embeddable":true,"href":"https:\/\/mentalhelse.no\/fjord\/wp-json\/wp\/v2\/news_category?post=2378"}],"curies":[{"name":"wp","href":"https:\/\/api.w.org\/{rel}","templated":true}]}}