{"id":2384,"date":"2026-04-27T21:02:07","date_gmt":"2026-04-27T21:02:07","guid":{"rendered":"https:\/\/mentalhelse.no\/fjord\/?post_type=news&#038;p=2384"},"modified":"2026-04-27T22:02:56","modified_gmt":"2026-04-27T22:02:56","slug":"frivilligmote-i-april","status":"publish","type":"news","link":"https:\/\/mentalhelse.no\/fjord\/aktuelt\/frivilligmote-i-april\/","title":{"rendered":"Frivilligforum i april"},"content":{"rendered":"<figure class=\"alignwide wp-block-post-featured-image\"><img loading=\"lazy\" decoding=\"async\" width=\"2560\" height=\"1920\" src=\"https:\/\/mentalhelse.no\/content\/uploads\/sites\/225\/2026\/04\/IMG_3314-scaled.jpeg\" class=\"attachment-post-thumbnail size-post-thumbnail wp-post-image\" alt=\"\" style=\"object-fit:cover; --focal-point: 50% 50%;\" srcset=\"https:\/\/mentalhelse.no\/content\/uploads\/sites\/225\/2026\/04\/IMG_3314-scaled.jpeg 2560w, https:\/\/mentalhelse.no\/content\/uploads\/sites\/225\/2026\/04\/IMG_3314-300x225.jpeg 300w, https:\/\/mentalhelse.no\/content\/uploads\/sites\/225\/2026\/04\/IMG_3314-1024x768.jpeg 1024w, https:\/\/mentalhelse.no\/content\/uploads\/sites\/225\/2026\/04\/IMG_3314-768x576.jpeg 768w, https:\/\/mentalhelse.no\/content\/uploads\/sites\/225\/2026\/04\/IMG_3314-1536x1152.jpeg 1536w, https:\/\/mentalhelse.no\/content\/uploads\/sites\/225\/2026\/04\/IMG_3314-2048x1536.jpeg 2048w\" sizes=\"auto, (max-width: 2560px) 100vw, 2560px\" \/><\/figure>\n\n<h1 class=\"wp-block-post-title\">Frivilligforum i april<\/h1>\n\n\n<p>Alle lag og organisasjonar i kommunen vart invitert til frivilligforum 14. april p\u00e5 biblioteket i Valldal, der det var godt framm\u00f8te. Det var anledning til \u00e5 delt p\u00e5 teams. Fr\u00e5 v\u00e5rt lokallag m\u00f8tte Anna Margrethe.<br>F\u00f8rste temaet var korleis vi kan oppdatere aktivitetskalenderen p\u00e5 nettsidene til kommunen, opplevfjord.no, meir. Organisasjonane kan g\u00e5 inn p\u00e5 sida og melde inn arrangement, og arrangementet kan linkast til nettsidene til dei organisasjonane som har slike. <br>Vi fekk info om pilotprosjektet ABC for god, psykisk helse som er planlagt i Stordal 30. mai med enkle aktivitetar for idrett og leik p\u00e5 tvers av aldersgrupper (generasjonsleikane). Det er s\u00f8kt og f\u00e5tt midlar til gjennomf\u00f8ring.<br>Ein laurdag i september vert det ein frivilligfestival p\u00e5 Martin Lingehuset med presentasjon av aktivitetar og frivillige akt\u00f8rar i kommunen v\u00e5r der det er viktig at lag og organisasjonar er med.<br><\/p>\n\n\n\n<p>I frivilligsentralane sitt notat fr\u00e5 m\u00f8tet kan du lese meir om m\u00f8tet. Bilda er tekne av frivilligsentralane:<\/p>\n\n\n\n<ol class=\"wp-block-list\">\n<li>Ann Elise Dyrkorn, Valldal seniordans, Stordal Liabygda pensjonistlag<\/li>\n\n\n\n<li>Anna Margrethe Dr\u00e6geb\u00f8 Mo, Mental Helse Fjord<\/li>\n\n\n\n<li>Nina Gr\u00f8nning, Valldal skulekorps<\/li>\n\n\n\n<li>Lars Petter Hauge, Valldal IL<\/li>\n\n\n\n<li>Marit \u00d8vrevoll, Valldal s\u00f8ndagsskule, Sylte bedehus<\/li>\n\n\n\n<li>Aksel D\u00f8ving, Valldal Lions club<\/li>\n\n\n\n<li>Bj\u00f8rg S Kleppe, Valldal bygdekvinnelag<\/li>\n\n\n\n<li>Kristen Leganger, Stordal Liabygda pensjonistlag<\/li>\n\n\n\n<li>Anne Nyg\u00e5rd, Eidsdal Norddal R\u00f8de Kors Omsorg<\/li>\n\n\n\n<li>Kjell R\u00f8nning, H\u00f8rselsforbundet indre Sunnm\u00f8re, Seniornett Valldal, norskprat<\/li>\n\n\n\n<li>Brita Relling, Eidsdal Norddal R\u00f8de Kors Omsorg<\/li>\n\n\n\n<li>Torveig Klamdal, Eidsdal Musikklag, Eidsdal helselag, Eidsdal IL friidrett, Valldal<br>spelmannslag, Eidsdal-Norddal og Geiranger pensjonistlag<\/li>\n\n\n\n<li>Solveig Linge Stakkestad, Fj\u00f8r\u00e5 Valldal pensjonistlag<\/li>\n\n\n\n<li>Wenche Henden, Eidsdal Norddal R\u00f8de Kors Omsorg, DNT Sunnm\u00f8re<\/li>\n\n\n\n<li>Palma Fl\u00e5en \u00d8vrebust, Stordal folkedanslag, Stordal Liabygda pensjonistlag<\/li>\n\n\n\n<li>Eva Hove, p\u00e5r\u00f8randeforening Stordal, Kyrkjehola kulturbeite, StorfjordensVenner<\/li>\n\n\n\n<li>Bj\u00f8rnar Midtbust, Kyrkjehola kulturbeite, seniornett Stordal, Stordal IL fjellservice, Ola<br>Stavseng venneforening<\/li>\n\n\n\n<li>Terese Jemteg\u00e5rd Moen, ordf\u00f8rar<br>Kalenderm\u00f8te<\/li>\n<\/ol>\n\n\n\n<ul class=\"wp-block-list\">\n<li>Gjennomgang av kalender og bruk, korleis melde inn<\/li>\n\n\n\n<li>Det vart semje om at faste aktivitetar ogs\u00e5 kan leggast inn<\/li>\n\n\n\n<li>Kalenderm\u00f8te skal gi tid og rom for gjensidig informasjon mellom dei frivillige<br>laga \u2013 og legge til rette for samarbeid og samordning.<\/li>\n\n\n\n<li>\u00d8nske om \u00e5 synleggjere kalenderen i avisa, er det mogleg med eit samarbeid<\/li>\n\n\n\n<li>Infoskjermane \u2013 dei enkelte bedriftene eig dei no, det vert arbeidd med at<br>kommunen skal eige dei.<br>Kva skjer i Fjord framover \u2013 utveksling av informasjon<\/li>\n\n\n\n<li>Valldal skulekorps &#8211; KorpsfestiValldal 12.-14. juni, 700 p\u00e5meldte, Valldal Fj\u00f8r\u00e5 Tafjord,<br>treng ca 200 frivillige<\/li>\n\n\n\n<li>Valldal IL \u2013sykkeltrim, fridrettscupar, Mefjellet Opp, Olsok\/Jordb\u00e6rdilten<\/li>\n\n\n\n<li>Lions Club Valldal medlemsm\u00f8te \u2013 har invitert invitert 4H for st\u00f8tte\/samarbeid<\/li>\n\n\n\n<li>Valldal bygdekvinnelag &#8211; ope m\u00f8te med kommunefysioterapeut, busstur, bygdebrunsj<br>p\u00e5 farsdagen<\/li>\n\n\n\n<li>Fj\u00f8r\u00e5 Valldal pensjonistlag &#8211; Litter\u00e6rt m\u00f8te med Arne Ruset veke 17, fellestur med<br>Hurtigruta til Geiranger i mai for \u00e5 markere 50 \u00e5r<\/li>\n\n\n\n<li>Stordal pensjonistlag &#8211; tur til \u00c5ndalsnes i mai<\/li>\n\n\n\n<li>H\u00f8rselsforbundet Indre Sunnm\u00f8re h\u00f8rselstest 13.-14. juni, ope medlemsm\u00f8te i Stordal i<br>oktober, om hjelpemiddel<\/li>\n\n\n\n<li>Eidsdal Norddal R\u00f8de Kors &#8211; 29.04. startkurs R\u00f8de Kors, 30.4. ope m\u00f8te tema<br>beredskap<\/li>\n\n\n\n<li>Mental Helse Fjord &#8211; temam\u00f8te 12. mai Livet i Holmebygda<\/li>\n\n\n\n<li>Kyrkjehola Kulturbeite \u2013 seks konsertar<\/li>\n\n\n\n<li>Storfjordens Venner \u2013 stemne<\/li>\n\n\n\n<li>P\u00e5r\u00f8rendeforeninga Stordal &#8211; songstund kvar veke<\/li>\n\n\n\n<li>Bygdemiddag i Stordal 30. mai \u2013 privat initiativ<\/li>\n\n\n\n<li>\u2026<br>Generasjonsleikane<br>Stordal 30. mai, i samarbeid med Stordal IL og initiativtakarane til bygdemiddag som<br>skal vere same dag. Plass til fleire frivillige. Generasjonslekene &#8211; Aldersvennlig<br>Frivilligfestival<br>M\u00f8tedeltakarane ser p\u00e5 dette som positivt og vil vere med og bidra. Vi treng<br>medlemmar til ei arbeidsgruppe, meld deg gjerne. Det vert sendt ut eigen informasjon<br>med frist for tilbakemelding p\u00e5 e-post.<br>Eventuelt<\/li>\n\n\n\n<li>Det vert sendt ut info om gratis utl\u00e5n av piano og lydutstyr fr\u00e5 Festspela i<br>Geiranger. Utstyret er sponsa av Sparebanken M\u00f8re.\n<ol start=\"17\" class=\"wp-block-list\">\n<li>mai \u2013 noko ekstra som skjer? NRK er p\u00e5 jakt etter spesielle tradisjonar som dei kan vere med p\u00e5 denne dagen. Ordf\u00f8raren vidareformidlar informasjon, ta<br>kontakt.<br><\/li>\n<\/ol>\n<\/li>\n<\/ul>\n\n\n<div class=\"is-img-top mh-byline wp-block-mh-byline\">\n                  <div class=\"mh-byline__inner\">\n                  \t\n                  \t<div class=\"mh-byline__meta\">\n                  \t\t<div class=\"mh-byline__post\">\n                  \t\t\t<div class=\"entry-date\">27.04.2026<\/div>\n                  \t\t<\/div>\n                  \t\t<div class=\"mh-byline__author\">\n                  \t\t\t <span class=\"mh-byline__author-link\">lagfjord<\/span>\n\t\t\t\t\t\t<\/div>\n\t\t\t\t\t<\/div>\n\t\t\t\t<\/div>\n\t\t<\/div>\n\n\n<p><\/p>\n\n\n\n\t\t<div class=\"mh-related-posts alignfull alignfull wp-block-mentalhelse-related-posts gray-mode\">\n\t\t\t<div class=\"mh-related-posts__inner\">\n\t\t\t\t\n\n<h3 class=\"wp-block-heading\" id=\"h-also-read\">Also read<\/h3>\n\n\n<div class=\"t2-featured-content-layout alignwide alignwide wp-block-t2-featured-content-layout\">\n<div class=\"t2-featured-query-post t2-featured-content is-post-type-news wp-block-t2-featured-query-post t2-featured-content-layout-col-4\"><a class=\"t2-post-link wp-block-t2-post-link\" href=\"https:\/\/mentalhelse.no\/fjord\/aktuelt\/pa-fylkesarsmote-2026\/\">\n\t<figure style=\"--t2-focal-point: 50% 50%;\" class=\"t2-post-featured-image has-image-ratio-16-9 wp-block-t2-post-featured-image\"><img loading=\"lazy\" decoding=\"async\" width=\"2048\" height=\"1152\" src=\"https:\/\/mentalhelse.no\/content\/uploads\/sites\/225\/2026\/04\/Delegatane.jpeg\" class=\"attachment-post-thumbnail size-post-thumbnail wp-post-image\" alt=\"\" srcset=\"https:\/\/mentalhelse.no\/content\/uploads\/sites\/225\/2026\/04\/Delegatane.jpeg 2048w, https:\/\/mentalhelse.no\/content\/uploads\/sites\/225\/2026\/04\/Delegatane-300x169.jpeg 300w, https:\/\/mentalhelse.no\/content\/uploads\/sites\/225\/2026\/04\/Delegatane-1024x576.jpeg 1024w, https:\/\/mentalhelse.no\/content\/uploads\/sites\/225\/2026\/04\/Delegatane-768x432.jpeg 768w, https:\/\/mentalhelse.no\/content\/uploads\/sites\/225\/2026\/04\/Delegatane-1536x864.jpeg 1536w\" sizes=\"auto, (max-width: 2048px) 100vw, 2048px\" style=\"--focal-point: 50% 50%;\" \/><\/figure>\n<\/a>\n\n<div class=\"wp-block-group postinfo alignfull is-layout-flow wp-block-group-is-layout-flow\">\n\t<div class=\"wp-block-mentalhelse-post-category\">\n\t\t\t\t\t<div class=\"post-type\">\n\t\t\t\t\t\t<a href=\"https:\/\/mentalhelse.no\/fjord\/aktuelt\/\">Nyheter<\/a>\n\t\t\t\t\t<\/div>\n\t\t\t\t\t\n\t\t\t\t\t<div class=\"post-category\">\n\t\t\t\t\t\t\n\t\t\t\t\t<\/div>\n\t\t\t<\/div>\n\t<a class=\"t2-post-link wp-block-t2-post-link\" href=\"https:\/\/mentalhelse.no\/fjord\/aktuelt\/pa-fylkesarsmote-2026\/\">\n\t<h2 class=\"t2-post-title wp-block-t2-post-title\">P\u00e5 fylkes\u00e5rsm\u00f8te 2026<\/h2>\n\t<\/a>\n<\/div>\n\n<\/div>\n\n<div class=\"t2-featured-query-post t2-featured-content is-post-type-news wp-block-t2-featured-query-post t2-featured-content-layout-col-4\"><a class=\"t2-post-link wp-block-t2-post-link\" href=\"https:\/\/mentalhelse.no\/fjord\/aktuelt\/steinomnbakt-pizza-herleg\/\">\n\t<figure style=\"--t2-focal-point: 50% 50%;\" class=\"t2-post-featured-image has-image-ratio-16-9 wp-block-t2-post-featured-image\"><img loading=\"lazy\" decoding=\"async\" width=\"1920\" height=\"1440\" src=\"https:\/\/mentalhelse.no\/content\/uploads\/sites\/225\/2026\/04\/Steiking.jpg\" class=\"attachment-post-thumbnail size-post-thumbnail wp-post-image\" alt=\"\" srcset=\"https:\/\/mentalhelse.no\/content\/uploads\/sites\/225\/2026\/04\/Steiking.jpg 1920w, https:\/\/mentalhelse.no\/content\/uploads\/sites\/225\/2026\/04\/Steiking-300x225.jpg 300w, https:\/\/mentalhelse.no\/content\/uploads\/sites\/225\/2026\/04\/Steiking-1024x768.jpg 1024w, https:\/\/mentalhelse.no\/content\/uploads\/sites\/225\/2026\/04\/Steiking-768x576.jpg 768w, https:\/\/mentalhelse.no\/content\/uploads\/sites\/225\/2026\/04\/Steiking-1536x1152.jpg 1536w\" sizes=\"auto, (max-width: 1920px) 100vw, 1920px\" style=\"--focal-point: 50% 50%;\" \/><\/figure>\n<\/a>\n\n<div class=\"wp-block-group postinfo alignfull is-layout-flow wp-block-group-is-layout-flow\">\n\t<div class=\"wp-block-mentalhelse-post-category\">\n\t\t\t\t\t<div class=\"post-type\">\n\t\t\t\t\t\t<a href=\"https:\/\/mentalhelse.no\/fjord\/aktuelt\/\">Nyheter<\/a>\n\t\t\t\t\t<\/div>\n\t\t\t\t\t\n\t\t\t\t\t<div class=\"post-category\">\n\t\t\t\t\t\t\n\t\t\t\t\t<\/div>\n\t\t\t<\/div>\n\t<a class=\"t2-post-link wp-block-t2-post-link\" href=\"https:\/\/mentalhelse.no\/fjord\/aktuelt\/steinomnbakt-pizza-herleg\/\">\n\t<h2 class=\"t2-post-title wp-block-t2-post-title\">Steinomnbakt pizza &#8211; herleg<\/h2>\n\t<\/a>\n<\/div>\n\n<\/div>\n\n<div class=\"t2-featured-query-post t2-featured-content is-post-type-news wp-block-t2-featured-query-post t2-featured-content-layout-col-4\"><a class=\"t2-post-link wp-block-t2-post-link\" href=\"https:\/\/mentalhelse.no\/fjord\/aktuelt\/presentasjon-av-styret-i-2026-2027\/\">\n\t<figure style=\"--t2-focal-point: 50% 50%;\" class=\"t2-post-featured-image has-image-ratio-16-9 wp-block-t2-post-featured-image\"><img loading=\"lazy\" decoding=\"async\" width=\"2560\" height=\"1920\" src=\"https:\/\/mentalhelse.no\/content\/uploads\/sites\/225\/2026\/04\/20260326_103533-scaled.jpg\" class=\"attachment-post-thumbnail size-post-thumbnail wp-post-image\" alt=\"\" srcset=\"https:\/\/mentalhelse.no\/content\/uploads\/sites\/225\/2026\/04\/20260326_103533-scaled.jpg 2560w, https:\/\/mentalhelse.no\/content\/uploads\/sites\/225\/2026\/04\/20260326_103533-300x225.jpg 300w, https:\/\/mentalhelse.no\/content\/uploads\/sites\/225\/2026\/04\/20260326_103533-1024x768.jpg 1024w, https:\/\/mentalhelse.no\/content\/uploads\/sites\/225\/2026\/04\/20260326_103533-768x576.jpg 768w, https:\/\/mentalhelse.no\/content\/uploads\/sites\/225\/2026\/04\/20260326_103533-1536x1152.jpg 1536w, https:\/\/mentalhelse.no\/content\/uploads\/sites\/225\/2026\/04\/20260326_103533-2048x1536.jpg 2048w\" sizes=\"auto, (max-width: 2560px) 100vw, 2560px\" style=\"--focal-point: 50% 50%;\" \/><\/figure>\n<\/a>\n\n<div class=\"wp-block-group postinfo alignfull is-layout-flow wp-block-group-is-layout-flow\">\n\t<div class=\"wp-block-mentalhelse-post-category\">\n\t\t\t\t\t<div class=\"post-type\">\n\t\t\t\t\t\t<a href=\"https:\/\/mentalhelse.no\/fjord\/aktuelt\/\">Nyheter<\/a>\n\t\t\t\t\t<\/div>\n\t\t\t\t\t\n\t\t\t\t\t<div class=\"post-category\">\n\t\t\t\t\t\t\n\t\t\t\t\t<\/div>\n\t\t\t<\/div>\n\t<a class=\"t2-post-link wp-block-t2-post-link\" href=\"https:\/\/mentalhelse.no\/fjord\/aktuelt\/presentasjon-av-styret-i-2026-2027\/\">\n\t<h2 class=\"t2-post-title wp-block-t2-post-title\">Presentasjon av styret 2026 &#8211; 2027<\/h2>\n\t<\/a>\n<\/div>\n\n<\/div>\n<\/div>\n\n\t\t\t<\/div>\n\t\t<\/div>","protected":false},"excerpt":{"rendered":"<p>Alle lag og organisasjonar i kommunen vart invitert til frivilligforum 14. april p\u00e5 biblioteket i Valldal, der det var godt framm\u00f8te. Det var anledning til&#8230;<\/p>\n","protected":false},"author":82,"featured_media":2385,"parent":0,"template":"","meta":{"t2_featured_media_focal_point":{"x":0.5,"y":0.5},"mh_hide_title":true},"news_category":[],"class_list":["post-2384","news","type-news","status-publish","has-post-thumbnail","hentry"],"yoast_head":"<!-- This site is optimized with the Yoast SEO Premium plugin v21.2 (Yoast SEO v21.2) - https:\/\/yoast.com\/wordpress\/plugins\/seo\/ -->\n<title>Frivilligforum i april - Mental Helse - Fjord<\/title>\n<meta name=\"robots\" content=\"index, follow, max-snippet:-1, max-image-preview:large, max-video-preview:-1\" \/>\n<link rel=\"canonical\" href=\"https:\/\/mentalhelse.no\/fjord\/aktuelt\/frivilligmote-i-april\/\" \/>\n<meta property=\"og:locale\" content=\"nb_NO\" \/>\n<meta property=\"og:type\" content=\"article\" \/>\n<meta property=\"og:title\" content=\"Frivilligforum i april\" \/>\n<meta property=\"og:description\" content=\"Alle lag og organisasjonar i kommunen vart invitert til frivilligforum 14. april p\u00e5 biblioteket i Valldal, der det var godt framm\u00f8te. Det var anledning til...\" \/>\n<meta property=\"og:url\" content=\"https:\/\/mentalhelse.no\/fjord\/aktuelt\/frivilligmote-i-april\/\" \/>\n<meta property=\"og:site_name\" content=\"Fjord\" \/>\n<meta property=\"article:modified_time\" content=\"2026-04-27T22:02:56+00:00\" \/>\n<meta property=\"og:image\" content=\"https:\/\/mentalhelse.no\/content\/uploads\/sites\/225\/2026\/04\/IMG_3314-scaled.jpeg\" \/>\n\t<meta property=\"og:image:width\" content=\"2560\" \/>\n\t<meta property=\"og:image:height\" content=\"1920\" \/>\n\t<meta property=\"og:image:type\" content=\"image\/jpeg\" \/>\n<meta name=\"twitter:card\" content=\"summary_large_image\" \/>\n<meta name=\"twitter:label1\" content=\"Ansl. lesetid\" \/>\n\t<meta name=\"twitter:data1\" content=\"4 minutter\" \/>\n<script type=\"application\/ld+json\" class=\"yoast-schema-graph\">{\"@context\":\"https:\/\/schema.org\",\"@graph\":[{\"@type\":\"WebPage\",\"@id\":\"https:\/\/mentalhelse.no\/fjord\/aktuelt\/frivilligmote-i-april\/\",\"url\":\"https:\/\/mentalhelse.no\/fjord\/aktuelt\/frivilligmote-i-april\/\",\"name\":\"Frivilligforum i april - Fjord\",\"isPartOf\":{\"@id\":\"https:\/\/mentalhelse.no\/fjord\/#website\"},\"datePublished\":\"2026-04-27T21:02:07+00:00\",\"dateModified\":\"2026-04-27T22:02:56+00:00\",\"breadcrumb\":{\"@id\":\"https:\/\/mentalhelse.no\/fjord\/aktuelt\/frivilligmote-i-april\/#breadcrumb\"},\"inLanguage\":\"nb-NO\",\"potentialAction\":[{\"@type\":\"ReadAction\",\"target\":[\"https:\/\/mentalhelse.no\/fjord\/aktuelt\/frivilligmote-i-april\/\"]}]},{\"@type\":\"BreadcrumbList\",\"@id\":\"https:\/\/mentalhelse.no\/fjord\/aktuelt\/frivilligmote-i-april\/#breadcrumb\",\"itemListElement\":[{\"@type\":\"ListItem\",\"position\":1,\"name\":\"Hjem\",\"item\":\"https:\/\/mentalhelse.no\/fjord\/\"},{\"@type\":\"ListItem\",\"position\":2,\"name\":\"Nyheter\",\"item\":\"https:\/\/mentalhelse.no\/fjord\/aktuelt\/\"},{\"@type\":\"ListItem\",\"position\":3,\"name\":\"Frivilligforum i april\"}]},{\"@type\":\"WebSite\",\"@id\":\"https:\/\/mentalhelse.no\/fjord\/#website\",\"url\":\"https:\/\/mentalhelse.no\/fjord\/\",\"name\":\"Fjord\",\"description\":\"\",\"potentialAction\":[{\"@type\":\"SearchAction\",\"target\":{\"@type\":\"EntryPoint\",\"urlTemplate\":\"https:\/\/mentalhelse.no\/fjord\/?s={search_term_string}\"},\"query-input\":\"required name=search_term_string\"}],\"inLanguage\":\"nb-NO\"}]}<\/script>\n<!-- \/ Yoast SEO Premium plugin. -->","yoast_head_json":{"title":"Frivilligforum i april - Mental Helse - Fjord","robots":{"index":"index","follow":"follow","max-snippet":"max-snippet:-1","max-image-preview":"max-image-preview:large","max-video-preview":"max-video-preview:-1"},"canonical":"https:\/\/mentalhelse.no\/fjord\/aktuelt\/frivilligmote-i-april\/","og_locale":"nb_NO","og_type":"article","og_title":"Frivilligforum i april","og_description":"Alle lag og organisasjonar i kommunen vart invitert til frivilligforum 14. april p\u00e5 biblioteket i Valldal, der det var godt framm\u00f8te. Det var anledning til...","og_url":"https:\/\/mentalhelse.no\/fjord\/aktuelt\/frivilligmote-i-april\/","og_site_name":"Fjord","article_modified_time":"2026-04-27T22:02:56+00:00","og_image":[{"width":2560,"height":1920,"url":"https:\/\/mentalhelse.no\/content\/uploads\/sites\/225\/2026\/04\/IMG_3314-scaled.jpeg","type":"image\/jpeg"}],"twitter_card":"summary_large_image","twitter_misc":{"Ansl. lesetid":"4 minutter"},"schema":{"@context":"https:\/\/schema.org","@graph":[{"@type":"WebPage","@id":"https:\/\/mentalhelse.no\/fjord\/aktuelt\/frivilligmote-i-april\/","url":"https:\/\/mentalhelse.no\/fjord\/aktuelt\/frivilligmote-i-april\/","name":"Frivilligforum i april - Fjord","isPartOf":{"@id":"https:\/\/mentalhelse.no\/fjord\/#website"},"datePublished":"2026-04-27T21:02:07+00:00","dateModified":"2026-04-27T22:02:56+00:00","breadcrumb":{"@id":"https:\/\/mentalhelse.no\/fjord\/aktuelt\/frivilligmote-i-april\/#breadcrumb"},"inLanguage":"nb-NO","potentialAction":[{"@type":"ReadAction","target":["https:\/\/mentalhelse.no\/fjord\/aktuelt\/frivilligmote-i-april\/"]}]},{"@type":"BreadcrumbList","@id":"https:\/\/mentalhelse.no\/fjord\/aktuelt\/frivilligmote-i-april\/#breadcrumb","itemListElement":[{"@type":"ListItem","position":1,"name":"Hjem","item":"https:\/\/mentalhelse.no\/fjord\/"},{"@type":"ListItem","position":2,"name":"Nyheter","item":"https:\/\/mentalhelse.no\/fjord\/aktuelt\/"},{"@type":"ListItem","position":3,"name":"Frivilligforum i april"}]},{"@type":"WebSite","@id":"https:\/\/mentalhelse.no\/fjord\/#website","url":"https:\/\/mentalhelse.no\/fjord\/","name":"Fjord","description":"","potentialAction":[{"@type":"SearchAction","target":{"@type":"EntryPoint","urlTemplate":"https:\/\/mentalhelse.no\/fjord\/?s={search_term_string}"},"query-input":"required name=search_term_string"}],"inLanguage":"nb-NO"}]}},"_links":{"self":[{"href":"https:\/\/mentalhelse.no\/fjord\/wp-json\/wp\/v2\/news\/2384","targetHints":{"allow":["GET"]}}],"collection":[{"href":"https:\/\/mentalhelse.no\/fjord\/wp-json\/wp\/v2\/news"}],"about":[{"href":"https:\/\/mentalhelse.no\/fjord\/wp-json\/wp\/v2\/types\/news"}],"author":[{"embeddable":true,"href":"https:\/\/mentalhelse.no\/fjord\/wp-json\/wp\/v2\/users\/82"}],"wp:featuredmedia":[{"embeddable":true,"href":"https:\/\/mentalhelse.no\/fjord\/wp-json\/wp\/v2\/media\/2385"}],"wp:attachment":[{"href":"https:\/\/mentalhelse.no\/fjord\/wp-json\/wp\/v2\/media?parent=2384"}],"wp:term":[{"taxonomy":"news_category","embeddable":true,"href":"https:\/\/mentalhelse.no\/fjord\/wp-json\/wp\/v2\/news_category?post=2384"}],"curies":[{"name":"wp","href":"https:\/\/api.w.org\/{rel}","templated":true}]}}