{"id":1071,"date":"2026-02-08T17:52:41","date_gmt":"2026-02-08T17:52:41","guid":{"rendered":"https:\/\/mentalhelse.no\/holmestrand\/?post_type=news&#038;p=1071"},"modified":"2026-02-08T17:52:41","modified_gmt":"2026-02-08T17:52:41","slug":"velkommen-til-arsmote","status":"publish","type":"news","link":"https:\/\/mentalhelse.no\/holmestrand\/aktuelt\/velkommen-til-arsmote\/","title":{"rendered":"Velkommen til \u00c5rsm\u00f8te."},"content":{"rendered":"<h1 class=\"wp-block-post-title\">Velkommen til \u00c5rsm\u00f8te.<\/h1>\n\n<div class=\"is-img-top mh-byline wp-block-mh-byline\">\n                  <div class=\"mh-byline__inner\">\n                  \t\n                  \t<div class=\"mh-byline__meta\">\n                  \t\t<div class=\"mh-byline__post\">\n                  \t\t\t<div class=\"entry-date\">08.02.2026<\/div>\n                  \t\t<\/div>\n                  \t\t<div class=\"mh-byline__author\">\n                  \t\t\t <span class=\"mh-byline__author-link\">lagholmestrand<\/span>\n\t\t\t\t\t\t<\/div>\n\t\t\t\t\t<\/div>\n\t\t\t\t<\/div>\n\t\t<\/div>\n\n\n<p>N\u00e5 er det igjen tid for \u00c5rsm\u00f8te i mental helse Holmestrand, onsdag 25 Februar kl 18 p\u00e5 Sande gamle presteg\u00e5rd. Nye og gamle medlemmer er hjertelig velkommen. Det blir enkel bevertning.<\/p>\n\n\n\n<p>Se mer under dokumenter knappen.<\/p>\n\n\n\n\t\t<div class=\"mh-related-posts alignfull alignfull wp-block-mentalhelse-related-posts gray-mode\">\n\t\t\t<div class=\"mh-related-posts__inner\">\n\t\t\t\t\n\n<h3 class=\"wp-block-heading\" id=\"h-\">.<\/h3>\n\n\n<div class=\"t2-featured-content-layout alignwide alignwide wp-block-t2-featured-content-layout\">\n<div class=\"t2-featured-query-post t2-featured-content is-post-type-news wp-block-t2-featured-query-post t2-featured-content-layout-col-4\"><a class=\"t2-post-link wp-block-t2-post-link\" href=\"https:\/\/mentalhelse.no\/holmestrand\/aktuelt\/bli-med-pa-sverigetur\/\">\n\t<figure style=\"--t2-focal-point: 50% 50%;\" class=\"t2-post-featured-image has-image-ratio-16-9 wp-block-t2-post-featured-image\"><img loading=\"lazy\" decoding=\"async\" width=\"945\" height=\"474\" src=\"https:\/\/mentalhelse.no\/content\/uploads\/sites\/280\/2026\/03\/Sverigetur.jpg\" class=\"attachment-post-thumbnail size-post-thumbnail wp-post-image\" alt=\"\" srcset=\"https:\/\/mentalhelse.no\/content\/uploads\/sites\/280\/2026\/03\/Sverigetur.jpg 945w, https:\/\/mentalhelse.no\/content\/uploads\/sites\/280\/2026\/03\/Sverigetur-300x150.jpg 300w, https:\/\/mentalhelse.no\/content\/uploads\/sites\/280\/2026\/03\/Sverigetur-768x385.jpg 768w\" sizes=\"auto, (max-width: 945px) 100vw, 945px\" style=\"--focal-point: 50% 50%;\" \/><\/figure>\n<\/a>\n\n<div class=\"wp-block-group postinfo alignfull is-layout-flow wp-block-group-is-layout-flow\">\n\t<div class=\"wp-block-mentalhelse-post-category\">\n\t\t\t\t\t<div class=\"post-type\">\n\t\t\t\t\t\t<a href=\"https:\/\/mentalhelse.no\/holmestrand\/aktuelt\/\">Nyheter<\/a>\n\t\t\t\t\t<\/div>\n\t\t\t\t\t\n\t\t\t\t\t<div class=\"post-category\">\n\t\t\t\t\t\t\n\t\t\t\t\t<\/div>\n\t\t\t<\/div>\n\t<a class=\"t2-post-link wp-block-t2-post-link\" href=\"https:\/\/mentalhelse.no\/holmestrand\/aktuelt\/bli-med-pa-sverigetur\/\">\n\t<h2 class=\"t2-post-title wp-block-t2-post-title\">Bli med p\u00e5 Sverigetur<\/h2>\n\t<\/a>\n<\/div>\n\n<\/div>\n\n<div class=\"t2-featured-query-post t2-featured-content is-post-type-news wp-block-t2-featured-query-post t2-featured-content-layout-col-4\"><a class=\"t2-post-link wp-block-t2-post-link\" href=\"https:\/\/mentalhelse.no\/holmestrand\/aktuelt\/grillkos-i-hagemann\/\">\n\t<figure style=\"--t2-focal-point: 50% 50%;\" class=\"t2-post-featured-image has-image-ratio-16-9 wp-block-t2-post-featured-image\"><img loading=\"lazy\" decoding=\"async\" width=\"1068\" height=\"529\" src=\"https:\/\/mentalhelse.no\/content\/uploads\/sites\/280\/2026\/03\/Grille-polser.avif\" class=\"attachment-post-thumbnail size-post-thumbnail wp-post-image\" alt=\"\" srcset=\"https:\/\/mentalhelse.no\/content\/uploads\/sites\/280\/2026\/03\/Grille-polser.avif 1068w, https:\/\/mentalhelse.no\/content\/uploads\/sites\/280\/2026\/03\/Grille-polser-300x149.jpg 300w, https:\/\/mentalhelse.no\/content\/uploads\/sites\/280\/2026\/03\/Grille-polser-1024x507.jpg 1024w, https:\/\/mentalhelse.no\/content\/uploads\/sites\/280\/2026\/03\/Grille-polser-768x380.jpg 768w\" sizes=\"auto, (max-width: 1068px) 100vw, 1068px\" style=\"--focal-point: 50% 50%;\" \/><\/figure>\n<\/a>\n\n<div class=\"wp-block-group postinfo alignfull is-layout-flow wp-block-group-is-layout-flow\">\n\t<div class=\"wp-block-mentalhelse-post-category\">\n\t\t\t\t\t<div class=\"post-type\">\n\t\t\t\t\t\t<a href=\"https:\/\/mentalhelse.no\/holmestrand\/aktuelt\/\">Nyheter<\/a>\n\t\t\t\t\t<\/div>\n\t\t\t\t\t\n\t\t\t\t\t<div class=\"post-category\">\n\t\t\t\t\t\t\n\t\t\t\t\t<\/div>\n\t\t\t<\/div>\n\t<a class=\"t2-post-link wp-block-t2-post-link\" href=\"https:\/\/mentalhelse.no\/holmestrand\/aktuelt\/grillkos-i-hagemann\/\">\n\t<h2 class=\"t2-post-title wp-block-t2-post-title\">Grillkos i Hagemann.<\/h2>\n\t<\/a>\n<\/div>\n\n<\/div>\n\n\n<\/div>\n\n\t\t\t<\/div>\n\t\t<\/div>","protected":false},"excerpt":{"rendered":"<p>N\u00e5 er det igjen tid for \u00c5rsm\u00f8te i mental helse Holmestrand, onsdag 25 Februar kl 18 p\u00e5 Sande gamle presteg\u00e5rd. Nye og gamle medlemmer er&#8230;<\/p>\n","protected":false},"author":149,"featured_media":0,"parent":0,"template":"","meta":{"t2_featured_media_focal_point":{"x":0.5,"y":0.5},"mh_hide_title":true},"news_category":[],"class_list":["post-1071","news","type-news","status-publish","hentry"],"yoast_head":"<!-- This site is optimized with the Yoast SEO Premium plugin v21.2 (Yoast SEO v21.2) - https:\/\/yoast.com\/wordpress\/plugins\/seo\/ -->\n<title>Velkommen til \u00c5rsm\u00f8te. - Mental Helse - Holmestrand<\/title>\n<meta name=\"robots\" content=\"index, follow, max-snippet:-1, max-image-preview:large, max-video-preview:-1\" \/>\n<link rel=\"canonical\" href=\"https:\/\/mentalhelse.no\/holmestrand\/aktuelt\/velkommen-til-arsmote\/\" \/>\n<meta property=\"og:locale\" content=\"nb_NO\" \/>\n<meta property=\"og:type\" content=\"article\" \/>\n<meta property=\"og:title\" content=\"Velkommen til \u00c5rsm\u00f8te.\" \/>\n<meta property=\"og:description\" content=\"N\u00e5 er det igjen tid for \u00c5rsm\u00f8te i mental helse Holmestrand, onsdag 25 Februar kl 18 p\u00e5 Sande gamle presteg\u00e5rd. Nye og gamle medlemmer er...\" \/>\n<meta property=\"og:url\" content=\"https:\/\/mentalhelse.no\/holmestrand\/aktuelt\/velkommen-til-arsmote\/\" \/>\n<meta property=\"og:site_name\" content=\"Holmestrand\" \/>\n<meta name=\"twitter:card\" content=\"summary_large_image\" \/>\n<meta name=\"twitter:label1\" content=\"Ansl. lesetid\" \/>\n\t<meta name=\"twitter:data1\" content=\"1 minutt\" \/>\n<script type=\"application\/ld+json\" class=\"yoast-schema-graph\">{\"@context\":\"https:\/\/schema.org\",\"@graph\":[{\"@type\":\"WebPage\",\"@id\":\"https:\/\/mentalhelse.no\/holmestrand\/aktuelt\/velkommen-til-arsmote\/\",\"url\":\"https:\/\/mentalhelse.no\/holmestrand\/aktuelt\/velkommen-til-arsmote\/\",\"name\":\"Velkommen til \u00c5rsm\u00f8te. - Holmestrand\",\"isPartOf\":{\"@id\":\"https:\/\/mentalhelse.no\/holmestrand\/#website\"},\"datePublished\":\"2026-02-08T17:52:41+00:00\",\"dateModified\":\"2026-02-08T17:52:41+00:00\",\"breadcrumb\":{\"@id\":\"https:\/\/mentalhelse.no\/holmestrand\/aktuelt\/velkommen-til-arsmote\/#breadcrumb\"},\"inLanguage\":\"nb-NO\",\"potentialAction\":[{\"@type\":\"ReadAction\",\"target\":[\"https:\/\/mentalhelse.no\/holmestrand\/aktuelt\/velkommen-til-arsmote\/\"]}]},{\"@type\":\"BreadcrumbList\",\"@id\":\"https:\/\/mentalhelse.no\/holmestrand\/aktuelt\/velkommen-til-arsmote\/#breadcrumb\",\"itemListElement\":[{\"@type\":\"ListItem\",\"position\":1,\"name\":\"Hjem\",\"item\":\"https:\/\/mentalhelse.no\/holmestrand\/\"},{\"@type\":\"ListItem\",\"position\":2,\"name\":\"Nyheter\",\"item\":\"https:\/\/mentalhelse.no\/holmestrand\/aktuelt\/\"},{\"@type\":\"ListItem\",\"position\":3,\"name\":\"Velkommen til \u00c5rsm\u00f8te.\"}]},{\"@type\":\"WebSite\",\"@id\":\"https:\/\/mentalhelse.no\/holmestrand\/#website\",\"url\":\"https:\/\/mentalhelse.no\/holmestrand\/\",\"name\":\"Holmestrand\",\"description\":\"\",\"potentialAction\":[{\"@type\":\"SearchAction\",\"target\":{\"@type\":\"EntryPoint\",\"urlTemplate\":\"https:\/\/mentalhelse.no\/holmestrand\/?s={search_term_string}\"},\"query-input\":\"required name=search_term_string\"}],\"inLanguage\":\"nb-NO\"}]}<\/script>\n<!-- \/ Yoast SEO Premium plugin. -->","yoast_head_json":{"title":"Velkommen til \u00c5rsm\u00f8te. - Mental Helse - Holmestrand","robots":{"index":"index","follow":"follow","max-snippet":"max-snippet:-1","max-image-preview":"max-image-preview:large","max-video-preview":"max-video-preview:-1"},"canonical":"https:\/\/mentalhelse.no\/holmestrand\/aktuelt\/velkommen-til-arsmote\/","og_locale":"nb_NO","og_type":"article","og_title":"Velkommen til \u00c5rsm\u00f8te.","og_description":"N\u00e5 er det igjen tid for \u00c5rsm\u00f8te i mental helse Holmestrand, onsdag 25 Februar kl 18 p\u00e5 Sande gamle presteg\u00e5rd. Nye og gamle medlemmer er...","og_url":"https:\/\/mentalhelse.no\/holmestrand\/aktuelt\/velkommen-til-arsmote\/","og_site_name":"Holmestrand","twitter_card":"summary_large_image","twitter_misc":{"Ansl. lesetid":"1 minutt"},"schema":{"@context":"https:\/\/schema.org","@graph":[{"@type":"WebPage","@id":"https:\/\/mentalhelse.no\/holmestrand\/aktuelt\/velkommen-til-arsmote\/","url":"https:\/\/mentalhelse.no\/holmestrand\/aktuelt\/velkommen-til-arsmote\/","name":"Velkommen til \u00c5rsm\u00f8te. - Holmestrand","isPartOf":{"@id":"https:\/\/mentalhelse.no\/holmestrand\/#website"},"datePublished":"2026-02-08T17:52:41+00:00","dateModified":"2026-02-08T17:52:41+00:00","breadcrumb":{"@id":"https:\/\/mentalhelse.no\/holmestrand\/aktuelt\/velkommen-til-arsmote\/#breadcrumb"},"inLanguage":"nb-NO","potentialAction":[{"@type":"ReadAction","target":["https:\/\/mentalhelse.no\/holmestrand\/aktuelt\/velkommen-til-arsmote\/"]}]},{"@type":"BreadcrumbList","@id":"https:\/\/mentalhelse.no\/holmestrand\/aktuelt\/velkommen-til-arsmote\/#breadcrumb","itemListElement":[{"@type":"ListItem","position":1,"name":"Hjem","item":"https:\/\/mentalhelse.no\/holmestrand\/"},{"@type":"ListItem","position":2,"name":"Nyheter","item":"https:\/\/mentalhelse.no\/holmestrand\/aktuelt\/"},{"@type":"ListItem","position":3,"name":"Velkommen til \u00c5rsm\u00f8te."}]},{"@type":"WebSite","@id":"https:\/\/mentalhelse.no\/holmestrand\/#website","url":"https:\/\/mentalhelse.no\/holmestrand\/","name":"Holmestrand","description":"","potentialAction":[{"@type":"SearchAction","target":{"@type":"EntryPoint","urlTemplate":"https:\/\/mentalhelse.no\/holmestrand\/?s={search_term_string}"},"query-input":"required name=search_term_string"}],"inLanguage":"nb-NO"}]}},"_links":{"self":[{"href":"https:\/\/mentalhelse.no\/holmestrand\/wp-json\/wp\/v2\/news\/1071","targetHints":{"allow":["GET"]}}],"collection":[{"href":"https:\/\/mentalhelse.no\/holmestrand\/wp-json\/wp\/v2\/news"}],"about":[{"href":"https:\/\/mentalhelse.no\/holmestrand\/wp-json\/wp\/v2\/types\/news"}],"author":[{"embeddable":true,"href":"https:\/\/mentalhelse.no\/holmestrand\/wp-json\/wp\/v2\/users\/149"}],"wp:attachment":[{"href":"https:\/\/mentalhelse.no\/holmestrand\/wp-json\/wp\/v2\/media?parent=1071"}],"wp:term":[{"taxonomy":"news_category","embeddable":true,"href":"https:\/\/mentalhelse.no\/holmestrand\/wp-json\/wp\/v2\/news_category?post=1071"}],"curies":[{"name":"wp","href":"https:\/\/api.w.org\/{rel}","templated":true}]}}