{"id":1175,"date":"2024-04-30T13:46:18","date_gmt":"2024-04-30T13:46:18","guid":{"rendered":"https:\/\/mentalhelse.no\/innlandet\/?post_type=news&#038;p=1175"},"modified":"2024-04-30T13:46:18","modified_gmt":"2024-04-30T13:46:18","slug":"arsmote-mental-helse-innlandet-26-28-april-2024","status":"publish","type":"news","link":"https:\/\/mentalhelse.no\/innlandet\/aktuelt\/arsmote-mental-helse-innlandet-26-28-april-2024\/","title":{"rendered":"\u00c5rsm\u00f8te Mental Helse Innlandet 26-28 April 2024."},"content":{"rendered":"<figure class=\"alignwide wp-block-post-featured-image\"><img loading=\"lazy\" decoding=\"async\" width=\"734\" height=\"550\" src=\"https:\/\/mentalhelse.no\/content\/uploads\/sites\/187\/2024\/04\/thumbnail_Resized_IMG_6868_1714480304499.jpg\" class=\"attachment-post-thumbnail size-post-thumbnail wp-post-image\" alt=\"\" style=\"object-fit:cover; --focal-point: 50% 50%;\" srcset=\"https:\/\/mentalhelse.no\/content\/uploads\/sites\/187\/2024\/04\/thumbnail_Resized_IMG_6868_1714480304499.jpg 734w, https:\/\/mentalhelse.no\/content\/uploads\/sites\/187\/2024\/04\/thumbnail_Resized_IMG_6868_1714480304499-300x225.jpg 300w\" sizes=\"auto, (max-width: 734px) 100vw, 734px\" \/><\/figure>\n\n<h1 class=\"wp-block-post-title\">\u00c5rsm\u00f8te Mental Helse Innlandet 26-28 April 2024.<\/h1>\n\n<div class=\"is-img-top mh-byline wp-block-mh-byline\">\n                  <div class=\"mh-byline__inner\">\n                  \t\n                  \t<div class=\"mh-byline__meta\">\n                  \t\t<div class=\"mh-byline__post\">\n                  \t\t\t<div class=\"entry-date\">30.04.2024<\/div>\n                  \t\t<\/div>\n                  \t\t<div class=\"mh-byline__author\">\n                  \t\t\t <span class=\"mh-byline__author-link\">laginnland<\/span>\n\t\t\t\t\t\t<\/div>\n\t\t\t\t\t<\/div>\n\t\t\t\t<\/div>\n\t\t<\/div>\n\n<div class=\"has-text-align-left wp-block-post-excerpt\"><p class=\"wp-block-post-excerpt__excerpt\">Magne Rudil\u00f8kken fikk Hederspris for 17 \u00e5rs frivillig arbeid i Mental Helse. Vinner av \u00e5rets vervekampanje ble Mental Helse Toten. Pengesjekken ble tatt i mot&#8230;<\/p><p class=\"wp-block-post-excerpt__more-text\"><a class=\"wp-block-post-excerpt__more-link\" href=\"https:\/\/mentalhelse.no\/innlandet\/aktuelt\/arsmote-mental-helse-innlandet-26-28-april-2024\/\">\u00c5rsm\u00f8te for Mental Helse Innlandet er gjennomf\u00f8rt p\u00e5 Skaslien.<br>Fylkesleder Trond Marthinsen loset oss gjennom. Vi hadde bes\u00f8k av Landslederen Ole-Marius Minde Johnsen, og organisasjonsr\u00e5dgiver Rune Mikkelvik, som var med oss hele helga.<\/a><\/p><\/div>\n\n\n<figure class=\"wp-block-image size-full\"><img loading=\"lazy\" decoding=\"async\" width=\"1008\" height=\"756\" src=\"https:\/\/mentalhelse.no\/content\/uploads\/sites\/187\/2024\/04\/thumbnail_Resized_IMG_6869_1714480300495-1.jpg\" alt=\"\" class=\"wp-image-1178\" srcset=\"https:\/\/mentalhelse.no\/content\/uploads\/sites\/187\/2024\/04\/thumbnail_Resized_IMG_6869_1714480300495-1.jpg 1008w, https:\/\/mentalhelse.no\/content\/uploads\/sites\/187\/2024\/04\/thumbnail_Resized_IMG_6869_1714480300495-1-300x225.jpg 300w, https:\/\/mentalhelse.no\/content\/uploads\/sites\/187\/2024\/04\/thumbnail_Resized_IMG_6869_1714480300495-1-768x576.jpg 768w\" sizes=\"auto, (max-width: 1008px) 100vw, 1008px\" \/><\/figure>\n\n\n\n<p>Magne Rudil\u00f8kken fikk Hederspris for 17 \u00e5rs frivillig arbeid i Mental Helse.<\/p>\n\n\n\n<figure class=\"wp-block-image size-full\"><img loading=\"lazy\" decoding=\"async\" width=\"250\" height=\"374\" src=\"https:\/\/mentalhelse.no\/content\/uploads\/sites\/187\/2024\/04\/thumbnail_IMG_6879-1.jpg\" alt=\"\" class=\"wp-image-1179\" srcset=\"https:\/\/mentalhelse.no\/content\/uploads\/sites\/187\/2024\/04\/thumbnail_IMG_6879-1.jpg 250w, https:\/\/mentalhelse.no\/content\/uploads\/sites\/187\/2024\/04\/thumbnail_IMG_6879-1-201x300.jpg 201w\" sizes=\"auto, (max-width: 250px) 100vw, 250px\" \/><\/figure>\n\n\n\n<figure class=\"wp-block-image size-full\"><img loading=\"lazy\" decoding=\"async\" width=\"756\" height=\"1008\" src=\"https:\/\/mentalhelse.no\/content\/uploads\/sites\/187\/2024\/04\/Resized_IMG_6913_1714480048080001-1.jpeg\" alt=\"\" class=\"wp-image-1180\" srcset=\"https:\/\/mentalhelse.no\/content\/uploads\/sites\/187\/2024\/04\/Resized_IMG_6913_1714480048080001-1.jpeg 756w, https:\/\/mentalhelse.no\/content\/uploads\/sites\/187\/2024\/04\/Resized_IMG_6913_1714480048080001-1-225x300.jpeg 225w\" sizes=\"auto, (max-width: 756px) 100vw, 756px\" \/><\/figure>\n\n\n\n<figure class=\"wp-block-image size-full\"><img loading=\"lazy\" decoding=\"async\" width=\"756\" height=\"1008\" src=\"https:\/\/mentalhelse.no\/content\/uploads\/sites\/187\/2024\/04\/thumbnail_Resized_IMG_6894_1714480381654-1.jpg\" alt=\"\" class=\"wp-image-1181\" srcset=\"https:\/\/mentalhelse.no\/content\/uploads\/sites\/187\/2024\/04\/thumbnail_Resized_IMG_6894_1714480381654-1.jpg 756w, https:\/\/mentalhelse.no\/content\/uploads\/sites\/187\/2024\/04\/thumbnail_Resized_IMG_6894_1714480381654-1-225x300.jpg 225w\" sizes=\"auto, (max-width: 756px) 100vw, 756px\" \/><\/figure>\n\n\n\n<p>Vinner av \u00e5rets vervekampanje ble Mental Helse Toten.<\/p>\n\n\n\n<p>Pengesjekken ble tatt i mot av leder Lise Nedrud.<\/p>\n\n\n\n<figure class=\"wp-block-image size-full\"><img loading=\"lazy\" decoding=\"async\" width=\"250\" height=\"290\" src=\"https:\/\/mentalhelse.no\/content\/uploads\/sites\/187\/2024\/04\/thumbnail_IMG_6906.jpg\" alt=\"\" class=\"wp-image-1182\" \/><\/figure>\n\n\n\n<figure class=\"wp-block-image size-full\"><img loading=\"lazy\" decoding=\"async\" width=\"756\" height=\"1008\" src=\"https:\/\/mentalhelse.no\/content\/uploads\/sites\/187\/2024\/04\/Resized_IMG_6908_1714480058109001-1.jpeg\" alt=\"\" class=\"wp-image-1183\" srcset=\"https:\/\/mentalhelse.no\/content\/uploads\/sites\/187\/2024\/04\/Resized_IMG_6908_1714480058109001-1.jpeg 756w, https:\/\/mentalhelse.no\/content\/uploads\/sites\/187\/2024\/04\/Resized_IMG_6908_1714480058109001-1-225x300.jpeg 225w\" sizes=\"auto, (max-width: 756px) 100vw, 756px\" \/><\/figure>\n\n\n\n<p>Vinner av stol leken Mette Karsrud.<\/p>\n\n\n\n<figure class=\"wp-block-image size-full\"><img loading=\"lazy\" decoding=\"async\" width=\"250\" height=\"382\" src=\"https:\/\/mentalhelse.no\/content\/uploads\/sites\/187\/2024\/04\/thumbnail_20240427_171931-1.jpg\" alt=\"\" class=\"wp-image-1184\" srcset=\"https:\/\/mentalhelse.no\/content\/uploads\/sites\/187\/2024\/04\/thumbnail_20240427_171931-1.jpg 250w, https:\/\/mentalhelse.no\/content\/uploads\/sites\/187\/2024\/04\/thumbnail_20240427_171931-1-196x300.jpg 196w\" sizes=\"auto, (max-width: 250px) 100vw, 250px\" \/><\/figure>\n\n\n\n\t\t<div class=\"mh-related-posts alignfull alignfull wp-block-mentalhelse-related-posts gray-mode\">\n\t\t\t<div class=\"mh-related-posts__inner\">\n\t\t\t\t\n\n<h3 class=\"wp-block-heading\" id=\"h-also-read\">Also read<\/h3>\n\n\n<div class=\"t2-featured-content-layout alignwide alignwide wp-block-t2-featured-content-layout\">\n<div class=\"t2-featured-query-post t2-featured-content is-post-type-news wp-block-t2-featured-query-post t2-featured-content-layout-col-4\"><a class=\"t2-post-link wp-block-t2-post-link\" href=\"https:\/\/mentalhelse.no\/innlandet\/aktuelt\/ledersamling-og-arsmote-pa-dombas\/\">\n\t<figure style=\"--t2-focal-point: 64% 49%;\" class=\"t2-post-featured-image has-image-ratio-16-9 wp-block-t2-post-featured-image\"><img loading=\"lazy\" decoding=\"async\" width=\"2560\" height=\"1920\" src=\"https:\/\/mentalhelse.no\/content\/uploads\/sites\/187\/2025\/05\/20250504_133419-scaled.jpg\" class=\"attachment-post-thumbnail size-post-thumbnail wp-post-image\" alt=\"\" srcset=\"https:\/\/mentalhelse.no\/content\/uploads\/sites\/187\/2025\/05\/20250504_133419-scaled.jpg 2560w, https:\/\/mentalhelse.no\/content\/uploads\/sites\/187\/2025\/05\/20250504_133419-300x225.jpg 300w, https:\/\/mentalhelse.no\/content\/uploads\/sites\/187\/2025\/05\/20250504_133419-1024x768.jpg 1024w, https:\/\/mentalhelse.no\/content\/uploads\/sites\/187\/2025\/05\/20250504_133419-768x576.jpg 768w, https:\/\/mentalhelse.no\/content\/uploads\/sites\/187\/2025\/05\/20250504_133419-1536x1152.jpg 1536w, https:\/\/mentalhelse.no\/content\/uploads\/sites\/187\/2025\/05\/20250504_133419-2048x1536.jpg 2048w\" sizes=\"auto, (max-width: 2560px) 100vw, 2560px\" style=\"--focal-point: 64% 49%;\" \/><\/figure>\n<\/a>\n\n<div class=\"wp-block-group postinfo alignfull is-layout-flow wp-block-group-is-layout-flow\">\n\t<div class=\"wp-block-mentalhelse-post-category\">\n\t\t\t\t\t<div class=\"post-type\">\n\t\t\t\t\t\t<a href=\"https:\/\/mentalhelse.no\/innlandet\/aktuelt\/\">Nyheter<\/a>\n\t\t\t\t\t<\/div>\n\t\t\t\t\t\n\t\t\t\t\t<div class=\"post-category\">\n\t\t\t\t\t\t\n\t\t\t\t\t<\/div>\n\t\t\t<\/div>\n\t<a class=\"t2-post-link wp-block-t2-post-link\" href=\"https:\/\/mentalhelse.no\/innlandet\/aktuelt\/ledersamling-og-arsmote-pa-dombas\/\">\n\t<h2 class=\"t2-post-title wp-block-t2-post-title\">Ledersamling og \u00e5rsm\u00f8te p\u00e5 Domb\u00e5s<\/h2>\n\t<\/a>\n<\/div>\n\n<\/div>\n\n<div class=\"t2-featured-query-post t2-featured-content is-post-type-news wp-block-t2-featured-query-post t2-featured-content-layout-col-4\"><a class=\"t2-post-link wp-block-t2-post-link\" href=\"https:\/\/mentalhelse.no\/innlandet\/aktuelt\/sommerhilsen-fra-fylkesstyret\/\">\n\t<figure style=\"--t2-focal-point: 50% 50%;\" class=\"t2-post-featured-image has-image-ratio-16-9 wp-block-t2-post-featured-image\"><img loading=\"lazy\" decoding=\"async\" width=\"2560\" height=\"1152\" src=\"https:\/\/mentalhelse.no\/content\/uploads\/sites\/187\/2024\/06\/20220929_144338-scaled.jpg\" class=\"attachment-post-thumbnail size-post-thumbnail wp-post-image\" alt=\"\" srcset=\"https:\/\/mentalhelse.no\/content\/uploads\/sites\/187\/2024\/06\/20220929_144338-scaled.jpg 2560w, https:\/\/mentalhelse.no\/content\/uploads\/sites\/187\/2024\/06\/20220929_144338-300x135.jpg 300w, https:\/\/mentalhelse.no\/content\/uploads\/sites\/187\/2024\/06\/20220929_144338-1024x461.jpg 1024w, https:\/\/mentalhelse.no\/content\/uploads\/sites\/187\/2024\/06\/20220929_144338-768x346.jpg 768w, https:\/\/mentalhelse.no\/content\/uploads\/sites\/187\/2024\/06\/20220929_144338-1536x691.jpg 1536w, https:\/\/mentalhelse.no\/content\/uploads\/sites\/187\/2024\/06\/20220929_144338-2048x922.jpg 2048w\" sizes=\"auto, (max-width: 2560px) 100vw, 2560px\" style=\"--focal-point: 50% 50%;\" \/><\/figure>\n<\/a>\n\n<div class=\"wp-block-group postinfo alignfull is-layout-flow wp-block-group-is-layout-flow\">\n\t<div class=\"wp-block-mentalhelse-post-category\">\n\t\t\t\t\t<div class=\"post-type\">\n\t\t\t\t\t\t<a href=\"https:\/\/mentalhelse.no\/innlandet\/aktuelt\/\">Nyheter<\/a>\n\t\t\t\t\t<\/div>\n\t\t\t\t\t\n\t\t\t\t\t<div class=\"post-category\">\n\t\t\t\t\t\t\n\t\t\t\t\t<\/div>\n\t\t\t<\/div>\n\t<a class=\"t2-post-link wp-block-t2-post-link\" href=\"https:\/\/mentalhelse.no\/innlandet\/aktuelt\/sommerhilsen-fra-fylkesstyret\/\">\n\t<h2 class=\"t2-post-title wp-block-t2-post-title\">Sommerhilsen fra Fylkesstyret<\/h2>\n\t<\/a>\n<\/div>\n\n<\/div>\n\n<div class=\"t2-featured-query-post t2-featured-content is-post-type-news wp-block-t2-featured-query-post t2-featured-content-layout-col-4\"><a class=\"t2-post-link wp-block-t2-post-link\" href=\"https:\/\/mentalhelse.no\/innlandet\/aktuelt\/25-ars-jubileum-mental-helse-stange-7-juni-2024\/\">\n\t<figure style=\"--t2-focal-point: 50% 50%;\" class=\"t2-post-featured-image has-image-ratio-16-9 wp-block-t2-post-featured-image\"><img loading=\"lazy\" decoding=\"async\" width=\"2560\" height=\"1153\" src=\"https:\/\/mentalhelse.no\/content\/uploads\/sites\/187\/2024\/06\/20240607_162007-scaled.jpg\" class=\"attachment-post-thumbnail size-post-thumbnail wp-post-image\" alt=\"\" srcset=\"https:\/\/mentalhelse.no\/content\/uploads\/sites\/187\/2024\/06\/20240607_162007-scaled.jpg 2560w, https:\/\/mentalhelse.no\/content\/uploads\/sites\/187\/2024\/06\/20240607_162007-300x135.jpg 300w, https:\/\/mentalhelse.no\/content\/uploads\/sites\/187\/2024\/06\/20240607_162007-1024x461.jpg 1024w, https:\/\/mentalhelse.no\/content\/uploads\/sites\/187\/2024\/06\/20240607_162007-768x346.jpg 768w, https:\/\/mentalhelse.no\/content\/uploads\/sites\/187\/2024\/06\/20240607_162007-1536x692.jpg 1536w, https:\/\/mentalhelse.no\/content\/uploads\/sites\/187\/2024\/06\/20240607_162007-2048x922.jpg 2048w\" sizes=\"auto, (max-width: 2560px) 100vw, 2560px\" style=\"--focal-point: 50% 50%;\" \/><\/figure>\n<\/a>\n\n<div class=\"wp-block-group postinfo alignfull is-layout-flow wp-block-group-is-layout-flow\">\n\t<div class=\"wp-block-mentalhelse-post-category\">\n\t\t\t\t\t<div class=\"post-type\">\n\t\t\t\t\t\t<a href=\"https:\/\/mentalhelse.no\/innlandet\/aktuelt\/\">Nyheter<\/a>\n\t\t\t\t\t<\/div>\n\t\t\t\t\t\n\t\t\t\t\t<div class=\"post-category\">\n\t\t\t\t\t\t\n\t\t\t\t\t<\/div>\n\t\t\t<\/div>\n\t<a class=\"t2-post-link wp-block-t2-post-link\" href=\"https:\/\/mentalhelse.no\/innlandet\/aktuelt\/25-ars-jubileum-mental-helse-stange-7-juni-2024\/\">\n\t<h2 class=\"t2-post-title wp-block-t2-post-title\">25 \u00e5rs Jubileum Mental Helse Stange 7 Juni 2024.<\/h2>\n\t<\/a>\n<\/div>\n\n<\/div>\n<\/div>\n\n\t\t\t<\/div>\n\t\t<\/div>","protected":false},"excerpt":{"rendered":"<p>Magne Rudil\u00f8kken fikk Hederspris for 17 \u00e5rs frivillig arbeid i Mental Helse. Vinner av \u00e5rets vervekampanje ble Mental Helse Toten. Pengesjekken ble tatt i mot&#8230;<\/p>\n","protected":false},"author":93,"featured_media":1163,"parent":0,"template":"","meta":{"t2_featured_media_focal_point":{"x":0.5,"y":0.5},"mh_hide_title":true},"news_category":[],"class_list":["post-1175","news","type-news","status-publish","has-post-thumbnail","hentry"],"yoast_head":"<!-- This site is optimized with the Yoast SEO Premium plugin v21.2 (Yoast SEO v21.2) - https:\/\/yoast.com\/wordpress\/plugins\/seo\/ -->\n<title>\u00c5rsm\u00f8te Mental Helse Mental Helse - Innlandet 26-28 April 2024. - Mental Helse - Innlandet<\/title>\n<meta name=\"robots\" content=\"index, follow, max-snippet:-1, max-image-preview:large, max-video-preview:-1\" \/>\n<link rel=\"canonical\" href=\"https:\/\/mentalhelse.no\/innlandet\/aktuelt\/arsmote-mental-helse-innlandet-26-28-april-2024\/\" \/>\n<meta property=\"og:locale\" content=\"nb_NO\" \/>\n<meta property=\"og:type\" content=\"article\" \/>\n<meta property=\"og:title\" content=\"\u00c5rsm\u00f8te Mental Helse Innlandet 26-28 April 2024.\" \/>\n<meta property=\"og:description\" content=\"Magne Rudil\u00f8kken fikk Hederspris for 17 \u00e5rs frivillig arbeid i Mental Helse. Vinner av \u00e5rets vervekampanje ble Mental Helse Toten. Pengesjekken ble tatt i mot...\" \/>\n<meta property=\"og:url\" content=\"https:\/\/mentalhelse.no\/innlandet\/aktuelt\/arsmote-mental-helse-innlandet-26-28-april-2024\/\" \/>\n<meta property=\"og:site_name\" content=\"Innlandet\" \/>\n<meta property=\"og:image\" content=\"https:\/\/mentalhelse.no\/content\/uploads\/sites\/187\/2024\/04\/thumbnail_Resized_IMG_6868_1714480304499.jpg\" \/>\n\t<meta property=\"og:image:width\" content=\"734\" \/>\n\t<meta property=\"og:image:height\" content=\"550\" \/>\n\t<meta property=\"og:image:type\" content=\"image\/jpeg\" \/>\n<meta name=\"twitter:card\" content=\"summary_large_image\" \/>\n<meta name=\"twitter:label1\" content=\"Ansl. lesetid\" \/>\n\t<meta name=\"twitter:data1\" content=\"2 minutter\" \/>\n<script type=\"application\/ld+json\" class=\"yoast-schema-graph\">{\"@context\":\"https:\/\/schema.org\",\"@graph\":[{\"@type\":\"WebPage\",\"@id\":\"https:\/\/mentalhelse.no\/innlandet\/aktuelt\/arsmote-mental-helse-innlandet-26-28-april-2024\/\",\"url\":\"https:\/\/mentalhelse.no\/innlandet\/aktuelt\/arsmote-mental-helse-innlandet-26-28-april-2024\/\",\"name\":\"\u00c5rsm\u00f8te Mental Helse Innlandet 26-28 April 2024. - Innlandet\",\"isPartOf\":{\"@id\":\"https:\/\/mentalhelse.no\/innlandet\/#website\"},\"datePublished\":\"2024-04-30T13:46:18+00:00\",\"dateModified\":\"2024-04-30T13:46:18+00:00\",\"breadcrumb\":{\"@id\":\"https:\/\/mentalhelse.no\/innlandet\/aktuelt\/arsmote-mental-helse-innlandet-26-28-april-2024\/#breadcrumb\"},\"inLanguage\":\"nb-NO\",\"potentialAction\":[{\"@type\":\"ReadAction\",\"target\":[\"https:\/\/mentalhelse.no\/innlandet\/aktuelt\/arsmote-mental-helse-innlandet-26-28-april-2024\/\"]}]},{\"@type\":\"BreadcrumbList\",\"@id\":\"https:\/\/mentalhelse.no\/innlandet\/aktuelt\/arsmote-mental-helse-innlandet-26-28-april-2024\/#breadcrumb\",\"itemListElement\":[{\"@type\":\"ListItem\",\"position\":1,\"name\":\"Hjem\",\"item\":\"https:\/\/mentalhelse.no\/innlandet\/\"},{\"@type\":\"ListItem\",\"position\":2,\"name\":\"Nyheter\",\"item\":\"https:\/\/mentalhelse.no\/innlandet\/aktuelt\/\"},{\"@type\":\"ListItem\",\"position\":3,\"name\":\"\u00c5rsm\u00f8te Mental Helse Innlandet 26-28 April 2024.\"}]},{\"@type\":\"WebSite\",\"@id\":\"https:\/\/mentalhelse.no\/innlandet\/#website\",\"url\":\"https:\/\/mentalhelse.no\/innlandet\/\",\"name\":\"Innlandet\",\"description\":\"\",\"potentialAction\":[{\"@type\":\"SearchAction\",\"target\":{\"@type\":\"EntryPoint\",\"urlTemplate\":\"https:\/\/mentalhelse.no\/innlandet\/?s={search_term_string}\"},\"query-input\":\"required name=search_term_string\"}],\"inLanguage\":\"nb-NO\"}]}<\/script>\n<!-- \/ Yoast SEO Premium plugin. -->","yoast_head_json":{"title":"\u00c5rsm\u00f8te Mental Helse Mental Helse - Innlandet 26-28 April 2024. - Mental Helse - Innlandet","robots":{"index":"index","follow":"follow","max-snippet":"max-snippet:-1","max-image-preview":"max-image-preview:large","max-video-preview":"max-video-preview:-1"},"canonical":"https:\/\/mentalhelse.no\/innlandet\/aktuelt\/arsmote-mental-helse-innlandet-26-28-april-2024\/","og_locale":"nb_NO","og_type":"article","og_title":"\u00c5rsm\u00f8te Mental Helse Innlandet 26-28 April 2024.","og_description":"Magne Rudil\u00f8kken fikk Hederspris for 17 \u00e5rs frivillig arbeid i Mental Helse. Vinner av \u00e5rets vervekampanje ble Mental Helse Toten. Pengesjekken ble tatt i mot...","og_url":"https:\/\/mentalhelse.no\/innlandet\/aktuelt\/arsmote-mental-helse-innlandet-26-28-april-2024\/","og_site_name":"Innlandet","og_image":[{"width":734,"height":550,"url":"https:\/\/mentalhelse.no\/content\/uploads\/sites\/187\/2024\/04\/thumbnail_Resized_IMG_6868_1714480304499.jpg","type":"image\/jpeg"}],"twitter_card":"summary_large_image","twitter_misc":{"Ansl. lesetid":"2 minutter"},"schema":{"@context":"https:\/\/schema.org","@graph":[{"@type":"WebPage","@id":"https:\/\/mentalhelse.no\/innlandet\/aktuelt\/arsmote-mental-helse-innlandet-26-28-april-2024\/","url":"https:\/\/mentalhelse.no\/innlandet\/aktuelt\/arsmote-mental-helse-innlandet-26-28-april-2024\/","name":"\u00c5rsm\u00f8te Mental Helse Innlandet 26-28 April 2024. - Innlandet","isPartOf":{"@id":"https:\/\/mentalhelse.no\/innlandet\/#website"},"datePublished":"2024-04-30T13:46:18+00:00","dateModified":"2024-04-30T13:46:18+00:00","breadcrumb":{"@id":"https:\/\/mentalhelse.no\/innlandet\/aktuelt\/arsmote-mental-helse-innlandet-26-28-april-2024\/#breadcrumb"},"inLanguage":"nb-NO","potentialAction":[{"@type":"ReadAction","target":["https:\/\/mentalhelse.no\/innlandet\/aktuelt\/arsmote-mental-helse-innlandet-26-28-april-2024\/"]}]},{"@type":"BreadcrumbList","@id":"https:\/\/mentalhelse.no\/innlandet\/aktuelt\/arsmote-mental-helse-innlandet-26-28-april-2024\/#breadcrumb","itemListElement":[{"@type":"ListItem","position":1,"name":"Hjem","item":"https:\/\/mentalhelse.no\/innlandet\/"},{"@type":"ListItem","position":2,"name":"Nyheter","item":"https:\/\/mentalhelse.no\/innlandet\/aktuelt\/"},{"@type":"ListItem","position":3,"name":"\u00c5rsm\u00f8te Mental Helse Innlandet 26-28 April 2024."}]},{"@type":"WebSite","@id":"https:\/\/mentalhelse.no\/innlandet\/#website","url":"https:\/\/mentalhelse.no\/innlandet\/","name":"Innlandet","description":"","potentialAction":[{"@type":"SearchAction","target":{"@type":"EntryPoint","urlTemplate":"https:\/\/mentalhelse.no\/innlandet\/?s={search_term_string}"},"query-input":"required name=search_term_string"}],"inLanguage":"nb-NO"}]}},"_links":{"self":[{"href":"https:\/\/mentalhelse.no\/innlandet\/wp-json\/wp\/v2\/news\/1175","targetHints":{"allow":["GET"]}}],"collection":[{"href":"https:\/\/mentalhelse.no\/innlandet\/wp-json\/wp\/v2\/news"}],"about":[{"href":"https:\/\/mentalhelse.no\/innlandet\/wp-json\/wp\/v2\/types\/news"}],"author":[{"embeddable":true,"href":"https:\/\/mentalhelse.no\/innlandet\/wp-json\/wp\/v2\/users\/93"}],"wp:featuredmedia":[{"embeddable":true,"href":"https:\/\/mentalhelse.no\/innlandet\/wp-json\/wp\/v2\/media\/1163"}],"wp:attachment":[{"href":"https:\/\/mentalhelse.no\/innlandet\/wp-json\/wp\/v2\/media?parent=1175"}],"wp:term":[{"taxonomy":"news_category","embeddable":true,"href":"https:\/\/mentalhelse.no\/innlandet\/wp-json\/wp\/v2\/news_category?post=1175"}],"curies":[{"name":"wp","href":"https:\/\/api.w.org\/{rel}","templated":true}]}}