{"id":1209,"date":"2024-06-11T09:03:19","date_gmt":"2024-06-11T09:03:19","guid":{"rendered":"https:\/\/mentalhelse.no\/innlandet\/?post_type=news&#038;p=1209"},"modified":"2024-06-11T09:03:19","modified_gmt":"2024-06-11T09:03:19","slug":"vil-styrke-brukermedvirkning-i-mental-helse","status":"publish","type":"news","link":"https:\/\/mentalhelse.no\/innlandet\/aktuelt\/vil-styrke-brukermedvirkning-i-mental-helse\/","title":{"rendered":"Vil styrke brukermedvirkning i Mental Helse"},"content":{"rendered":"\n<figure class=\"wp-block-image size-full\"><img decoding=\"async\" src=\"https:\/\/mentalhelse.no\/content\/uploads\/sites\/193\/2024\/06\/IMG_20240608_104950-scaled-e1718010766732-935x1024-1.jpg\" alt=\"\" class=\"wp-image-1055\"\/><\/figure>\n\n\n<h1 class=\"wp-block-post-title\">Vil styrke brukermedvirkning i Mental Helse<\/h1>\n\n<div class=\"is-img-top mh-byline wp-block-mh-byline\">\n                  <div class=\"mh-byline__inner\">\n                  \t\n                  \t<div class=\"mh-byline__meta\">\n                  \t\t<div class=\"mh-byline__post\">\n                  \t\t\t<div class=\"entry-date\">11.06.2024<\/div>\n                  \t\t<\/div>\n                  \t\t<div class=\"mh-byline__author\">\n                  \t\t\t <span class=\"mh-byline__author-link\">Erik Fransson<\/span>\n\t\t\t\t\t\t<\/div>\n\t\t\t\t\t<\/div>\n\t\t\t\t<\/div>\n\t\t<\/div>\n\n<p class=\"t2-ingress wp-block-t2-ingress\">Ledere og nestledere fra fylkeslagene i region S\u00f8r-\u00d8st var samlet i Drammen 8.juni. Region S\u00f8r-\u00d8st best\u00e5r av fylkeslagene Akershus, Buskerud, Vestfold og Telemark, Innlandet, \u00d8stfold og Oslo. Hovedtema for samlingen var brukermedvirkning. Fylkeslagene viste stort engasjement og det ble lagt frem mange gode ideer til hvordan Mental Helse kan styrke brukerstemmen fremover. <\/p>\n\n\n<p>Arbeidet med brukermedvirkning er forankret i strategi og handlingsplanen for Mental Helse. En sentral problemstilling i arbeidet er hvordan vi samler inn kunnskap og erfaringer fra brukere\/p\u00e5r\u00f8rende og hvordan deres kunnskap og erfaringer blir satt i system slik at den brukes i organisasjonsarbeidet.<\/p>\n\n\n\n<h2 class=\"wp-block-heading\" id=\"h-kravene-oker\">Kravene \u00f8ker<\/h2>\n\n\n\n<p>Fagsjef i fagavdelingen, Jon Fabritus viste til at myndighetene \u00f8nsker \u00f8kt grad av rapportering og oversikt over brukerrepresentanter. Dette er en utfordring v\u00e5r organisasjon n\u00e5 tar tak i. Fylkeslagene jobbet i grupper og besvarte sp\u00f8rsm\u00e5l om en mulig mentorordning for brukerrepresentanter i Mental Helse. Blant sp\u00f8rsm\u00e5lene som ble stilt var:<br>&#8211;<em>Hvilke oppgaver skal en mentor ha? <\/em><br>&#8211;<em>Hvor mange timer skal en mentor bruke p\u00e5 dette arbeidet per uke? <\/em><br>&#8211;<em>Hva trenger en mentor av faglig oppl\u00e6ring\/oppf\u00f8lging?<\/em><\/p>\n\n\n\n<p>I andre del av samlingen var det lagt opp til at hver fylkesleder fortalte om status for sitt fylke og lokallag. Det ble satt av tid til \u00e5 reflektere over ulike problemstillinger p\u00e5 tvers av fylkeslagene.<\/p>\n\n\n\n<p>I tredje og siste del av samlingen redegjorde Organisasjonsr\u00e5dgiver, Erik Fransson for revidering av varslingsrutiner som er vedtatt av sentralstyret.<\/p>\n\n\n\n<p>Neste regionsamling for S\u00f8r-\u00d8st er planlagt i forkant av landsm\u00f8tet i h\u00f8st.<\/p>\n\n\n\n<div class=\"wp-block-columns is-layout-flex wp-container-core-columns-is-layout-1 wp-block-columns-is-layout-flex\">\n<div class=\"wp-block-column is-layout-flow wp-block-column-is-layout-flow\">\n<figure class=\"wp-block-image size-large\"><img decoding=\"async\" src=\"https:\/\/mentalhelse.no\/content\/uploads\/sites\/12\/2024\/06\/IMG_20240608_105018-461x1024.jpg\" alt=\"\" class=\"wp-image-1154\"\/><figcaption class=\"wp-element-caption\">Synn\u00f8ve Ramsauer og Trond Marthinsen fra Innlandet fylkeslag<\/figcaption><\/figure>\n<\/div>\n\n\n\n<div class=\"wp-block-column is-layout-flow wp-block-column-is-layout-flow\">\n<figure class=\"wp-block-image size-large is-resized\"><img loading=\"lazy\" decoding=\"async\" src=\"https:\/\/mentalhelse.no\/content\/uploads\/sites\/12\/2024\/06\/IMG_20240608_105013-scaled-e1718015718270-479x1024.jpg\" alt=\"\" class=\"wp-image-1153\" style=\"width:248px;height:531px\" width=\"248\" height=\"531\"\/><figcaption class=\"wp-element-caption\">Jon Fabritius, fagsjef i fagavdelingen i Mental Helse<\/figcaption><\/figure>\n<\/div>\n\n\n\n<div class=\"wp-block-column is-layout-flow wp-block-column-is-layout-flow\">\n<figure class=\"wp-block-image size-large\"><img decoding=\"async\" src=\"https:\/\/mentalhelse.no\/content\/uploads\/sites\/12\/2024\/06\/IMG_20240608_104932-1-461x1024.jpg\" alt=\"\" class=\"wp-image-1150\"\/><figcaption class=\"wp-element-caption\">Ellen Bente Holtungen(Vestfold og Telemark), Irene Eggar Gr\u00f8nnevik(Buskerud) og Ingunn Lansrud(Vestfold og Telemark)<\/figcaption><\/figure>\n<\/div>\n<\/div>\n\n\n\n<div class=\"wp-block-columns are-vertically-aligned-center is-style-default is-layout-flex wp-container-core-columns-is-layout-2 wp-block-columns-is-layout-flex\">\n<div class=\"wp-block-column is-layout-flow wp-block-column-is-layout-flow\">\n<figure class=\"wp-block-image size-large\"><img decoding=\"async\" src=\"https:\/\/mentalhelse.no\/content\/uploads\/sites\/12\/2024\/06\/IMG_20240608_105053-461x1024.jpg\" alt=\"\" class=\"wp-image-1155\"\/><figcaption class=\"wp-element-caption\">Sturla Osen(Oslo) og Ingrid Weflen(Akershus)<\/figcaption><\/figure>\n<\/div>\n\n\n\n<div class=\"wp-block-column is-layout-flow wp-block-column-is-layout-flow\">\n<figure class=\"wp-block-image size-large\"><img decoding=\"async\" src=\"https:\/\/mentalhelse.no\/content\/uploads\/sites\/12\/2024\/06\/IMG_20240608_105005-461x1024.jpg\" alt=\"\" class=\"wp-image-1156\"\/><figcaption class=\"wp-element-caption\">Maria Dmitrievna Kotlyar(Oslo), Lene Brobakken (Akershus) og Andreas Lyng (Buskerud)<\/figcaption><\/figure>\n<\/div>\n<\/div>\n\n\n\n\t\t<div class=\"mh-related-posts alignfull alignfull wp-block-mentalhelse-related-posts gray-mode\">\n\t\t\t<div class=\"mh-related-posts__inner\">\n\t\t\t\t\n\n<h3 class=\"wp-block-heading\" id=\"h-also-read\">Also read<\/h3>\n\n\n<div class=\"t2-featured-content-layout alignwide alignwide wp-block-t2-featured-content-layout\">\n<div class=\"t2-featured-query-post t2-featured-content is-post-type-news wp-block-t2-featured-query-post t2-featured-content-layout-col-4\"><a class=\"t2-post-link wp-block-t2-post-link\" href=\"https:\/\/mentalhelse.no\/innlandet\/aktuelt\/ledersamling-og-arsmote-pa-dombas\/\">\n\t<figure style=\"--t2-focal-point: 64% 49%;\" class=\"t2-post-featured-image has-image-ratio-16-9 wp-block-t2-post-featured-image\"><img loading=\"lazy\" decoding=\"async\" width=\"2560\" height=\"1920\" src=\"https:\/\/mentalhelse.no\/content\/uploads\/sites\/187\/2025\/05\/20250504_133419-scaled.jpg\" class=\"attachment-post-thumbnail size-post-thumbnail wp-post-image\" alt=\"\" srcset=\"https:\/\/mentalhelse.no\/content\/uploads\/sites\/187\/2025\/05\/20250504_133419-scaled.jpg 2560w, https:\/\/mentalhelse.no\/content\/uploads\/sites\/187\/2025\/05\/20250504_133419-300x225.jpg 300w, https:\/\/mentalhelse.no\/content\/uploads\/sites\/187\/2025\/05\/20250504_133419-1024x768.jpg 1024w, https:\/\/mentalhelse.no\/content\/uploads\/sites\/187\/2025\/05\/20250504_133419-768x576.jpg 768w, https:\/\/mentalhelse.no\/content\/uploads\/sites\/187\/2025\/05\/20250504_133419-1536x1152.jpg 1536w, https:\/\/mentalhelse.no\/content\/uploads\/sites\/187\/2025\/05\/20250504_133419-2048x1536.jpg 2048w\" sizes=\"auto, (max-width: 2560px) 100vw, 2560px\" style=\"--focal-point: 64% 49%;\" \/><\/figure>\n<\/a>\n\n<div class=\"wp-block-group postinfo alignfull is-layout-flow wp-block-group-is-layout-flow\">\n\t<div class=\"wp-block-mentalhelse-post-category\">\n\t\t\t\t\t<div class=\"post-type\">\n\t\t\t\t\t\t<a href=\"https:\/\/mentalhelse.no\/innlandet\/aktuelt\/\">Nyheter<\/a>\n\t\t\t\t\t<\/div>\n\t\t\t\t\t\n\t\t\t\t\t<div class=\"post-category\">\n\t\t\t\t\t\t\n\t\t\t\t\t<\/div>\n\t\t\t<\/div>\n\t<a class=\"t2-post-link wp-block-t2-post-link\" href=\"https:\/\/mentalhelse.no\/innlandet\/aktuelt\/ledersamling-og-arsmote-pa-dombas\/\">\n\t<h2 class=\"t2-post-title wp-block-t2-post-title\">Ledersamling og \u00e5rsm\u00f8te p\u00e5 Domb\u00e5s<\/h2>\n\t<\/a>\n<\/div>\n\n<\/div>\n\n<div class=\"t2-featured-query-post t2-featured-content is-post-type-news wp-block-t2-featured-query-post t2-featured-content-layout-col-4\"><a class=\"t2-post-link wp-block-t2-post-link\" href=\"https:\/\/mentalhelse.no\/innlandet\/aktuelt\/sommerhilsen-fra-fylkesstyret\/\">\n\t<figure style=\"--t2-focal-point: 50% 50%;\" class=\"t2-post-featured-image has-image-ratio-16-9 wp-block-t2-post-featured-image\"><img loading=\"lazy\" decoding=\"async\" width=\"2560\" height=\"1152\" src=\"https:\/\/mentalhelse.no\/content\/uploads\/sites\/187\/2024\/06\/20220929_144338-scaled.jpg\" class=\"attachment-post-thumbnail size-post-thumbnail wp-post-image\" alt=\"\" srcset=\"https:\/\/mentalhelse.no\/content\/uploads\/sites\/187\/2024\/06\/20220929_144338-scaled.jpg 2560w, https:\/\/mentalhelse.no\/content\/uploads\/sites\/187\/2024\/06\/20220929_144338-300x135.jpg 300w, https:\/\/mentalhelse.no\/content\/uploads\/sites\/187\/2024\/06\/20220929_144338-1024x461.jpg 1024w, https:\/\/mentalhelse.no\/content\/uploads\/sites\/187\/2024\/06\/20220929_144338-768x346.jpg 768w, https:\/\/mentalhelse.no\/content\/uploads\/sites\/187\/2024\/06\/20220929_144338-1536x691.jpg 1536w, https:\/\/mentalhelse.no\/content\/uploads\/sites\/187\/2024\/06\/20220929_144338-2048x922.jpg 2048w\" sizes=\"auto, (max-width: 2560px) 100vw, 2560px\" style=\"--focal-point: 50% 50%;\" \/><\/figure>\n<\/a>\n\n<div class=\"wp-block-group postinfo alignfull is-layout-flow wp-block-group-is-layout-flow\">\n\t<div class=\"wp-block-mentalhelse-post-category\">\n\t\t\t\t\t<div class=\"post-type\">\n\t\t\t\t\t\t<a href=\"https:\/\/mentalhelse.no\/innlandet\/aktuelt\/\">Nyheter<\/a>\n\t\t\t\t\t<\/div>\n\t\t\t\t\t\n\t\t\t\t\t<div class=\"post-category\">\n\t\t\t\t\t\t\n\t\t\t\t\t<\/div>\n\t\t\t<\/div>\n\t<a class=\"t2-post-link wp-block-t2-post-link\" href=\"https:\/\/mentalhelse.no\/innlandet\/aktuelt\/sommerhilsen-fra-fylkesstyret\/\">\n\t<h2 class=\"t2-post-title wp-block-t2-post-title\">Sommerhilsen fra Fylkesstyret<\/h2>\n\t<\/a>\n<\/div>\n\n<\/div>\n\n<div class=\"t2-featured-query-post t2-featured-content is-post-type-news wp-block-t2-featured-query-post t2-featured-content-layout-col-4\"><a class=\"t2-post-link wp-block-t2-post-link\" href=\"https:\/\/mentalhelse.no\/innlandet\/aktuelt\/25-ars-jubileum-mental-helse-stange-7-juni-2024\/\">\n\t<figure style=\"--t2-focal-point: 50% 50%;\" class=\"t2-post-featured-image has-image-ratio-16-9 wp-block-t2-post-featured-image\"><img loading=\"lazy\" decoding=\"async\" width=\"2560\" height=\"1153\" src=\"https:\/\/mentalhelse.no\/content\/uploads\/sites\/187\/2024\/06\/20240607_162007-scaled.jpg\" class=\"attachment-post-thumbnail size-post-thumbnail wp-post-image\" alt=\"\" srcset=\"https:\/\/mentalhelse.no\/content\/uploads\/sites\/187\/2024\/06\/20240607_162007-scaled.jpg 2560w, https:\/\/mentalhelse.no\/content\/uploads\/sites\/187\/2024\/06\/20240607_162007-300x135.jpg 300w, https:\/\/mentalhelse.no\/content\/uploads\/sites\/187\/2024\/06\/20240607_162007-1024x461.jpg 1024w, https:\/\/mentalhelse.no\/content\/uploads\/sites\/187\/2024\/06\/20240607_162007-768x346.jpg 768w, https:\/\/mentalhelse.no\/content\/uploads\/sites\/187\/2024\/06\/20240607_162007-1536x692.jpg 1536w, https:\/\/mentalhelse.no\/content\/uploads\/sites\/187\/2024\/06\/20240607_162007-2048x922.jpg 2048w\" sizes=\"auto, (max-width: 2560px) 100vw, 2560px\" style=\"--focal-point: 50% 50%;\" \/><\/figure>\n<\/a>\n\n<div class=\"wp-block-group postinfo alignfull is-layout-flow wp-block-group-is-layout-flow\">\n\t<div class=\"wp-block-mentalhelse-post-category\">\n\t\t\t\t\t<div class=\"post-type\">\n\t\t\t\t\t\t<a href=\"https:\/\/mentalhelse.no\/innlandet\/aktuelt\/\">Nyheter<\/a>\n\t\t\t\t\t<\/div>\n\t\t\t\t\t\n\t\t\t\t\t<div class=\"post-category\">\n\t\t\t\t\t\t\n\t\t\t\t\t<\/div>\n\t\t\t<\/div>\n\t<a class=\"t2-post-link wp-block-t2-post-link\" href=\"https:\/\/mentalhelse.no\/innlandet\/aktuelt\/25-ars-jubileum-mental-helse-stange-7-juni-2024\/\">\n\t<h2 class=\"t2-post-title wp-block-t2-post-title\">25 \u00e5rs Jubileum Mental Helse Stange 7 Juni 2024.<\/h2>\n\t<\/a>\n<\/div>\n\n<\/div>\n<\/div>\n\n\t\t\t<\/div>\n\t\t<\/div>","protected":false},"excerpt":{"rendered":"<p>Arbeidet med brukermedvirkning er forankret i strategi og handlingsplanen for Mental Helse. En sentral problemstilling i arbeidet er hvordan vi samler inn kunnskap og erfaringer&#8230;<\/p>\n","protected":false},"author":10,"featured_media":1210,"parent":0,"template":"","meta":{"t2_featured_media_focal_point":{"x":0.5,"y":0.5},"mh_hide_title":true},"news_category":[],"class_list":["post-1209","news","type-news","status-publish","has-post-thumbnail","hentry"],"yoast_head":"<!-- This site is optimized with the Yoast SEO Premium plugin v21.2 (Yoast SEO v21.2) - https:\/\/yoast.com\/wordpress\/plugins\/seo\/ -->\n<title>Vil styrke brukermedvirkning i Mental Helse - Mental Helse - Innlandet<\/title>\n<meta name=\"robots\" content=\"index, follow, max-snippet:-1, max-image-preview:large, max-video-preview:-1\" \/>\n<link rel=\"canonical\" href=\"https:\/\/mentalhelse.no\/innlandet\/aktuelt\/vil-styrke-brukermedvirkning-i-mental-helse\/\" \/>\n<meta property=\"og:locale\" content=\"nb_NO\" \/>\n<meta property=\"og:type\" content=\"article\" \/>\n<meta property=\"og:title\" content=\"Vil styrke brukermedvirkning i Mental Helse\" \/>\n<meta property=\"og:description\" content=\"Arbeidet med brukermedvirkning er forankret i strategi og handlingsplanen for Mental Helse. En sentral problemstilling i arbeidet er hvordan vi samler inn kunnskap og erfaringer...\" \/>\n<meta property=\"og:url\" content=\"https:\/\/mentalhelse.no\/innlandet\/aktuelt\/vil-styrke-brukermedvirkning-i-mental-helse\/\" \/>\n<meta property=\"og:site_name\" content=\"Innlandet\" \/>\n<meta property=\"og:image\" content=\"https:\/\/mentalhelse.no\/content\/uploads\/sites\/187\/2024\/06\/IMG_20240608_104950-scaled-e1718010766732-935x1024-1.jpg\" \/>\n\t<meta property=\"og:image:width\" content=\"935\" \/>\n\t<meta property=\"og:image:height\" content=\"1024\" \/>\n\t<meta property=\"og:image:type\" content=\"image\/jpeg\" \/>\n<meta name=\"twitter:card\" content=\"summary_large_image\" \/>\n<meta name=\"twitter:label1\" content=\"Ansl. lesetid\" \/>\n\t<meta name=\"twitter:data1\" content=\"3 minutter\" \/>\n<script type=\"application\/ld+json\" class=\"yoast-schema-graph\">{\"@context\":\"https:\/\/schema.org\",\"@graph\":[{\"@type\":\"WebPage\",\"@id\":\"https:\/\/mentalhelse.no\/innlandet\/aktuelt\/vil-styrke-brukermedvirkning-i-mental-helse\/\",\"url\":\"https:\/\/mentalhelse.no\/innlandet\/aktuelt\/vil-styrke-brukermedvirkning-i-mental-helse\/\",\"name\":\"Vil styrke brukermedvirkning i Mental Helse - Innlandet\",\"isPartOf\":{\"@id\":\"https:\/\/mentalhelse.no\/innlandet\/#website\"},\"datePublished\":\"2024-06-11T09:03:19+00:00\",\"dateModified\":\"2024-06-11T09:03:19+00:00\",\"breadcrumb\":{\"@id\":\"https:\/\/mentalhelse.no\/innlandet\/aktuelt\/vil-styrke-brukermedvirkning-i-mental-helse\/#breadcrumb\"},\"inLanguage\":\"nb-NO\",\"potentialAction\":[{\"@type\":\"ReadAction\",\"target\":[\"https:\/\/mentalhelse.no\/innlandet\/aktuelt\/vil-styrke-brukermedvirkning-i-mental-helse\/\"]}]},{\"@type\":\"BreadcrumbList\",\"@id\":\"https:\/\/mentalhelse.no\/innlandet\/aktuelt\/vil-styrke-brukermedvirkning-i-mental-helse\/#breadcrumb\",\"itemListElement\":[{\"@type\":\"ListItem\",\"position\":1,\"name\":\"Hjem\",\"item\":\"https:\/\/mentalhelse.no\/innlandet\/\"},{\"@type\":\"ListItem\",\"position\":2,\"name\":\"Nyheter\",\"item\":\"https:\/\/mentalhelse.no\/innlandet\/aktuelt\/\"},{\"@type\":\"ListItem\",\"position\":3,\"name\":\"Vil styrke brukermedvirkning i Mental Helse\"}]},{\"@type\":\"WebSite\",\"@id\":\"https:\/\/mentalhelse.no\/innlandet\/#website\",\"url\":\"https:\/\/mentalhelse.no\/innlandet\/\",\"name\":\"Innlandet\",\"description\":\"\",\"potentialAction\":[{\"@type\":\"SearchAction\",\"target\":{\"@type\":\"EntryPoint\",\"urlTemplate\":\"https:\/\/mentalhelse.no\/innlandet\/?s={search_term_string}\"},\"query-input\":\"required name=search_term_string\"}],\"inLanguage\":\"nb-NO\"}]}<\/script>\n<!-- \/ Yoast SEO Premium plugin. -->","yoast_head_json":{"title":"Vil styrke brukermedvirkning i Mental Helse - Mental Helse - Innlandet","robots":{"index":"index","follow":"follow","max-snippet":"max-snippet:-1","max-image-preview":"max-image-preview:large","max-video-preview":"max-video-preview:-1"},"canonical":"https:\/\/mentalhelse.no\/innlandet\/aktuelt\/vil-styrke-brukermedvirkning-i-mental-helse\/","og_locale":"nb_NO","og_type":"article","og_title":"Vil styrke brukermedvirkning i Mental Helse","og_description":"Arbeidet med brukermedvirkning er forankret i strategi og handlingsplanen for Mental Helse. En sentral problemstilling i arbeidet er hvordan vi samler inn kunnskap og erfaringer...","og_url":"https:\/\/mentalhelse.no\/innlandet\/aktuelt\/vil-styrke-brukermedvirkning-i-mental-helse\/","og_site_name":"Innlandet","og_image":[{"width":935,"height":1024,"url":"https:\/\/mentalhelse.no\/content\/uploads\/sites\/187\/2024\/06\/IMG_20240608_104950-scaled-e1718010766732-935x1024-1.jpg","type":"image\/jpeg"}],"twitter_card":"summary_large_image","twitter_misc":{"Ansl. lesetid":"3 minutter"},"schema":{"@context":"https:\/\/schema.org","@graph":[{"@type":"WebPage","@id":"https:\/\/mentalhelse.no\/innlandet\/aktuelt\/vil-styrke-brukermedvirkning-i-mental-helse\/","url":"https:\/\/mentalhelse.no\/innlandet\/aktuelt\/vil-styrke-brukermedvirkning-i-mental-helse\/","name":"Vil styrke brukermedvirkning i Mental Helse - Innlandet","isPartOf":{"@id":"https:\/\/mentalhelse.no\/innlandet\/#website"},"datePublished":"2024-06-11T09:03:19+00:00","dateModified":"2024-06-11T09:03:19+00:00","breadcrumb":{"@id":"https:\/\/mentalhelse.no\/innlandet\/aktuelt\/vil-styrke-brukermedvirkning-i-mental-helse\/#breadcrumb"},"inLanguage":"nb-NO","potentialAction":[{"@type":"ReadAction","target":["https:\/\/mentalhelse.no\/innlandet\/aktuelt\/vil-styrke-brukermedvirkning-i-mental-helse\/"]}]},{"@type":"BreadcrumbList","@id":"https:\/\/mentalhelse.no\/innlandet\/aktuelt\/vil-styrke-brukermedvirkning-i-mental-helse\/#breadcrumb","itemListElement":[{"@type":"ListItem","position":1,"name":"Hjem","item":"https:\/\/mentalhelse.no\/innlandet\/"},{"@type":"ListItem","position":2,"name":"Nyheter","item":"https:\/\/mentalhelse.no\/innlandet\/aktuelt\/"},{"@type":"ListItem","position":3,"name":"Vil styrke brukermedvirkning i Mental Helse"}]},{"@type":"WebSite","@id":"https:\/\/mentalhelse.no\/innlandet\/#website","url":"https:\/\/mentalhelse.no\/innlandet\/","name":"Innlandet","description":"","potentialAction":[{"@type":"SearchAction","target":{"@type":"EntryPoint","urlTemplate":"https:\/\/mentalhelse.no\/innlandet\/?s={search_term_string}"},"query-input":"required name=search_term_string"}],"inLanguage":"nb-NO"}]}},"_links":{"self":[{"href":"https:\/\/mentalhelse.no\/innlandet\/wp-json\/wp\/v2\/news\/1209","targetHints":{"allow":["GET"]}}],"collection":[{"href":"https:\/\/mentalhelse.no\/innlandet\/wp-json\/wp\/v2\/news"}],"about":[{"href":"https:\/\/mentalhelse.no\/innlandet\/wp-json\/wp\/v2\/types\/news"}],"author":[{"embeddable":true,"href":"https:\/\/mentalhelse.no\/innlandet\/wp-json\/wp\/v2\/users\/10"}],"wp:featuredmedia":[{"embeddable":true,"href":"https:\/\/mentalhelse.no\/innlandet\/wp-json\/wp\/v2\/media\/1210"}],"wp:attachment":[{"href":"https:\/\/mentalhelse.no\/innlandet\/wp-json\/wp\/v2\/media?parent=1209"}],"wp:term":[{"taxonomy":"news_category","embeddable":true,"href":"https:\/\/mentalhelse.no\/innlandet\/wp-json\/wp\/v2\/news_category?post=1209"}],"curies":[{"name":"wp","href":"https:\/\/api.w.org\/{rel}","templated":true}]}}