{"id":1243,"date":"2024-06-28T12:07:24","date_gmt":"2024-06-28T12:07:24","guid":{"rendered":"https:\/\/mentalhelse.no\/innlandet\/?post_type=news&#038;p=1243"},"modified":"2024-06-28T12:39:05","modified_gmt":"2024-06-28T12:39:05","slug":"sommersamling-i-folldal-21-23-juni-2024","status":"publish","type":"news","link":"https:\/\/mentalhelse.no\/innlandet\/aktuelt\/sommersamling-i-folldal-21-23-juni-2024\/","title":{"rendered":"Sommersamling i Folldal 21-23 Juni 2024"},"content":{"rendered":"<figure class=\"alignwide wp-block-post-featured-image\"><img loading=\"lazy\" decoding=\"async\" width=\"2560\" height=\"1153\" src=\"https:\/\/mentalhelse.no\/content\/uploads\/sites\/187\/2024\/06\/20230524_144755-scaled.jpg\" class=\"attachment-post-thumbnail size-post-thumbnail wp-post-image\" alt=\"\" style=\"object-fit:cover; --focal-point: 50% 50%;\" srcset=\"https:\/\/mentalhelse.no\/content\/uploads\/sites\/187\/2024\/06\/20230524_144755-scaled.jpg 2560w, https:\/\/mentalhelse.no\/content\/uploads\/sites\/187\/2024\/06\/20230524_144755-300x135.jpg 300w, https:\/\/mentalhelse.no\/content\/uploads\/sites\/187\/2024\/06\/20230524_144755-1024x461.jpg 1024w, https:\/\/mentalhelse.no\/content\/uploads\/sites\/187\/2024\/06\/20230524_144755-768x346.jpg 768w, https:\/\/mentalhelse.no\/content\/uploads\/sites\/187\/2024\/06\/20230524_144755-1536x692.jpg 1536w, https:\/\/mentalhelse.no\/content\/uploads\/sites\/187\/2024\/06\/20230524_144755-2048x922.jpg 2048w\" sizes=\"auto, (max-width: 2560px) 100vw, 2560px\" \/><\/figure>\n\n<h1 class=\"wp-block-post-title\">Sommersamling i Folldal 21-23 Juni 2024<\/h1>\n\n<div class=\"is-img-top mh-byline wp-block-mh-byline\">\n                  <div class=\"mh-byline__inner\">\n                  \t\n                  \t<div class=\"mh-byline__meta\">\n                  \t\t<div class=\"mh-byline__post\">\n                  \t\t\t<div class=\"entry-date\">28.06.2024<\/div>\n                  \t\t<\/div>\n                  \t\t<div class=\"mh-byline__author\">\n                  \t\t\t <span class=\"mh-byline__author-link\">laginnlandet<\/span>\n\t\t\t\t\t\t<\/div>\n\t\t\t\t\t<\/div>\n\t\t\t\t<\/div>\n\t\t<\/div>\n\n<p class=\"t2-ingress wp-block-t2-ingress\">Sommeravslutningen i Folldal for alle Mental Helse Innlandet sine medlemmer ble ett trivelig arrangement med 22 deltakere. Det ble spilt kubb, bading var det mulighet for, og p\u00e5 l\u00f8rdags kveld ble det grilling i grillhytta ved Krokkj\u00f8nna. Medlemmene \u00f8nsker at dette skal bli ett  \u00e5rlig arrangemang.<\/p>\n\n\n<figure class=\"wp-block-image size-large\"><img loading=\"lazy\" decoding=\"async\" width=\"1024\" height=\"461\" src=\"https:\/\/mentalhelse.no\/content\/uploads\/sites\/187\/2024\/06\/20240622_170725-1-1024x461.jpg\" alt=\"\" class=\"wp-image-1244\" srcset=\"https:\/\/mentalhelse.no\/content\/uploads\/sites\/187\/2024\/06\/20240622_170725-1-1024x461.jpg 1024w, https:\/\/mentalhelse.no\/content\/uploads\/sites\/187\/2024\/06\/20240622_170725-1-300x135.jpg 300w, https:\/\/mentalhelse.no\/content\/uploads\/sites\/187\/2024\/06\/20240622_170725-1-768x346.jpg 768w, https:\/\/mentalhelse.no\/content\/uploads\/sites\/187\/2024\/06\/20240622_170725-1-1536x692.jpg 1536w, https:\/\/mentalhelse.no\/content\/uploads\/sites\/187\/2024\/06\/20240622_170725-1-2048x922.jpg 2048w\" sizes=\"auto, (max-width: 1024px) 100vw, 1024px\" \/><\/figure>\n\n\n\n<figure class=\"wp-block-image size-large\"><img loading=\"lazy\" decoding=\"async\" width=\"461\" height=\"1024\" src=\"https:\/\/mentalhelse.no\/content\/uploads\/sites\/187\/2024\/06\/20240622_161608-1-461x1024.jpg\" alt=\"\" class=\"wp-image-1245\" srcset=\"https:\/\/mentalhelse.no\/content\/uploads\/sites\/187\/2024\/06\/20240622_161608-1-461x1024.jpg 461w, https:\/\/mentalhelse.no\/content\/uploads\/sites\/187\/2024\/06\/20240622_161608-1-135x300.jpg 135w, https:\/\/mentalhelse.no\/content\/uploads\/sites\/187\/2024\/06\/20240622_161608-1-768x1705.jpg 768w, https:\/\/mentalhelse.no\/content\/uploads\/sites\/187\/2024\/06\/20240622_161608-1-692x1536.jpg 692w, https:\/\/mentalhelse.no\/content\/uploads\/sites\/187\/2024\/06\/20240622_161608-1-922x2048.jpg 922w, https:\/\/mentalhelse.no\/content\/uploads\/sites\/187\/2024\/06\/20240622_161608-1-scaled.jpg 1153w\" sizes=\"auto, (max-width: 461px) 100vw, 461px\" \/><\/figure>\n\n\n\n<figure class=\"wp-block-image size-large\"><img loading=\"lazy\" decoding=\"async\" width=\"461\" height=\"1024\" src=\"https:\/\/mentalhelse.no\/content\/uploads\/sites\/187\/2024\/06\/20240622_152647-461x1024.jpg\" alt=\"\" class=\"wp-image-1246\" srcset=\"https:\/\/mentalhelse.no\/content\/uploads\/sites\/187\/2024\/06\/20240622_152647-461x1024.jpg 461w, https:\/\/mentalhelse.no\/content\/uploads\/sites\/187\/2024\/06\/20240622_152647-135x300.jpg 135w, https:\/\/mentalhelse.no\/content\/uploads\/sites\/187\/2024\/06\/20240622_152647-768x1705.jpg 768w, https:\/\/mentalhelse.no\/content\/uploads\/sites\/187\/2024\/06\/20240622_152647-692x1536.jpg 692w, https:\/\/mentalhelse.no\/content\/uploads\/sites\/187\/2024\/06\/20240622_152647-922x2048.jpg 922w, https:\/\/mentalhelse.no\/content\/uploads\/sites\/187\/2024\/06\/20240622_152647-scaled.jpg 1153w\" sizes=\"auto, (max-width: 461px) 100vw, 461px\" \/><\/figure>\n\n\n\n<figure class=\"wp-block-image size-large\"><img loading=\"lazy\" decoding=\"async\" width=\"1024\" height=\"461\" src=\"https:\/\/mentalhelse.no\/content\/uploads\/sites\/187\/2024\/06\/20240622_151559-1-1024x461.jpg\" alt=\"\" class=\"wp-image-1247\" srcset=\"https:\/\/mentalhelse.no\/content\/uploads\/sites\/187\/2024\/06\/20240622_151559-1-1024x461.jpg 1024w, https:\/\/mentalhelse.no\/content\/uploads\/sites\/187\/2024\/06\/20240622_151559-1-300x135.jpg 300w, https:\/\/mentalhelse.no\/content\/uploads\/sites\/187\/2024\/06\/20240622_151559-1-768x346.jpg 768w, https:\/\/mentalhelse.no\/content\/uploads\/sites\/187\/2024\/06\/20240622_151559-1-1536x692.jpg 1536w, https:\/\/mentalhelse.no\/content\/uploads\/sites\/187\/2024\/06\/20240622_151559-1-2048x922.jpg 2048w\" sizes=\"auto, (max-width: 1024px) 100vw, 1024px\" \/><\/figure>\n\n\n\n<figure class=\"wp-block-image size-large\"><img loading=\"lazy\" decoding=\"async\" width=\"1024\" height=\"461\" src=\"https:\/\/mentalhelse.no\/content\/uploads\/sites\/187\/2024\/06\/20240622_145840-1-1024x461.jpg\" alt=\"\" class=\"wp-image-1248\" srcset=\"https:\/\/mentalhelse.no\/content\/uploads\/sites\/187\/2024\/06\/20240622_145840-1-1024x461.jpg 1024w, https:\/\/mentalhelse.no\/content\/uploads\/sites\/187\/2024\/06\/20240622_145840-1-300x135.jpg 300w, https:\/\/mentalhelse.no\/content\/uploads\/sites\/187\/2024\/06\/20240622_145840-1-768x346.jpg 768w, https:\/\/mentalhelse.no\/content\/uploads\/sites\/187\/2024\/06\/20240622_145840-1-1536x692.jpg 1536w, https:\/\/mentalhelse.no\/content\/uploads\/sites\/187\/2024\/06\/20240622_145840-1-2048x922.jpg 2048w\" sizes=\"auto, (max-width: 1024px) 100vw, 1024px\" \/><\/figure>\n\n\n\n<figure class=\"wp-block-image size-large\"><img loading=\"lazy\" decoding=\"async\" width=\"461\" height=\"1024\" src=\"https:\/\/mentalhelse.no\/content\/uploads\/sites\/187\/2024\/06\/20240622_145814-461x1024.jpg\" alt=\"\" class=\"wp-image-1250\" srcset=\"https:\/\/mentalhelse.no\/content\/uploads\/sites\/187\/2024\/06\/20240622_145814-461x1024.jpg 461w, https:\/\/mentalhelse.no\/content\/uploads\/sites\/187\/2024\/06\/20240622_145814-135x300.jpg 135w, https:\/\/mentalhelse.no\/content\/uploads\/sites\/187\/2024\/06\/20240622_145814-768x1705.jpg 768w, https:\/\/mentalhelse.no\/content\/uploads\/sites\/187\/2024\/06\/20240622_145814-692x1536.jpg 692w, https:\/\/mentalhelse.no\/content\/uploads\/sites\/187\/2024\/06\/20240622_145814-922x2048.jpg 922w, https:\/\/mentalhelse.no\/content\/uploads\/sites\/187\/2024\/06\/20240622_145814-scaled.jpg 1153w\" sizes=\"auto, (max-width: 461px) 100vw, 461px\" \/><\/figure>\n\n\n\n<figure class=\"wp-block-image size-large\"><img loading=\"lazy\" decoding=\"async\" width=\"461\" height=\"1024\" src=\"https:\/\/mentalhelse.no\/content\/uploads\/sites\/187\/2024\/06\/20240622_133436-461x1024.jpg\" alt=\"\" class=\"wp-image-1251\" srcset=\"https:\/\/mentalhelse.no\/content\/uploads\/sites\/187\/2024\/06\/20240622_133436-461x1024.jpg 461w, https:\/\/mentalhelse.no\/content\/uploads\/sites\/187\/2024\/06\/20240622_133436-135x300.jpg 135w, https:\/\/mentalhelse.no\/content\/uploads\/sites\/187\/2024\/06\/20240622_133436-768x1705.jpg 768w, https:\/\/mentalhelse.no\/content\/uploads\/sites\/187\/2024\/06\/20240622_133436-692x1536.jpg 692w, https:\/\/mentalhelse.no\/content\/uploads\/sites\/187\/2024\/06\/20240622_133436-922x2048.jpg 922w, https:\/\/mentalhelse.no\/content\/uploads\/sites\/187\/2024\/06\/20240622_133436-scaled.jpg 1153w\" sizes=\"auto, (max-width: 461px) 100vw, 461px\" \/><\/figure>\n\n\n\n<figure class=\"wp-block-image size-large\"><img loading=\"lazy\" decoding=\"async\" width=\"576\" height=\"1024\" src=\"https:\/\/mentalhelse.no\/content\/uploads\/sites\/187\/2024\/06\/20240621_151740-576x1024.jpg\" alt=\"\" class=\"wp-image-1252\" srcset=\"https:\/\/mentalhelse.no\/content\/uploads\/sites\/187\/2024\/06\/20240621_151740-576x1024.jpg 576w, https:\/\/mentalhelse.no\/content\/uploads\/sites\/187\/2024\/06\/20240621_151740-169x300.jpg 169w, https:\/\/mentalhelse.no\/content\/uploads\/sites\/187\/2024\/06\/20240621_151740-768x1365.jpg 768w, https:\/\/mentalhelse.no\/content\/uploads\/sites\/187\/2024\/06\/20240621_151740-864x1536.jpg 864w, https:\/\/mentalhelse.no\/content\/uploads\/sites\/187\/2024\/06\/20240621_151740-1152x2048.jpg 1152w, https:\/\/mentalhelse.no\/content\/uploads\/sites\/187\/2024\/06\/20240621_151740-scaled.jpg 1440w\" sizes=\"auto, (max-width: 576px) 100vw, 576px\" \/><\/figure>\n\n\n\n<figure class=\"wp-block-image size-large\"><img loading=\"lazy\" decoding=\"async\" width=\"461\" height=\"1024\" src=\"https:\/\/mentalhelse.no\/content\/uploads\/sites\/187\/2024\/06\/20240621_184545-461x1024.jpg\" alt=\"\" class=\"wp-image-1253\" srcset=\"https:\/\/mentalhelse.no\/content\/uploads\/sites\/187\/2024\/06\/20240621_184545-461x1024.jpg 461w, https:\/\/mentalhelse.no\/content\/uploads\/sites\/187\/2024\/06\/20240621_184545-135x300.jpg 135w, https:\/\/mentalhelse.no\/content\/uploads\/sites\/187\/2024\/06\/20240621_184545-768x1705.jpg 768w, https:\/\/mentalhelse.no\/content\/uploads\/sites\/187\/2024\/06\/20240621_184545-692x1536.jpg 692w, https:\/\/mentalhelse.no\/content\/uploads\/sites\/187\/2024\/06\/20240621_184545-922x2048.jpg 922w, https:\/\/mentalhelse.no\/content\/uploads\/sites\/187\/2024\/06\/20240621_184545-scaled.jpg 1153w\" sizes=\"auto, (max-width: 461px) 100vw, 461px\" \/><\/figure>\n\n\n\n<figure class=\"wp-block-image size-large\"><img loading=\"lazy\" decoding=\"async\" width=\"1024\" height=\"461\" src=\"https:\/\/mentalhelse.no\/content\/uploads\/sites\/187\/2024\/06\/20240622_143930-1024x461.jpg\" alt=\"\" class=\"wp-image-1254\" srcset=\"https:\/\/mentalhelse.no\/content\/uploads\/sites\/187\/2024\/06\/20240622_143930-1024x461.jpg 1024w, https:\/\/mentalhelse.no\/content\/uploads\/sites\/187\/2024\/06\/20240622_143930-300x135.jpg 300w, https:\/\/mentalhelse.no\/content\/uploads\/sites\/187\/2024\/06\/20240622_143930-768x346.jpg 768w, https:\/\/mentalhelse.no\/content\/uploads\/sites\/187\/2024\/06\/20240622_143930-1536x692.jpg 1536w, https:\/\/mentalhelse.no\/content\/uploads\/sites\/187\/2024\/06\/20240622_143930-2048x922.jpg 2048w\" sizes=\"auto, (max-width: 1024px) 100vw, 1024px\" \/><\/figure>\n\n\n\n\t\t<div class=\"mh-related-posts alignfull alignfull wp-block-mentalhelse-related-posts gray-mode\">\n\t\t\t<div class=\"mh-related-posts__inner\">\n\t\t\t\t\n\n<h3 class=\"wp-block-heading\" id=\"h-also-read\">Also read<\/h3>\n\n\n<div class=\"t2-featured-content-layout alignwide alignwide wp-block-t2-featured-content-layout\">\n<div class=\"t2-featured-query-post t2-featured-content is-post-type-news wp-block-t2-featured-query-post t2-featured-content-layout-col-4\"><a class=\"t2-post-link wp-block-t2-post-link\" href=\"https:\/\/mentalhelse.no\/innlandet\/aktuelt\/ledersamling-og-arsmote-pa-dombas\/\">\n\t<figure style=\"--t2-focal-point: 64% 49%;\" class=\"t2-post-featured-image has-image-ratio-16-9 wp-block-t2-post-featured-image\"><img loading=\"lazy\" decoding=\"async\" width=\"2560\" height=\"1920\" src=\"https:\/\/mentalhelse.no\/content\/uploads\/sites\/187\/2025\/05\/20250504_133419-scaled.jpg\" class=\"attachment-post-thumbnail size-post-thumbnail wp-post-image\" alt=\"\" srcset=\"https:\/\/mentalhelse.no\/content\/uploads\/sites\/187\/2025\/05\/20250504_133419-scaled.jpg 2560w, https:\/\/mentalhelse.no\/content\/uploads\/sites\/187\/2025\/05\/20250504_133419-300x225.jpg 300w, https:\/\/mentalhelse.no\/content\/uploads\/sites\/187\/2025\/05\/20250504_133419-1024x768.jpg 1024w, https:\/\/mentalhelse.no\/content\/uploads\/sites\/187\/2025\/05\/20250504_133419-768x576.jpg 768w, https:\/\/mentalhelse.no\/content\/uploads\/sites\/187\/2025\/05\/20250504_133419-1536x1152.jpg 1536w, https:\/\/mentalhelse.no\/content\/uploads\/sites\/187\/2025\/05\/20250504_133419-2048x1536.jpg 2048w\" sizes=\"auto, (max-width: 2560px) 100vw, 2560px\" style=\"--focal-point: 64% 49%;\" \/><\/figure>\n<\/a>\n\n<div class=\"wp-block-group postinfo alignfull is-layout-flow wp-block-group-is-layout-flow\">\n\t<div class=\"wp-block-mentalhelse-post-category\">\n\t\t\t\t\t<div class=\"post-type\">\n\t\t\t\t\t\t<a href=\"https:\/\/mentalhelse.no\/innlandet\/aktuelt\/\">Nyheter<\/a>\n\t\t\t\t\t<\/div>\n\t\t\t\t\t\n\t\t\t\t\t<div class=\"post-category\">\n\t\t\t\t\t\t\n\t\t\t\t\t<\/div>\n\t\t\t<\/div>\n\t<a class=\"t2-post-link wp-block-t2-post-link\" href=\"https:\/\/mentalhelse.no\/innlandet\/aktuelt\/ledersamling-og-arsmote-pa-dombas\/\">\n\t<h2 class=\"t2-post-title wp-block-t2-post-title\">Ledersamling og \u00e5rsm\u00f8te p\u00e5 Domb\u00e5s<\/h2>\n\t<\/a>\n<\/div>\n\n<\/div>\n\n<div class=\"t2-featured-query-post t2-featured-content is-post-type-news wp-block-t2-featured-query-post t2-featured-content-layout-col-4\"><a class=\"t2-post-link wp-block-t2-post-link\" href=\"https:\/\/mentalhelse.no\/innlandet\/aktuelt\/sommerhilsen-fra-fylkesstyret\/\">\n\t<figure style=\"--t2-focal-point: 50% 50%;\" class=\"t2-post-featured-image has-image-ratio-16-9 wp-block-t2-post-featured-image\"><img loading=\"lazy\" decoding=\"async\" width=\"2560\" height=\"1152\" src=\"https:\/\/mentalhelse.no\/content\/uploads\/sites\/187\/2024\/06\/20220929_144338-scaled.jpg\" class=\"attachment-post-thumbnail size-post-thumbnail wp-post-image\" alt=\"\" srcset=\"https:\/\/mentalhelse.no\/content\/uploads\/sites\/187\/2024\/06\/20220929_144338-scaled.jpg 2560w, https:\/\/mentalhelse.no\/content\/uploads\/sites\/187\/2024\/06\/20220929_144338-300x135.jpg 300w, https:\/\/mentalhelse.no\/content\/uploads\/sites\/187\/2024\/06\/20220929_144338-1024x461.jpg 1024w, https:\/\/mentalhelse.no\/content\/uploads\/sites\/187\/2024\/06\/20220929_144338-768x346.jpg 768w, https:\/\/mentalhelse.no\/content\/uploads\/sites\/187\/2024\/06\/20220929_144338-1536x691.jpg 1536w, https:\/\/mentalhelse.no\/content\/uploads\/sites\/187\/2024\/06\/20220929_144338-2048x922.jpg 2048w\" sizes=\"auto, (max-width: 2560px) 100vw, 2560px\" style=\"--focal-point: 50% 50%;\" \/><\/figure>\n<\/a>\n\n<div class=\"wp-block-group postinfo alignfull is-layout-flow wp-block-group-is-layout-flow\">\n\t<div class=\"wp-block-mentalhelse-post-category\">\n\t\t\t\t\t<div class=\"post-type\">\n\t\t\t\t\t\t<a href=\"https:\/\/mentalhelse.no\/innlandet\/aktuelt\/\">Nyheter<\/a>\n\t\t\t\t\t<\/div>\n\t\t\t\t\t\n\t\t\t\t\t<div class=\"post-category\">\n\t\t\t\t\t\t\n\t\t\t\t\t<\/div>\n\t\t\t<\/div>\n\t<a class=\"t2-post-link wp-block-t2-post-link\" href=\"https:\/\/mentalhelse.no\/innlandet\/aktuelt\/sommerhilsen-fra-fylkesstyret\/\">\n\t<h2 class=\"t2-post-title wp-block-t2-post-title\">Sommerhilsen fra Fylkesstyret<\/h2>\n\t<\/a>\n<\/div>\n\n<\/div>\n\n<div class=\"t2-featured-query-post t2-featured-content is-post-type-news wp-block-t2-featured-query-post t2-featured-content-layout-col-4\"><a class=\"t2-post-link wp-block-t2-post-link\" href=\"https:\/\/mentalhelse.no\/innlandet\/aktuelt\/25-ars-jubileum-mental-helse-stange-7-juni-2024\/\">\n\t<figure style=\"--t2-focal-point: 50% 50%;\" class=\"t2-post-featured-image has-image-ratio-16-9 wp-block-t2-post-featured-image\"><img loading=\"lazy\" decoding=\"async\" width=\"2560\" height=\"1153\" src=\"https:\/\/mentalhelse.no\/content\/uploads\/sites\/187\/2024\/06\/20240607_162007-scaled.jpg\" class=\"attachment-post-thumbnail size-post-thumbnail wp-post-image\" alt=\"\" srcset=\"https:\/\/mentalhelse.no\/content\/uploads\/sites\/187\/2024\/06\/20240607_162007-scaled.jpg 2560w, https:\/\/mentalhelse.no\/content\/uploads\/sites\/187\/2024\/06\/20240607_162007-300x135.jpg 300w, https:\/\/mentalhelse.no\/content\/uploads\/sites\/187\/2024\/06\/20240607_162007-1024x461.jpg 1024w, https:\/\/mentalhelse.no\/content\/uploads\/sites\/187\/2024\/06\/20240607_162007-768x346.jpg 768w, https:\/\/mentalhelse.no\/content\/uploads\/sites\/187\/2024\/06\/20240607_162007-1536x692.jpg 1536w, https:\/\/mentalhelse.no\/content\/uploads\/sites\/187\/2024\/06\/20240607_162007-2048x922.jpg 2048w\" sizes=\"auto, (max-width: 2560px) 100vw, 2560px\" style=\"--focal-point: 50% 50%;\" \/><\/figure>\n<\/a>\n\n<div class=\"wp-block-group postinfo alignfull is-layout-flow wp-block-group-is-layout-flow\">\n\t<div class=\"wp-block-mentalhelse-post-category\">\n\t\t\t\t\t<div class=\"post-type\">\n\t\t\t\t\t\t<a href=\"https:\/\/mentalhelse.no\/innlandet\/aktuelt\/\">Nyheter<\/a>\n\t\t\t\t\t<\/div>\n\t\t\t\t\t\n\t\t\t\t\t<div class=\"post-category\">\n\t\t\t\t\t\t\n\t\t\t\t\t<\/div>\n\t\t\t<\/div>\n\t<a class=\"t2-post-link wp-block-t2-post-link\" href=\"https:\/\/mentalhelse.no\/innlandet\/aktuelt\/25-ars-jubileum-mental-helse-stange-7-juni-2024\/\">\n\t<h2 class=\"t2-post-title wp-block-t2-post-title\">25 \u00e5rs Jubileum Mental Helse Stange 7 Juni 2024.<\/h2>\n\t<\/a>\n<\/div>\n\n<\/div>\n<\/div>\n\n\t\t\t<\/div>\n\t\t<\/div>","protected":false},"excerpt":{"rendered":"","protected":false},"author":47,"featured_media":1260,"parent":0,"template":"","meta":{"t2_featured_media_focal_point":{"x":0.5,"y":0.5},"mh_hide_title":true},"news_category":[],"class_list":["post-1243","news","type-news","status-publish","has-post-thumbnail","hentry"],"yoast_head":"<!-- This site is optimized with the Yoast SEO Premium plugin v21.2 (Yoast SEO v21.2) - https:\/\/yoast.com\/wordpress\/plugins\/seo\/ -->\n<title>Sommersamling i Folldal 21-23 Juni 2024 - Mental Helse - Innlandet<\/title>\n<meta name=\"robots\" content=\"index, follow, max-snippet:-1, max-image-preview:large, max-video-preview:-1\" \/>\n<link rel=\"canonical\" href=\"https:\/\/mentalhelse.no\/innlandet\/aktuelt\/sommersamling-i-folldal-21-23-juni-2024\/\" \/>\n<meta property=\"og:locale\" content=\"nb_NO\" \/>\n<meta property=\"og:type\" content=\"article\" \/>\n<meta property=\"og:title\" content=\"Sommersamling i Folldal 21-23 Juni 2024\" \/>\n<meta property=\"og:url\" content=\"https:\/\/mentalhelse.no\/innlandet\/aktuelt\/sommersamling-i-folldal-21-23-juni-2024\/\" \/>\n<meta property=\"og:site_name\" content=\"Innlandet\" \/>\n<meta property=\"article:modified_time\" content=\"2024-06-28T12:39:05+00:00\" \/>\n<meta property=\"og:image\" content=\"https:\/\/mentalhelse.no\/content\/uploads\/sites\/187\/2024\/06\/20230524_144755-scaled.jpg\" \/>\n\t<meta property=\"og:image:width\" content=\"2560\" \/>\n\t<meta property=\"og:image:height\" content=\"1153\" \/>\n\t<meta property=\"og:image:type\" content=\"image\/jpeg\" \/>\n<meta name=\"twitter:card\" content=\"summary_large_image\" \/>\n<meta name=\"twitter:label1\" content=\"Ansl. lesetid\" \/>\n\t<meta name=\"twitter:data1\" content=\"3 minutter\" \/>\n<script type=\"application\/ld+json\" class=\"yoast-schema-graph\">{\"@context\":\"https:\/\/schema.org\",\"@graph\":[{\"@type\":\"WebPage\",\"@id\":\"https:\/\/mentalhelse.no\/innlandet\/aktuelt\/sommersamling-i-folldal-21-23-juni-2024\/\",\"url\":\"https:\/\/mentalhelse.no\/innlandet\/aktuelt\/sommersamling-i-folldal-21-23-juni-2024\/\",\"name\":\"Sommersamling i Folldal 21-23 Juni 2024 - Innlandet\",\"isPartOf\":{\"@id\":\"https:\/\/mentalhelse.no\/innlandet\/#website\"},\"datePublished\":\"2024-06-28T12:07:24+00:00\",\"dateModified\":\"2024-06-28T12:39:05+00:00\",\"breadcrumb\":{\"@id\":\"https:\/\/mentalhelse.no\/innlandet\/aktuelt\/sommersamling-i-folldal-21-23-juni-2024\/#breadcrumb\"},\"inLanguage\":\"nb-NO\",\"potentialAction\":[{\"@type\":\"ReadAction\",\"target\":[\"https:\/\/mentalhelse.no\/innlandet\/aktuelt\/sommersamling-i-folldal-21-23-juni-2024\/\"]}]},{\"@type\":\"BreadcrumbList\",\"@id\":\"https:\/\/mentalhelse.no\/innlandet\/aktuelt\/sommersamling-i-folldal-21-23-juni-2024\/#breadcrumb\",\"itemListElement\":[{\"@type\":\"ListItem\",\"position\":1,\"name\":\"Hjem\",\"item\":\"https:\/\/mentalhelse.no\/innlandet\/\"},{\"@type\":\"ListItem\",\"position\":2,\"name\":\"Nyheter\",\"item\":\"https:\/\/mentalhelse.no\/innlandet\/aktuelt\/\"},{\"@type\":\"ListItem\",\"position\":3,\"name\":\"Sommersamling i Folldal 21-23 Juni 2024\"}]},{\"@type\":\"WebSite\",\"@id\":\"https:\/\/mentalhelse.no\/innlandet\/#website\",\"url\":\"https:\/\/mentalhelse.no\/innlandet\/\",\"name\":\"Innlandet\",\"description\":\"\",\"potentialAction\":[{\"@type\":\"SearchAction\",\"target\":{\"@type\":\"EntryPoint\",\"urlTemplate\":\"https:\/\/mentalhelse.no\/innlandet\/?s={search_term_string}\"},\"query-input\":\"required name=search_term_string\"}],\"inLanguage\":\"nb-NO\"}]}<\/script>\n<!-- \/ Yoast SEO Premium plugin. -->","yoast_head_json":{"title":"Sommersamling i Folldal 21-23 Juni 2024 - Mental Helse - Innlandet","robots":{"index":"index","follow":"follow","max-snippet":"max-snippet:-1","max-image-preview":"max-image-preview:large","max-video-preview":"max-video-preview:-1"},"canonical":"https:\/\/mentalhelse.no\/innlandet\/aktuelt\/sommersamling-i-folldal-21-23-juni-2024\/","og_locale":"nb_NO","og_type":"article","og_title":"Sommersamling i Folldal 21-23 Juni 2024","og_url":"https:\/\/mentalhelse.no\/innlandet\/aktuelt\/sommersamling-i-folldal-21-23-juni-2024\/","og_site_name":"Innlandet","article_modified_time":"2024-06-28T12:39:05+00:00","og_image":[{"width":2560,"height":1153,"url":"https:\/\/mentalhelse.no\/content\/uploads\/sites\/187\/2024\/06\/20230524_144755-scaled.jpg","type":"image\/jpeg"}],"twitter_card":"summary_large_image","twitter_misc":{"Ansl. lesetid":"3 minutter"},"schema":{"@context":"https:\/\/schema.org","@graph":[{"@type":"WebPage","@id":"https:\/\/mentalhelse.no\/innlandet\/aktuelt\/sommersamling-i-folldal-21-23-juni-2024\/","url":"https:\/\/mentalhelse.no\/innlandet\/aktuelt\/sommersamling-i-folldal-21-23-juni-2024\/","name":"Sommersamling i Folldal 21-23 Juni 2024 - Innlandet","isPartOf":{"@id":"https:\/\/mentalhelse.no\/innlandet\/#website"},"datePublished":"2024-06-28T12:07:24+00:00","dateModified":"2024-06-28T12:39:05+00:00","breadcrumb":{"@id":"https:\/\/mentalhelse.no\/innlandet\/aktuelt\/sommersamling-i-folldal-21-23-juni-2024\/#breadcrumb"},"inLanguage":"nb-NO","potentialAction":[{"@type":"ReadAction","target":["https:\/\/mentalhelse.no\/innlandet\/aktuelt\/sommersamling-i-folldal-21-23-juni-2024\/"]}]},{"@type":"BreadcrumbList","@id":"https:\/\/mentalhelse.no\/innlandet\/aktuelt\/sommersamling-i-folldal-21-23-juni-2024\/#breadcrumb","itemListElement":[{"@type":"ListItem","position":1,"name":"Hjem","item":"https:\/\/mentalhelse.no\/innlandet\/"},{"@type":"ListItem","position":2,"name":"Nyheter","item":"https:\/\/mentalhelse.no\/innlandet\/aktuelt\/"},{"@type":"ListItem","position":3,"name":"Sommersamling i Folldal 21-23 Juni 2024"}]},{"@type":"WebSite","@id":"https:\/\/mentalhelse.no\/innlandet\/#website","url":"https:\/\/mentalhelse.no\/innlandet\/","name":"Innlandet","description":"","potentialAction":[{"@type":"SearchAction","target":{"@type":"EntryPoint","urlTemplate":"https:\/\/mentalhelse.no\/innlandet\/?s={search_term_string}"},"query-input":"required name=search_term_string"}],"inLanguage":"nb-NO"}]}},"_links":{"self":[{"href":"https:\/\/mentalhelse.no\/innlandet\/wp-json\/wp\/v2\/news\/1243","targetHints":{"allow":["GET"]}}],"collection":[{"href":"https:\/\/mentalhelse.no\/innlandet\/wp-json\/wp\/v2\/news"}],"about":[{"href":"https:\/\/mentalhelse.no\/innlandet\/wp-json\/wp\/v2\/types\/news"}],"author":[{"embeddable":true,"href":"https:\/\/mentalhelse.no\/innlandet\/wp-json\/wp\/v2\/users\/47"}],"wp:featuredmedia":[{"embeddable":true,"href":"https:\/\/mentalhelse.no\/innlandet\/wp-json\/wp\/v2\/media\/1260"}],"wp:attachment":[{"href":"https:\/\/mentalhelse.no\/innlandet\/wp-json\/wp\/v2\/media?parent=1243"}],"wp:term":[{"taxonomy":"news_category","embeddable":true,"href":"https:\/\/mentalhelse.no\/innlandet\/wp-json\/wp\/v2\/news_category?post=1243"}],"curies":[{"name":"wp","href":"https:\/\/api.w.org\/{rel}","templated":true}]}}