{"id":1025,"date":"2023-11-09T11:22:50","date_gmt":"2023-11-09T11:22:50","guid":{"rendered":"https:\/\/mentalhelse.no\/klepp-time\/?post_type=news&#038;p=1025"},"modified":"2023-11-09T11:23:27","modified_gmt":"2023-11-09T11:23:27","slug":"program-mh-klepp-og-time-hosten-2023","status":"publish","type":"news","link":"https:\/\/mentalhelse.no\/klepp-time\/aktuelt\/program-mh-klepp-og-time-hosten-2023\/","title":{"rendered":"Program MH Klepp og Time h\u00f8sten 2023"},"content":{"rendered":"<figure class=\"alignwide wp-block-post-featured-image\"><img loading=\"lazy\" decoding=\"async\" width=\"2000\" height=\"1324\" src=\"https:\/\/mentalhelse.no\/content\/uploads\/sites\/257\/2023\/11\/last-ned.jpg\" class=\"attachment-post-thumbnail size-post-thumbnail wp-post-image\" alt=\"\" style=\"object-fit:cover; --focal-point: 50% 50%;\" srcset=\"https:\/\/mentalhelse.no\/content\/uploads\/sites\/257\/2023\/11\/last-ned.jpg 2000w, https:\/\/mentalhelse.no\/content\/uploads\/sites\/257\/2023\/11\/last-ned-300x199.jpg 300w, https:\/\/mentalhelse.no\/content\/uploads\/sites\/257\/2023\/11\/last-ned-1024x678.jpg 1024w, https:\/\/mentalhelse.no\/content\/uploads\/sites\/257\/2023\/11\/last-ned-768x508.jpg 768w, https:\/\/mentalhelse.no\/content\/uploads\/sites\/257\/2023\/11\/last-ned-1536x1017.jpg 1536w\" sizes=\"auto, (max-width: 2000px) 100vw, 2000px\" \/><\/figure>\n\n<h1 class=\"wp-block-post-title\">Program MH Klepp og Time h\u00f8sten 2023<\/h1>\n\n<div class=\"is-img-top mh-byline wp-block-mh-byline\">\n                  <div class=\"mh-byline__inner\">\n                  \t\n                  \t<div class=\"mh-byline__meta\">\n                  \t\t<div class=\"mh-byline__post\">\n                  \t\t\t<div class=\"entry-date\">09.11.2023<\/div>\n                  \t\t<\/div>\n                  \t\t<div class=\"mh-byline__author\">\n                  \t\t\t <span class=\"mh-byline__author-link\">Erik Fransson<\/span>\n\t\t\t\t\t\t<\/div>\n\t\t\t\t\t<\/div>\n\t\t\t\t<\/div>\n\t\t<\/div>\n\n\n<p><strong>Medlemsm\u00f8ter h\u00f8sten 2023:<\/strong><\/p>\n\n\n\n<ul class=\"wp-block-list\">\n<li>5.september \u2013 Bingo<\/li>\n\n\n\n<li>15.-16. september inviterer vi til jubileumstur til Stavanger, med middag og overnatting p\u00e5 hotell.<br>Dette gjelder kun medlemmer av Mental Helse Klepp\/Time.<\/li>\n\n\n\n<li>6.oktober \u2013 Da inviterer vi til feiring av 10 \u00e5rs jubileet p\u00e5 Gnisten i Klepp.<br>Vi f\u00e5r bes\u00f8k av ordf\u00f8reren i Time kommune, representanter for psykisk helse og rus fra b\u00e5de Time og Klepp kommune, samt representant for fylkeslaget i Mental Helse.<br>Det vil bli servert mat, kaffe\/te og kaker, og der vil v\u00e6re litt underholdning.<\/li>\n\n\n\n<li>7.november \u2013 Blir det bowling ved Stadion Bowling p\u00e5 Bryne.<br>Desember blir det juleavslutning. Dato kommer senere.<\/li>\n<\/ul>\n\n\n\n\t\t<div class=\"mh-related-posts alignfull alignfull wp-block-mentalhelse-related-posts gray-mode\">\n\t\t\t<div class=\"mh-related-posts__inner\">\n\t\t\t\t\n\n<h3 class=\"wp-block-heading\" id=\"h-also-read\">Also read<\/h3>\n\n\n<div class=\"t2-featured-content-layout alignwide alignwide wp-block-t2-featured-content-layout\">\n<div class=\"t2-featured-query-post t2-featured-content is-post-type-news wp-block-t2-featured-query-post t2-featured-content-layout-col-4\"><a class=\"t2-post-link wp-block-t2-post-link\" href=\"https:\/\/mentalhelse.no\/klepp-time\/aktuelt\/program-varen-2026\/\">\n\t<figure style=\"--t2-focal-point: 18% 50%;\" class=\"t2-post-featured-image has-image-ratio-16-9 wp-block-t2-post-featured-image\"><img loading=\"lazy\" decoding=\"async\" width=\"1536\" height=\"1024\" src=\"https:\/\/mentalhelse.no\/content\/uploads\/sites\/257\/2026\/01\/var2026.png\" class=\"attachment-post-thumbnail size-post-thumbnail wp-post-image\" alt=\"\" srcset=\"https:\/\/mentalhelse.no\/content\/uploads\/sites\/257\/2026\/01\/var2026.png 1536w, https:\/\/mentalhelse.no\/content\/uploads\/sites\/257\/2026\/01\/var2026-300x200.png 300w, https:\/\/mentalhelse.no\/content\/uploads\/sites\/257\/2026\/01\/var2026-1024x683.png 1024w, https:\/\/mentalhelse.no\/content\/uploads\/sites\/257\/2026\/01\/var2026-768x512.png 768w\" sizes=\"auto, (max-width: 1536px) 100vw, 1536px\" style=\"--focal-point: 18% 50%;\" \/><\/figure>\n<\/a>\n\n<div class=\"wp-block-group postinfo alignfull is-layout-flow wp-block-group-is-layout-flow\">\n\t<div class=\"wp-block-mentalhelse-post-category\">\n\t\t\t\t\t<div class=\"post-type\">\n\t\t\t\t\t\t<a href=\"https:\/\/mentalhelse.no\/klepp-time\/aktuelt\/\">Nyheter<\/a>\n\t\t\t\t\t<\/div>\n\t\t\t\t\t\n\t\t\t\t\t<div class=\"post-category\">\n\t\t\t\t\t\t\n\t\t\t\t\t<\/div>\n\t\t\t<\/div>\n\t<a class=\"t2-post-link wp-block-t2-post-link\" href=\"https:\/\/mentalhelse.no\/klepp-time\/aktuelt\/program-varen-2026\/\">\n\t<h2 class=\"t2-post-title wp-block-t2-post-title\">Program V\u00e5ren 2026<\/h2>\n\t<\/a>\n<\/div>\n\n<\/div>\n\n<div class=\"t2-featured-query-post t2-featured-content is-post-type-news wp-block-t2-featured-query-post t2-featured-content-layout-col-4\"><a class=\"t2-post-link wp-block-t2-post-link\" href=\"https:\/\/mentalhelse.no\/klepp-time\/aktuelt\/program-mental-helse-klepp-time-hosten-2025\/\">\n\t<figure style=\"--t2-focal-point: 50% 50%;\" class=\"t2-post-featured-image has-image-ratio-16-9 wp-block-t2-post-featured-image\"><img loading=\"lazy\" decoding=\"async\" width=\"1536\" height=\"1024\" src=\"https:\/\/mentalhelse.no\/content\/uploads\/sites\/257\/2025\/06\/host.png\" class=\"attachment-post-thumbnail size-post-thumbnail wp-post-image\" alt=\"\" srcset=\"https:\/\/mentalhelse.no\/content\/uploads\/sites\/257\/2025\/06\/host.png 1536w, https:\/\/mentalhelse.no\/content\/uploads\/sites\/257\/2025\/06\/host-300x200.png 300w, https:\/\/mentalhelse.no\/content\/uploads\/sites\/257\/2025\/06\/host-1024x683.png 1024w, https:\/\/mentalhelse.no\/content\/uploads\/sites\/257\/2025\/06\/host-768x512.png 768w\" sizes=\"auto, (max-width: 1536px) 100vw, 1536px\" style=\"--focal-point: 50% 50%;\" \/><\/figure>\n<\/a>\n\n<div class=\"wp-block-group postinfo alignfull is-layout-flow wp-block-group-is-layout-flow\">\n\t<div class=\"wp-block-mentalhelse-post-category\">\n\t\t\t\t\t<div class=\"post-type\">\n\t\t\t\t\t\t<a href=\"https:\/\/mentalhelse.no\/klepp-time\/aktuelt\/\">Nyheter<\/a>\n\t\t\t\t\t<\/div>\n\t\t\t\t\t\n\t\t\t\t\t<div class=\"post-category\">\n\t\t\t\t\t\t\n\t\t\t\t\t<\/div>\n\t\t\t<\/div>\n\t<a class=\"t2-post-link wp-block-t2-post-link\" href=\"https:\/\/mentalhelse.no\/klepp-time\/aktuelt\/program-mental-helse-klepp-time-hosten-2025\/\">\n\t<h2 class=\"t2-post-title wp-block-t2-post-title\">Program Mental Helse Klepp\/Time H\u00f8sten 2025<\/h2>\n\t<\/a>\n<\/div>\n\n<\/div>\n\n<div class=\"t2-featured-query-post t2-featured-content is-post-type-news wp-block-t2-featured-query-post t2-featured-content-layout-col-4\"><a class=\"t2-post-link wp-block-t2-post-link\" href=\"https:\/\/mentalhelse.no\/klepp-time\/aktuelt\/sommeravslutning-2\/\">\n\t<figure style=\"--t2-focal-point: 50% 50%;\" class=\"t2-post-featured-image has-image-ratio-16-9 wp-block-t2-post-featured-image\"><img loading=\"lazy\" decoding=\"async\" width=\"1244\" height=\"698\" src=\"https:\/\/mentalhelse.no\/content\/uploads\/sites\/257\/2024\/11\/var2025.png\" class=\"attachment-post-thumbnail size-post-thumbnail wp-post-image\" alt=\"\" srcset=\"https:\/\/mentalhelse.no\/content\/uploads\/sites\/257\/2024\/11\/var2025.png 1244w, https:\/\/mentalhelse.no\/content\/uploads\/sites\/257\/2024\/11\/var2025-300x168.png 300w, https:\/\/mentalhelse.no\/content\/uploads\/sites\/257\/2024\/11\/var2025-1024x575.png 1024w, https:\/\/mentalhelse.no\/content\/uploads\/sites\/257\/2024\/11\/var2025-768x431.png 768w\" sizes=\"auto, (max-width: 1244px) 100vw, 1244px\" style=\"--focal-point: 50% 50%;\" \/><\/figure>\n<\/a>\n\n<div class=\"wp-block-group postinfo alignfull is-layout-flow wp-block-group-is-layout-flow\">\n\t<div class=\"wp-block-mentalhelse-post-category\">\n\t\t\t\t\t<div class=\"post-type\">\n\t\t\t\t\t\t<a href=\"https:\/\/mentalhelse.no\/klepp-time\/aktuelt\/\">Nyheter<\/a>\n\t\t\t\t\t<\/div>\n\t\t\t\t\t\n\t\t\t\t\t<div class=\"post-category\">\n\t\t\t\t\t\t\n\t\t\t\t\t<\/div>\n\t\t\t<\/div>\n\t<a class=\"t2-post-link wp-block-t2-post-link\" href=\"https:\/\/mentalhelse.no\/klepp-time\/aktuelt\/sommeravslutning-2\/\">\n\t<h2 class=\"t2-post-title wp-block-t2-post-title\">Sommeravslutning 12 Juni, 2025<\/h2>\n\t<\/a>\n<\/div>\n\n<\/div>\n<\/div>\n\n\t\t\t<\/div>\n\t\t<\/div>","protected":false},"excerpt":{"rendered":"<p>Medlemsm\u00f8ter h\u00f8sten 2023:<\/p>\n","protected":false},"author":10,"featured_media":1023,"parent":0,"template":"","meta":{"t2_featured_media_focal_point":{"x":0.5,"y":0.5},"mh_hide_title":true},"news_category":[],"class_list":["post-1025","news","type-news","status-publish","has-post-thumbnail","hentry"],"yoast_head":"<!-- This site is optimized with the Yoast SEO Premium plugin v21.2 (Yoast SEO v21.2) - https:\/\/yoast.com\/wordpress\/plugins\/seo\/ -->\n<title>Program MH Klepp og Time h\u00f8sten 2023 - Mental Helse - Klepp\/Time<\/title>\n<meta name=\"robots\" content=\"index, follow, max-snippet:-1, max-image-preview:large, max-video-preview:-1\" \/>\n<link rel=\"canonical\" href=\"https:\/\/mentalhelse.no\/klepp-time\/aktuelt\/program-mh-klepp-og-time-hosten-2023\/\" \/>\n<meta property=\"og:locale\" content=\"nb_NO\" \/>\n<meta property=\"og:type\" content=\"article\" \/>\n<meta property=\"og:title\" content=\"Program MH Klepp og Time h\u00f8sten 2023\" \/>\n<meta property=\"og:description\" content=\"Medlemsm\u00f8ter h\u00f8sten 2023:\" \/>\n<meta property=\"og:url\" content=\"https:\/\/mentalhelse.no\/klepp-time\/aktuelt\/program-mh-klepp-og-time-hosten-2023\/\" \/>\n<meta property=\"og:site_name\" content=\"Klepp\/Time\" \/>\n<meta property=\"article:modified_time\" content=\"2023-11-09T11:23:27+00:00\" \/>\n<meta property=\"og:image\" content=\"https:\/\/mentalhelse.no\/content\/uploads\/sites\/257\/2023\/11\/last-ned.jpg\" \/>\n\t<meta property=\"og:image:width\" content=\"2000\" \/>\n\t<meta property=\"og:image:height\" content=\"1324\" \/>\n\t<meta property=\"og:image:type\" content=\"image\/jpeg\" \/>\n<meta name=\"twitter:card\" content=\"summary_large_image\" \/>\n<meta name=\"twitter:label1\" content=\"Ansl. lesetid\" \/>\n\t<meta name=\"twitter:data1\" content=\"1 minutt\" \/>\n<script type=\"application\/ld+json\" class=\"yoast-schema-graph\">{\"@context\":\"https:\/\/schema.org\",\"@graph\":[{\"@type\":\"WebPage\",\"@id\":\"https:\/\/mentalhelse.no\/klepp-time\/aktuelt\/program-mh-klepp-og-time-hosten-2023\/\",\"url\":\"https:\/\/mentalhelse.no\/klepp-time\/aktuelt\/program-mh-klepp-og-time-hosten-2023\/\",\"name\":\"Program MH Klepp og Time h\u00f8sten 2023 - Klepp\/Time\",\"isPartOf\":{\"@id\":\"https:\/\/mentalhelse.no\/klepp-time\/#website\"},\"datePublished\":\"2023-11-09T11:22:50+00:00\",\"dateModified\":\"2023-11-09T11:23:27+00:00\",\"breadcrumb\":{\"@id\":\"https:\/\/mentalhelse.no\/klepp-time\/aktuelt\/program-mh-klepp-og-time-hosten-2023\/#breadcrumb\"},\"inLanguage\":\"nb-NO\",\"potentialAction\":[{\"@type\":\"ReadAction\",\"target\":[\"https:\/\/mentalhelse.no\/klepp-time\/aktuelt\/program-mh-klepp-og-time-hosten-2023\/\"]}]},{\"@type\":\"BreadcrumbList\",\"@id\":\"https:\/\/mentalhelse.no\/klepp-time\/aktuelt\/program-mh-klepp-og-time-hosten-2023\/#breadcrumb\",\"itemListElement\":[{\"@type\":\"ListItem\",\"position\":1,\"name\":\"Hjem\",\"item\":\"https:\/\/mentalhelse.no\/klepp-time\/\"},{\"@type\":\"ListItem\",\"position\":2,\"name\":\"Nyheter\",\"item\":\"https:\/\/mentalhelse.no\/klepp-time\/aktuelt\/\"},{\"@type\":\"ListItem\",\"position\":3,\"name\":\"Program MH Klepp og Time h\u00f8sten 2023\"}]},{\"@type\":\"WebSite\",\"@id\":\"https:\/\/mentalhelse.no\/klepp-time\/#website\",\"url\":\"https:\/\/mentalhelse.no\/klepp-time\/\",\"name\":\"Klepp\/Time\",\"description\":\"\",\"potentialAction\":[{\"@type\":\"SearchAction\",\"target\":{\"@type\":\"EntryPoint\",\"urlTemplate\":\"https:\/\/mentalhelse.no\/klepp-time\/?s={search_term_string}\"},\"query-input\":\"required name=search_term_string\"}],\"inLanguage\":\"nb-NO\"}]}<\/script>\n<!-- \/ Yoast SEO Premium plugin. -->","yoast_head_json":{"title":"Program MH Klepp og Time h\u00f8sten 2023 - Mental Helse - Klepp\/Time","robots":{"index":"index","follow":"follow","max-snippet":"max-snippet:-1","max-image-preview":"max-image-preview:large","max-video-preview":"max-video-preview:-1"},"canonical":"https:\/\/mentalhelse.no\/klepp-time\/aktuelt\/program-mh-klepp-og-time-hosten-2023\/","og_locale":"nb_NO","og_type":"article","og_title":"Program MH Klepp og Time h\u00f8sten 2023","og_description":"Medlemsm\u00f8ter h\u00f8sten 2023:","og_url":"https:\/\/mentalhelse.no\/klepp-time\/aktuelt\/program-mh-klepp-og-time-hosten-2023\/","og_site_name":"Klepp\/Time","article_modified_time":"2023-11-09T11:23:27+00:00","og_image":[{"width":2000,"height":1324,"url":"https:\/\/mentalhelse.no\/content\/uploads\/sites\/257\/2023\/11\/last-ned.jpg","type":"image\/jpeg"}],"twitter_card":"summary_large_image","twitter_misc":{"Ansl. lesetid":"1 minutt"},"schema":{"@context":"https:\/\/schema.org","@graph":[{"@type":"WebPage","@id":"https:\/\/mentalhelse.no\/klepp-time\/aktuelt\/program-mh-klepp-og-time-hosten-2023\/","url":"https:\/\/mentalhelse.no\/klepp-time\/aktuelt\/program-mh-klepp-og-time-hosten-2023\/","name":"Program MH Klepp og Time h\u00f8sten 2023 - Klepp\/Time","isPartOf":{"@id":"https:\/\/mentalhelse.no\/klepp-time\/#website"},"datePublished":"2023-11-09T11:22:50+00:00","dateModified":"2023-11-09T11:23:27+00:00","breadcrumb":{"@id":"https:\/\/mentalhelse.no\/klepp-time\/aktuelt\/program-mh-klepp-og-time-hosten-2023\/#breadcrumb"},"inLanguage":"nb-NO","potentialAction":[{"@type":"ReadAction","target":["https:\/\/mentalhelse.no\/klepp-time\/aktuelt\/program-mh-klepp-og-time-hosten-2023\/"]}]},{"@type":"BreadcrumbList","@id":"https:\/\/mentalhelse.no\/klepp-time\/aktuelt\/program-mh-klepp-og-time-hosten-2023\/#breadcrumb","itemListElement":[{"@type":"ListItem","position":1,"name":"Hjem","item":"https:\/\/mentalhelse.no\/klepp-time\/"},{"@type":"ListItem","position":2,"name":"Nyheter","item":"https:\/\/mentalhelse.no\/klepp-time\/aktuelt\/"},{"@type":"ListItem","position":3,"name":"Program MH Klepp og Time h\u00f8sten 2023"}]},{"@type":"WebSite","@id":"https:\/\/mentalhelse.no\/klepp-time\/#website","url":"https:\/\/mentalhelse.no\/klepp-time\/","name":"Klepp\/Time","description":"","potentialAction":[{"@type":"SearchAction","target":{"@type":"EntryPoint","urlTemplate":"https:\/\/mentalhelse.no\/klepp-time\/?s={search_term_string}"},"query-input":"required name=search_term_string"}],"inLanguage":"nb-NO"}]}},"_links":{"self":[{"href":"https:\/\/mentalhelse.no\/klepp-time\/wp-json\/wp\/v2\/news\/1025","targetHints":{"allow":["GET"]}}],"collection":[{"href":"https:\/\/mentalhelse.no\/klepp-time\/wp-json\/wp\/v2\/news"}],"about":[{"href":"https:\/\/mentalhelse.no\/klepp-time\/wp-json\/wp\/v2\/types\/news"}],"author":[{"embeddable":true,"href":"https:\/\/mentalhelse.no\/klepp-time\/wp-json\/wp\/v2\/users\/10"}],"wp:featuredmedia":[{"embeddable":true,"href":"https:\/\/mentalhelse.no\/klepp-time\/wp-json\/wp\/v2\/media\/1023"}],"wp:attachment":[{"href":"https:\/\/mentalhelse.no\/klepp-time\/wp-json\/wp\/v2\/media?parent=1025"}],"wp:term":[{"taxonomy":"news_category","embeddable":true,"href":"https:\/\/mentalhelse.no\/klepp-time\/wp-json\/wp\/v2\/news_category?post=1025"}],"curies":[{"name":"wp","href":"https:\/\/api.w.org\/{rel}","templated":true}]}}