{"id":1056,"date":"2024-01-27T09:39:15","date_gmt":"2024-01-27T09:39:15","guid":{"rendered":"https:\/\/mentalhelse.no\/klepp-time\/?post_type=news&#038;p=1056"},"modified":"2024-01-27T09:42:37","modified_gmt":"2024-01-27T09:42:37","slug":"program-mh-klepp-og-time-varen-2024","status":"publish","type":"news","link":"https:\/\/mentalhelse.no\/klepp-time\/aktuelt\/program-mh-klepp-og-time-varen-2024\/","title":{"rendered":"Program MH Klepp og Time v\u00e5ren 2024"},"content":{"rendered":"<figure class=\"alignwide wp-block-post-featured-image\"><img loading=\"lazy\" decoding=\"async\" width=\"1792\" height=\"1024\" src=\"https:\/\/mentalhelse.no\/content\/uploads\/sites\/257\/2024\/01\/Spring2024MH.png\" class=\"attachment-post-thumbnail size-post-thumbnail wp-post-image\" alt=\"\" style=\"object-fit:cover; --focal-point: 50% 50%;\" srcset=\"https:\/\/mentalhelse.no\/content\/uploads\/sites\/257\/2024\/01\/Spring2024MH.png 1792w, https:\/\/mentalhelse.no\/content\/uploads\/sites\/257\/2024\/01\/Spring2024MH-300x171.png 300w, https:\/\/mentalhelse.no\/content\/uploads\/sites\/257\/2024\/01\/Spring2024MH-1024x585.png 1024w, https:\/\/mentalhelse.no\/content\/uploads\/sites\/257\/2024\/01\/Spring2024MH-768x439.png 768w, https:\/\/mentalhelse.no\/content\/uploads\/sites\/257\/2024\/01\/Spring2024MH-1536x878.png 1536w\" sizes=\"auto, (max-width: 1792px) 100vw, 1792px\" \/><\/figure>\n\n<h1 class=\"wp-block-post-title\">Program MH Klepp og Time v\u00e5ren 2024<\/h1>\n\n\n<p><strong><u>6. februar<\/u><\/strong><\/p>\n\n\n\n<p>pizzakveld og dr\u00f8s<\/p>\n\n\n\n<p><\/p>\n\n\n\n<p>Grunnet utfordringer med logistikk, ser vi oss n\u00f8dt til \u00e5 <strong>endre dag for medlemsm\u00f8ter<\/strong>, gjeldende fra mars.<\/p>\n\n\n\n<p>Fra mars blir det endret fra f\u00f8rste tirsdag hver m\u00e5ned, til <strong>andre torsdag<\/strong> hver m\u00e5ned.<\/p>\n\n\n\n<p><\/p>\n\n\n\n<p><strong><u>14. mars<\/u><\/strong><\/p>\n\n\n\n<p>lage p\u00e5skepynt<\/p>\n\n\n\n<p><\/p>\n\n\n\n<p><strong><u>11. april<\/u><\/strong><\/p>\n\n\n\n<p>Bowling<\/p>\n\n\n\n<p><\/p>\n\n\n\n<p><strong><u>mai utg\u00e5r pga langhelg (17. mai).<\/u><\/strong><\/p>\n\n\n\n<p><\/p>\n\n\n\n<p><strong><u>13. juni<\/u><\/strong><\/p>\n\n\n\n<p>Sommeravslutning.\u00a0 N\u00e6rmere info om tid og sted kommer.<\/p>\n\n\n<div class=\"t2-files wp-block-t2-files\">\n<div class=\"t2-file-item wp-block-t2-file-item\">\n\t\t<a href=\"https:\/\/mentalhelse.no\/content\/uploads\/sites\/257\/2024\/01\/Program-Varen-2024.docx\" class=\"t2-file-item__link t2-file-item__link--icon-left\" download>\n\t\t\t<span class=\"t2-file-item__icon\"><svg xmlns=\"http:\/\/www.w3.org\/2000\/svg\" viewBox=\"0 0 24 24\" height=\"24\" width=\"24\" class=\"t2-icon t2-icon-mh-download\" aria-hidden=\"true\" focusable=\"false\"><path fill-rule=\"evenodd\" clip-rule=\"evenodd\" d=\"M12 2.5C12.2761 2.5 12.5 2.72386 12.5 3V13.7929L16.6464 9.64645C16.8417 9.45118 17.1583 9.45118 17.3536 9.64645C17.5488 9.84171 17.5488 10.1583 17.3536 10.3536L12.3536 15.3536C12.1583 15.5488 11.8417 15.5488 11.6464 15.3536L6.64645 10.3536C6.45118 10.1583 6.45118 9.84171 6.64645 9.64645C6.84171 9.45118 7.15829 9.45118 7.35355 9.64645L11.5 13.7929V3C11.5 2.72386 11.7239 2.5 12 2.5Z\" fill=\"currentColor\"\/><path fill-rule=\"evenodd\" clip-rule=\"evenodd\" d=\"M3 14.5C3.27614 14.5 3.5 14.7239 3.5 15V19C3.5 19.3978 3.65803 19.7793 3.93935 20.0607C4.22064 20.342 4.60217 20.5 5 20.5H19C19.3978 20.5 19.7793 20.342 20.0606 20.0606C20.342 19.7793 20.5 19.3978 20.5 19V15C20.5 14.7239 20.7239 14.5 21 14.5C21.2761 14.5 21.5 14.7239 21.5 15V19C21.5 19.663 21.2366 20.2989 20.7678 20.7678C20.2989 21.2366 19.663 21.5 19 21.5H5C4.33697 21.5 3.70107 21.2366 3.23222 20.7677C3.23222 20.7677 3.23222 20.7677 3.23222 20.7677C2.76339 20.2989 2.5 19.663 2.5 19V15C2.5 14.7239 2.72386 14.5 3 14.5Z\" fill=\"currentColor\"\/><\/svg><\/span>\n\t\t\t<span class=\"t2-file-item__info\">\n\t\t\t\t<span class=\"t2-file-item__filename\">Program-Varen-2024<\/span>\n\t\t\t\t\n\t\t\t\t<span class=\"t2-file-item__meta\">docx \u00b7 826 KB<\/span>\n\t\t\t<\/span>\n\t\t<\/a>\n\t\t<\/div>\n<\/div>\n\n\n\t\t<div class=\"mh-related-posts alignfull alignfull wp-block-mentalhelse-related-posts gray-mode\">\n\t\t\t<div class=\"mh-related-posts__inner\">\n\t\t\t\t\n\n<h3 class=\"wp-block-heading\" id=\"h-also-read\">Also read<\/h3>\n\n\n<div class=\"t2-featured-content-layout alignwide alignwide wp-block-t2-featured-content-layout\">\n<div class=\"t2-featured-query-post t2-featured-content is-post-type-news wp-block-t2-featured-query-post t2-featured-content-layout-col-4\"><a class=\"t2-post-link wp-block-t2-post-link\" href=\"https:\/\/mentalhelse.no\/klepp-time\/aktuelt\/program-varen-2026\/\">\n\t<figure style=\"--t2-focal-point: 18% 50%;\" class=\"t2-post-featured-image has-image-ratio-16-9 wp-block-t2-post-featured-image\"><img loading=\"lazy\" decoding=\"async\" width=\"1536\" height=\"1024\" src=\"https:\/\/mentalhelse.no\/content\/uploads\/sites\/257\/2026\/01\/var2026.png\" class=\"attachment-post-thumbnail size-post-thumbnail wp-post-image\" alt=\"\" srcset=\"https:\/\/mentalhelse.no\/content\/uploads\/sites\/257\/2026\/01\/var2026.png 1536w, https:\/\/mentalhelse.no\/content\/uploads\/sites\/257\/2026\/01\/var2026-300x200.png 300w, https:\/\/mentalhelse.no\/content\/uploads\/sites\/257\/2026\/01\/var2026-1024x683.png 1024w, https:\/\/mentalhelse.no\/content\/uploads\/sites\/257\/2026\/01\/var2026-768x512.png 768w\" sizes=\"auto, (max-width: 1536px) 100vw, 1536px\" style=\"--focal-point: 18% 50%;\" \/><\/figure>\n<\/a>\n\n<div class=\"wp-block-group postinfo alignfull is-layout-flow wp-block-group-is-layout-flow\">\n\t<div class=\"wp-block-mentalhelse-post-category\">\n\t\t\t\t\t<div class=\"post-type\">\n\t\t\t\t\t\t<a href=\"https:\/\/mentalhelse.no\/klepp-time\/aktuelt\/\">Nyheter<\/a>\n\t\t\t\t\t<\/div>\n\t\t\t\t\t\n\t\t\t\t\t<div class=\"post-category\">\n\t\t\t\t\t\t\n\t\t\t\t\t<\/div>\n\t\t\t<\/div>\n\t<a class=\"t2-post-link wp-block-t2-post-link\" href=\"https:\/\/mentalhelse.no\/klepp-time\/aktuelt\/program-varen-2026\/\">\n\t<h2 class=\"t2-post-title wp-block-t2-post-title\">Program V\u00e5ren 2026<\/h2>\n\t<\/a>\n<\/div>\n\n<\/div>\n\n<div class=\"t2-featured-query-post t2-featured-content is-post-type-news wp-block-t2-featured-query-post t2-featured-content-layout-col-4\"><a class=\"t2-post-link wp-block-t2-post-link\" href=\"https:\/\/mentalhelse.no\/klepp-time\/aktuelt\/program-mental-helse-klepp-time-hosten-2025\/\">\n\t<figure style=\"--t2-focal-point: 50% 50%;\" class=\"t2-post-featured-image has-image-ratio-16-9 wp-block-t2-post-featured-image\"><img loading=\"lazy\" decoding=\"async\" width=\"1536\" height=\"1024\" src=\"https:\/\/mentalhelse.no\/content\/uploads\/sites\/257\/2025\/06\/host.png\" class=\"attachment-post-thumbnail size-post-thumbnail wp-post-image\" alt=\"\" srcset=\"https:\/\/mentalhelse.no\/content\/uploads\/sites\/257\/2025\/06\/host.png 1536w, https:\/\/mentalhelse.no\/content\/uploads\/sites\/257\/2025\/06\/host-300x200.png 300w, https:\/\/mentalhelse.no\/content\/uploads\/sites\/257\/2025\/06\/host-1024x683.png 1024w, https:\/\/mentalhelse.no\/content\/uploads\/sites\/257\/2025\/06\/host-768x512.png 768w\" sizes=\"auto, (max-width: 1536px) 100vw, 1536px\" style=\"--focal-point: 50% 50%;\" \/><\/figure>\n<\/a>\n\n<div class=\"wp-block-group postinfo alignfull is-layout-flow wp-block-group-is-layout-flow\">\n\t<div class=\"wp-block-mentalhelse-post-category\">\n\t\t\t\t\t<div class=\"post-type\">\n\t\t\t\t\t\t<a href=\"https:\/\/mentalhelse.no\/klepp-time\/aktuelt\/\">Nyheter<\/a>\n\t\t\t\t\t<\/div>\n\t\t\t\t\t\n\t\t\t\t\t<div class=\"post-category\">\n\t\t\t\t\t\t\n\t\t\t\t\t<\/div>\n\t\t\t<\/div>\n\t<a class=\"t2-post-link wp-block-t2-post-link\" href=\"https:\/\/mentalhelse.no\/klepp-time\/aktuelt\/program-mental-helse-klepp-time-hosten-2025\/\">\n\t<h2 class=\"t2-post-title wp-block-t2-post-title\">Program Mental Helse Klepp\/Time H\u00f8sten 2025<\/h2>\n\t<\/a>\n<\/div>\n\n<\/div>\n\n<div class=\"t2-featured-query-post t2-featured-content is-post-type-news wp-block-t2-featured-query-post t2-featured-content-layout-col-4\"><a class=\"t2-post-link wp-block-t2-post-link\" href=\"https:\/\/mentalhelse.no\/klepp-time\/aktuelt\/sommeravslutning-2\/\">\n\t<figure style=\"--t2-focal-point: 50% 50%;\" class=\"t2-post-featured-image has-image-ratio-16-9 wp-block-t2-post-featured-image\"><img loading=\"lazy\" decoding=\"async\" width=\"1244\" height=\"698\" src=\"https:\/\/mentalhelse.no\/content\/uploads\/sites\/257\/2024\/11\/var2025.png\" class=\"attachment-post-thumbnail size-post-thumbnail wp-post-image\" alt=\"\" srcset=\"https:\/\/mentalhelse.no\/content\/uploads\/sites\/257\/2024\/11\/var2025.png 1244w, https:\/\/mentalhelse.no\/content\/uploads\/sites\/257\/2024\/11\/var2025-300x168.png 300w, https:\/\/mentalhelse.no\/content\/uploads\/sites\/257\/2024\/11\/var2025-1024x575.png 1024w, https:\/\/mentalhelse.no\/content\/uploads\/sites\/257\/2024\/11\/var2025-768x431.png 768w\" sizes=\"auto, (max-width: 1244px) 100vw, 1244px\" style=\"--focal-point: 50% 50%;\" \/><\/figure>\n<\/a>\n\n<div class=\"wp-block-group postinfo alignfull is-layout-flow wp-block-group-is-layout-flow\">\n\t<div class=\"wp-block-mentalhelse-post-category\">\n\t\t\t\t\t<div class=\"post-type\">\n\t\t\t\t\t\t<a href=\"https:\/\/mentalhelse.no\/klepp-time\/aktuelt\/\">Nyheter<\/a>\n\t\t\t\t\t<\/div>\n\t\t\t\t\t\n\t\t\t\t\t<div class=\"post-category\">\n\t\t\t\t\t\t\n\t\t\t\t\t<\/div>\n\t\t\t<\/div>\n\t<a class=\"t2-post-link wp-block-t2-post-link\" href=\"https:\/\/mentalhelse.no\/klepp-time\/aktuelt\/sommeravslutning-2\/\">\n\t<h2 class=\"t2-post-title wp-block-t2-post-title\">Sommeravslutning 12 Juni, 2025<\/h2>\n\t<\/a>\n<\/div>\n\n<\/div>\n<\/div>\n\n\t\t\t<\/div>\n\t\t<\/div>","protected":false},"excerpt":{"rendered":"<p>6. februar pizzakveld og dr\u00f8s Grunnet utfordringer med logistikk, ser vi oss n\u00f8dt til \u00e5 endre dag for medlemsm\u00f8ter, gjeldende fra mars. Fra mars blir&#8230;<\/p>\n","protected":false},"author":97,"featured_media":1058,"parent":0,"template":"","meta":{"t2_featured_media_focal_point":{"x":0.5,"y":0.5},"mh_hide_title":true},"news_category":[],"class_list":["post-1056","news","type-news","status-publish","has-post-thumbnail","hentry"],"yoast_head":"<!-- This site is optimized with the Yoast SEO Premium plugin v21.2 (Yoast SEO v21.2) - https:\/\/yoast.com\/wordpress\/plugins\/seo\/ -->\n<title>Program MH Klepp og Time v\u00e5ren 2024 - Mental Helse - Klepp\/Time<\/title>\n<meta name=\"robots\" content=\"index, follow, max-snippet:-1, max-image-preview:large, max-video-preview:-1\" \/>\n<link rel=\"canonical\" href=\"https:\/\/mentalhelse.no\/klepp-time\/aktuelt\/program-mh-klepp-og-time-varen-2024\/\" \/>\n<meta property=\"og:locale\" content=\"nb_NO\" \/>\n<meta property=\"og:type\" content=\"article\" \/>\n<meta property=\"og:title\" content=\"Program MH Klepp og Time v\u00e5ren 2024\" \/>\n<meta property=\"og:description\" content=\"6. februar pizzakveld og dr\u00f8s Grunnet utfordringer med logistikk, ser vi oss n\u00f8dt til \u00e5 endre dag for medlemsm\u00f8ter, gjeldende fra mars. Fra mars blir...\" \/>\n<meta property=\"og:url\" content=\"https:\/\/mentalhelse.no\/klepp-time\/aktuelt\/program-mh-klepp-og-time-varen-2024\/\" \/>\n<meta property=\"og:site_name\" content=\"Klepp\/Time\" \/>\n<meta property=\"article:modified_time\" content=\"2024-01-27T09:42:37+00:00\" \/>\n<meta property=\"og:image\" content=\"https:\/\/mentalhelse.no\/content\/uploads\/sites\/257\/2024\/01\/Spring2024MH-1024x585.png\" \/>\n\t<meta property=\"og:image:width\" content=\"1024\" \/>\n\t<meta property=\"og:image:height\" content=\"585\" \/>\n\t<meta property=\"og:image:type\" content=\"image\/png\" \/>\n<meta name=\"twitter:card\" content=\"summary_large_image\" \/>\n<meta name=\"twitter:label1\" content=\"Ansl. lesetid\" \/>\n\t<meta name=\"twitter:data1\" content=\"1 minutt\" \/>\n<script type=\"application\/ld+json\" class=\"yoast-schema-graph\">{\"@context\":\"https:\/\/schema.org\",\"@graph\":[{\"@type\":\"WebPage\",\"@id\":\"https:\/\/mentalhelse.no\/klepp-time\/aktuelt\/program-mh-klepp-og-time-varen-2024\/\",\"url\":\"https:\/\/mentalhelse.no\/klepp-time\/aktuelt\/program-mh-klepp-og-time-varen-2024\/\",\"name\":\"Program MH Klepp og Time v\u00e5ren 2024 - Klepp\/Time\",\"isPartOf\":{\"@id\":\"https:\/\/mentalhelse.no\/klepp-time\/#website\"},\"datePublished\":\"2024-01-27T09:39:15+00:00\",\"dateModified\":\"2024-01-27T09:42:37+00:00\",\"breadcrumb\":{\"@id\":\"https:\/\/mentalhelse.no\/klepp-time\/aktuelt\/program-mh-klepp-og-time-varen-2024\/#breadcrumb\"},\"inLanguage\":\"nb-NO\",\"potentialAction\":[{\"@type\":\"ReadAction\",\"target\":[\"https:\/\/mentalhelse.no\/klepp-time\/aktuelt\/program-mh-klepp-og-time-varen-2024\/\"]}]},{\"@type\":\"BreadcrumbList\",\"@id\":\"https:\/\/mentalhelse.no\/klepp-time\/aktuelt\/program-mh-klepp-og-time-varen-2024\/#breadcrumb\",\"itemListElement\":[{\"@type\":\"ListItem\",\"position\":1,\"name\":\"Hjem\",\"item\":\"https:\/\/mentalhelse.no\/klepp-time\/\"},{\"@type\":\"ListItem\",\"position\":2,\"name\":\"Nyheter\",\"item\":\"https:\/\/mentalhelse.no\/klepp-time\/aktuelt\/\"},{\"@type\":\"ListItem\",\"position\":3,\"name\":\"Program MH Klepp og Time v\u00e5ren 2024\"}]},{\"@type\":\"WebSite\",\"@id\":\"https:\/\/mentalhelse.no\/klepp-time\/#website\",\"url\":\"https:\/\/mentalhelse.no\/klepp-time\/\",\"name\":\"Klepp\/Time\",\"description\":\"\",\"potentialAction\":[{\"@type\":\"SearchAction\",\"target\":{\"@type\":\"EntryPoint\",\"urlTemplate\":\"https:\/\/mentalhelse.no\/klepp-time\/?s={search_term_string}\"},\"query-input\":\"required name=search_term_string\"}],\"inLanguage\":\"nb-NO\"}]}<\/script>\n<!-- \/ Yoast SEO Premium plugin. -->","yoast_head_json":{"title":"Program MH Klepp og Time v\u00e5ren 2024 - Mental Helse - Klepp\/Time","robots":{"index":"index","follow":"follow","max-snippet":"max-snippet:-1","max-image-preview":"max-image-preview:large","max-video-preview":"max-video-preview:-1"},"canonical":"https:\/\/mentalhelse.no\/klepp-time\/aktuelt\/program-mh-klepp-og-time-varen-2024\/","og_locale":"nb_NO","og_type":"article","og_title":"Program MH Klepp og Time v\u00e5ren 2024","og_description":"6. februar pizzakveld og dr\u00f8s Grunnet utfordringer med logistikk, ser vi oss n\u00f8dt til \u00e5 endre dag for medlemsm\u00f8ter, gjeldende fra mars. Fra mars blir...","og_url":"https:\/\/mentalhelse.no\/klepp-time\/aktuelt\/program-mh-klepp-og-time-varen-2024\/","og_site_name":"Klepp\/Time","article_modified_time":"2024-01-27T09:42:37+00:00","og_image":[{"width":1024,"height":585,"url":"https:\/\/mentalhelse.no\/content\/uploads\/sites\/257\/2024\/01\/Spring2024MH-1024x585.png","type":"image\/png"}],"twitter_card":"summary_large_image","twitter_misc":{"Ansl. lesetid":"1 minutt"},"schema":{"@context":"https:\/\/schema.org","@graph":[{"@type":"WebPage","@id":"https:\/\/mentalhelse.no\/klepp-time\/aktuelt\/program-mh-klepp-og-time-varen-2024\/","url":"https:\/\/mentalhelse.no\/klepp-time\/aktuelt\/program-mh-klepp-og-time-varen-2024\/","name":"Program MH Klepp og Time v\u00e5ren 2024 - Klepp\/Time","isPartOf":{"@id":"https:\/\/mentalhelse.no\/klepp-time\/#website"},"datePublished":"2024-01-27T09:39:15+00:00","dateModified":"2024-01-27T09:42:37+00:00","breadcrumb":{"@id":"https:\/\/mentalhelse.no\/klepp-time\/aktuelt\/program-mh-klepp-og-time-varen-2024\/#breadcrumb"},"inLanguage":"nb-NO","potentialAction":[{"@type":"ReadAction","target":["https:\/\/mentalhelse.no\/klepp-time\/aktuelt\/program-mh-klepp-og-time-varen-2024\/"]}]},{"@type":"BreadcrumbList","@id":"https:\/\/mentalhelse.no\/klepp-time\/aktuelt\/program-mh-klepp-og-time-varen-2024\/#breadcrumb","itemListElement":[{"@type":"ListItem","position":1,"name":"Hjem","item":"https:\/\/mentalhelse.no\/klepp-time\/"},{"@type":"ListItem","position":2,"name":"Nyheter","item":"https:\/\/mentalhelse.no\/klepp-time\/aktuelt\/"},{"@type":"ListItem","position":3,"name":"Program MH Klepp og Time v\u00e5ren 2024"}]},{"@type":"WebSite","@id":"https:\/\/mentalhelse.no\/klepp-time\/#website","url":"https:\/\/mentalhelse.no\/klepp-time\/","name":"Klepp\/Time","description":"","potentialAction":[{"@type":"SearchAction","target":{"@type":"EntryPoint","urlTemplate":"https:\/\/mentalhelse.no\/klepp-time\/?s={search_term_string}"},"query-input":"required name=search_term_string"}],"inLanguage":"nb-NO"}]}},"_links":{"self":[{"href":"https:\/\/mentalhelse.no\/klepp-time\/wp-json\/wp\/v2\/news\/1056","targetHints":{"allow":["GET"]}}],"collection":[{"href":"https:\/\/mentalhelse.no\/klepp-time\/wp-json\/wp\/v2\/news"}],"about":[{"href":"https:\/\/mentalhelse.no\/klepp-time\/wp-json\/wp\/v2\/types\/news"}],"author":[{"embeddable":true,"href":"https:\/\/mentalhelse.no\/klepp-time\/wp-json\/wp\/v2\/users\/97"}],"wp:featuredmedia":[{"embeddable":true,"href":"https:\/\/mentalhelse.no\/klepp-time\/wp-json\/wp\/v2\/media\/1058"}],"wp:attachment":[{"href":"https:\/\/mentalhelse.no\/klepp-time\/wp-json\/wp\/v2\/media?parent=1056"}],"wp:term":[{"taxonomy":"news_category","embeddable":true,"href":"https:\/\/mentalhelse.no\/klepp-time\/wp-json\/wp\/v2\/news_category?post=1056"}],"curies":[{"name":"wp","href":"https:\/\/api.w.org\/{rel}","templated":true}]}}