{"id":2353,"date":"2026-08-25T11:27:38","date_gmt":"2026-08-25T11:27:38","guid":{"rendered":"https:\/\/mentalhelse.no\/kongsberg\/?post_type=news&#038;p=2353"},"modified":"2026-08-25T11:30:12","modified_gmt":"2026-08-25T11:30:12","slug":"bygdedagen-i-jondalen","status":"publish","type":"news","link":"https:\/\/mentalhelse.no\/kongsberg\/aktuelt\/bygdedagen-i-jondalen\/","title":{"rendered":"Bygdedagen i Jondalen"},"content":{"rendered":"<figure class=\"alignwide wp-block-post-featured-image\"><img loading=\"lazy\" decoding=\"async\" width=\"2560\" height=\"1920\" src=\"https:\/\/mentalhelse.no\/content\/uploads\/sites\/324\/2026\/08\/20260822_112426-scaled.jpg\" class=\"attachment-post-thumbnail size-post-thumbnail wp-post-image\" alt=\"\" style=\"object-fit:cover; --focal-point: 50% 50%;\" srcset=\"https:\/\/mentalhelse.no\/content\/uploads\/sites\/324\/2026\/08\/20260822_112426-scaled.jpg 2560w, https:\/\/mentalhelse.no\/content\/uploads\/sites\/324\/2026\/08\/20260822_112426-300x225.jpg 300w, https:\/\/mentalhelse.no\/content\/uploads\/sites\/324\/2026\/08\/20260822_112426-1024x768.jpg 1024w, https:\/\/mentalhelse.no\/content\/uploads\/sites\/324\/2026\/08\/20260822_112426-768x576.jpg 768w, https:\/\/mentalhelse.no\/content\/uploads\/sites\/324\/2026\/08\/20260822_112426-1536x1152.jpg 1536w, https:\/\/mentalhelse.no\/content\/uploads\/sites\/324\/2026\/08\/20260822_112426-2048x1536.jpg 2048w\" sizes=\"auto, (max-width: 2560px) 100vw, 2560px\" \/><\/figure>\n\n<h1 class=\"wp-block-post-title\">Bygdedagen i Jondalen<\/h1>\n\n\n<p>L\u00f8rdag 22 august hadde vi stand p\u00e5 Bygdedagen i Jondalen. Det var informasjon om Mental Helse, salg av lodd hvor vi blandt annet hadde f\u00e5tt gevinster fra H\u00e5rakutten og gratis lykkehjul.<\/p>\n\n\n\n<p>Salg av egenproduserte varer som trearbeid, smykker, kort og malerier var det ogs\u00e5.<\/p>\n\n\n\n<p>Vi fikk ogs\u00e5 noen nye medlemmer gjennom v\u00e5r verve kampanje.<\/p>\n\n\n\n<figure class=\"wp-block-image size-large\"><img loading=\"lazy\" decoding=\"async\" width=\"724\" height=\"1024\" src=\"https:\/\/mentalhelse.no\/content\/uploads\/sites\/324\/2026\/08\/Vervekampanje-724x1024.jpeg\" alt=\"\" class=\"wp-image-2364\" srcset=\"https:\/\/mentalhelse.no\/content\/uploads\/sites\/324\/2026\/08\/Vervekampanje-724x1024.jpeg 724w, https:\/\/mentalhelse.no\/content\/uploads\/sites\/324\/2026\/08\/Vervekampanje-212x300.jpeg 212w, https:\/\/mentalhelse.no\/content\/uploads\/sites\/324\/2026\/08\/Vervekampanje-768x1086.jpeg 768w, https:\/\/mentalhelse.no\/content\/uploads\/sites\/324\/2026\/08\/Vervekampanje-1086x1536.jpeg 1086w, https:\/\/mentalhelse.no\/content\/uploads\/sites\/324\/2026\/08\/Vervekampanje.jpeg 1414w\" sizes=\"auto, (max-width: 724px) 100vw, 724px\" \/><\/figure>\n\n\nno content\n\n\n<div class=\"wp-block-group is-layout-grid wp-container-core-group-is-layout-1 wp-block-group-is-layout-grid\">\n<figure class=\"wp-block-image size-large\"><img loading=\"lazy\" decoding=\"async\" width=\"1024\" height=\"768\" src=\"https:\/\/mentalhelse.no\/content\/uploads\/sites\/324\/2026\/08\/20260822_112406-1024x768.jpg\" alt=\"\" class=\"wp-image-2355\" srcset=\"https:\/\/mentalhelse.no\/content\/uploads\/sites\/324\/2026\/08\/20260822_112406-1024x768.jpg 1024w, https:\/\/mentalhelse.no\/content\/uploads\/sites\/324\/2026\/08\/20260822_112406-300x225.jpg 300w, https:\/\/mentalhelse.no\/content\/uploads\/sites\/324\/2026\/08\/20260822_112406-768x576.jpg 768w, https:\/\/mentalhelse.no\/content\/uploads\/sites\/324\/2026\/08\/20260822_112406-1536x1152.jpg 1536w, https:\/\/mentalhelse.no\/content\/uploads\/sites\/324\/2026\/08\/20260822_112406-2048x1536.jpg 2048w\" sizes=\"auto, (max-width: 1024px) 100vw, 1024px\" \/><\/figure>\n\n\n\n<figure class=\"wp-block-image size-large\"><img loading=\"lazy\" decoding=\"async\" width=\"768\" height=\"1024\" src=\"https:\/\/mentalhelse.no\/content\/uploads\/sites\/324\/2026\/08\/received_1251740847024449-768x1024.jpeg\" alt=\"\" class=\"wp-image-2356\" srcset=\"https:\/\/mentalhelse.no\/content\/uploads\/sites\/324\/2026\/08\/received_1251740847024449-768x1024.jpeg 768w, https:\/\/mentalhelse.no\/content\/uploads\/sites\/324\/2026\/08\/received_1251740847024449-225x300.jpeg 225w, https:\/\/mentalhelse.no\/content\/uploads\/sites\/324\/2026\/08\/received_1251740847024449-1152x1536.jpeg 1152w, https:\/\/mentalhelse.no\/content\/uploads\/sites\/324\/2026\/08\/received_1251740847024449.jpeg 1536w\" sizes=\"auto, (max-width: 768px) 100vw, 768px\" \/><\/figure>\n\n\n\n<figure class=\"wp-block-image size-large\"><img loading=\"lazy\" decoding=\"async\" width=\"768\" height=\"1024\" src=\"https:\/\/mentalhelse.no\/content\/uploads\/sites\/324\/2026\/08\/received_1059191673360487-768x1024.jpeg\" alt=\"\" class=\"wp-image-2357\" srcset=\"https:\/\/mentalhelse.no\/content\/uploads\/sites\/324\/2026\/08\/received_1059191673360487-768x1024.jpeg 768w, https:\/\/mentalhelse.no\/content\/uploads\/sites\/324\/2026\/08\/received_1059191673360487-225x300.jpeg 225w, https:\/\/mentalhelse.no\/content\/uploads\/sites\/324\/2026\/08\/received_1059191673360487-1152x1536.jpeg 1152w, https:\/\/mentalhelse.no\/content\/uploads\/sites\/324\/2026\/08\/received_1059191673360487.jpeg 1536w\" sizes=\"auto, (max-width: 768px) 100vw, 768px\" \/><\/figure>\n<\/div>\n\n\n\n<div class=\"wp-block-group is-layout-grid wp-container-core-group-is-layout-2 wp-block-group-is-layout-grid\">\n<figure class=\"wp-block-image size-large\"><img loading=\"lazy\" decoding=\"async\" width=\"768\" height=\"1024\" src=\"https:\/\/mentalhelse.no\/content\/uploads\/sites\/324\/2026\/08\/received_1091407430507424-768x1024.jpeg\" alt=\"\" class=\"wp-image-2358\" srcset=\"https:\/\/mentalhelse.no\/content\/uploads\/sites\/324\/2026\/08\/received_1091407430507424-768x1024.jpeg 768w, https:\/\/mentalhelse.no\/content\/uploads\/sites\/324\/2026\/08\/received_1091407430507424-225x300.jpeg 225w, https:\/\/mentalhelse.no\/content\/uploads\/sites\/324\/2026\/08\/received_1091407430507424-1152x1536.jpeg 1152w, https:\/\/mentalhelse.no\/content\/uploads\/sites\/324\/2026\/08\/received_1091407430507424.jpeg 1536w\" sizes=\"auto, (max-width: 768px) 100vw, 768px\" \/><\/figure>\n\n\n\n<figure class=\"wp-block-image size-large\"><img loading=\"lazy\" decoding=\"async\" width=\"768\" height=\"1024\" src=\"https:\/\/mentalhelse.no\/content\/uploads\/sites\/324\/2026\/08\/received_2051445228910915-768x1024.jpeg\" alt=\"\" class=\"wp-image-2359\" srcset=\"https:\/\/mentalhelse.no\/content\/uploads\/sites\/324\/2026\/08\/received_2051445228910915-768x1024.jpeg 768w, https:\/\/mentalhelse.no\/content\/uploads\/sites\/324\/2026\/08\/received_2051445228910915-225x300.jpeg 225w, https:\/\/mentalhelse.no\/content\/uploads\/sites\/324\/2026\/08\/received_2051445228910915-1152x1536.jpeg 1152w, https:\/\/mentalhelse.no\/content\/uploads\/sites\/324\/2026\/08\/received_2051445228910915.jpeg 1536w\" sizes=\"auto, (max-width: 768px) 100vw, 768px\" \/><\/figure>\n\n\n\n<figure class=\"wp-block-image size-large\"><img loading=\"lazy\" decoding=\"async\" width=\"1024\" height=\"514\" src=\"https:\/\/mentalhelse.no\/content\/uploads\/sites\/324\/2026\/08\/20260822-DSC_2429-1-1024x514.jpg\" alt=\"\" class=\"wp-image-2360\" srcset=\"https:\/\/mentalhelse.no\/content\/uploads\/sites\/324\/2026\/08\/20260822-DSC_2429-1-1024x514.jpg 1024w, https:\/\/mentalhelse.no\/content\/uploads\/sites\/324\/2026\/08\/20260822-DSC_2429-1-300x151.jpg 300w, https:\/\/mentalhelse.no\/content\/uploads\/sites\/324\/2026\/08\/20260822-DSC_2429-1-768x386.jpg 768w, https:\/\/mentalhelse.no\/content\/uploads\/sites\/324\/2026\/08\/20260822-DSC_2429-1-1536x772.jpg 1536w, https:\/\/mentalhelse.no\/content\/uploads\/sites\/324\/2026\/08\/20260822-DSC_2429-1-2048x1029.jpg 2048w\" sizes=\"auto, (max-width: 1024px) 100vw, 1024px\" \/><\/figure>\n<\/div>\n\n\n\n<p>Vi m\u00e5 ogs\u00e5 f\u00e5 gratulere v\u00e5rt medlem og tidligere kasserer som fikk prisen  som &raquo; \u00c5RETS JOND\u00d8LING&raquo;, Helga Edvardsen Holmene<\/p>\n\n\n\n<p>                                             GRATULERER!!!!<\/p>\n\n\n\n<figure class=\"wp-block-image size-large is-resized\"><img loading=\"lazy\" decoding=\"async\" width=\"819\" height=\"1024\" src=\"https:\/\/mentalhelse.no\/content\/uploads\/sites\/324\/2026\/08\/FB_IMG_1787462364916-819x1024.jpg\" alt=\"\" class=\"wp-image-2361\" style=\"width:401px;height:auto\" srcset=\"https:\/\/mentalhelse.no\/content\/uploads\/sites\/324\/2026\/08\/FB_IMG_1787462364916-819x1024.jpg 819w, https:\/\/mentalhelse.no\/content\/uploads\/sites\/324\/2026\/08\/FB_IMG_1787462364916-240x300.jpg 240w, https:\/\/mentalhelse.no\/content\/uploads\/sites\/324\/2026\/08\/FB_IMG_1787462364916-768x960.jpg 768w, https:\/\/mentalhelse.no\/content\/uploads\/sites\/324\/2026\/08\/FB_IMG_1787462364916.jpg 1080w\" sizes=\"auto, (max-width: 819px) 100vw, 819px\" \/><\/figure>\n\n\n\n<figure class=\"wp-block-image size-large is-resized\"><img loading=\"lazy\" decoding=\"async\" width=\"768\" height=\"1024\" src=\"https:\/\/mentalhelse.no\/content\/uploads\/sites\/324\/2026\/08\/20260822_150335-768x1024.jpg\" alt=\"\" class=\"wp-image-2362\" style=\"width:443px;height:auto\" srcset=\"https:\/\/mentalhelse.no\/content\/uploads\/sites\/324\/2026\/08\/20260822_150335-768x1024.jpg 768w, https:\/\/mentalhelse.no\/content\/uploads\/sites\/324\/2026\/08\/20260822_150335-225x300.jpg 225w, https:\/\/mentalhelse.no\/content\/uploads\/sites\/324\/2026\/08\/20260822_150335-1152x1536.jpg 1152w, https:\/\/mentalhelse.no\/content\/uploads\/sites\/324\/2026\/08\/20260822_150335-1536x2048.jpg 1536w, https:\/\/mentalhelse.no\/content\/uploads\/sites\/324\/2026\/08\/20260822_150335-scaled.jpg 1920w\" sizes=\"auto, (max-width: 768px) 100vw, 768px\" \/><\/figure>\n\n\n\n<p>Tusen takk til alle som var med \u00e5 bidro til at denne dagen ble s\u00e5 bra!<\/p>\n\n\n<div class=\"is-img-top mh-byline wp-block-mh-byline\">\n                  <div class=\"mh-byline__inner\">\n                  \t\n                  \t<div class=\"mh-byline__meta\">\n                  \t\t<div class=\"mh-byline__post\">\n                  \t\t\t<div class=\"entry-date\">25.08.2026<\/div>\n                  \t\t<\/div>\n                  \t\t<div class=\"mh-byline__author\">\n                  \t\t\t <span class=\"mh-byline__author-link\">lagkongsberg<\/span>\n\t\t\t\t\t\t<\/div>\n\t\t\t\t\t<\/div>\n\t\t\t\t<\/div>\n\t\t<\/div>\n\n\n<p><\/p>\n\n\n\n\t\t<div class=\"mh-related-posts alignfull alignfull wp-block-mentalhelse-related-posts gray-mode\">\n\t\t\t<div class=\"mh-related-posts__inner\">\n\t\t\t\t\n\n<h3 class=\"wp-block-heading\" id=\"h-also-read\">Also read<\/h3>\n\n\n<div class=\"t2-featured-content-layout alignwide alignwide wp-block-t2-featured-content-layout\">\n<div class=\"t2-featured-query-post t2-featured-content is-post-type-news wp-block-t2-featured-query-post t2-featured-content-layout-col-4\"><a class=\"t2-post-link wp-block-t2-post-link\" href=\"https:\/\/mentalhelse.no\/kongsberg\/aktuelt\/bli-medlem\/\">\n\t<figure style=\"--t2-focal-point: 50% 50%;\" class=\"t2-post-featured-image has-image-ratio-16-9 wp-block-t2-post-featured-image\"><img loading=\"lazy\" decoding=\"async\" width=\"960\" height=\"720\" src=\"https:\/\/mentalhelse.no\/content\/uploads\/sites\/324\/2024\/03\/MHK.jpg\" class=\"attachment-post-thumbnail size-post-thumbnail wp-post-image\" alt=\"\" srcset=\"https:\/\/mentalhelse.no\/content\/uploads\/sites\/324\/2024\/03\/MHK.jpg 960w, https:\/\/mentalhelse.no\/content\/uploads\/sites\/324\/2024\/03\/MHK-300x225.jpg 300w, https:\/\/mentalhelse.no\/content\/uploads\/sites\/324\/2024\/03\/MHK-768x576.jpg 768w\" sizes=\"auto, (max-width: 960px) 100vw, 960px\" style=\"--focal-point: 50% 50%;\" \/><\/figure>\n<\/a>\n\n<div class=\"wp-block-group postinfo alignfull is-layout-flow wp-block-group-is-layout-flow\">\n\t<div class=\"wp-block-mentalhelse-post-category\">\n\t\t\t\t\t<div class=\"post-type\">\n\t\t\t\t\t\t<a href=\"https:\/\/mentalhelse.no\/kongsberg\/aktuelt\/\">Nyheter<\/a>\n\t\t\t\t\t<\/div>\n\t\t\t\t\t\n\t\t\t\t\t<div class=\"post-category\">\n\t\t\t\t\t\t\n\t\t\t\t\t<\/div>\n\t\t\t<\/div>\n\t<a class=\"t2-post-link wp-block-t2-post-link\" href=\"https:\/\/mentalhelse.no\/kongsberg\/aktuelt\/bli-medlem\/\">\n\t<h2 class=\"t2-post-title wp-block-t2-post-title\">BLI MEDLEM<\/h2>\n\t<\/a>\n<\/div>\n\n<\/div>\n\n<div class=\"t2-featured-query-post t2-featured-content is-post-type-news wp-block-t2-featured-query-post t2-featured-content-layout-col-4\"><a class=\"t2-post-link wp-block-t2-post-link\" href=\"https:\/\/mentalhelse.no\/kongsberg\/aktuelt\/sommern-2026\/\">\n\t<figure style=\"--t2-focal-point: 50% 50%;\" class=\"t2-post-featured-image has-image-ratio-16-9 wp-block-t2-post-featured-image\"><img loading=\"lazy\" decoding=\"async\" width=\"474\" height=\"170\" src=\"https:\/\/mentalhelse.no\/content\/uploads\/sites\/324\/2026\/07\/God-sommer.webp\" class=\"attachment-post-thumbnail size-post-thumbnail wp-post-image\" alt=\"\" srcset=\"https:\/\/mentalhelse.no\/content\/uploads\/sites\/324\/2026\/07\/God-sommer.webp 474w, https:\/\/mentalhelse.no\/content\/uploads\/sites\/324\/2026\/07\/God-sommer-300x108.webp 300w\" sizes=\"auto, (max-width: 474px) 100vw, 474px\" style=\"--focal-point: 50% 50%;\" \/><\/figure>\n<\/a>\n\n<div class=\"wp-block-group postinfo alignfull is-layout-flow wp-block-group-is-layout-flow\">\n\t<div class=\"wp-block-mentalhelse-post-category\">\n\t\t\t\t\t<div class=\"post-type\">\n\t\t\t\t\t\t<a href=\"https:\/\/mentalhelse.no\/kongsberg\/aktuelt\/\">Nyheter<\/a>\n\t\t\t\t\t<\/div>\n\t\t\t\t\t\n\t\t\t\t\t<div class=\"post-category\">\n\t\t\t\t\t\t\n\t\t\t\t\t<\/div>\n\t\t\t<\/div>\n\t<a class=\"t2-post-link wp-block-t2-post-link\" href=\"https:\/\/mentalhelse.no\/kongsberg\/aktuelt\/sommern-2026\/\">\n\t<h2 class=\"t2-post-title wp-block-t2-post-title\">Sommer`n 2026<\/h2>\n\t<\/a>\n<\/div>\n\n<\/div>\n\n<div class=\"t2-featured-query-post t2-featured-content is-post-type-news wp-block-t2-featured-query-post t2-featured-content-layout-col-4\"><a class=\"t2-post-link wp-block-t2-post-link\" href=\"https:\/\/mentalhelse.no\/kongsberg\/aktuelt\/st-hans-2026\/\">\n\t<figure style=\"--t2-focal-point: 50% 50%;\" class=\"t2-post-featured-image has-image-ratio-16-9 wp-block-t2-post-featured-image\"><img loading=\"lazy\" decoding=\"async\" width=\"2048\" height=\"1536\" src=\"https:\/\/mentalhelse.no\/content\/uploads\/sites\/324\/2026\/07\/received_993477249960759.jpeg\" class=\"attachment-post-thumbnail size-post-thumbnail wp-post-image\" alt=\"\" srcset=\"https:\/\/mentalhelse.no\/content\/uploads\/sites\/324\/2026\/07\/received_993477249960759.jpeg 2048w, https:\/\/mentalhelse.no\/content\/uploads\/sites\/324\/2026\/07\/received_993477249960759-300x225.jpeg 300w, https:\/\/mentalhelse.no\/content\/uploads\/sites\/324\/2026\/07\/received_993477249960759-1024x768.jpeg 1024w, https:\/\/mentalhelse.no\/content\/uploads\/sites\/324\/2026\/07\/received_993477249960759-768x576.jpeg 768w, https:\/\/mentalhelse.no\/content\/uploads\/sites\/324\/2026\/07\/received_993477249960759-1536x1152.jpeg 1536w\" sizes=\"auto, (max-width: 2048px) 100vw, 2048px\" style=\"--focal-point: 50% 50%;\" \/><\/figure>\n<\/a>\n\n<div class=\"wp-block-group postinfo alignfull is-layout-flow wp-block-group-is-layout-flow\">\n\t<div class=\"wp-block-mentalhelse-post-category\">\n\t\t\t\t\t<div class=\"post-type\">\n\t\t\t\t\t\t<a href=\"https:\/\/mentalhelse.no\/kongsberg\/aktuelt\/\">Nyheter<\/a>\n\t\t\t\t\t<\/div>\n\t\t\t\t\t\n\t\t\t\t\t<div class=\"post-category\">\n\t\t\t\t\t\t\n\t\t\t\t\t<\/div>\n\t\t\t<\/div>\n\t<a class=\"t2-post-link wp-block-t2-post-link\" href=\"https:\/\/mentalhelse.no\/kongsberg\/aktuelt\/st-hans-2026\/\">\n\t<h2 class=\"t2-post-title wp-block-t2-post-title\">St.Hans 2026<\/h2>\n\t<\/a>\n<\/div>\n\n<\/div>\n<\/div>\n\n\t\t\t<\/div>\n\t\t<\/div>","protected":false},"excerpt":{"rendered":"<p>L\u00f8rdag 22 august hadde vi stand p\u00e5 Bygdedagen i Jondalen. Det var informasjon om Mental Helse, salg av lodd hvor vi blandt annet hadde f\u00e5tt&#8230;<\/p>\n","protected":false},"author":50,"featured_media":2354,"parent":0,"template":"","meta":{"t2_featured_media_focal_point":{"x":0.5,"y":0.5},"mh_hide_title":true},"news_category":[],"class_list":["post-2353","news","type-news","status-publish","has-post-thumbnail","hentry"],"yoast_head":"<!-- This site is optimized with the Yoast SEO Premium plugin v21.2 (Yoast SEO v21.2) - https:\/\/yoast.com\/wordpress\/plugins\/seo\/ -->\n<title>Bygdedagen i Jondalen - Mental Helse - Kongsberg<\/title>\n<meta name=\"robots\" content=\"index, follow, max-snippet:-1, max-image-preview:large, max-video-preview:-1\" \/>\n<link rel=\"canonical\" href=\"https:\/\/mentalhelse.no\/kongsberg\/aktuelt\/bygdedagen-i-jondalen\/\" \/>\n<meta property=\"og:locale\" content=\"nb_NO\" \/>\n<meta property=\"og:type\" content=\"article\" \/>\n<meta property=\"og:title\" content=\"Bygdedagen i Jondalen\" \/>\n<meta property=\"og:description\" content=\"L\u00f8rdag 22 august hadde vi stand p\u00e5 Bygdedagen i Jondalen. Det var informasjon om Mental Helse, salg av lodd hvor vi blandt annet hadde f\u00e5tt...\" \/>\n<meta property=\"og:url\" content=\"https:\/\/mentalhelse.no\/kongsberg\/aktuelt\/bygdedagen-i-jondalen\/\" \/>\n<meta property=\"og:site_name\" content=\"Kongsberg\" \/>\n<meta property=\"article:modified_time\" content=\"2026-08-25T11:30:12+00:00\" \/>\n<meta property=\"og:image\" content=\"https:\/\/mentalhelse.no\/content\/uploads\/sites\/324\/2026\/08\/20260822_112426-scaled.jpg\" \/>\n\t<meta property=\"og:image:width\" content=\"2560\" \/>\n\t<meta property=\"og:image:height\" content=\"1920\" \/>\n\t<meta property=\"og:image:type\" content=\"image\/jpeg\" \/>\n<meta name=\"twitter:card\" content=\"summary_large_image\" \/>\n<meta name=\"twitter:label1\" content=\"Ansl. lesetid\" \/>\n\t<meta name=\"twitter:data1\" content=\"3 minutter\" \/>\n<script type=\"application\/ld+json\" class=\"yoast-schema-graph\">{\"@context\":\"https:\/\/schema.org\",\"@graph\":[{\"@type\":\"WebPage\",\"@id\":\"https:\/\/mentalhelse.no\/kongsberg\/aktuelt\/bygdedagen-i-jondalen\/\",\"url\":\"https:\/\/mentalhelse.no\/kongsberg\/aktuelt\/bygdedagen-i-jondalen\/\",\"name\":\"Bygdedagen i Jondalen - Kongsberg\",\"isPartOf\":{\"@id\":\"https:\/\/mentalhelse.no\/kongsberg\/#website\"},\"datePublished\":\"2026-08-25T11:27:38+00:00\",\"dateModified\":\"2026-08-25T11:30:12+00:00\",\"breadcrumb\":{\"@id\":\"https:\/\/mentalhelse.no\/kongsberg\/aktuelt\/bygdedagen-i-jondalen\/#breadcrumb\"},\"inLanguage\":\"nb-NO\",\"potentialAction\":[{\"@type\":\"ReadAction\",\"target\":[\"https:\/\/mentalhelse.no\/kongsberg\/aktuelt\/bygdedagen-i-jondalen\/\"]}]},{\"@type\":\"BreadcrumbList\",\"@id\":\"https:\/\/mentalhelse.no\/kongsberg\/aktuelt\/bygdedagen-i-jondalen\/#breadcrumb\",\"itemListElement\":[{\"@type\":\"ListItem\",\"position\":1,\"name\":\"Hjem\",\"item\":\"https:\/\/mentalhelse.no\/kongsberg\/\"},{\"@type\":\"ListItem\",\"position\":2,\"name\":\"Nyheter\",\"item\":\"https:\/\/mentalhelse.no\/kongsberg\/aktuelt\/\"},{\"@type\":\"ListItem\",\"position\":3,\"name\":\"Bygdedagen i Jondalen\"}]},{\"@type\":\"WebSite\",\"@id\":\"https:\/\/mentalhelse.no\/kongsberg\/#website\",\"url\":\"https:\/\/mentalhelse.no\/kongsberg\/\",\"name\":\"Kongsberg\",\"description\":\"\",\"potentialAction\":[{\"@type\":\"SearchAction\",\"target\":{\"@type\":\"EntryPoint\",\"urlTemplate\":\"https:\/\/mentalhelse.no\/kongsberg\/?s={search_term_string}\"},\"query-input\":\"required name=search_term_string\"}],\"inLanguage\":\"nb-NO\"}]}<\/script>\n<!-- \/ Yoast SEO Premium plugin. -->","yoast_head_json":{"title":"Bygdedagen i Jondalen - Mental Helse - Kongsberg","robots":{"index":"index","follow":"follow","max-snippet":"max-snippet:-1","max-image-preview":"max-image-preview:large","max-video-preview":"max-video-preview:-1"},"canonical":"https:\/\/mentalhelse.no\/kongsberg\/aktuelt\/bygdedagen-i-jondalen\/","og_locale":"nb_NO","og_type":"article","og_title":"Bygdedagen i Jondalen","og_description":"L\u00f8rdag 22 august hadde vi stand p\u00e5 Bygdedagen i Jondalen. Det var informasjon om Mental Helse, salg av lodd hvor vi blandt annet hadde f\u00e5tt...","og_url":"https:\/\/mentalhelse.no\/kongsberg\/aktuelt\/bygdedagen-i-jondalen\/","og_site_name":"Kongsberg","article_modified_time":"2026-08-25T11:30:12+00:00","og_image":[{"width":2560,"height":1920,"url":"https:\/\/mentalhelse.no\/content\/uploads\/sites\/324\/2026\/08\/20260822_112426-scaled.jpg","type":"image\/jpeg"}],"twitter_card":"summary_large_image","twitter_misc":{"Ansl. lesetid":"3 minutter"},"schema":{"@context":"https:\/\/schema.org","@graph":[{"@type":"WebPage","@id":"https:\/\/mentalhelse.no\/kongsberg\/aktuelt\/bygdedagen-i-jondalen\/","url":"https:\/\/mentalhelse.no\/kongsberg\/aktuelt\/bygdedagen-i-jondalen\/","name":"Bygdedagen i Jondalen - Kongsberg","isPartOf":{"@id":"https:\/\/mentalhelse.no\/kongsberg\/#website"},"datePublished":"2026-08-25T11:27:38+00:00","dateModified":"2026-08-25T11:30:12+00:00","breadcrumb":{"@id":"https:\/\/mentalhelse.no\/kongsberg\/aktuelt\/bygdedagen-i-jondalen\/#breadcrumb"},"inLanguage":"nb-NO","potentialAction":[{"@type":"ReadAction","target":["https:\/\/mentalhelse.no\/kongsberg\/aktuelt\/bygdedagen-i-jondalen\/"]}]},{"@type":"BreadcrumbList","@id":"https:\/\/mentalhelse.no\/kongsberg\/aktuelt\/bygdedagen-i-jondalen\/#breadcrumb","itemListElement":[{"@type":"ListItem","position":1,"name":"Hjem","item":"https:\/\/mentalhelse.no\/kongsberg\/"},{"@type":"ListItem","position":2,"name":"Nyheter","item":"https:\/\/mentalhelse.no\/kongsberg\/aktuelt\/"},{"@type":"ListItem","position":3,"name":"Bygdedagen i Jondalen"}]},{"@type":"WebSite","@id":"https:\/\/mentalhelse.no\/kongsberg\/#website","url":"https:\/\/mentalhelse.no\/kongsberg\/","name":"Kongsberg","description":"","potentialAction":[{"@type":"SearchAction","target":{"@type":"EntryPoint","urlTemplate":"https:\/\/mentalhelse.no\/kongsberg\/?s={search_term_string}"},"query-input":"required name=search_term_string"}],"inLanguage":"nb-NO"}]}},"_links":{"self":[{"href":"https:\/\/mentalhelse.no\/kongsberg\/wp-json\/wp\/v2\/news\/2353","targetHints":{"allow":["GET"]}}],"collection":[{"href":"https:\/\/mentalhelse.no\/kongsberg\/wp-json\/wp\/v2\/news"}],"about":[{"href":"https:\/\/mentalhelse.no\/kongsberg\/wp-json\/wp\/v2\/types\/news"}],"author":[{"embeddable":true,"href":"https:\/\/mentalhelse.no\/kongsberg\/wp-json\/wp\/v2\/users\/50"}],"wp:featuredmedia":[{"embeddable":true,"href":"https:\/\/mentalhelse.no\/kongsberg\/wp-json\/wp\/v2\/media\/2354"}],"wp:attachment":[{"href":"https:\/\/mentalhelse.no\/kongsberg\/wp-json\/wp\/v2\/media?parent=2353"}],"wp:term":[{"taxonomy":"news_category","embeddable":true,"href":"https:\/\/mentalhelse.no\/kongsberg\/wp-json\/wp\/v2\/news_category?post=2353"}],"curies":[{"name":"wp","href":"https:\/\/api.w.org\/{rel}","templated":true}]}}