{"id":1183,"date":"2024-01-16T12:54:08","date_gmt":"2024-01-16T12:54:08","guid":{"rendered":"https:\/\/mentalhelse.no\/molde\/?post_type=news&#038;p=1183"},"modified":"2024-04-26T07:23:12","modified_gmt":"2024-04-26T07:23:12","slug":"styremote-neste-i-april","status":"publish","type":"news","link":"https:\/\/mentalhelse.no\/molde\/aktuelt\/styremote-neste-i-april\/","title":{"rendered":"Styrem\u00f8te i Mental Helse Molde &#8211; neste i begynnelsen av mai"},"content":{"rendered":"<figure class=\"alignwide wp-block-post-featured-image\"><img loading=\"lazy\" decoding=\"async\" width=\"650\" height=\"357\" src=\"https:\/\/mentalhelse.no\/content\/uploads\/sites\/222\/2023\/10\/moteklubbe-e1706039300853.jpg\" class=\"attachment-post-thumbnail size-post-thumbnail wp-post-image\" alt=\"\" style=\"object-fit:cover; --focal-point: 50% 50%;\" srcset=\"https:\/\/mentalhelse.no\/content\/uploads\/sites\/222\/2023\/10\/moteklubbe-e1706039300853.jpg 650w, https:\/\/mentalhelse.no\/content\/uploads\/sites\/222\/2023\/10\/moteklubbe-e1706039300853-300x165.jpg 300w\" sizes=\"auto, (max-width: 650px) 100vw, 650px\" \/><\/figure>\n\n<h1 class=\"wp-block-post-title\">Styrem\u00f8te i Mental Helse Molde &#8211; neste i begynnelsen av mai<\/h1>\n\n<div class=\"is-img-top mh-byline wp-block-mh-byline\">\n                  <div class=\"mh-byline__inner\">\n                  \t\n                  \t<div class=\"mh-byline__meta\">\n                  \t\t<div class=\"mh-byline__post\">\n                  \t\t\t<div class=\"entry-date\">16.01.2024<\/div>\n                  \t\t<\/div>\n                  \t\t<div class=\"mh-byline__author\">\n                  \t\t\t <span class=\"mh-byline__author-link\">lagmolde<\/span>\n\t\t\t\t\t\t<\/div>\n\t\t\t\t\t<\/div>\n\t\t\t\t<\/div>\n\t\t<\/div>\n\n\n<p>Har du en noe p\u00e5 hjertet som du vil dele med styret? Ta kontakt med leder p\u00e5 41 26 17 04 <\/p>\n\n\n\n\t\t<div class=\"mh-related-posts alignfull alignfull wp-block-mentalhelse-related-posts gray-mode\">\n\t\t\t<div class=\"mh-related-posts__inner\">\n\t\t\t\t\n\n<h3 class=\"wp-block-heading\" id=\"h-also-read\">Also read<\/h3>\n\n\n<div class=\"t2-featured-content-layout alignwide alignwide wp-block-t2-featured-content-layout\">\n<div class=\"t2-featured-query-post t2-featured-content is-post-type-news wp-block-t2-featured-query-post t2-featured-content-layout-col-4\"><a class=\"t2-post-link wp-block-t2-post-link\" href=\"https:\/\/mentalhelse.no\/molde\/aktuelt\/julekulen-2025-innsamling-til-inntekt-for-hjelpetelefonen-116-123-og-sidetmedord\/\">\n\t<figure style=\"--t2-focal-point: 50% 50%;\" class=\"t2-post-featured-image has-image-ratio-16-9 wp-block-t2-post-featured-image\"><img loading=\"lazy\" decoding=\"async\" width=\"848\" height=\"1024\" src=\"https:\/\/mentalhelse.no\/content\/uploads\/sites\/222\/2025\/10\/IMG_63891-1-848x1024-1.jpeg\" class=\"attachment-post-thumbnail size-post-thumbnail wp-post-image\" alt=\"\" srcset=\"https:\/\/mentalhelse.no\/content\/uploads\/sites\/222\/2025\/10\/IMG_63891-1-848x1024-1.jpeg 848w, https:\/\/mentalhelse.no\/content\/uploads\/sites\/222\/2025\/10\/IMG_63891-1-848x1024-1-248x300.jpeg 248w, https:\/\/mentalhelse.no\/content\/uploads\/sites\/222\/2025\/10\/IMG_63891-1-848x1024-1-768x927.jpeg 768w\" sizes=\"auto, (max-width: 848px) 100vw, 848px\" style=\"--focal-point: 50% 50%;\" \/><\/figure>\n<\/a>\n\n<div class=\"wp-block-group postinfo alignfull is-layout-flow wp-block-group-is-layout-flow\">\n\t<div class=\"wp-block-mentalhelse-post-category\">\n\t\t\t\t\t<div class=\"post-type\">\n\t\t\t\t\t\t<a href=\"https:\/\/mentalhelse.no\/molde\/aktuelt\/\">Nyheter<\/a>\n\t\t\t\t\t<\/div>\n\t\t\t\t\t\n\t\t\t\t\t<div class=\"post-category\">\n\t\t\t\t\t\t\n\t\t\t\t\t<\/div>\n\t\t\t<\/div>\n\t<a class=\"t2-post-link wp-block-t2-post-link\" href=\"https:\/\/mentalhelse.no\/molde\/aktuelt\/julekulen-2025-innsamling-til-inntekt-for-hjelpetelefonen-116-123-og-sidetmedord\/\">\n\t<h2 class=\"t2-post-title wp-block-t2-post-title\">JULEKULEN 2025 &#8211; innsamling til inntekt for Hjelpetelefonen 116 123 og Sidetmedord<\/h2>\n\t<\/a>\n<\/div>\n\n<\/div>\n\n<div class=\"t2-featured-query-post t2-featured-content is-post-type-news wp-block-t2-featured-query-post t2-featured-content-layout-col-4\"><a class=\"t2-post-link wp-block-t2-post-link\" href=\"https:\/\/mentalhelse.no\/molde\/aktuelt\/verdensdagen-2025\/\">\n\t<figure style=\"--t2-focal-point: 50% 50%;\" class=\"t2-post-featured-image has-image-ratio-16-9 wp-block-t2-post-featured-image\"><img loading=\"lazy\" decoding=\"async\" width=\"960\" height=\"540\" src=\"https:\/\/mentalhelse.no\/content\/uploads\/sites\/222\/2025\/04\/IMG_6501.png\" class=\"attachment-post-thumbnail size-post-thumbnail wp-post-image\" alt=\"\" srcset=\"https:\/\/mentalhelse.no\/content\/uploads\/sites\/222\/2025\/04\/IMG_6501.png 960w, https:\/\/mentalhelse.no\/content\/uploads\/sites\/222\/2025\/04\/IMG_6501-300x169.png 300w, https:\/\/mentalhelse.no\/content\/uploads\/sites\/222\/2025\/04\/IMG_6501-768x432.png 768w\" sizes=\"auto, (max-width: 960px) 100vw, 960px\" style=\"--focal-point: 50% 50%;\" \/><\/figure>\n<\/a>\n\n<div class=\"wp-block-group postinfo alignfull is-layout-flow wp-block-group-is-layout-flow\">\n\t<div class=\"wp-block-mentalhelse-post-category\">\n\t\t\t\t\t<div class=\"post-type\">\n\t\t\t\t\t\t<a href=\"https:\/\/mentalhelse.no\/molde\/aktuelt\/\">Nyheter<\/a>\n\t\t\t\t\t<\/div>\n\t\t\t\t\t\n\t\t\t\t\t<div class=\"post-category\">\n\t\t\t\t\t\t\n\t\t\t\t\t<\/div>\n\t\t\t<\/div>\n\t<a class=\"t2-post-link wp-block-t2-post-link\" href=\"https:\/\/mentalhelse.no\/molde\/aktuelt\/verdensdagen-2025\/\">\n\t<h2 class=\"t2-post-title wp-block-t2-post-title\">Verdensdagen for psykisk helse 10.10.2025<\/h2>\n\t<\/a>\n<\/div>\n\n<\/div>\n\n<div class=\"t2-featured-query-post t2-featured-content is-post-type-news wp-block-t2-featured-query-post t2-featured-content-layout-col-4\"><a class=\"t2-post-link wp-block-t2-post-link\" href=\"https:\/\/mentalhelse.no\/molde\/aktuelt\/medlemstilbud-kinobilletter-til-molde-kino\/\">\n\t<figure style=\"--t2-focal-point: 50% 50%;\" class=\"t2-post-featured-image has-image-ratio-16-9 wp-block-t2-post-featured-image\"><img loading=\"lazy\" decoding=\"async\" width=\"504\" height=\"101\" src=\"https:\/\/mentalhelse.no\/content\/uploads\/sites\/222\/2025\/01\/moldekino-logo.png\" class=\"attachment-post-thumbnail size-post-thumbnail wp-post-image\" alt=\"\" srcset=\"https:\/\/mentalhelse.no\/content\/uploads\/sites\/222\/2025\/01\/moldekino-logo.png 504w, https:\/\/mentalhelse.no\/content\/uploads\/sites\/222\/2025\/01\/moldekino-logo-300x60.png 300w\" sizes=\"auto, (max-width: 504px) 100vw, 504px\" style=\"--focal-point: 50% 50%;\" \/><\/figure>\n<\/a>\n\n<div class=\"wp-block-group postinfo alignfull is-layout-flow wp-block-group-is-layout-flow\">\n\t<div class=\"wp-block-mentalhelse-post-category\">\n\t\t\t\t\t<div class=\"post-type\">\n\t\t\t\t\t\t<a href=\"https:\/\/mentalhelse.no\/molde\/aktuelt\/\">Nyheter<\/a>\n\t\t\t\t\t<\/div>\n\t\t\t\t\t\n\t\t\t\t\t<div class=\"post-category\">\n\t\t\t\t\t\t\n\t\t\t\t\t<\/div>\n\t\t\t<\/div>\n\t<a class=\"t2-post-link wp-block-t2-post-link\" href=\"https:\/\/mentalhelse.no\/molde\/aktuelt\/medlemstilbud-kinobilletter-til-molde-kino\/\">\n\t<h2 class=\"t2-post-title wp-block-t2-post-title\">Medlemstilbud &#8211; kinobilletter til Molde kino<\/h2>\n\t<\/a>\n<\/div>\n\n<\/div>\n<\/div>\n\n\t\t\t<\/div>\n\t\t<\/div>","protected":false},"excerpt":{"rendered":"<p>Har du en noe p\u00e5 hjertet som du vil dele med styret? Ta kontakt med leder p\u00e5 41 26 17 04<\/p>\n","protected":false},"author":54,"featured_media":1104,"parent":0,"template":"","meta":{"t2_featured_media_focal_point":{"x":0.5,"y":0.5},"mh_hide_title":true},"news_category":[],"class_list":["post-1183","news","type-news","status-publish","has-post-thumbnail","hentry"],"yoast_head":"<!-- This site is optimized with the Yoast SEO Premium plugin v21.2 (Yoast SEO v21.2) - https:\/\/yoast.com\/wordpress\/plugins\/seo\/ -->\n<title>Styrem\u00f8te i Mental Helse Mental Helse - Molde - neste i begynnelsen av mai - Mental Helse - Molde<\/title>\n<meta name=\"description\" content=\"Har du saker som du \u00f8nsker at styret skal ta opp? Ta kontakt med leder p\u00e5 41 26 17 04\" \/>\n<meta name=\"robots\" content=\"index, follow, max-snippet:-1, max-image-preview:large, max-video-preview:-1\" \/>\n<link rel=\"canonical\" href=\"https:\/\/mentalhelse.no\/molde\/aktuelt\/styremote-neste-i-april\/\" \/>\n<meta property=\"og:locale\" content=\"nb_NO\" \/>\n<meta property=\"og:type\" content=\"article\" \/>\n<meta property=\"og:title\" content=\"Styrem\u00f8te i Mental Helse Molde - neste i begynnelsen av mai\" \/>\n<meta property=\"og:description\" content=\"Har du saker som du \u00f8nsker at styret skal ta opp? Ta kontakt med leder p\u00e5 41 26 17 04\" \/>\n<meta property=\"og:url\" content=\"https:\/\/mentalhelse.no\/molde\/aktuelt\/styremote-neste-i-april\/\" \/>\n<meta property=\"og:site_name\" content=\"Molde\" \/>\n<meta property=\"article:modified_time\" content=\"2024-04-26T07:23:12+00:00\" \/>\n<meta property=\"og:image\" content=\"https:\/\/mentalhelse.no\/content\/uploads\/sites\/222\/2023\/10\/moteklubbe-e1706039300853.jpg\" \/>\n\t<meta property=\"og:image:width\" content=\"650\" \/>\n\t<meta property=\"og:image:height\" content=\"357\" \/>\n\t<meta property=\"og:image:type\" content=\"image\/jpeg\" \/>\n<meta name=\"twitter:card\" content=\"summary_large_image\" \/>\n<meta name=\"twitter:label1\" content=\"Ansl. lesetid\" \/>\n\t<meta name=\"twitter:data1\" content=\"1 minutt\" \/>\n<script type=\"application\/ld+json\" class=\"yoast-schema-graph\">{\"@context\":\"https:\/\/schema.org\",\"@graph\":[{\"@type\":\"WebPage\",\"@id\":\"https:\/\/mentalhelse.no\/molde\/aktuelt\/styremote-neste-i-april\/\",\"url\":\"https:\/\/mentalhelse.no\/molde\/aktuelt\/styremote-neste-i-april\/\",\"name\":\"Styrem\u00f8te i Mental Helse Molde - neste i begynnelsen av mai - Molde\",\"isPartOf\":{\"@id\":\"https:\/\/mentalhelse.no\/molde\/#website\"},\"datePublished\":\"2024-01-16T12:54:08+00:00\",\"dateModified\":\"2024-04-26T07:23:12+00:00\",\"description\":\"Har du saker som du \u00f8nsker at styret skal ta opp? Ta kontakt med leder p\u00e5 41 26 17 04\",\"breadcrumb\":{\"@id\":\"https:\/\/mentalhelse.no\/molde\/aktuelt\/styremote-neste-i-april\/#breadcrumb\"},\"inLanguage\":\"nb-NO\",\"potentialAction\":[{\"@type\":\"ReadAction\",\"target\":[\"https:\/\/mentalhelse.no\/molde\/aktuelt\/styremote-neste-i-april\/\"]}]},{\"@type\":\"BreadcrumbList\",\"@id\":\"https:\/\/mentalhelse.no\/molde\/aktuelt\/styremote-neste-i-april\/#breadcrumb\",\"itemListElement\":[{\"@type\":\"ListItem\",\"position\":1,\"name\":\"Hjem\",\"item\":\"https:\/\/mentalhelse.no\/molde\/\"},{\"@type\":\"ListItem\",\"position\":2,\"name\":\"Nyheter\",\"item\":\"https:\/\/mentalhelse.no\/molde\/aktuelt\/\"},{\"@type\":\"ListItem\",\"position\":3,\"name\":\"Styrem\u00f8te i Mental Helse Molde &#8211; neste i begynnelsen av mai\"}]},{\"@type\":\"WebSite\",\"@id\":\"https:\/\/mentalhelse.no\/molde\/#website\",\"url\":\"https:\/\/mentalhelse.no\/molde\/\",\"name\":\"Molde\",\"description\":\"\",\"potentialAction\":[{\"@type\":\"SearchAction\",\"target\":{\"@type\":\"EntryPoint\",\"urlTemplate\":\"https:\/\/mentalhelse.no\/molde\/?s={search_term_string}\"},\"query-input\":\"required name=search_term_string\"}],\"inLanguage\":\"nb-NO\"}]}<\/script>\n<!-- \/ Yoast SEO Premium plugin. -->","yoast_head_json":{"title":"Styrem\u00f8te i Mental Helse Mental Helse - Molde - neste i begynnelsen av mai - Mental Helse - Molde","description":"Har du saker som du \u00f8nsker at styret skal ta opp? Ta kontakt med leder p\u00e5 41 26 17 04","robots":{"index":"index","follow":"follow","max-snippet":"max-snippet:-1","max-image-preview":"max-image-preview:large","max-video-preview":"max-video-preview:-1"},"canonical":"https:\/\/mentalhelse.no\/molde\/aktuelt\/styremote-neste-i-april\/","og_locale":"nb_NO","og_type":"article","og_title":"Styrem\u00f8te i Mental Helse Molde - neste i begynnelsen av mai","og_description":"Har du saker som du \u00f8nsker at styret skal ta opp? Ta kontakt med leder p\u00e5 41 26 17 04","og_url":"https:\/\/mentalhelse.no\/molde\/aktuelt\/styremote-neste-i-april\/","og_site_name":"Molde","article_modified_time":"2024-04-26T07:23:12+00:00","og_image":[{"width":650,"height":357,"url":"https:\/\/mentalhelse.no\/content\/uploads\/sites\/222\/2023\/10\/moteklubbe-e1706039300853.jpg","type":"image\/jpeg"}],"twitter_card":"summary_large_image","twitter_misc":{"Ansl. lesetid":"1 minutt"},"schema":{"@context":"https:\/\/schema.org","@graph":[{"@type":"WebPage","@id":"https:\/\/mentalhelse.no\/molde\/aktuelt\/styremote-neste-i-april\/","url":"https:\/\/mentalhelse.no\/molde\/aktuelt\/styremote-neste-i-april\/","name":"Styrem\u00f8te i Mental Helse Molde - neste i begynnelsen av mai - Molde","isPartOf":{"@id":"https:\/\/mentalhelse.no\/molde\/#website"},"datePublished":"2024-01-16T12:54:08+00:00","dateModified":"2024-04-26T07:23:12+00:00","description":"Har du saker som du \u00f8nsker at styret skal ta opp? Ta kontakt med leder p\u00e5 41 26 17 04","breadcrumb":{"@id":"https:\/\/mentalhelse.no\/molde\/aktuelt\/styremote-neste-i-april\/#breadcrumb"},"inLanguage":"nb-NO","potentialAction":[{"@type":"ReadAction","target":["https:\/\/mentalhelse.no\/molde\/aktuelt\/styremote-neste-i-april\/"]}]},{"@type":"BreadcrumbList","@id":"https:\/\/mentalhelse.no\/molde\/aktuelt\/styremote-neste-i-april\/#breadcrumb","itemListElement":[{"@type":"ListItem","position":1,"name":"Hjem","item":"https:\/\/mentalhelse.no\/molde\/"},{"@type":"ListItem","position":2,"name":"Nyheter","item":"https:\/\/mentalhelse.no\/molde\/aktuelt\/"},{"@type":"ListItem","position":3,"name":"Styrem\u00f8te i Mental Helse Molde &#8211; neste i begynnelsen av mai"}]},{"@type":"WebSite","@id":"https:\/\/mentalhelse.no\/molde\/#website","url":"https:\/\/mentalhelse.no\/molde\/","name":"Molde","description":"","potentialAction":[{"@type":"SearchAction","target":{"@type":"EntryPoint","urlTemplate":"https:\/\/mentalhelse.no\/molde\/?s={search_term_string}"},"query-input":"required name=search_term_string"}],"inLanguage":"nb-NO"}]}},"_links":{"self":[{"href":"https:\/\/mentalhelse.no\/molde\/wp-json\/wp\/v2\/news\/1183","targetHints":{"allow":["GET"]}}],"collection":[{"href":"https:\/\/mentalhelse.no\/molde\/wp-json\/wp\/v2\/news"}],"about":[{"href":"https:\/\/mentalhelse.no\/molde\/wp-json\/wp\/v2\/types\/news"}],"author":[{"embeddable":true,"href":"https:\/\/mentalhelse.no\/molde\/wp-json\/wp\/v2\/users\/54"}],"wp:featuredmedia":[{"embeddable":true,"href":"https:\/\/mentalhelse.no\/molde\/wp-json\/wp\/v2\/media\/1104"}],"wp:attachment":[{"href":"https:\/\/mentalhelse.no\/molde\/wp-json\/wp\/v2\/media?parent=1183"}],"wp:term":[{"taxonomy":"news_category","embeddable":true,"href":"https:\/\/mentalhelse.no\/molde\/wp-json\/wp\/v2\/news_category?post=1183"}],"curies":[{"name":"wp","href":"https:\/\/api.w.org\/{rel}","templated":true}]}}