{"id":1223,"date":"2024-04-26T07:21:14","date_gmt":"2024-04-26T07:21:14","guid":{"rendered":"https:\/\/mentalhelse.no\/molde\/?post_type=news&#038;p=1223"},"modified":"2024-04-26T07:21:15","modified_gmt":"2024-04-26T07:21:15","slug":"arsmote-i-mental-helse-more-og-romsdal-er-avviklet","status":"publish","type":"news","link":"https:\/\/mentalhelse.no\/molde\/aktuelt\/arsmote-i-mental-helse-more-og-romsdal-er-avviklet\/","title":{"rendered":"\u00c5rsm\u00f8te i Mental Helse M\u00f8re og Romsdal er avviklet"},"content":{"rendered":"<figure class=\"alignwide wp-block-post-featured-image\"><img loading=\"lazy\" decoding=\"async\" width=\"700\" height=\"424\" src=\"https:\/\/mentalhelse.no\/content\/uploads\/sites\/222\/2024\/04\/image.jpeg\" class=\"attachment-post-thumbnail size-post-thumbnail wp-post-image\" alt=\"Alexandra-Molde\" style=\"object-fit:cover; --focal-point: 50% 50%;\" srcset=\"https:\/\/mentalhelse.no\/content\/uploads\/sites\/222\/2024\/04\/image.jpeg 700w, https:\/\/mentalhelse.no\/content\/uploads\/sites\/222\/2024\/04\/image-300x182.jpeg 300w\" sizes=\"auto, (max-width: 700px) 100vw, 700px\" \/><\/figure>\n\n<h1 class=\"wp-block-post-title\">\u00c5rsm\u00f8te i Mental Helse M\u00f8re og Romsdal er avviklet<\/h1>\n\n<div class=\"is-img-top mh-byline wp-block-mh-byline\">\n                  <div class=\"mh-byline__inner\">\n                  \t\n                  \t<div class=\"mh-byline__meta\">\n                  \t\t<div class=\"mh-byline__post\">\n                  \t\t\t<div class=\"entry-date\">26.04.2024<\/div>\n                  \t\t<\/div>\n                  \t\t<div class=\"mh-byline__author\">\n                  \t\t\t <span class=\"mh-byline__author-link\">lagmolde<\/span>\n\t\t\t\t\t\t<\/div>\n\t\t\t\t\t<\/div>\n\t\t\t\t<\/div>\n\t\t<\/div>\n\n\n<p>Det ble ingen endringer i styresammensetting i \u00e5r. Takk for et vel gjennomf\u00f8rt \u00e5rsm\u00f8te med tilh\u00f8rende kurs for tillitsvalgte. Takk ogs\u00e5 til Landslagsleder Ole-Marius Minde som fikk tid til \u00e5 bes\u00f8ke oss og holdt innlegg om organisasjonens arbeid.<\/p>\n\n\n\n\t\t<div class=\"mh-related-posts alignfull alignfull wp-block-mentalhelse-related-posts gray-mode\">\n\t\t\t<div class=\"mh-related-posts__inner\">\n\t\t\t\t\n\n<h3 class=\"wp-block-heading\" id=\"h-also-read\">Also read<\/h3>\n\n\n<div class=\"t2-featured-content-layout alignwide alignwide wp-block-t2-featured-content-layout\">\n<div class=\"t2-featured-query-post t2-featured-content is-post-type-news wp-block-t2-featured-query-post t2-featured-content-layout-col-4\"><a class=\"t2-post-link wp-block-t2-post-link\" href=\"https:\/\/mentalhelse.no\/molde\/aktuelt\/julekulen-2025-innsamling-til-inntekt-for-hjelpetelefonen-116-123-og-sidetmedord\/\">\n\t<figure style=\"--t2-focal-point: 50% 50%;\" class=\"t2-post-featured-image has-image-ratio-16-9 wp-block-t2-post-featured-image\"><img loading=\"lazy\" decoding=\"async\" width=\"848\" height=\"1024\" src=\"https:\/\/mentalhelse.no\/content\/uploads\/sites\/222\/2025\/10\/IMG_63891-1-848x1024-1.jpeg\" class=\"attachment-post-thumbnail size-post-thumbnail wp-post-image\" alt=\"\" srcset=\"https:\/\/mentalhelse.no\/content\/uploads\/sites\/222\/2025\/10\/IMG_63891-1-848x1024-1.jpeg 848w, https:\/\/mentalhelse.no\/content\/uploads\/sites\/222\/2025\/10\/IMG_63891-1-848x1024-1-248x300.jpeg 248w, https:\/\/mentalhelse.no\/content\/uploads\/sites\/222\/2025\/10\/IMG_63891-1-848x1024-1-768x927.jpeg 768w\" sizes=\"auto, (max-width: 848px) 100vw, 848px\" style=\"--focal-point: 50% 50%;\" \/><\/figure>\n<\/a>\n\n<div class=\"wp-block-group postinfo alignfull is-layout-flow wp-block-group-is-layout-flow\">\n\t<div class=\"wp-block-mentalhelse-post-category\">\n\t\t\t\t\t<div class=\"post-type\">\n\t\t\t\t\t\t<a href=\"https:\/\/mentalhelse.no\/molde\/aktuelt\/\">Nyheter<\/a>\n\t\t\t\t\t<\/div>\n\t\t\t\t\t\n\t\t\t\t\t<div class=\"post-category\">\n\t\t\t\t\t\t\n\t\t\t\t\t<\/div>\n\t\t\t<\/div>\n\t<a class=\"t2-post-link wp-block-t2-post-link\" href=\"https:\/\/mentalhelse.no\/molde\/aktuelt\/julekulen-2025-innsamling-til-inntekt-for-hjelpetelefonen-116-123-og-sidetmedord\/\">\n\t<h2 class=\"t2-post-title wp-block-t2-post-title\">JULEKULEN 2025 &#8211; innsamling til inntekt for Hjelpetelefonen 116 123 og Sidetmedord<\/h2>\n\t<\/a>\n<\/div>\n\n<\/div>\n\n<div class=\"t2-featured-query-post t2-featured-content is-post-type-news wp-block-t2-featured-query-post t2-featured-content-layout-col-4\"><a class=\"t2-post-link wp-block-t2-post-link\" href=\"https:\/\/mentalhelse.no\/molde\/aktuelt\/verdensdagen-2025\/\">\n\t<figure style=\"--t2-focal-point: 50% 50%;\" class=\"t2-post-featured-image has-image-ratio-16-9 wp-block-t2-post-featured-image\"><img loading=\"lazy\" decoding=\"async\" width=\"960\" height=\"540\" src=\"https:\/\/mentalhelse.no\/content\/uploads\/sites\/222\/2025\/04\/IMG_6501.png\" class=\"attachment-post-thumbnail size-post-thumbnail wp-post-image\" alt=\"\" srcset=\"https:\/\/mentalhelse.no\/content\/uploads\/sites\/222\/2025\/04\/IMG_6501.png 960w, https:\/\/mentalhelse.no\/content\/uploads\/sites\/222\/2025\/04\/IMG_6501-300x169.png 300w, https:\/\/mentalhelse.no\/content\/uploads\/sites\/222\/2025\/04\/IMG_6501-768x432.png 768w\" sizes=\"auto, (max-width: 960px) 100vw, 960px\" style=\"--focal-point: 50% 50%;\" \/><\/figure>\n<\/a>\n\n<div class=\"wp-block-group postinfo alignfull is-layout-flow wp-block-group-is-layout-flow\">\n\t<div class=\"wp-block-mentalhelse-post-category\">\n\t\t\t\t\t<div class=\"post-type\">\n\t\t\t\t\t\t<a href=\"https:\/\/mentalhelse.no\/molde\/aktuelt\/\">Nyheter<\/a>\n\t\t\t\t\t<\/div>\n\t\t\t\t\t\n\t\t\t\t\t<div class=\"post-category\">\n\t\t\t\t\t\t\n\t\t\t\t\t<\/div>\n\t\t\t<\/div>\n\t<a class=\"t2-post-link wp-block-t2-post-link\" href=\"https:\/\/mentalhelse.no\/molde\/aktuelt\/verdensdagen-2025\/\">\n\t<h2 class=\"t2-post-title wp-block-t2-post-title\">Verdensdagen for psykisk helse 10.10.2025<\/h2>\n\t<\/a>\n<\/div>\n\n<\/div>\n\n<div class=\"t2-featured-query-post t2-featured-content is-post-type-news wp-block-t2-featured-query-post t2-featured-content-layout-col-4\"><a class=\"t2-post-link wp-block-t2-post-link\" href=\"https:\/\/mentalhelse.no\/molde\/aktuelt\/medlemstilbud-kinobilletter-til-molde-kino\/\">\n\t<figure style=\"--t2-focal-point: 50% 50%;\" class=\"t2-post-featured-image has-image-ratio-16-9 wp-block-t2-post-featured-image\"><img loading=\"lazy\" decoding=\"async\" width=\"504\" height=\"101\" src=\"https:\/\/mentalhelse.no\/content\/uploads\/sites\/222\/2025\/01\/moldekino-logo.png\" class=\"attachment-post-thumbnail size-post-thumbnail wp-post-image\" alt=\"\" srcset=\"https:\/\/mentalhelse.no\/content\/uploads\/sites\/222\/2025\/01\/moldekino-logo.png 504w, https:\/\/mentalhelse.no\/content\/uploads\/sites\/222\/2025\/01\/moldekino-logo-300x60.png 300w\" sizes=\"auto, (max-width: 504px) 100vw, 504px\" style=\"--focal-point: 50% 50%;\" \/><\/figure>\n<\/a>\n\n<div class=\"wp-block-group postinfo alignfull is-layout-flow wp-block-group-is-layout-flow\">\n\t<div class=\"wp-block-mentalhelse-post-category\">\n\t\t\t\t\t<div class=\"post-type\">\n\t\t\t\t\t\t<a href=\"https:\/\/mentalhelse.no\/molde\/aktuelt\/\">Nyheter<\/a>\n\t\t\t\t\t<\/div>\n\t\t\t\t\t\n\t\t\t\t\t<div class=\"post-category\">\n\t\t\t\t\t\t\n\t\t\t\t\t<\/div>\n\t\t\t<\/div>\n\t<a class=\"t2-post-link wp-block-t2-post-link\" href=\"https:\/\/mentalhelse.no\/molde\/aktuelt\/medlemstilbud-kinobilletter-til-molde-kino\/\">\n\t<h2 class=\"t2-post-title wp-block-t2-post-title\">Medlemstilbud &#8211; kinobilletter til Molde kino<\/h2>\n\t<\/a>\n<\/div>\n\n<\/div>\n<\/div>\n\n\t\t\t<\/div>\n\t\t<\/div>","protected":false},"excerpt":{"rendered":"<p>Det ble ingen endringer i styresammensetting i \u00e5r. Takk for et vel gjennomf\u00f8rt \u00e5rsm\u00f8te med tilh\u00f8rende kurs for tillitsvalgte. Takk ogs\u00e5 til Landslagsleder Ole-Marius Minde&#8230;<\/p>\n","protected":false},"author":54,"featured_media":1224,"parent":0,"template":"","meta":{"t2_featured_media_focal_point":{"x":0.5,"y":0.5},"mh_hide_title":true},"news_category":[],"class_list":["post-1223","news","type-news","status-publish","has-post-thumbnail","hentry"],"yoast_head":"<!-- This site is optimized with the Yoast SEO Premium plugin v21.2 (Yoast SEO v21.2) - https:\/\/yoast.com\/wordpress\/plugins\/seo\/ -->\n<title>\u00c5rsm\u00f8te i Mental Helse M\u00f8re og Romsdal er avviklet - Mental Helse - Molde<\/title>\n<meta name=\"robots\" content=\"index, follow, max-snippet:-1, max-image-preview:large, max-video-preview:-1\" \/>\n<link rel=\"canonical\" href=\"https:\/\/mentalhelse.no\/molde\/aktuelt\/arsmote-i-mental-helse-more-og-romsdal-er-avviklet\/\" \/>\n<meta property=\"og:locale\" content=\"nb_NO\" \/>\n<meta property=\"og:type\" content=\"article\" \/>\n<meta property=\"og:title\" content=\"\u00c5rsm\u00f8te i Mental Helse M\u00f8re og Romsdal er avviklet\" \/>\n<meta property=\"og:description\" content=\"Det ble ingen endringer i styresammensetting i \u00e5r. Takk for et vel gjennomf\u00f8rt \u00e5rsm\u00f8te med tilh\u00f8rende kurs for tillitsvalgte. Takk ogs\u00e5 til Landslagsleder Ole-Marius Minde...\" \/>\n<meta property=\"og:url\" content=\"https:\/\/mentalhelse.no\/molde\/aktuelt\/arsmote-i-mental-helse-more-og-romsdal-er-avviklet\/\" \/>\n<meta property=\"og:site_name\" content=\"Molde\" \/>\n<meta property=\"article:modified_time\" content=\"2024-04-26T07:21:15+00:00\" \/>\n<meta property=\"og:image\" content=\"https:\/\/mentalhelse.no\/content\/uploads\/sites\/222\/2024\/04\/image.jpeg\" \/>\n\t<meta property=\"og:image:width\" content=\"700\" \/>\n\t<meta property=\"og:image:height\" content=\"424\" \/>\n\t<meta property=\"og:image:type\" content=\"image\/jpeg\" \/>\n<meta name=\"twitter:card\" content=\"summary_large_image\" \/>\n<meta name=\"twitter:label1\" content=\"Ansl. lesetid\" \/>\n\t<meta name=\"twitter:data1\" content=\"1 minutt\" \/>\n<script type=\"application\/ld+json\" class=\"yoast-schema-graph\">{\"@context\":\"https:\/\/schema.org\",\"@graph\":[{\"@type\":\"WebPage\",\"@id\":\"https:\/\/mentalhelse.no\/molde\/aktuelt\/arsmote-i-mental-helse-more-og-romsdal-er-avviklet\/\",\"url\":\"https:\/\/mentalhelse.no\/molde\/aktuelt\/arsmote-i-mental-helse-more-og-romsdal-er-avviklet\/\",\"name\":\"\u00c5rsm\u00f8te i Mental Helse M\u00f8re og Romsdal er avviklet - Molde\",\"isPartOf\":{\"@id\":\"https:\/\/mentalhelse.no\/molde\/#website\"},\"datePublished\":\"2024-04-26T07:21:14+00:00\",\"dateModified\":\"2024-04-26T07:21:15+00:00\",\"breadcrumb\":{\"@id\":\"https:\/\/mentalhelse.no\/molde\/aktuelt\/arsmote-i-mental-helse-more-og-romsdal-er-avviklet\/#breadcrumb\"},\"inLanguage\":\"nb-NO\",\"potentialAction\":[{\"@type\":\"ReadAction\",\"target\":[\"https:\/\/mentalhelse.no\/molde\/aktuelt\/arsmote-i-mental-helse-more-og-romsdal-er-avviklet\/\"]}]},{\"@type\":\"BreadcrumbList\",\"@id\":\"https:\/\/mentalhelse.no\/molde\/aktuelt\/arsmote-i-mental-helse-more-og-romsdal-er-avviklet\/#breadcrumb\",\"itemListElement\":[{\"@type\":\"ListItem\",\"position\":1,\"name\":\"Hjem\",\"item\":\"https:\/\/mentalhelse.no\/molde\/\"},{\"@type\":\"ListItem\",\"position\":2,\"name\":\"Nyheter\",\"item\":\"https:\/\/mentalhelse.no\/molde\/aktuelt\/\"},{\"@type\":\"ListItem\",\"position\":3,\"name\":\"\u00c5rsm\u00f8te i Mental Helse M\u00f8re og Romsdal er avviklet\"}]},{\"@type\":\"WebSite\",\"@id\":\"https:\/\/mentalhelse.no\/molde\/#website\",\"url\":\"https:\/\/mentalhelse.no\/molde\/\",\"name\":\"Molde\",\"description\":\"\",\"potentialAction\":[{\"@type\":\"SearchAction\",\"target\":{\"@type\":\"EntryPoint\",\"urlTemplate\":\"https:\/\/mentalhelse.no\/molde\/?s={search_term_string}\"},\"query-input\":\"required name=search_term_string\"}],\"inLanguage\":\"nb-NO\"}]}<\/script>\n<!-- \/ Yoast SEO Premium plugin. -->","yoast_head_json":{"title":"\u00c5rsm\u00f8te i Mental Helse M\u00f8re og Romsdal er avviklet - Mental Helse - Molde","robots":{"index":"index","follow":"follow","max-snippet":"max-snippet:-1","max-image-preview":"max-image-preview:large","max-video-preview":"max-video-preview:-1"},"canonical":"https:\/\/mentalhelse.no\/molde\/aktuelt\/arsmote-i-mental-helse-more-og-romsdal-er-avviklet\/","og_locale":"nb_NO","og_type":"article","og_title":"\u00c5rsm\u00f8te i Mental Helse M\u00f8re og Romsdal er avviklet","og_description":"Det ble ingen endringer i styresammensetting i \u00e5r. Takk for et vel gjennomf\u00f8rt \u00e5rsm\u00f8te med tilh\u00f8rende kurs for tillitsvalgte. Takk ogs\u00e5 til Landslagsleder Ole-Marius Minde...","og_url":"https:\/\/mentalhelse.no\/molde\/aktuelt\/arsmote-i-mental-helse-more-og-romsdal-er-avviklet\/","og_site_name":"Molde","article_modified_time":"2024-04-26T07:21:15+00:00","og_image":[{"width":700,"height":424,"url":"https:\/\/mentalhelse.no\/content\/uploads\/sites\/222\/2024\/04\/image.jpeg","type":"image\/jpeg"}],"twitter_card":"summary_large_image","twitter_misc":{"Ansl. lesetid":"1 minutt"},"schema":{"@context":"https:\/\/schema.org","@graph":[{"@type":"WebPage","@id":"https:\/\/mentalhelse.no\/molde\/aktuelt\/arsmote-i-mental-helse-more-og-romsdal-er-avviklet\/","url":"https:\/\/mentalhelse.no\/molde\/aktuelt\/arsmote-i-mental-helse-more-og-romsdal-er-avviklet\/","name":"\u00c5rsm\u00f8te i Mental Helse M\u00f8re og Romsdal er avviklet - Molde","isPartOf":{"@id":"https:\/\/mentalhelse.no\/molde\/#website"},"datePublished":"2024-04-26T07:21:14+00:00","dateModified":"2024-04-26T07:21:15+00:00","breadcrumb":{"@id":"https:\/\/mentalhelse.no\/molde\/aktuelt\/arsmote-i-mental-helse-more-og-romsdal-er-avviklet\/#breadcrumb"},"inLanguage":"nb-NO","potentialAction":[{"@type":"ReadAction","target":["https:\/\/mentalhelse.no\/molde\/aktuelt\/arsmote-i-mental-helse-more-og-romsdal-er-avviklet\/"]}]},{"@type":"BreadcrumbList","@id":"https:\/\/mentalhelse.no\/molde\/aktuelt\/arsmote-i-mental-helse-more-og-romsdal-er-avviklet\/#breadcrumb","itemListElement":[{"@type":"ListItem","position":1,"name":"Hjem","item":"https:\/\/mentalhelse.no\/molde\/"},{"@type":"ListItem","position":2,"name":"Nyheter","item":"https:\/\/mentalhelse.no\/molde\/aktuelt\/"},{"@type":"ListItem","position":3,"name":"\u00c5rsm\u00f8te i Mental Helse M\u00f8re og Romsdal er avviklet"}]},{"@type":"WebSite","@id":"https:\/\/mentalhelse.no\/molde\/#website","url":"https:\/\/mentalhelse.no\/molde\/","name":"Molde","description":"","potentialAction":[{"@type":"SearchAction","target":{"@type":"EntryPoint","urlTemplate":"https:\/\/mentalhelse.no\/molde\/?s={search_term_string}"},"query-input":"required name=search_term_string"}],"inLanguage":"nb-NO"}]}},"_links":{"self":[{"href":"https:\/\/mentalhelse.no\/molde\/wp-json\/wp\/v2\/news\/1223","targetHints":{"allow":["GET"]}}],"collection":[{"href":"https:\/\/mentalhelse.no\/molde\/wp-json\/wp\/v2\/news"}],"about":[{"href":"https:\/\/mentalhelse.no\/molde\/wp-json\/wp\/v2\/types\/news"}],"author":[{"embeddable":true,"href":"https:\/\/mentalhelse.no\/molde\/wp-json\/wp\/v2\/users\/54"}],"wp:featuredmedia":[{"embeddable":true,"href":"https:\/\/mentalhelse.no\/molde\/wp-json\/wp\/v2\/media\/1224"}],"wp:attachment":[{"href":"https:\/\/mentalhelse.no\/molde\/wp-json\/wp\/v2\/media?parent=1223"}],"wp:term":[{"taxonomy":"news_category","embeddable":true,"href":"https:\/\/mentalhelse.no\/molde\/wp-json\/wp\/v2\/news_category?post=1223"}],"curies":[{"name":"wp","href":"https:\/\/api.w.org\/{rel}","templated":true}]}}