{"id":1080,"date":"2023-06-01T13:29:25","date_gmt":"2023-06-01T13:29:25","guid":{"rendered":"https:\/\/mentalhelse.no\/more-og-romsdal\/?post_type=news&#038;p=1080"},"modified":"2023-09-19T11:08:25","modified_gmt":"2023-09-19T11:08:25","slug":"laererik-erfarings-og-rekrutteringssamling","status":"publish","type":"news","link":"https:\/\/mentalhelse.no\/more-og-romsdal\/aktuelt\/laererik-erfarings-og-rekrutteringssamling\/","title":{"rendered":"L\u00e6rerik erfarings- og rekrutteringssamling"},"content":{"rendered":"<figure class=\"alignwide wp-block-post-featured-image\"><img loading=\"lazy\" decoding=\"async\" width=\"800\" height=\"419\" src=\"https:\/\/mentalhelse.no\/content\/uploads\/sites\/188\/2023\/09\/20220617_110436-2.jpg\" class=\"attachment-post-thumbnail size-post-thumbnail wp-post-image\" alt=\"Brukermedvirkning, erafringssamling\" style=\"object-fit:cover; --focal-point: 50% 50%;\" srcset=\"https:\/\/mentalhelse.no\/content\/uploads\/sites\/188\/2023\/09\/20220617_110436-2.jpg 800w, https:\/\/mentalhelse.no\/content\/uploads\/sites\/188\/2023\/09\/20220617_110436-2-300x157.jpg 300w, https:\/\/mentalhelse.no\/content\/uploads\/sites\/188\/2023\/09\/20220617_110436-2-768x402.jpg 768w\" sizes=\"auto, (max-width: 800px) 100vw, 800px\" \/><\/figure>\n\n<h1 class=\"wp-block-post-title\">L\u00e6rerik erfarings- og rekrutteringssamling<\/h1>\n\n\n<p><\/p>\n\n\n<p class=\"t2-ingress wp-block-t2-ingress\">Mental Helse M\u00f8re og Romsdal og\u00a0FFO\u00a0M\u00f8re og Romsdal inviterte brukarrepresentantar i alle organisasjonane i fylket og dei som vil verte det, til samling.<\/p>\n\n\n<p><em>Anna Margrethe Dr\u00e6geb\u00f8 Moe<\/em><\/p>\n\n\n\n<p>Allereie for eit par \u00e5r tilbake var planlegginga i gang, men korona\u00e5ra f\u00f8rte til utsetting. M\u00e5let med samlinga er \u00e5 styrke brukarrepresentantane i funksjonen sin og verve nye. Gledeleg var det at 43 deltok p\u00e5 samlinga 17. og 18. juni. Det vart formidla mykje god kunnskap\/informasjon som er viktig for brukarrepresentantar \u00e5 ta med seg i vervet sitt n\u00e5r dei skal tale brukarane si sak.<\/p>\n\n\n\n<p><em>Admin. direkt\u00f8r \u00d8ystein Bakke, Helse M\u00f8re og Romsdal<\/em>, fortalde at det er \u00e5rlege omstillingskrav og utfordringar. Bl.a. nemnde han det p\u00e5g\u00e5ande arbeidet med felles pasientjournal for sjukehus og kommunar (Helseplattforma) som vil kjennast smertefull under innf\u00f8ringa. Han fekk innf\u00f8rt \u201cStedlig ledelse av sjukehusa\u201d, noko som vart teke godt imot og medf\u00f8rte auka lokal entusiasme. Digitale konsultasjonar sparer pasientar for lange og slitsomme reiser. Erfaringa syner mest digitale konsultasjonar innan kreft, deretter psykisk helse og rus. I oppbygginga av tilboda ved sjukehusa, vert det lagt vekt p\u00e5 at det det ofte er behov for, vert n\u00e6rt medan sjeldne behov vert lengre unna.<\/p>\n\n\n\n<p>Helsefellesskapet \u2013 samarbeidet med kommunane \u2013 er viktig for \u00e5 lukkast i m\u00f8tet med behova. Dei fleste \u00f8nskjer \u00e5 bu heime s\u00e5 lenge som mogeleg. Det krev fleire spesialisthelsetenester i heimane som kan l\u00f8ysast ved avstandsoppf\u00f8lging ved hjelp av videokamera og digital oppf\u00f8lging i somme h\u00f8ve (f.eks. pustest\u00f8tte heime). Bakke var innom utfordringane knytta til heimsending av ferdigbehandla pasientar, ventelistene i voksenpsykiatrien og s\u00e6rleg den lange ventelista i barnepsykiatrien. Fastlegeordninga er viktig, men somme kommunar er under press.<\/p>\n\n\n\n<p>Ein av grunnane til at Helse M\u00f8re og Romsdal genererte overskott i covidtida var kompensasjonen for ekstrautgifter i samband med covid, og at det var generelt lite smittetrykk i fylket v\u00e5rt. Overskottet vart brukt til auka satsning p\u00e5 medisinsk utstyr. Bakke nemnde ogs\u00e5 sjukehuset p\u00e5 Hjelset, der ein vil ha gradvis innflytting av avdelingane. F\u00f8rste avdeling som skal flytte inn, er psykiatrien i 2023. Elles er det ein del eldre bygningsmasse med behov for opprusting og utbetring. God bygningsmasse er viktig for kvalitet og brukar. Han nemnde at bytte av MR i Volda krev ein st\u00f8rre bygning til ein kostnad p\u00e5 omlag 20 millionar. Rekruttering er viktig, og er lettare til st\u00f8rre fagmilj\u00f8. Nemnast kan at St. Olavs ogs\u00e5 har rekrutteringsutfordringar.<\/p>\n\n\n\n<p><em>Fr\u00e5 Klinikk for psykisk helse og rus m\u00f8tte Anja Bj\u00f8rkav\u00e5g og St\u00e5le Hoff<\/em>&nbsp;som fortalde at siste to \u00e5ra var det auke p\u00e5 14 % i konsultasjonane \u2013 154.000 konsultasjonar i alt. Ein har f\u00e5tt auka midlar, men problemet er \u00e5 skaffe fagfolk. Det er mangel p\u00e5 psykiatarar i landet v\u00e5rt. Befolkningssamansetjinga m\u00e5 p\u00e5virke utforminga av tilboda framover. S\u00e5leis er det utarbeidd ein framskrivingsmodell om trendar fram til 2040 som omfattar behov, variasjonar, rekruttering, fagleg utvikling, kven som vert sjuke framover, og korleis ein skal m\u00f8te dette ved bruk av konsultasjonar,&nbsp;FACT&nbsp;m.m.<\/p>\n\n\n\n<p>Det skjer ei dreining fr\u00e5 d\u00f8gnopphald til poliklinikk. Dei tok fram samarbeid om meir kompetansemilj\u00f8 p\u00e5 tvers av&nbsp;BUP,&nbsp;TSB&nbsp;og&nbsp;PHU&nbsp;og st\u00f8rre fleksibilitet for \u00e5 f\u00e5 betre pasientflyt. Eit sp\u00f8rsm\u00e5l er om ein skal ha same tilboda i heile fylket eller ein modell med delte seksjonar.<\/p>\n\n\n\n<p><em>\u00d8ystein Svendsen fr\u00e5 Bruker- og pasientombudet<\/em>&nbsp;fortalde at pasientombod har kontorstaden i Kristiansund. Ombodet er underlagt Helsedirektoratet, men er fagleg uavhengig og sj\u00f8lvstendig. I tillegg til at ein som brukar\/pasient kan ta opp saker, kan ombodet ogs\u00e5 ta opp saker p\u00e5 eige initiativ. Han orienterte om \u201cgenerelle\u201d rettar ein har: Rett til forsvarlege tenester. Fr\u00e5 01.08. 2022 rett til koordinator og barnekoordinator. Tilbodet er ikkje forsvarleg dersom det ikkje er koordinert. Vidare kan nemnast brukaren\/pasienten sin rett til informasjon og f\u00e5 svar p\u00e5 sp\u00f8rsm\u00e5l, medvirkning\/bestemme, \u00e5 verte tatt p\u00e5 alvor og lytta til, \u00e5 verte m\u00f8tt med respekt, kopi av journal, vern mot spreiing av opplysningar og rett saksbehandling.<\/p>\n\n\n\n<p><em>Prosjektkoordinator Toril Kvisvik saman med Lasse Alexander Olsen Honningsv\u00e5g<\/em>, la mellom anna vekt p\u00e5 at det er viktig \u00e5 jobbe betre tverrfagleg og ikkje skubbe oppg\u00e5va vidare p\u00e5 andre. Dei tok fram at det er mangel p\u00e5 tilbod om psykisk helseteneste for born og unge i mange kommunar. Det er viktig \u00e5 tenkje stegvis over kva som er normalt og kva ein treng hjelp til fordi livet \u201cg\u00e5r opp og ned\u201d, og ta utgangspunkt i om situasjonen ein st\u00e5r i g\u00e5r ut over tilv\u00e6ret i kvardagen.<\/p>\n\n\n\n<p><em>Ingrid L\u00f8set<\/em>&nbsp;som bl.a. har erfaring som leiar for brukarutvalet i Helse M\u00f8re og Romsdal, representerte&nbsp;FFO&nbsp;M\u00f8re og Romsdal. Brukarmedverknad er at pasient\/brukar skal ha innverknad p\u00e5 beslutningsprosess og utforming av tenestetilbodet. Det kan skje p\u00e5 system-, teneste- og individniv\u00e5. Dette er ein demokratisk rett og handlar om \u00e5 betre kvaliten i tenesteytinga. Bl.a. tok ho ogs\u00e5 fram at gjennom erfaringsutveksling kjem sakene syne. P\u00e5 systemniv\u00e5 skjer arbeidet \u2013 p\u00e5verknaden \u2013 i grupper. Det kan vere brukarutval, ungdomsr\u00e5d eller ei gruppe med helsepersonell og\/eller administrasjonen. Ho nemnde ogs\u00e5 fleire kjelder der brukarrepresentantar kan skaffe seg nyttig kunnskap til bruk i arbeidet sitt. Elles er det laga 10 bod for brukarrepresentantane som kan vere til hjelp.<\/p>\n\n\n\n<p>Etter innlegga var det gruppearbeid med to oppg\u00e5ver som vart lagt fram i plenum.<\/p>\n\n\n\n<p>Mot slutten av andre dag delte&nbsp;<em>Ingrid L\u00f8set<\/em>&nbsp;(bl.a. vore leiar for brukarutvalet Helse M&amp;R)&nbsp;<em>og \u00d8ystein Edvardsen<\/em>&nbsp;(bl.a. brukarrepresentant ved St. Olavs) av sine mange\u00e5rige erfaringar og refleksjonar med forsamlinga.<\/p>\n\n\n\n<p>For \u00e5 styrke nettverket for brukarrepresentantane vert det oppretta ei lukka facebookgruppe der brukarrepresentantar vil verte inviterte inn og kan diskutere og dele erfaringar med kvarandre. Elles er planen \u00e5 invitere til oppf\u00f8lgingskurs for dei som deltok p\u00e5 denne samlinga.<\/p>\n\n\n\n<figure class=\"wp-block-image size-full\"><img loading=\"lazy\" decoding=\"async\" width=\"600\" height=\"418\" src=\"https:\/\/mentalhelse.no\/content\/uploads\/sites\/188\/2023\/09\/Bakke.jpg\" alt=\"\" class=\"wp-image-1104\" srcset=\"https:\/\/mentalhelse.no\/content\/uploads\/sites\/188\/2023\/09\/Bakke.jpg 600w, https:\/\/mentalhelse.no\/content\/uploads\/sites\/188\/2023\/09\/Bakke-300x209.jpg 300w\" sizes=\"auto, (max-width: 600px) 100vw, 600px\" \/><figcaption class=\"wp-element-caption\">Admin. direkt\u00f8r \u00d8ystein Bakke, Helse M\u00f8re og Romsdal informerte om utfordringar og gjennomf\u00f8ringsplaner.<\/figcaption><\/figure>\n\n\n\n<figure class=\"wp-block-image size-large\"><img loading=\"lazy\" decoding=\"async\" width=\"1024\" height=\"533\" src=\"https:\/\/mentalhelse.no\/content\/uploads\/sites\/188\/2023\/09\/Foredragsholdere-1024x533.jpg\" alt=\"\" class=\"wp-image-1105\" srcset=\"https:\/\/mentalhelse.no\/content\/uploads\/sites\/188\/2023\/09\/Foredragsholdere-1024x533.jpg 1024w, https:\/\/mentalhelse.no\/content\/uploads\/sites\/188\/2023\/09\/Foredragsholdere-300x156.jpg 300w, https:\/\/mentalhelse.no\/content\/uploads\/sites\/188\/2023\/09\/Foredragsholdere-768x400.jpg 768w, https:\/\/mentalhelse.no\/content\/uploads\/sites\/188\/2023\/09\/Foredragsholdere.jpg 1527w\" sizes=\"auto, (max-width: 1024px) 100vw, 1024px\" \/><figcaption class=\"wp-element-caption\">St\u00e5le Hoff og Anja Bj\u00f8rkav\u00e5g fortalde om situasjonen i psykiatrien og og vegen vidare. \u00d8ystein Svendsen kom fr\u00e5 Pasient- og brukerombudet. Han orienterte om korleis og kva ombodet arbeider med.<\/figcaption><\/figure>\n\n\n\n<figure class=\"wp-block-image size-large\"><img loading=\"lazy\" decoding=\"async\" width=\"1024\" height=\"429\" src=\"https:\/\/mentalhelse.no\/content\/uploads\/sites\/188\/2023\/09\/Meir-2-1024x429.jpg\" alt=\"\" class=\"wp-image-1106\" srcset=\"https:\/\/mentalhelse.no\/content\/uploads\/sites\/188\/2023\/09\/Meir-2-1024x429.jpg 1024w, https:\/\/mentalhelse.no\/content\/uploads\/sites\/188\/2023\/09\/Meir-2-300x126.jpg 300w, https:\/\/mentalhelse.no\/content\/uploads\/sites\/188\/2023\/09\/Meir-2-768x322.jpg 768w, https:\/\/mentalhelse.no\/content\/uploads\/sites\/188\/2023\/09\/Meir-2-1536x644.jpg 1536w, https:\/\/mentalhelse.no\/content\/uploads\/sites\/188\/2023\/09\/Meir-2.jpg 1576w\" sizes=\"auto, (max-width: 1024px) 100vw, 1024px\" \/><figcaption class=\"wp-element-caption\">Prosjektkoordinator Toril Kvisvik saman med Lasse Alexander Olsen Honningsv\u00e5g fortalde om helsetenesta for born og unge. Mange\u00e5rig brukarrepresentant Ingrid L\u00f8set formidla om kva som ligg i det \u00e5 vere brukarrepresentant. Etter gruppearbeidet delte ho av erfaringane som brukarrepresentant.<\/figcaption><\/figure>\n\n\n\n\t\t<div class=\"mh-related-posts alignfull alignfull wp-block-mentalhelse-related-posts gray-mode\">\n\t\t\t<div class=\"mh-related-posts__inner\">\n\t\t\t\t\n\n<h3 class=\"wp-block-heading\">Les ogs\u00e5<\/h3>\n\n\n<div class=\"t2-featured-content-layout alignwide alignwide wp-block-t2-featured-content-layout\">\n<div class=\"t2-featured-query-post t2-featured-content is-post-type-news wp-block-t2-featured-query-post t2-featured-content-layout-col-4\"><a class=\"t2-post-link wp-block-t2-post-link\" href=\"https:\/\/mentalhelse.no\/more-og-romsdal\/aktuelt\/nettverkssamling-for-brukerrepresentanter\/\">\n\t<figure style=\"--t2-focal-point: 50% 50%;\" class=\"t2-post-featured-image has-image-ratio-16-9 wp-block-t2-post-featured-image\"><img loading=\"lazy\" decoding=\"async\" width=\"1641\" height=\"923\" src=\"https:\/\/mentalhelse.no\/content\/uploads\/sites\/188\/2026\/02\/Nettverkssamling-jan.26.jpg\" class=\"attachment-post-thumbnail size-post-thumbnail wp-post-image\" alt=\"Rollen som brukerrepresentant\" srcset=\"https:\/\/mentalhelse.no\/content\/uploads\/sites\/188\/2026\/02\/Nettverkssamling-jan.26.jpg 1641w, https:\/\/mentalhelse.no\/content\/uploads\/sites\/188\/2026\/02\/Nettverkssamling-jan.26-300x169.jpg 300w, https:\/\/mentalhelse.no\/content\/uploads\/sites\/188\/2026\/02\/Nettverkssamling-jan.26-1024x576.jpg 1024w, https:\/\/mentalhelse.no\/content\/uploads\/sites\/188\/2026\/02\/Nettverkssamling-jan.26-768x432.jpg 768w, https:\/\/mentalhelse.no\/content\/uploads\/sites\/188\/2026\/02\/Nettverkssamling-jan.26-1536x864.jpg 1536w\" sizes=\"auto, (max-width: 1641px) 100vw, 1641px\" style=\"--focal-point: 50% 50%;\" \/><\/figure>\n<\/a>\n\n<div class=\"wp-block-group postinfo alignfull is-layout-flow wp-block-group-is-layout-flow\">\n\t<div class=\"wp-block-mentalhelse-post-category\">\n\t\t\t\t\t<div class=\"post-type\">\n\t\t\t\t\t\t<a href=\"https:\/\/mentalhelse.no\/more-og-romsdal\/aktuelt\/\">Nyheter<\/a>\n\t\t\t\t\t<\/div>\n\t\t\t\t\t\n\t\t\t\t\t<div class=\"post-category\">\n\t\t\t\t\t\t\n\t\t\t\t\t<\/div>\n\t\t\t<\/div>\n\t<a class=\"t2-post-link wp-block-t2-post-link\" href=\"https:\/\/mentalhelse.no\/more-og-romsdal\/aktuelt\/nettverkssamling-for-brukerrepresentanter\/\">\n\t<h2 class=\"t2-post-title wp-block-t2-post-title\">Nettverkssamling for brukerrepresentanter<\/h2>\n\t<\/a>\n<\/div>\n\n<\/div>\n\n<div class=\"t2-featured-query-post t2-featured-content is-post-type-news wp-block-t2-featured-query-post t2-featured-content-layout-col-4\"><a class=\"t2-post-link wp-block-t2-post-link\" href=\"https:\/\/mentalhelse.no\/more-og-romsdal\/aktuelt\/ledermote-november-25\/\">\n\t<figure style=\"--t2-focal-point: 50% 50%;\" class=\"t2-post-featured-image has-image-ratio-16-9 wp-block-t2-post-featured-image\"><img loading=\"lazy\" decoding=\"async\" width=\"2560\" height=\"1237\" src=\"https:\/\/mentalhelse.no\/content\/uploads\/sites\/188\/2025\/12\/Deltakere-2-scaled.jpg\" class=\"attachment-post-thumbnail size-post-thumbnail wp-post-image\" alt=\"\" srcset=\"https:\/\/mentalhelse.no\/content\/uploads\/sites\/188\/2025\/12\/Deltakere-2-scaled.jpg 2560w, https:\/\/mentalhelse.no\/content\/uploads\/sites\/188\/2025\/12\/Deltakere-2-300x145.jpg 300w, https:\/\/mentalhelse.no\/content\/uploads\/sites\/188\/2025\/12\/Deltakere-2-1024x495.jpg 1024w, https:\/\/mentalhelse.no\/content\/uploads\/sites\/188\/2025\/12\/Deltakere-2-768x371.jpg 768w, https:\/\/mentalhelse.no\/content\/uploads\/sites\/188\/2025\/12\/Deltakere-2-1536x742.jpg 1536w, https:\/\/mentalhelse.no\/content\/uploads\/sites\/188\/2025\/12\/Deltakere-2-2048x990.jpg 2048w\" sizes=\"auto, (max-width: 2560px) 100vw, 2560px\" style=\"--focal-point: 50% 50%;\" \/><\/figure>\n<\/a>\n\n<div class=\"wp-block-group postinfo alignfull is-layout-flow wp-block-group-is-layout-flow\">\n\t<div class=\"wp-block-mentalhelse-post-category\">\n\t\t\t\t\t<div class=\"post-type\">\n\t\t\t\t\t\t<a href=\"https:\/\/mentalhelse.no\/more-og-romsdal\/aktuelt\/\">Nyheter<\/a>\n\t\t\t\t\t<\/div>\n\t\t\t\t\t\n\t\t\t\t\t<div class=\"post-category\">\n\t\t\t\t\t\t\n\t\t\t\t\t<\/div>\n\t\t\t<\/div>\n\t<a class=\"t2-post-link wp-block-t2-post-link\" href=\"https:\/\/mentalhelse.no\/more-og-romsdal\/aktuelt\/ledermote-november-25\/\">\n\t<h2 class=\"t2-post-title wp-block-t2-post-title\">Lederm\u00f8te november -25<\/h2>\n\t<\/a>\n<\/div>\n\n<\/div>\n\n<div class=\"t2-featured-query-post t2-featured-content is-post-type-news wp-block-t2-featured-query-post t2-featured-content-layout-col-4\"><a class=\"t2-post-link wp-block-t2-post-link\" href=\"https:\/\/mentalhelse.no\/more-og-romsdal\/aktuelt\/ledermote-mental-helse-20-21-mars-25-gardermoen\/\">\n\t<figure style=\"--t2-focal-point: 50% 50%;\" class=\"t2-post-featured-image has-image-ratio-16-9 wp-block-t2-post-featured-image\"><img loading=\"lazy\" decoding=\"async\" width=\"2560\" height=\"1374\" src=\"https:\/\/mentalhelse.no\/content\/uploads\/sites\/188\/2025\/03\/IMG_4411-scaled.jpeg\" class=\"attachment-post-thumbnail size-post-thumbnail wp-post-image\" alt=\"\" srcset=\"https:\/\/mentalhelse.no\/content\/uploads\/sites\/188\/2025\/03\/IMG_4411-scaled.jpeg 2560w, https:\/\/mentalhelse.no\/content\/uploads\/sites\/188\/2025\/03\/IMG_4411-300x161.jpeg 300w, https:\/\/mentalhelse.no\/content\/uploads\/sites\/188\/2025\/03\/IMG_4411-1024x549.jpeg 1024w, https:\/\/mentalhelse.no\/content\/uploads\/sites\/188\/2025\/03\/IMG_4411-768x412.jpeg 768w, https:\/\/mentalhelse.no\/content\/uploads\/sites\/188\/2025\/03\/IMG_4411-1536x824.jpeg 1536w, https:\/\/mentalhelse.no\/content\/uploads\/sites\/188\/2025\/03\/IMG_4411-2048x1099.jpeg 2048w\" sizes=\"auto, (max-width: 2560px) 100vw, 2560px\" style=\"--focal-point: 50% 50%;\" \/><\/figure>\n<\/a>\n\n<div class=\"wp-block-group postinfo alignfull is-layout-flow wp-block-group-is-layout-flow\">\n\t<div class=\"wp-block-mentalhelse-post-category\">\n\t\t\t\t\t<div class=\"post-type\">\n\t\t\t\t\t\t<a href=\"https:\/\/mentalhelse.no\/more-og-romsdal\/aktuelt\/\">Nyheter<\/a>\n\t\t\t\t\t<\/div>\n\t\t\t\t\t\n\t\t\t\t\t<div class=\"post-category\">\n\t\t\t\t\t\t\n\t\t\t\t\t<\/div>\n\t\t\t<\/div>\n\t<a class=\"t2-post-link wp-block-t2-post-link\" href=\"https:\/\/mentalhelse.no\/more-og-romsdal\/aktuelt\/ledermote-mental-helse-20-21-mars-25-gardermoen\/\">\n\t<h2 class=\"t2-post-title wp-block-t2-post-title\">Lederm\u00f8te Mental helse 20.-21. mars -25 Gardermoen<\/h2>\n\t<\/a>\n<\/div>\n\n<\/div>\n<\/div>\n\n\t\t\t<\/div>\n\t\t<\/div>","protected":false},"excerpt":{"rendered":"<p>Anna Margrethe Dr\u00e6geb\u00f8 Moe Allereie for eit par \u00e5r tilbake var planlegginga i gang, men korona\u00e5ra f\u00f8rte til utsetting. M\u00e5let med samlinga er \u00e5 styrke&#8230;<\/p>\n","protected":false},"author":15,"featured_media":1081,"parent":0,"template":"","meta":{"t2_featured_media_focal_point":{"x":0.5,"y":0.5},"mh_hide_title":true},"news_category":[],"class_list":["post-1080","news","type-news","status-publish","has-post-thumbnail","hentry"],"yoast_head":"<!-- This site is optimized with the Yoast SEO Premium plugin v21.2 (Yoast SEO v21.2) - https:\/\/yoast.com\/wordpress\/plugins\/seo\/ -->\n<title>L\u00e6rerik erfarings- og rekrutteringssamling - Mental Helse - M\u00f8re og Romsdal<\/title>\n<meta name=\"robots\" content=\"index, follow, max-snippet:-1, max-image-preview:large, max-video-preview:-1\" \/>\n<link rel=\"canonical\" href=\"https:\/\/mentalhelse.no\/more-og-romsdal\/aktuelt\/laererik-erfarings-og-rekrutteringssamling\/\" \/>\n<meta property=\"og:locale\" content=\"nb_NO\" \/>\n<meta property=\"og:type\" content=\"article\" \/>\n<meta property=\"og:title\" content=\"L\u00e6rerik erfarings- og rekrutteringssamling\" \/>\n<meta property=\"og:description\" content=\"Anna Margrethe Dr\u00e6geb\u00f8 Moe Allereie for eit par \u00e5r tilbake var planlegginga i gang, men korona\u00e5ra f\u00f8rte til utsetting. M\u00e5let med samlinga er \u00e5 styrke...\" \/>\n<meta property=\"og:url\" content=\"https:\/\/mentalhelse.no\/more-og-romsdal\/aktuelt\/laererik-erfarings-og-rekrutteringssamling\/\" \/>\n<meta property=\"og:site_name\" content=\"M\u00f8re og Romsdal\" \/>\n<meta property=\"article:modified_time\" content=\"2023-09-19T11:08:25+00:00\" \/>\n<meta property=\"og:image\" content=\"https:\/\/mentalhelse.no\/content\/uploads\/sites\/188\/2023\/09\/20220617_110436-2.jpg\" \/>\n\t<meta property=\"og:image:width\" content=\"800\" \/>\n\t<meta property=\"og:image:height\" content=\"419\" \/>\n\t<meta property=\"og:image:type\" content=\"image\/jpeg\" \/>\n<meta name=\"twitter:card\" content=\"summary_large_image\" \/>\n<meta name=\"twitter:label1\" content=\"Ansl. lesetid\" \/>\n\t<meta name=\"twitter:data1\" content=\"6 minutter\" \/>\n<script type=\"application\/ld+json\" class=\"yoast-schema-graph\">{\"@context\":\"https:\/\/schema.org\",\"@graph\":[{\"@type\":\"WebPage\",\"@id\":\"https:\/\/mentalhelse.no\/more-og-romsdal\/aktuelt\/laererik-erfarings-og-rekrutteringssamling\/\",\"url\":\"https:\/\/mentalhelse.no\/more-og-romsdal\/aktuelt\/laererik-erfarings-og-rekrutteringssamling\/\",\"name\":\"L\u00e6rerik erfarings- og rekrutteringssamling - M\u00f8re og Romsdal\",\"isPartOf\":{\"@id\":\"https:\/\/mentalhelse.no\/more-og-romsdal\/#website\"},\"datePublished\":\"2023-06-01T13:29:25+00:00\",\"dateModified\":\"2023-09-19T11:08:25+00:00\",\"breadcrumb\":{\"@id\":\"https:\/\/mentalhelse.no\/more-og-romsdal\/aktuelt\/laererik-erfarings-og-rekrutteringssamling\/#breadcrumb\"},\"inLanguage\":\"nb-NO\",\"potentialAction\":[{\"@type\":\"ReadAction\",\"target\":[\"https:\/\/mentalhelse.no\/more-og-romsdal\/aktuelt\/laererik-erfarings-og-rekrutteringssamling\/\"]}]},{\"@type\":\"BreadcrumbList\",\"@id\":\"https:\/\/mentalhelse.no\/more-og-romsdal\/aktuelt\/laererik-erfarings-og-rekrutteringssamling\/#breadcrumb\",\"itemListElement\":[{\"@type\":\"ListItem\",\"position\":1,\"name\":\"Hjem\",\"item\":\"https:\/\/mentalhelse.no\/more-og-romsdal\/\"},{\"@type\":\"ListItem\",\"position\":2,\"name\":\"Nyheter\",\"item\":\"https:\/\/mentalhelse.no\/more-og-romsdal\/aktuelt\/\"},{\"@type\":\"ListItem\",\"position\":3,\"name\":\"L\u00e6rerik erfarings- og rekrutteringssamling\"}]},{\"@type\":\"WebSite\",\"@id\":\"https:\/\/mentalhelse.no\/more-og-romsdal\/#website\",\"url\":\"https:\/\/mentalhelse.no\/more-og-romsdal\/\",\"name\":\"M\u00f8re og Romsdal\",\"description\":\"\",\"potentialAction\":[{\"@type\":\"SearchAction\",\"target\":{\"@type\":\"EntryPoint\",\"urlTemplate\":\"https:\/\/mentalhelse.no\/more-og-romsdal\/?s={search_term_string}\"},\"query-input\":\"required name=search_term_string\"}],\"inLanguage\":\"nb-NO\"}]}<\/script>\n<!-- \/ Yoast SEO Premium plugin. -->","yoast_head_json":{"title":"L\u00e6rerik erfarings- og rekrutteringssamling - Mental Helse - M\u00f8re og Romsdal","robots":{"index":"index","follow":"follow","max-snippet":"max-snippet:-1","max-image-preview":"max-image-preview:large","max-video-preview":"max-video-preview:-1"},"canonical":"https:\/\/mentalhelse.no\/more-og-romsdal\/aktuelt\/laererik-erfarings-og-rekrutteringssamling\/","og_locale":"nb_NO","og_type":"article","og_title":"L\u00e6rerik erfarings- og rekrutteringssamling","og_description":"Anna Margrethe Dr\u00e6geb\u00f8 Moe Allereie for eit par \u00e5r tilbake var planlegginga i gang, men korona\u00e5ra f\u00f8rte til utsetting. M\u00e5let med samlinga er \u00e5 styrke...","og_url":"https:\/\/mentalhelse.no\/more-og-romsdal\/aktuelt\/laererik-erfarings-og-rekrutteringssamling\/","og_site_name":"M\u00f8re og Romsdal","article_modified_time":"2023-09-19T11:08:25+00:00","og_image":[{"width":800,"height":419,"url":"https:\/\/mentalhelse.no\/content\/uploads\/sites\/188\/2023\/09\/20220617_110436-2.jpg","type":"image\/jpeg"}],"twitter_card":"summary_large_image","twitter_misc":{"Ansl. lesetid":"6 minutter"},"schema":{"@context":"https:\/\/schema.org","@graph":[{"@type":"WebPage","@id":"https:\/\/mentalhelse.no\/more-og-romsdal\/aktuelt\/laererik-erfarings-og-rekrutteringssamling\/","url":"https:\/\/mentalhelse.no\/more-og-romsdal\/aktuelt\/laererik-erfarings-og-rekrutteringssamling\/","name":"L\u00e6rerik erfarings- og rekrutteringssamling - M\u00f8re og Romsdal","isPartOf":{"@id":"https:\/\/mentalhelse.no\/more-og-romsdal\/#website"},"datePublished":"2023-06-01T13:29:25+00:00","dateModified":"2023-09-19T11:08:25+00:00","breadcrumb":{"@id":"https:\/\/mentalhelse.no\/more-og-romsdal\/aktuelt\/laererik-erfarings-og-rekrutteringssamling\/#breadcrumb"},"inLanguage":"nb-NO","potentialAction":[{"@type":"ReadAction","target":["https:\/\/mentalhelse.no\/more-og-romsdal\/aktuelt\/laererik-erfarings-og-rekrutteringssamling\/"]}]},{"@type":"BreadcrumbList","@id":"https:\/\/mentalhelse.no\/more-og-romsdal\/aktuelt\/laererik-erfarings-og-rekrutteringssamling\/#breadcrumb","itemListElement":[{"@type":"ListItem","position":1,"name":"Hjem","item":"https:\/\/mentalhelse.no\/more-og-romsdal\/"},{"@type":"ListItem","position":2,"name":"Nyheter","item":"https:\/\/mentalhelse.no\/more-og-romsdal\/aktuelt\/"},{"@type":"ListItem","position":3,"name":"L\u00e6rerik erfarings- og rekrutteringssamling"}]},{"@type":"WebSite","@id":"https:\/\/mentalhelse.no\/more-og-romsdal\/#website","url":"https:\/\/mentalhelse.no\/more-og-romsdal\/","name":"M\u00f8re og Romsdal","description":"","potentialAction":[{"@type":"SearchAction","target":{"@type":"EntryPoint","urlTemplate":"https:\/\/mentalhelse.no\/more-og-romsdal\/?s={search_term_string}"},"query-input":"required name=search_term_string"}],"inLanguage":"nb-NO"}]}},"_links":{"self":[{"href":"https:\/\/mentalhelse.no\/more-og-romsdal\/wp-json\/wp\/v2\/news\/1080","targetHints":{"allow":["GET"]}}],"collection":[{"href":"https:\/\/mentalhelse.no\/more-og-romsdal\/wp-json\/wp\/v2\/news"}],"about":[{"href":"https:\/\/mentalhelse.no\/more-og-romsdal\/wp-json\/wp\/v2\/types\/news"}],"author":[{"embeddable":true,"href":"https:\/\/mentalhelse.no\/more-og-romsdal\/wp-json\/wp\/v2\/users\/15"}],"wp:featuredmedia":[{"embeddable":true,"href":"https:\/\/mentalhelse.no\/more-og-romsdal\/wp-json\/wp\/v2\/media\/1081"}],"wp:attachment":[{"href":"https:\/\/mentalhelse.no\/more-og-romsdal\/wp-json\/wp\/v2\/media?parent=1080"}],"wp:term":[{"taxonomy":"news_category","embeddable":true,"href":"https:\/\/mentalhelse.no\/more-og-romsdal\/wp-json\/wp\/v2\/news_category?post=1080"}],"curies":[{"name":"wp","href":"https:\/\/api.w.org\/{rel}","templated":true}]}}