{"id":1272,"date":"2024-09-11T14:37:09","date_gmt":"2024-09-11T14:37:09","guid":{"rendered":"https:\/\/mentalhelse.no\/more-og-romsdal\/?post_type=news&#038;p=1272"},"modified":"2024-09-12T10:54:20","modified_gmt":"2024-09-12T10:54:20","slug":"fylkeskulturkonferansen-2024-ringverknadar-dyrtid-deltaking-og-drivkraft","status":"publish","type":"news","link":"https:\/\/mentalhelse.no\/more-og-romsdal\/aktuelt\/fylkeskulturkonferansen-2024-ringverknadar-dyrtid-deltaking-og-drivkraft\/","title":{"rendered":"Fylkeskulturkonferansen 2024 &laquo;Ringverknadar &#8211; dyrtid, deltaking og drivkraft&raquo;"},"content":{"rendered":"<figure class=\"alignwide wp-block-post-featured-image\"><img loading=\"lazy\" decoding=\"async\" width=\"1920\" height=\"1440\" src=\"https:\/\/mentalhelse.no\/content\/uploads\/sites\/188\/2024\/09\/Apning-av-konferansen.jpg\" class=\"attachment-post-thumbnail size-post-thumbnail wp-post-image\" alt=\"Demenskoret p\u00e5 R\u00e5khaugen\" style=\"object-fit:cover; --focal-point: 50% 50%;\" srcset=\"https:\/\/mentalhelse.no\/content\/uploads\/sites\/188\/2024\/09\/Apning-av-konferansen.jpg 1920w, https:\/\/mentalhelse.no\/content\/uploads\/sites\/188\/2024\/09\/Apning-av-konferansen-300x225.jpg 300w, https:\/\/mentalhelse.no\/content\/uploads\/sites\/188\/2024\/09\/Apning-av-konferansen-1024x768.jpg 1024w, https:\/\/mentalhelse.no\/content\/uploads\/sites\/188\/2024\/09\/Apning-av-konferansen-768x576.jpg 768w, https:\/\/mentalhelse.no\/content\/uploads\/sites\/188\/2024\/09\/Apning-av-konferansen-1536x1152.jpg 1536w\" sizes=\"auto, (max-width: 1920px) 100vw, 1920px\" \/><\/figure>\n\n<h1 class=\"wp-block-post-title\">Fylkeskulturkonferansen 2024 &laquo;Ringverknadar &#8211; dyrtid, deltaking og drivkraft&raquo;<\/h1>\n\n<div class=\"is-img-top mh-byline wp-block-mh-byline\">\n                  <div class=\"mh-byline__inner\">\n                  \t\n                  \t<div class=\"mh-byline__meta\">\n                  \t\t<div class=\"mh-byline__post\">\n                  \t\t\t<div class=\"entry-date\">11.09.2024<\/div>\n                  \t\t<\/div>\n                  \t\t<div class=\"mh-byline__author\">\n                  \t\t\t <span class=\"mh-byline__author-link\">S\u00f8lvi Hagen<\/span>\n\t\t\t\t\t\t<\/div>\n\t\t\t\t\t<\/div>\n\t\t\t\t<\/div>\n\t\t<\/div>\n\n<p class=\"t2-ingress wp-block-t2-ingress\">M\u00f8re og Romsdal fylkeskommune inviterer til ein spennande konferanse om korleis deltaking i kulturlivet p\u00e5verkar liva v\u00e5re. Konferansen vil utforske ulike perspektiv p\u00e5 korleis aktiv deltaking i kulturaktivitetar kan ha ei positiv innverknad p\u00e5 folkehelsa.<\/p>\n\n\n<p><br>Konferansen byr p\u00e5 foredragshaldarar som vil dele sin kunnskap og erfaring om temaet, i tillegg til arbeidsverkstadar og diskusjonsgrupper der vi saman kan utforske og diskutere dei ulike aspekta ved deltaking i kulturlivet. <\/p>\n\n\n\n<p>V\u00e5r leder Irene Sundholm og nestleder Oddrun Beyer Holm deltar p\u00e5 konferansen.<\/p>\n\n\n\n<figure class=\"wp-block-image size-large\"><img loading=\"lazy\" decoding=\"async\" width=\"1024\" height=\"768\" src=\"https:\/\/mentalhelse.no\/content\/uploads\/sites\/188\/2024\/09\/Opning-av-konferansen-Stortingsrepresentant-Ase-Kristin-Ask-Bakke-1024x768.jpg\" alt=\"Fylkeskulturkonferansen 2024\" class=\"wp-image-1274\" srcset=\"https:\/\/mentalhelse.no\/content\/uploads\/sites\/188\/2024\/09\/Opning-av-konferansen-Stortingsrepresentant-Ase-Kristin-Ask-Bakke-1024x768.jpg 1024w, https:\/\/mentalhelse.no\/content\/uploads\/sites\/188\/2024\/09\/Opning-av-konferansen-Stortingsrepresentant-Ase-Kristin-Ask-Bakke-300x225.jpg 300w, https:\/\/mentalhelse.no\/content\/uploads\/sites\/188\/2024\/09\/Opning-av-konferansen-Stortingsrepresentant-Ase-Kristin-Ask-Bakke-768x576.jpg 768w, https:\/\/mentalhelse.no\/content\/uploads\/sites\/188\/2024\/09\/Opning-av-konferansen-Stortingsrepresentant-Ase-Kristin-Ask-Bakke-1536x1152.jpg 1536w, https:\/\/mentalhelse.no\/content\/uploads\/sites\/188\/2024\/09\/Opning-av-konferansen-Stortingsrepresentant-Ase-Kristin-Ask-Bakke.jpg 1920w\" sizes=\"auto, (max-width: 1024px) 100vw, 1024px\" \/><figcaption class=\"wp-element-caption\">Opning av konferansen &#8211; Stortingsrepresentant \u00c5se Kristin Ask Bakke \n<\/figcaption><\/figure>\n\n\n\n<h4 class=\"wp-block-heading\" id=\"h-drivkraft-og-motkraft-nar-sentraliseringa-rikmannsveldet-og-teknologien-tek-grep-kva-skal-vere-vart-svar\">\u00abDrivkraft og motkraft: N\u00e5r sentraliseringa, rikmannsveldet og teknologien tek grep, kva skal vere v\u00e5rt svar?\u00bb<\/h4>\n\n\n\n<figure class=\"wp-block-image size-large\"><img loading=\"lazy\" decoding=\"async\" width=\"1024\" height=\"577\" src=\"https:\/\/mentalhelse.no\/content\/uploads\/sites\/188\/2024\/09\/Jens-Kihl-\u2013-kulturredaktor-i-Bergens-Tidende-1024x577.jpg\" alt=\"Fylkeskulturkonferansen 2024\" class=\"wp-image-1275\" srcset=\"https:\/\/mentalhelse.no\/content\/uploads\/sites\/188\/2024\/09\/Jens-Kihl-\u2013-kulturredaktor-i-Bergens-Tidende-1024x577.jpg 1024w, https:\/\/mentalhelse.no\/content\/uploads\/sites\/188\/2024\/09\/Jens-Kihl-\u2013-kulturredaktor-i-Bergens-Tidende-300x169.jpg 300w, https:\/\/mentalhelse.no\/content\/uploads\/sites\/188\/2024\/09\/Jens-Kihl-\u2013-kulturredaktor-i-Bergens-Tidende-768x433.jpg 768w, https:\/\/mentalhelse.no\/content\/uploads\/sites\/188\/2024\/09\/Jens-Kihl-\u2013-kulturredaktor-i-Bergens-Tidende.jpg 1440w\" sizes=\"auto, (max-width: 1024px) 100vw, 1024px\" \/><figcaption class=\"wp-element-caption\">\u00abDrivkraft og motkraft: v\/ Jens Kihl \u2013 kulturredakt\u00f8r i Bergens Tidende <\/figcaption><\/figure>\n\n\n\n<p>Forskjellane i samfunnet aukar p\u00e5 mange omr\u00e5de. M\u00e5 vi berre godta det, eller finst det rom for ein motoffensiv? Gjennom historier fr\u00e5 sin eigen oppvekst under jappetida pr\u00f8ver Jens Kihl \u00e5 sj\u00e5 etter framtidstru og konkrete strategiar for \u00e5 inkludere fleire.<\/p>\n\n\n\n<figure class=\"wp-block-image size-large is-resized\"><img loading=\"lazy\" decoding=\"async\" width=\"1011\" height=\"1024\" src=\"https:\/\/mentalhelse.no\/content\/uploads\/sites\/188\/2024\/09\/Irene-Sundholm-og-Kristine-Z-1011x1024.jpg\" alt=\"Fylkeskulturkonferansen 2024\" class=\"wp-image-1277\" style=\"aspect-ratio:0.9873046875;width:336px;height:auto\" srcset=\"https:\/\/mentalhelse.no\/content\/uploads\/sites\/188\/2024\/09\/Irene-Sundholm-og-Kristine-Z-1011x1024.jpg 1011w, https:\/\/mentalhelse.no\/content\/uploads\/sites\/188\/2024\/09\/Irene-Sundholm-og-Kristine-Z-296x300.jpg 296w, https:\/\/mentalhelse.no\/content\/uploads\/sites\/188\/2024\/09\/Irene-Sundholm-og-Kristine-Z-768x778.jpg 768w, https:\/\/mentalhelse.no\/content\/uploads\/sites\/188\/2024\/09\/Irene-Sundholm-og-Kristine-Z-1516x1536.jpg 1516w, https:\/\/mentalhelse.no\/content\/uploads\/sites\/188\/2024\/09\/Irene-Sundholm-og-Kristine-Z.jpg 1920w\" sizes=\"auto, (max-width: 1011px) 100vw, 1011px\" \/><figcaption class=\"wp-element-caption\">Leder Irene Sundholm og fylkessekret\u00e6r i FFO Kristin Zalik f\u00f8lger konferansen.<\/figcaption><\/figure>\n\n\n\n<p>Under her finner du programmet for hele konferansen. M\u00e5lgruppe: Kommunalt tilsette som arbeider med kultur og frivilligheit, folkehelsekoordinatorar og andre som arbeider med folkehelse, tilsette i organisasjonar og institusjonar i M\u00f8re og Romsdal, frivillige, politikarar og andre interesserte.<\/p>\n\n\n<div class=\"t2-files wp-block-t2-files\">\n<div class=\"t2-file-item wp-block-t2-file-item\">\n\t\t<a href=\"https:\/\/mentalhelse.no\/content\/uploads\/sites\/188\/2024\/09\/Ringverknadar-program-23.08.pdf\" class=\"t2-file-item__link t2-file-item__link--icon-left\" download>\n\t\t\t<span class=\"t2-file-item__icon\"><svg xmlns=\"http:\/\/www.w3.org\/2000\/svg\" viewBox=\"0 0 24 24\" height=\"24\" width=\"24\" class=\"t2-icon t2-icon-mh-download\" aria-hidden=\"true\" focusable=\"false\"><path fill-rule=\"evenodd\" clip-rule=\"evenodd\" d=\"M12 2.5C12.2761 2.5 12.5 2.72386 12.5 3V13.7929L16.6464 9.64645C16.8417 9.45118 17.1583 9.45118 17.3536 9.64645C17.5488 9.84171 17.5488 10.1583 17.3536 10.3536L12.3536 15.3536C12.1583 15.5488 11.8417 15.5488 11.6464 15.3536L6.64645 10.3536C6.45118 10.1583 6.45118 9.84171 6.64645 9.64645C6.84171 9.45118 7.15829 9.45118 7.35355 9.64645L11.5 13.7929V3C11.5 2.72386 11.7239 2.5 12 2.5Z\" fill=\"currentColor\"\/><path fill-rule=\"evenodd\" clip-rule=\"evenodd\" d=\"M3 14.5C3.27614 14.5 3.5 14.7239 3.5 15V19C3.5 19.3978 3.65803 19.7793 3.93935 20.0607C4.22064 20.342 4.60217 20.5 5 20.5H19C19.3978 20.5 19.7793 20.342 20.0606 20.0606C20.342 19.7793 20.5 19.3978 20.5 19V15C20.5 14.7239 20.7239 14.5 21 14.5C21.2761 14.5 21.5 14.7239 21.5 15V19C21.5 19.663 21.2366 20.2989 20.7678 20.7678C20.2989 21.2366 19.663 21.5 19 21.5H5C4.33697 21.5 3.70107 21.2366 3.23222 20.7677C3.23222 20.7677 3.23222 20.7677 3.23222 20.7677C2.76339 20.2989 2.5 19.663 2.5 19V15C2.5 14.7239 2.72386 14.5 3 14.5Z\" fill=\"currentColor\"\/><\/svg><\/span>\n\t\t\t<span class=\"t2-file-item__info\">\n\t\t\t\t<span class=\"t2-file-item__filename\">Ringverknadar-program-23.08<\/span>\n\t\t\t\t\n\t\t\t\t<span class=\"t2-file-item__meta\">pdf \u00b7 73 KB<\/span>\n\t\t\t<\/span>\n\t\t<\/a>\n\t\t<\/div>\n<\/div>\n\n\n\t\t<div class=\"mh-related-posts alignfull alignfull wp-block-mentalhelse-related-posts gray-mode\">\n\t\t\t<div class=\"mh-related-posts__inner\">\n\t\t\t\t\n\n<h3 class=\"wp-block-heading\" id=\"h-also-read\">Also read<\/h3>\n\n\n<div class=\"t2-featured-content-layout alignwide alignwide wp-block-t2-featured-content-layout\">\n<div class=\"t2-featured-query-post t2-featured-content is-post-type-news wp-block-t2-featured-query-post t2-featured-content-layout-col-4\"><a class=\"t2-post-link wp-block-t2-post-link\" href=\"https:\/\/mentalhelse.no\/more-og-romsdal\/aktuelt\/nettverkssamling-for-brukerrepresentanter\/\">\n\t<figure style=\"--t2-focal-point: 50% 50%;\" class=\"t2-post-featured-image has-image-ratio-16-9 wp-block-t2-post-featured-image\"><img loading=\"lazy\" decoding=\"async\" width=\"1641\" height=\"923\" src=\"https:\/\/mentalhelse.no\/content\/uploads\/sites\/188\/2026\/02\/Nettverkssamling-jan.26.jpg\" class=\"attachment-post-thumbnail size-post-thumbnail wp-post-image\" alt=\"Rollen som brukerrepresentant\" srcset=\"https:\/\/mentalhelse.no\/content\/uploads\/sites\/188\/2026\/02\/Nettverkssamling-jan.26.jpg 1641w, https:\/\/mentalhelse.no\/content\/uploads\/sites\/188\/2026\/02\/Nettverkssamling-jan.26-300x169.jpg 300w, https:\/\/mentalhelse.no\/content\/uploads\/sites\/188\/2026\/02\/Nettverkssamling-jan.26-1024x576.jpg 1024w, https:\/\/mentalhelse.no\/content\/uploads\/sites\/188\/2026\/02\/Nettverkssamling-jan.26-768x432.jpg 768w, https:\/\/mentalhelse.no\/content\/uploads\/sites\/188\/2026\/02\/Nettverkssamling-jan.26-1536x864.jpg 1536w\" sizes=\"auto, (max-width: 1641px) 100vw, 1641px\" style=\"--focal-point: 50% 50%;\" \/><\/figure>\n<\/a>\n\n<div class=\"wp-block-group postinfo alignfull is-layout-flow wp-block-group-is-layout-flow\">\n\t<div class=\"wp-block-mentalhelse-post-category\">\n\t\t\t\t\t<div class=\"post-type\">\n\t\t\t\t\t\t<a href=\"https:\/\/mentalhelse.no\/more-og-romsdal\/aktuelt\/\">Nyheter<\/a>\n\t\t\t\t\t<\/div>\n\t\t\t\t\t\n\t\t\t\t\t<div class=\"post-category\">\n\t\t\t\t\t\t\n\t\t\t\t\t<\/div>\n\t\t\t<\/div>\n\t<a class=\"t2-post-link wp-block-t2-post-link\" href=\"https:\/\/mentalhelse.no\/more-og-romsdal\/aktuelt\/nettverkssamling-for-brukerrepresentanter\/\">\n\t<h2 class=\"t2-post-title wp-block-t2-post-title\">Nettverkssamling for brukerrepresentanter<\/h2>\n\t<\/a>\n<\/div>\n\n<\/div>\n\n<div class=\"t2-featured-query-post t2-featured-content is-post-type-news wp-block-t2-featured-query-post t2-featured-content-layout-col-4\"><a class=\"t2-post-link wp-block-t2-post-link\" href=\"https:\/\/mentalhelse.no\/more-og-romsdal\/aktuelt\/ledermote-november-25\/\">\n\t<figure style=\"--t2-focal-point: 50% 50%;\" class=\"t2-post-featured-image has-image-ratio-16-9 wp-block-t2-post-featured-image\"><img loading=\"lazy\" decoding=\"async\" width=\"2560\" height=\"1237\" src=\"https:\/\/mentalhelse.no\/content\/uploads\/sites\/188\/2025\/12\/Deltakere-2-scaled.jpg\" class=\"attachment-post-thumbnail size-post-thumbnail wp-post-image\" alt=\"\" srcset=\"https:\/\/mentalhelse.no\/content\/uploads\/sites\/188\/2025\/12\/Deltakere-2-scaled.jpg 2560w, https:\/\/mentalhelse.no\/content\/uploads\/sites\/188\/2025\/12\/Deltakere-2-300x145.jpg 300w, https:\/\/mentalhelse.no\/content\/uploads\/sites\/188\/2025\/12\/Deltakere-2-1024x495.jpg 1024w, https:\/\/mentalhelse.no\/content\/uploads\/sites\/188\/2025\/12\/Deltakere-2-768x371.jpg 768w, https:\/\/mentalhelse.no\/content\/uploads\/sites\/188\/2025\/12\/Deltakere-2-1536x742.jpg 1536w, https:\/\/mentalhelse.no\/content\/uploads\/sites\/188\/2025\/12\/Deltakere-2-2048x990.jpg 2048w\" sizes=\"auto, (max-width: 2560px) 100vw, 2560px\" style=\"--focal-point: 50% 50%;\" \/><\/figure>\n<\/a>\n\n<div class=\"wp-block-group postinfo alignfull is-layout-flow wp-block-group-is-layout-flow\">\n\t<div class=\"wp-block-mentalhelse-post-category\">\n\t\t\t\t\t<div class=\"post-type\">\n\t\t\t\t\t\t<a href=\"https:\/\/mentalhelse.no\/more-og-romsdal\/aktuelt\/\">Nyheter<\/a>\n\t\t\t\t\t<\/div>\n\t\t\t\t\t\n\t\t\t\t\t<div class=\"post-category\">\n\t\t\t\t\t\t\n\t\t\t\t\t<\/div>\n\t\t\t<\/div>\n\t<a class=\"t2-post-link wp-block-t2-post-link\" href=\"https:\/\/mentalhelse.no\/more-og-romsdal\/aktuelt\/ledermote-november-25\/\">\n\t<h2 class=\"t2-post-title wp-block-t2-post-title\">Lederm\u00f8te november -25<\/h2>\n\t<\/a>\n<\/div>\n\n<\/div>\n\n<div class=\"t2-featured-query-post t2-featured-content is-post-type-news wp-block-t2-featured-query-post t2-featured-content-layout-col-4\"><a class=\"t2-post-link wp-block-t2-post-link\" href=\"https:\/\/mentalhelse.no\/more-og-romsdal\/aktuelt\/ledermote-mental-helse-20-21-mars-25-gardermoen\/\">\n\t<figure style=\"--t2-focal-point: 50% 50%;\" class=\"t2-post-featured-image has-image-ratio-16-9 wp-block-t2-post-featured-image\"><img loading=\"lazy\" decoding=\"async\" width=\"2560\" height=\"1374\" src=\"https:\/\/mentalhelse.no\/content\/uploads\/sites\/188\/2025\/03\/IMG_4411-scaled.jpeg\" class=\"attachment-post-thumbnail size-post-thumbnail wp-post-image\" alt=\"\" srcset=\"https:\/\/mentalhelse.no\/content\/uploads\/sites\/188\/2025\/03\/IMG_4411-scaled.jpeg 2560w, https:\/\/mentalhelse.no\/content\/uploads\/sites\/188\/2025\/03\/IMG_4411-300x161.jpeg 300w, https:\/\/mentalhelse.no\/content\/uploads\/sites\/188\/2025\/03\/IMG_4411-1024x549.jpeg 1024w, https:\/\/mentalhelse.no\/content\/uploads\/sites\/188\/2025\/03\/IMG_4411-768x412.jpeg 768w, https:\/\/mentalhelse.no\/content\/uploads\/sites\/188\/2025\/03\/IMG_4411-1536x824.jpeg 1536w, https:\/\/mentalhelse.no\/content\/uploads\/sites\/188\/2025\/03\/IMG_4411-2048x1099.jpeg 2048w\" sizes=\"auto, (max-width: 2560px) 100vw, 2560px\" style=\"--focal-point: 50% 50%;\" \/><\/figure>\n<\/a>\n\n<div class=\"wp-block-group postinfo alignfull is-layout-flow wp-block-group-is-layout-flow\">\n\t<div class=\"wp-block-mentalhelse-post-category\">\n\t\t\t\t\t<div class=\"post-type\">\n\t\t\t\t\t\t<a href=\"https:\/\/mentalhelse.no\/more-og-romsdal\/aktuelt\/\">Nyheter<\/a>\n\t\t\t\t\t<\/div>\n\t\t\t\t\t\n\t\t\t\t\t<div class=\"post-category\">\n\t\t\t\t\t\t\n\t\t\t\t\t<\/div>\n\t\t\t<\/div>\n\t<a class=\"t2-post-link wp-block-t2-post-link\" href=\"https:\/\/mentalhelse.no\/more-og-romsdal\/aktuelt\/ledermote-mental-helse-20-21-mars-25-gardermoen\/\">\n\t<h2 class=\"t2-post-title wp-block-t2-post-title\">Lederm\u00f8te Mental helse 20.-21. mars -25 Gardermoen<\/h2>\n\t<\/a>\n<\/div>\n\n<\/div>\n<\/div>\n\n\t\t\t<\/div>\n\t\t<\/div>","protected":false},"excerpt":{"rendered":"<p>Konferansen byr p\u00e5 foredragshaldarar som vil dele sin kunnskap og erfaring om temaet, i tillegg til arbeidsverkstadar og diskusjonsgrupper der vi saman kan utforske og&#8230;<\/p>\n","protected":false},"author":15,"featured_media":1273,"parent":0,"template":"","meta":{"t2_featured_media_focal_point":{"x":0.5,"y":0.5},"mh_hide_title":true},"news_category":[],"class_list":["post-1272","news","type-news","status-publish","has-post-thumbnail","hentry"],"yoast_head":"<!-- This site is optimized with the Yoast SEO Premium plugin v21.2 (Yoast SEO v21.2) - https:\/\/yoast.com\/wordpress\/plugins\/seo\/ -->\n<title>Fylkeskulturkonferansen 2024 &quot;Ringverknadar - dyrtid, deltaking og drivkraft&quot; - Mental Helse - M\u00f8re og Romsdal<\/title>\n<meta name=\"robots\" content=\"index, follow, max-snippet:-1, max-image-preview:large, max-video-preview:-1\" \/>\n<link rel=\"canonical\" href=\"https:\/\/mentalhelse.no\/more-og-romsdal\/aktuelt\/fylkeskulturkonferansen-2024-ringverknadar-dyrtid-deltaking-og-drivkraft\/\" \/>\n<meta property=\"og:locale\" content=\"nb_NO\" \/>\n<meta property=\"og:type\" content=\"article\" \/>\n<meta property=\"og:title\" content=\"Fylkeskulturkonferansen 2024 &quot;Ringverknadar - dyrtid, deltaking og drivkraft&quot;\" \/>\n<meta property=\"og:description\" content=\"Konferansen byr p\u00e5 foredragshaldarar som vil dele sin kunnskap og erfaring om temaet, i tillegg til arbeidsverkstadar og diskusjonsgrupper der vi saman kan utforske og...\" \/>\n<meta property=\"og:url\" content=\"https:\/\/mentalhelse.no\/more-og-romsdal\/aktuelt\/fylkeskulturkonferansen-2024-ringverknadar-dyrtid-deltaking-og-drivkraft\/\" \/>\n<meta property=\"og:site_name\" content=\"M\u00f8re og Romsdal\" \/>\n<meta property=\"article:modified_time\" content=\"2024-09-12T10:54:20+00:00\" \/>\n<meta property=\"og:image\" content=\"https:\/\/mentalhelse.no\/content\/uploads\/sites\/188\/2024\/09\/Apning-av-konferansen.jpg\" \/>\n\t<meta property=\"og:image:width\" content=\"1920\" \/>\n\t<meta property=\"og:image:height\" content=\"1440\" \/>\n\t<meta property=\"og:image:type\" content=\"image\/jpeg\" \/>\n<meta name=\"twitter:card\" content=\"summary_large_image\" \/>\n<meta name=\"twitter:label1\" content=\"Ansl. lesetid\" \/>\n\t<meta name=\"twitter:data1\" content=\"2 minutter\" \/>\n<script type=\"application\/ld+json\" class=\"yoast-schema-graph\">{\"@context\":\"https:\/\/schema.org\",\"@graph\":[{\"@type\":\"WebPage\",\"@id\":\"https:\/\/mentalhelse.no\/more-og-romsdal\/aktuelt\/fylkeskulturkonferansen-2024-ringverknadar-dyrtid-deltaking-og-drivkraft\/\",\"url\":\"https:\/\/mentalhelse.no\/more-og-romsdal\/aktuelt\/fylkeskulturkonferansen-2024-ringverknadar-dyrtid-deltaking-og-drivkraft\/\",\"name\":\"Fylkeskulturkonferansen 2024 \\\"Ringverknadar - dyrtid, deltaking og drivkraft\\\" - M\u00f8re og Romsdal\",\"isPartOf\":{\"@id\":\"https:\/\/mentalhelse.no\/more-og-romsdal\/#website\"},\"datePublished\":\"2024-09-11T14:37:09+00:00\",\"dateModified\":\"2024-09-12T10:54:20+00:00\",\"breadcrumb\":{\"@id\":\"https:\/\/mentalhelse.no\/more-og-romsdal\/aktuelt\/fylkeskulturkonferansen-2024-ringverknadar-dyrtid-deltaking-og-drivkraft\/#breadcrumb\"},\"inLanguage\":\"nb-NO\",\"potentialAction\":[{\"@type\":\"ReadAction\",\"target\":[\"https:\/\/mentalhelse.no\/more-og-romsdal\/aktuelt\/fylkeskulturkonferansen-2024-ringverknadar-dyrtid-deltaking-og-drivkraft\/\"]}]},{\"@type\":\"BreadcrumbList\",\"@id\":\"https:\/\/mentalhelse.no\/more-og-romsdal\/aktuelt\/fylkeskulturkonferansen-2024-ringverknadar-dyrtid-deltaking-og-drivkraft\/#breadcrumb\",\"itemListElement\":[{\"@type\":\"ListItem\",\"position\":1,\"name\":\"Hjem\",\"item\":\"https:\/\/mentalhelse.no\/more-og-romsdal\/\"},{\"@type\":\"ListItem\",\"position\":2,\"name\":\"Nyheter\",\"item\":\"https:\/\/mentalhelse.no\/more-og-romsdal\/aktuelt\/\"},{\"@type\":\"ListItem\",\"position\":3,\"name\":\"Fylkeskulturkonferansen 2024 &laquo;Ringverknadar &#8211; dyrtid, deltaking og drivkraft&raquo;\"}]},{\"@type\":\"WebSite\",\"@id\":\"https:\/\/mentalhelse.no\/more-og-romsdal\/#website\",\"url\":\"https:\/\/mentalhelse.no\/more-og-romsdal\/\",\"name\":\"M\u00f8re og Romsdal\",\"description\":\"\",\"potentialAction\":[{\"@type\":\"SearchAction\",\"target\":{\"@type\":\"EntryPoint\",\"urlTemplate\":\"https:\/\/mentalhelse.no\/more-og-romsdal\/?s={search_term_string}\"},\"query-input\":\"required name=search_term_string\"}],\"inLanguage\":\"nb-NO\"}]}<\/script>\n<!-- \/ Yoast SEO Premium plugin. -->","yoast_head_json":{"title":"Fylkeskulturkonferansen 2024 \"Ringverknadar - dyrtid, deltaking og drivkraft\" - Mental Helse - M\u00f8re og Romsdal","robots":{"index":"index","follow":"follow","max-snippet":"max-snippet:-1","max-image-preview":"max-image-preview:large","max-video-preview":"max-video-preview:-1"},"canonical":"https:\/\/mentalhelse.no\/more-og-romsdal\/aktuelt\/fylkeskulturkonferansen-2024-ringverknadar-dyrtid-deltaking-og-drivkraft\/","og_locale":"nb_NO","og_type":"article","og_title":"Fylkeskulturkonferansen 2024 \"Ringverknadar - dyrtid, deltaking og drivkraft\"","og_description":"Konferansen byr p\u00e5 foredragshaldarar som vil dele sin kunnskap og erfaring om temaet, i tillegg til arbeidsverkstadar og diskusjonsgrupper der vi saman kan utforske og...","og_url":"https:\/\/mentalhelse.no\/more-og-romsdal\/aktuelt\/fylkeskulturkonferansen-2024-ringverknadar-dyrtid-deltaking-og-drivkraft\/","og_site_name":"M\u00f8re og Romsdal","article_modified_time":"2024-09-12T10:54:20+00:00","og_image":[{"width":1920,"height":1440,"url":"https:\/\/mentalhelse.no\/content\/uploads\/sites\/188\/2024\/09\/Apning-av-konferansen.jpg","type":"image\/jpeg"}],"twitter_card":"summary_large_image","twitter_misc":{"Ansl. lesetid":"2 minutter"},"schema":{"@context":"https:\/\/schema.org","@graph":[{"@type":"WebPage","@id":"https:\/\/mentalhelse.no\/more-og-romsdal\/aktuelt\/fylkeskulturkonferansen-2024-ringverknadar-dyrtid-deltaking-og-drivkraft\/","url":"https:\/\/mentalhelse.no\/more-og-romsdal\/aktuelt\/fylkeskulturkonferansen-2024-ringverknadar-dyrtid-deltaking-og-drivkraft\/","name":"Fylkeskulturkonferansen 2024 \"Ringverknadar - dyrtid, deltaking og drivkraft\" - M\u00f8re og Romsdal","isPartOf":{"@id":"https:\/\/mentalhelse.no\/more-og-romsdal\/#website"},"datePublished":"2024-09-11T14:37:09+00:00","dateModified":"2024-09-12T10:54:20+00:00","breadcrumb":{"@id":"https:\/\/mentalhelse.no\/more-og-romsdal\/aktuelt\/fylkeskulturkonferansen-2024-ringverknadar-dyrtid-deltaking-og-drivkraft\/#breadcrumb"},"inLanguage":"nb-NO","potentialAction":[{"@type":"ReadAction","target":["https:\/\/mentalhelse.no\/more-og-romsdal\/aktuelt\/fylkeskulturkonferansen-2024-ringverknadar-dyrtid-deltaking-og-drivkraft\/"]}]},{"@type":"BreadcrumbList","@id":"https:\/\/mentalhelse.no\/more-og-romsdal\/aktuelt\/fylkeskulturkonferansen-2024-ringverknadar-dyrtid-deltaking-og-drivkraft\/#breadcrumb","itemListElement":[{"@type":"ListItem","position":1,"name":"Hjem","item":"https:\/\/mentalhelse.no\/more-og-romsdal\/"},{"@type":"ListItem","position":2,"name":"Nyheter","item":"https:\/\/mentalhelse.no\/more-og-romsdal\/aktuelt\/"},{"@type":"ListItem","position":3,"name":"Fylkeskulturkonferansen 2024 &laquo;Ringverknadar &#8211; dyrtid, deltaking og drivkraft&raquo;"}]},{"@type":"WebSite","@id":"https:\/\/mentalhelse.no\/more-og-romsdal\/#website","url":"https:\/\/mentalhelse.no\/more-og-romsdal\/","name":"M\u00f8re og Romsdal","description":"","potentialAction":[{"@type":"SearchAction","target":{"@type":"EntryPoint","urlTemplate":"https:\/\/mentalhelse.no\/more-og-romsdal\/?s={search_term_string}"},"query-input":"required name=search_term_string"}],"inLanguage":"nb-NO"}]}},"_links":{"self":[{"href":"https:\/\/mentalhelse.no\/more-og-romsdal\/wp-json\/wp\/v2\/news\/1272","targetHints":{"allow":["GET"]}}],"collection":[{"href":"https:\/\/mentalhelse.no\/more-og-romsdal\/wp-json\/wp\/v2\/news"}],"about":[{"href":"https:\/\/mentalhelse.no\/more-og-romsdal\/wp-json\/wp\/v2\/types\/news"}],"author":[{"embeddable":true,"href":"https:\/\/mentalhelse.no\/more-og-romsdal\/wp-json\/wp\/v2\/users\/15"}],"wp:featuredmedia":[{"embeddable":true,"href":"https:\/\/mentalhelse.no\/more-og-romsdal\/wp-json\/wp\/v2\/media\/1273"}],"wp:attachment":[{"href":"https:\/\/mentalhelse.no\/more-og-romsdal\/wp-json\/wp\/v2\/media?parent=1272"}],"wp:term":[{"taxonomy":"news_category","embeddable":true,"href":"https:\/\/mentalhelse.no\/more-og-romsdal\/wp-json\/wp\/v2\/news_category?post=1272"}],"curies":[{"name":"wp","href":"https:\/\/api.w.org\/{rel}","templated":true}]}}