{"id":1280,"date":"2024-09-22T17:42:39","date_gmt":"2024-09-22T17:42:39","guid":{"rendered":"https:\/\/mentalhelse.no\/more-og-romsdal\/?post_type=news&#038;p=1280"},"modified":"2025-03-21T15:58:25","modified_gmt":"2025-03-21T15:58:25","slug":"medisinfritt-behandlingstibud-pa-vegsund-dps-ma-besta","status":"publish","type":"news","link":"https:\/\/mentalhelse.no\/more-og-romsdal\/aktuelt\/medisinfritt-behandlingstibud-pa-vegsund-dps-ma-besta\/","title":{"rendered":"Medisinfritt behandlingstibud p\u00e5 DPS Vegsund m\u00e5 best\u00e5!"},"content":{"rendered":"<figure class=\"alignwide wp-block-post-featured-image\"><img loading=\"lazy\" decoding=\"async\" width=\"2249\" height=\"2560\" src=\"https:\/\/mentalhelse.no\/content\/uploads\/sites\/188\/2023\/10\/Irene-Sunnholm-scaled.jpg\" class=\"attachment-post-thumbnail size-post-thumbnail wp-post-image\" alt=\"Fylkesleder\" style=\"object-fit:cover; --focal-point: 50% 50%;\" srcset=\"https:\/\/mentalhelse.no\/content\/uploads\/sites\/188\/2023\/10\/Irene-Sunnholm-scaled.jpg 2249w, https:\/\/mentalhelse.no\/content\/uploads\/sites\/188\/2023\/10\/Irene-Sunnholm-264x300.jpg 264w, https:\/\/mentalhelse.no\/content\/uploads\/sites\/188\/2023\/10\/Irene-Sunnholm-900x1024.jpg 900w, https:\/\/mentalhelse.no\/content\/uploads\/sites\/188\/2023\/10\/Irene-Sunnholm-768x874.jpg 768w, https:\/\/mentalhelse.no\/content\/uploads\/sites\/188\/2023\/10\/Irene-Sunnholm-1349x1536.jpg 1349w, https:\/\/mentalhelse.no\/content\/uploads\/sites\/188\/2023\/10\/Irene-Sunnholm-1799x2048.jpg 1799w\" sizes=\"auto, (max-width: 2249px) 100vw, 2249px\" \/><\/figure>\n\n<h1 class=\"wp-block-post-title\">Medisinfritt behandlingstibud p\u00e5 DPS Vegsund m\u00e5 best\u00e5!<\/h1>\n\n<div class=\"is-img-top mh-byline wp-block-mh-byline\">\n                  <div class=\"mh-byline__inner\">\n                  \t\n                  \t<div class=\"mh-byline__meta\">\n                  \t\t<div class=\"mh-byline__post\">\n                  \t\t\t<div class=\"entry-date\">22.09.2024<\/div>\n                  \t\t<\/div>\n                  \t\t<div class=\"mh-byline__author\">\n                  \t\t\t <span class=\"mh-byline__author-link\">S\u00f8lvi Hagen<\/span>\n\t\t\t\t\t\t<\/div>\n\t\t\t\t\t<\/div>\n\t\t\t\t<\/div>\n\t\t<\/div>\n\n<p class=\"t2-ingress wp-block-t2-ingress\"><strong>N\u00c5 ER DET NOK! Kuttene innen psykisk helse og rus i Helse M\u00f8re og Romsdal HF m\u00e5 opph\u00f8re. Forslaget om at Medisinfritt behandlingstilbud ved <strong>DPS<\/strong><\/strong> <strong>Vegsund vurderes nedlagt er dr\u00e5pen som f\u00e5r begeret til \u00e5 flyte over, sier leder Irene Sundholm i Mental Helse M\u00f8re og Romsdal!<\/strong><\/p>\n\n\n<p>Mental Helse M\u00f8re og Romsdal reagerer meget sterkt p\u00e5 at det eneste tilbudet om medisinfritt behandlingstilbud i Helse Midt-Norge RHF n\u00e5 vurderes nedlagt. &nbsp;<\/p>\n\n\n\n<p>-Vi har sett oss lei p\u00e5 at gode aktivitets- og behandlingstilbud legges ned b\u00e5de regionalt, i fylket og i mange kommuner. Det er vedtatt en opptrappingsplan for psykisk helse, men det vi registrerer er kutt i tilbudene.<\/p>\n\n\n\n<p>Mental Helse mener at det m\u00e5 avsettes midler til flere ressurser og styrking av tjenestetilbudet \u2013 ikke en svekking! At innf\u00f8ring av Helseplattformen skal f\u00f8re til at de som trenger det mister et tilbud som har hjulpet s\u00e5 mange er uakseptabelt.<\/p>\n\n\n\n<p>Medisinfri behandling vektlegger frivillighet, aktivitet, mestring, struktur, nettverk og bevissthet om egen helse og livssituasjon. Medisinfri behandling gir den enkelte muligheten til \u00e5 ta gode valg gjennom \u00e5 bli bevisst p\u00e5 de utfordringene og mulighetene en st\u00e5r overfor.<\/p>\n\n\n\n<p>693 mennesker d\u00f8de i selvmord i 2023. Selvmord er den fremste d\u00f8ds\u00e5rsaken blant unge i Norden, et alvorlig samfunnsproblem som vi m\u00e5 ta p\u00e5 alvor. Mental Helse har l\u00f8ftet null-visjon for selvmord og f\u00e5tt politisk gjennomslag for det. Da er det direkte provoserende at gode tilbud som faktisk hjelper mennesker tilbake til et verdig liv skal vurderes kuttet.<\/p>\n\n\n\n<p>Det er mange gode grunner for \u00e5 opprettholde tilbudet p\u00e5 Vegsund DPS;<br>&#8211; flere kan behandles og unng\u00e5 at sykdommen forsterker seg<br>&#8211; tilbudet kan minske presset p\u00e5 sengeplassene ved psykiatriske avdelinger<br>&#8211; et bedre tilpasset behandlingstilbud for personer som har arbeid og familie<\/p>\n\n\n\n\t\t<div class=\"mh-related-posts alignfull alignfull wp-block-mentalhelse-related-posts gray-mode\">\n\t\t\t<div class=\"mh-related-posts__inner\">\n\t\t\t\t\n\n<h3 class=\"wp-block-heading\" id=\"h-also-read\">Also read<\/h3>\n\n\n<div class=\"t2-featured-content-layout alignwide alignwide wp-block-t2-featured-content-layout\">\n<div class=\"t2-featured-query-post t2-featured-content is-post-type-news wp-block-t2-featured-query-post t2-featured-content-layout-col-4\"><a class=\"t2-post-link wp-block-t2-post-link\" href=\"https:\/\/mentalhelse.no\/more-og-romsdal\/aktuelt\/nettverkssamling-for-brukerrepresentanter\/\">\n\t<figure style=\"--t2-focal-point: 50% 50%;\" class=\"t2-post-featured-image has-image-ratio-16-9 wp-block-t2-post-featured-image\"><img loading=\"lazy\" decoding=\"async\" width=\"1641\" height=\"923\" src=\"https:\/\/mentalhelse.no\/content\/uploads\/sites\/188\/2026\/02\/Nettverkssamling-jan.26.jpg\" class=\"attachment-post-thumbnail size-post-thumbnail wp-post-image\" alt=\"Rollen som brukerrepresentant\" srcset=\"https:\/\/mentalhelse.no\/content\/uploads\/sites\/188\/2026\/02\/Nettverkssamling-jan.26.jpg 1641w, https:\/\/mentalhelse.no\/content\/uploads\/sites\/188\/2026\/02\/Nettverkssamling-jan.26-300x169.jpg 300w, https:\/\/mentalhelse.no\/content\/uploads\/sites\/188\/2026\/02\/Nettverkssamling-jan.26-1024x576.jpg 1024w, https:\/\/mentalhelse.no\/content\/uploads\/sites\/188\/2026\/02\/Nettverkssamling-jan.26-768x432.jpg 768w, https:\/\/mentalhelse.no\/content\/uploads\/sites\/188\/2026\/02\/Nettverkssamling-jan.26-1536x864.jpg 1536w\" sizes=\"auto, (max-width: 1641px) 100vw, 1641px\" style=\"--focal-point: 50% 50%;\" \/><\/figure>\n<\/a>\n\n<div class=\"wp-block-group postinfo alignfull is-layout-flow wp-block-group-is-layout-flow\">\n\t<div class=\"wp-block-mentalhelse-post-category\">\n\t\t\t\t\t<div class=\"post-type\">\n\t\t\t\t\t\t<a href=\"https:\/\/mentalhelse.no\/more-og-romsdal\/aktuelt\/\">Nyheter<\/a>\n\t\t\t\t\t<\/div>\n\t\t\t\t\t\n\t\t\t\t\t<div class=\"post-category\">\n\t\t\t\t\t\t\n\t\t\t\t\t<\/div>\n\t\t\t<\/div>\n\t<a class=\"t2-post-link wp-block-t2-post-link\" href=\"https:\/\/mentalhelse.no\/more-og-romsdal\/aktuelt\/nettverkssamling-for-brukerrepresentanter\/\">\n\t<h2 class=\"t2-post-title wp-block-t2-post-title\">Nettverkssamling for brukerrepresentanter<\/h2>\n\t<\/a>\n<\/div>\n\n<\/div>\n\n<div class=\"t2-featured-query-post t2-featured-content is-post-type-news wp-block-t2-featured-query-post t2-featured-content-layout-col-4\"><a class=\"t2-post-link wp-block-t2-post-link\" href=\"https:\/\/mentalhelse.no\/more-og-romsdal\/aktuelt\/ledermote-november-25\/\">\n\t<figure style=\"--t2-focal-point: 50% 50%;\" class=\"t2-post-featured-image has-image-ratio-16-9 wp-block-t2-post-featured-image\"><img loading=\"lazy\" decoding=\"async\" width=\"2560\" height=\"1237\" src=\"https:\/\/mentalhelse.no\/content\/uploads\/sites\/188\/2025\/12\/Deltakere-2-scaled.jpg\" class=\"attachment-post-thumbnail size-post-thumbnail wp-post-image\" alt=\"\" srcset=\"https:\/\/mentalhelse.no\/content\/uploads\/sites\/188\/2025\/12\/Deltakere-2-scaled.jpg 2560w, https:\/\/mentalhelse.no\/content\/uploads\/sites\/188\/2025\/12\/Deltakere-2-300x145.jpg 300w, https:\/\/mentalhelse.no\/content\/uploads\/sites\/188\/2025\/12\/Deltakere-2-1024x495.jpg 1024w, https:\/\/mentalhelse.no\/content\/uploads\/sites\/188\/2025\/12\/Deltakere-2-768x371.jpg 768w, https:\/\/mentalhelse.no\/content\/uploads\/sites\/188\/2025\/12\/Deltakere-2-1536x742.jpg 1536w, https:\/\/mentalhelse.no\/content\/uploads\/sites\/188\/2025\/12\/Deltakere-2-2048x990.jpg 2048w\" sizes=\"auto, (max-width: 2560px) 100vw, 2560px\" style=\"--focal-point: 50% 50%;\" \/><\/figure>\n<\/a>\n\n<div class=\"wp-block-group postinfo alignfull is-layout-flow wp-block-group-is-layout-flow\">\n\t<div class=\"wp-block-mentalhelse-post-category\">\n\t\t\t\t\t<div class=\"post-type\">\n\t\t\t\t\t\t<a href=\"https:\/\/mentalhelse.no\/more-og-romsdal\/aktuelt\/\">Nyheter<\/a>\n\t\t\t\t\t<\/div>\n\t\t\t\t\t\n\t\t\t\t\t<div class=\"post-category\">\n\t\t\t\t\t\t\n\t\t\t\t\t<\/div>\n\t\t\t<\/div>\n\t<a class=\"t2-post-link wp-block-t2-post-link\" href=\"https:\/\/mentalhelse.no\/more-og-romsdal\/aktuelt\/ledermote-november-25\/\">\n\t<h2 class=\"t2-post-title wp-block-t2-post-title\">Lederm\u00f8te november -25<\/h2>\n\t<\/a>\n<\/div>\n\n<\/div>\n\n<div class=\"t2-featured-query-post t2-featured-content is-post-type-news wp-block-t2-featured-query-post t2-featured-content-layout-col-4\"><a class=\"t2-post-link wp-block-t2-post-link\" href=\"https:\/\/mentalhelse.no\/more-og-romsdal\/aktuelt\/ledermote-mental-helse-20-21-mars-25-gardermoen\/\">\n\t<figure style=\"--t2-focal-point: 50% 50%;\" class=\"t2-post-featured-image has-image-ratio-16-9 wp-block-t2-post-featured-image\"><img loading=\"lazy\" decoding=\"async\" width=\"2560\" height=\"1374\" src=\"https:\/\/mentalhelse.no\/content\/uploads\/sites\/188\/2025\/03\/IMG_4411-scaled.jpeg\" class=\"attachment-post-thumbnail size-post-thumbnail wp-post-image\" alt=\"\" srcset=\"https:\/\/mentalhelse.no\/content\/uploads\/sites\/188\/2025\/03\/IMG_4411-scaled.jpeg 2560w, https:\/\/mentalhelse.no\/content\/uploads\/sites\/188\/2025\/03\/IMG_4411-300x161.jpeg 300w, https:\/\/mentalhelse.no\/content\/uploads\/sites\/188\/2025\/03\/IMG_4411-1024x549.jpeg 1024w, https:\/\/mentalhelse.no\/content\/uploads\/sites\/188\/2025\/03\/IMG_4411-768x412.jpeg 768w, https:\/\/mentalhelse.no\/content\/uploads\/sites\/188\/2025\/03\/IMG_4411-1536x824.jpeg 1536w, https:\/\/mentalhelse.no\/content\/uploads\/sites\/188\/2025\/03\/IMG_4411-2048x1099.jpeg 2048w\" sizes=\"auto, (max-width: 2560px) 100vw, 2560px\" style=\"--focal-point: 50% 50%;\" \/><\/figure>\n<\/a>\n\n<div class=\"wp-block-group postinfo alignfull is-layout-flow wp-block-group-is-layout-flow\">\n\t<div class=\"wp-block-mentalhelse-post-category\">\n\t\t\t\t\t<div class=\"post-type\">\n\t\t\t\t\t\t<a href=\"https:\/\/mentalhelse.no\/more-og-romsdal\/aktuelt\/\">Nyheter<\/a>\n\t\t\t\t\t<\/div>\n\t\t\t\t\t\n\t\t\t\t\t<div class=\"post-category\">\n\t\t\t\t\t\t\n\t\t\t\t\t<\/div>\n\t\t\t<\/div>\n\t<a class=\"t2-post-link wp-block-t2-post-link\" href=\"https:\/\/mentalhelse.no\/more-og-romsdal\/aktuelt\/ledermote-mental-helse-20-21-mars-25-gardermoen\/\">\n\t<h2 class=\"t2-post-title wp-block-t2-post-title\">Lederm\u00f8te Mental helse 20.-21. mars -25 Gardermoen<\/h2>\n\t<\/a>\n<\/div>\n\n<\/div>\n<\/div>\n\n\t\t\t<\/div>\n\t\t<\/div>","protected":false},"excerpt":{"rendered":"<p>Mental Helse M\u00f8re og Romsdal reagerer meget sterkt p\u00e5 at det eneste tilbudet om medisinfritt behandlingstilbud i Helse Midt-Norge RHF n\u00e5 vurderes nedlagt. &nbsp; -Vi&#8230;<\/p>\n","protected":false},"author":15,"featured_media":1133,"parent":0,"template":"","meta":{"t2_featured_media_focal_point":{"x":0.5,"y":0.5},"mh_hide_title":true},"news_category":[],"class_list":["post-1280","news","type-news","status-publish","has-post-thumbnail","hentry"],"yoast_head":"<!-- This site is optimized with the Yoast SEO Premium plugin v21.2 (Yoast SEO v21.2) - https:\/\/yoast.com\/wordpress\/plugins\/seo\/ -->\n<title>Medisinfritt behandlingstibud p\u00e5 DPS Vegsund m\u00e5 best\u00e5! - Mental Helse - M\u00f8re og Romsdal<\/title>\n<meta name=\"robots\" content=\"index, follow, max-snippet:-1, max-image-preview:large, max-video-preview:-1\" \/>\n<link rel=\"canonical\" href=\"https:\/\/mentalhelse.no\/more-og-romsdal\/aktuelt\/medisinfritt-behandlingstibud-pa-vegsund-dps-ma-besta\/\" \/>\n<meta property=\"og:locale\" content=\"nb_NO\" \/>\n<meta property=\"og:type\" content=\"article\" \/>\n<meta property=\"og:title\" content=\"Medisinfritt behandlingstibud p\u00e5 DPS Vegsund m\u00e5 best\u00e5!\" \/>\n<meta property=\"og:description\" content=\"Mental Helse M\u00f8re og Romsdal reagerer meget sterkt p\u00e5 at det eneste tilbudet om medisinfritt behandlingstilbud i Helse Midt-Norge RHF n\u00e5 vurderes nedlagt. &nbsp; -Vi...\" \/>\n<meta property=\"og:url\" content=\"https:\/\/mentalhelse.no\/more-og-romsdal\/aktuelt\/medisinfritt-behandlingstibud-pa-vegsund-dps-ma-besta\/\" \/>\n<meta property=\"og:site_name\" content=\"M\u00f8re og Romsdal\" \/>\n<meta property=\"article:modified_time\" content=\"2025-03-21T15:58:25+00:00\" \/>\n<meta property=\"og:image\" content=\"https:\/\/mentalhelse.no\/content\/uploads\/sites\/188\/2023\/10\/Irene-Sunnholm-scaled.jpg\" \/>\n\t<meta property=\"og:image:width\" content=\"2249\" \/>\n\t<meta property=\"og:image:height\" content=\"2560\" \/>\n\t<meta property=\"og:image:type\" content=\"image\/jpeg\" \/>\n<meta name=\"twitter:card\" content=\"summary_large_image\" \/>\n<meta name=\"twitter:label1\" content=\"Ansl. lesetid\" \/>\n\t<meta name=\"twitter:data1\" content=\"2 minutter\" \/>\n<script type=\"application\/ld+json\" class=\"yoast-schema-graph\">{\"@context\":\"https:\/\/schema.org\",\"@graph\":[{\"@type\":\"WebPage\",\"@id\":\"https:\/\/mentalhelse.no\/more-og-romsdal\/aktuelt\/medisinfritt-behandlingstibud-pa-vegsund-dps-ma-besta\/\",\"url\":\"https:\/\/mentalhelse.no\/more-og-romsdal\/aktuelt\/medisinfritt-behandlingstibud-pa-vegsund-dps-ma-besta\/\",\"name\":\"Medisinfritt behandlingstibud p\u00e5 DPS Vegsund m\u00e5 best\u00e5! - M\u00f8re og Romsdal\",\"isPartOf\":{\"@id\":\"https:\/\/mentalhelse.no\/more-og-romsdal\/#website\"},\"datePublished\":\"2024-09-22T17:42:39+00:00\",\"dateModified\":\"2025-03-21T15:58:25+00:00\",\"breadcrumb\":{\"@id\":\"https:\/\/mentalhelse.no\/more-og-romsdal\/aktuelt\/medisinfritt-behandlingstibud-pa-vegsund-dps-ma-besta\/#breadcrumb\"},\"inLanguage\":\"nb-NO\",\"potentialAction\":[{\"@type\":\"ReadAction\",\"target\":[\"https:\/\/mentalhelse.no\/more-og-romsdal\/aktuelt\/medisinfritt-behandlingstibud-pa-vegsund-dps-ma-besta\/\"]}]},{\"@type\":\"BreadcrumbList\",\"@id\":\"https:\/\/mentalhelse.no\/more-og-romsdal\/aktuelt\/medisinfritt-behandlingstibud-pa-vegsund-dps-ma-besta\/#breadcrumb\",\"itemListElement\":[{\"@type\":\"ListItem\",\"position\":1,\"name\":\"Hjem\",\"item\":\"https:\/\/mentalhelse.no\/more-og-romsdal\/\"},{\"@type\":\"ListItem\",\"position\":2,\"name\":\"Nyheter\",\"item\":\"https:\/\/mentalhelse.no\/more-og-romsdal\/aktuelt\/\"},{\"@type\":\"ListItem\",\"position\":3,\"name\":\"Medisinfritt behandlingstibud p\u00e5 DPS Vegsund m\u00e5 best\u00e5!\"}]},{\"@type\":\"WebSite\",\"@id\":\"https:\/\/mentalhelse.no\/more-og-romsdal\/#website\",\"url\":\"https:\/\/mentalhelse.no\/more-og-romsdal\/\",\"name\":\"M\u00f8re og Romsdal\",\"description\":\"\",\"potentialAction\":[{\"@type\":\"SearchAction\",\"target\":{\"@type\":\"EntryPoint\",\"urlTemplate\":\"https:\/\/mentalhelse.no\/more-og-romsdal\/?s={search_term_string}\"},\"query-input\":\"required name=search_term_string\"}],\"inLanguage\":\"nb-NO\"}]}<\/script>\n<!-- \/ Yoast SEO Premium plugin. -->","yoast_head_json":{"title":"Medisinfritt behandlingstibud p\u00e5 DPS Vegsund m\u00e5 best\u00e5! - Mental Helse - M\u00f8re og Romsdal","robots":{"index":"index","follow":"follow","max-snippet":"max-snippet:-1","max-image-preview":"max-image-preview:large","max-video-preview":"max-video-preview:-1"},"canonical":"https:\/\/mentalhelse.no\/more-og-romsdal\/aktuelt\/medisinfritt-behandlingstibud-pa-vegsund-dps-ma-besta\/","og_locale":"nb_NO","og_type":"article","og_title":"Medisinfritt behandlingstibud p\u00e5 DPS Vegsund m\u00e5 best\u00e5!","og_description":"Mental Helse M\u00f8re og Romsdal reagerer meget sterkt p\u00e5 at det eneste tilbudet om medisinfritt behandlingstilbud i Helse Midt-Norge RHF n\u00e5 vurderes nedlagt. &nbsp; -Vi...","og_url":"https:\/\/mentalhelse.no\/more-og-romsdal\/aktuelt\/medisinfritt-behandlingstibud-pa-vegsund-dps-ma-besta\/","og_site_name":"M\u00f8re og Romsdal","article_modified_time":"2025-03-21T15:58:25+00:00","og_image":[{"width":2249,"height":2560,"url":"https:\/\/mentalhelse.no\/content\/uploads\/sites\/188\/2023\/10\/Irene-Sunnholm-scaled.jpg","type":"image\/jpeg"}],"twitter_card":"summary_large_image","twitter_misc":{"Ansl. lesetid":"2 minutter"},"schema":{"@context":"https:\/\/schema.org","@graph":[{"@type":"WebPage","@id":"https:\/\/mentalhelse.no\/more-og-romsdal\/aktuelt\/medisinfritt-behandlingstibud-pa-vegsund-dps-ma-besta\/","url":"https:\/\/mentalhelse.no\/more-og-romsdal\/aktuelt\/medisinfritt-behandlingstibud-pa-vegsund-dps-ma-besta\/","name":"Medisinfritt behandlingstibud p\u00e5 DPS Vegsund m\u00e5 best\u00e5! - M\u00f8re og Romsdal","isPartOf":{"@id":"https:\/\/mentalhelse.no\/more-og-romsdal\/#website"},"datePublished":"2024-09-22T17:42:39+00:00","dateModified":"2025-03-21T15:58:25+00:00","breadcrumb":{"@id":"https:\/\/mentalhelse.no\/more-og-romsdal\/aktuelt\/medisinfritt-behandlingstibud-pa-vegsund-dps-ma-besta\/#breadcrumb"},"inLanguage":"nb-NO","potentialAction":[{"@type":"ReadAction","target":["https:\/\/mentalhelse.no\/more-og-romsdal\/aktuelt\/medisinfritt-behandlingstibud-pa-vegsund-dps-ma-besta\/"]}]},{"@type":"BreadcrumbList","@id":"https:\/\/mentalhelse.no\/more-og-romsdal\/aktuelt\/medisinfritt-behandlingstibud-pa-vegsund-dps-ma-besta\/#breadcrumb","itemListElement":[{"@type":"ListItem","position":1,"name":"Hjem","item":"https:\/\/mentalhelse.no\/more-og-romsdal\/"},{"@type":"ListItem","position":2,"name":"Nyheter","item":"https:\/\/mentalhelse.no\/more-og-romsdal\/aktuelt\/"},{"@type":"ListItem","position":3,"name":"Medisinfritt behandlingstibud p\u00e5 DPS Vegsund m\u00e5 best\u00e5!"}]},{"@type":"WebSite","@id":"https:\/\/mentalhelse.no\/more-og-romsdal\/#website","url":"https:\/\/mentalhelse.no\/more-og-romsdal\/","name":"M\u00f8re og Romsdal","description":"","potentialAction":[{"@type":"SearchAction","target":{"@type":"EntryPoint","urlTemplate":"https:\/\/mentalhelse.no\/more-og-romsdal\/?s={search_term_string}"},"query-input":"required name=search_term_string"}],"inLanguage":"nb-NO"}]}},"_links":{"self":[{"href":"https:\/\/mentalhelse.no\/more-og-romsdal\/wp-json\/wp\/v2\/news\/1280","targetHints":{"allow":["GET"]}}],"collection":[{"href":"https:\/\/mentalhelse.no\/more-og-romsdal\/wp-json\/wp\/v2\/news"}],"about":[{"href":"https:\/\/mentalhelse.no\/more-og-romsdal\/wp-json\/wp\/v2\/types\/news"}],"author":[{"embeddable":true,"href":"https:\/\/mentalhelse.no\/more-og-romsdal\/wp-json\/wp\/v2\/users\/15"}],"wp:featuredmedia":[{"embeddable":true,"href":"https:\/\/mentalhelse.no\/more-og-romsdal\/wp-json\/wp\/v2\/media\/1133"}],"wp:attachment":[{"href":"https:\/\/mentalhelse.no\/more-og-romsdal\/wp-json\/wp\/v2\/media?parent=1280"}],"wp:term":[{"taxonomy":"news_category","embeddable":true,"href":"https:\/\/mentalhelse.no\/more-og-romsdal\/wp-json\/wp\/v2\/news_category?post=1280"}],"curies":[{"name":"wp","href":"https:\/\/api.w.org\/{rel}","templated":true}]}}