{"id":1296,"date":"2024-12-12T13:39:19","date_gmt":"2024-12-12T13:39:19","guid":{"rendered":"https:\/\/mentalhelse.no\/more-og-romsdal\/?post_type=news&#038;p=1296"},"modified":"2024-12-12T13:55:56","modified_gmt":"2024-12-12T13:55:56","slug":"ledermote-8-desember-2024","status":"publish","type":"news","link":"https:\/\/mentalhelse.no\/more-og-romsdal\/aktuelt\/ledermote-8-desember-2024\/","title":{"rendered":"Lederm\u00f8te 8. desember 2024"},"content":{"rendered":"<figure class=\"alignwide wp-block-post-featured-image\"><img loading=\"lazy\" decoding=\"async\" width=\"2560\" height=\"1153\" src=\"https:\/\/mentalhelse.no\/content\/uploads\/sites\/188\/2023\/03\/20241208_154056-scaled.jpg\" class=\"attachment-post-thumbnail size-post-thumbnail wp-post-image\" alt=\"Lederm\u00f8te MH M\u00f8re og Romsdal Des.24\" style=\"object-fit:cover; --focal-point: 50% 50%;\" srcset=\"https:\/\/mentalhelse.no\/content\/uploads\/sites\/188\/2023\/03\/20241208_154056-scaled.jpg 2560w, https:\/\/mentalhelse.no\/content\/uploads\/sites\/188\/2023\/03\/20241208_154056-300x135.jpg 300w, https:\/\/mentalhelse.no\/content\/uploads\/sites\/188\/2023\/03\/20241208_154056-1024x461.jpg 1024w, https:\/\/mentalhelse.no\/content\/uploads\/sites\/188\/2023\/03\/20241208_154056-768x346.jpg 768w, https:\/\/mentalhelse.no\/content\/uploads\/sites\/188\/2023\/03\/20241208_154056-1536x692.jpg 1536w, https:\/\/mentalhelse.no\/content\/uploads\/sites\/188\/2023\/03\/20241208_154056-2048x922.jpg 2048w\" sizes=\"auto, (max-width: 2560px) 100vw, 2560px\" \/><\/figure>\n\n<h1 class=\"wp-block-post-title\">Lederm\u00f8te 8. desember 2024<\/h1>\n\n<div class=\"is-img-top mh-byline wp-block-mh-byline\">\n                  <div class=\"mh-byline__inner\">\n                  \t\n                  \t<div class=\"mh-byline__meta\">\n                  \t\t<div class=\"mh-byline__post\">\n                  \t\t\t<div class=\"entry-date\">12.12.2024<\/div>\n                  \t\t<\/div>\n                  \t\t<div class=\"mh-byline__author\">\n                  \t\t\t <span class=\"mh-byline__author-link\">S\u00f8lvi Hagen<\/span>\n\t\t\t\t\t\t<\/div>\n\t\t\t\t\t<\/div>\n\t\t\t\t<\/div>\n\t\t<\/div>\n\n\n<h2 class=\"wp-block-heading\" id=\"h-ledermote-var-samlet-til-gjennomgang-og-refleksjon-om-aret-som-snart-er-over-og-prioriteringer-for-aret-som-kommer\">Lederm\u00f8te var samlet til gjennomgang og refleksjon om \u00e5ret som snart er over, og prioriteringer for \u00e5ret som kommer.<\/h2>\n\n\n\n<p>Leder Irene Sundholm \u00f8nsket velkommen til ledersamlingen og gikk kort gjennom dagens program. Hun er veldig stolt over all den flotte aktiviteten i lagene v\u00e5re. <br>2 av Mental Helse sine priser gikk til M\u00f8re og Romsdal gjennom at Mental Helse Molde mottok prisen for \u00ab\u00c5rets m\u00f8teplass\u00bb og at Anette Scheen, leder i Mental Helse Kristiansund mottok prisen for \u00ab\u00c5rets ildsjel p\u00e5 landsm\u00f8tet. Fylkesleder mottok prisen p\u00e5 vegne av Anette Scheen, da hun var forhindret i \u00e5 delta. I tillegg mottok Mental Helse Giske \u00abfrivilligprisen\u00bb 2024 fra Giske kommune under en flott markering.<\/p>\n\n\n\n<div class=\"wp-block-group is-nowrap is-layout-flex wp-container-core-group-is-layout-1 wp-block-group-is-layout-flex\">\n<figure class=\"wp-block-image size-large is-resized\"><img loading=\"lazy\" decoding=\"async\" width=\"1006\" height=\"1024\" src=\"https:\/\/mentalhelse.no\/content\/uploads\/sites\/188\/2023\/03\/Pris-for-arets-moteplass-e1734006678998-1006x1024.jpg\" alt=\"\" class=\"wp-image-1287\" style=\"aspect-ratio:0.982421875;width:236px;height:auto\" srcset=\"https:\/\/mentalhelse.no\/content\/uploads\/sites\/188\/2023\/03\/Pris-for-arets-moteplass-e1734006678998-1006x1024.jpg 1006w, https:\/\/mentalhelse.no\/content\/uploads\/sites\/188\/2023\/03\/Pris-for-arets-moteplass-e1734006678998-295x300.jpg 295w, https:\/\/mentalhelse.no\/content\/uploads\/sites\/188\/2023\/03\/Pris-for-arets-moteplass-e1734006678998-768x782.jpg 768w, https:\/\/mentalhelse.no\/content\/uploads\/sites\/188\/2023\/03\/Pris-for-arets-moteplass-e1734006678998.jpg 1341w\" sizes=\"auto, (max-width: 1006px) 100vw, 1006px\" \/><figcaption class=\"wp-element-caption\">Foto: Emilie Gjengedal Vatn\u00f8y<\/figcaption><\/figure>\n\n\n\n<figure class=\"wp-block-image size-large is-resized\"><img loading=\"lazy\" decoding=\"async\" width=\"1024\" height=\"857\" src=\"https:\/\/mentalhelse.no\/content\/uploads\/sites\/188\/2023\/03\/Pris-for-arets-ildsjel-e1734006813934-1024x857.jpg\" alt=\"\u00c5rets Ildsjel\" class=\"wp-image-1288\" style=\"aspect-ratio:1.1948658109684946;width:282px;height:auto\" srcset=\"https:\/\/mentalhelse.no\/content\/uploads\/sites\/188\/2023\/03\/Pris-for-arets-ildsjel-e1734006813934-1024x857.jpg 1024w, https:\/\/mentalhelse.no\/content\/uploads\/sites\/188\/2023\/03\/Pris-for-arets-ildsjel-e1734006813934-300x251.jpg 300w, https:\/\/mentalhelse.no\/content\/uploads\/sites\/188\/2023\/03\/Pris-for-arets-ildsjel-e1734006813934-768x643.jpg 768w, https:\/\/mentalhelse.no\/content\/uploads\/sites\/188\/2023\/03\/Pris-for-arets-ildsjel-e1734006813934-1536x1285.jpg 1536w, https:\/\/mentalhelse.no\/content\/uploads\/sites\/188\/2023\/03\/Pris-for-arets-ildsjel-e1734006813934.jpg 1631w\" sizes=\"auto, (max-width: 1024px) 100vw, 1024px\" \/><figcaption class=\"wp-element-caption\">Foto: Emilie Gjengedal Vatn\u00f8y<\/figcaption><\/figure>\n\n\n\n<figure class=\"wp-block-image size-full is-resized\"><img loading=\"lazy\" decoding=\"async\" width=\"1024\" height=\"683\" src=\"https:\/\/mentalhelse.no\/content\/uploads\/sites\/188\/2024\/12\/Frivilligprisen-Giske.jpg\" alt=\"\" class=\"wp-image-1293\" style=\"aspect-ratio:1.499267935578331;width:352px;height:auto\" srcset=\"https:\/\/mentalhelse.no\/content\/uploads\/sites\/188\/2024\/12\/Frivilligprisen-Giske.jpg 1024w, https:\/\/mentalhelse.no\/content\/uploads\/sites\/188\/2024\/12\/Frivilligprisen-Giske-300x200.jpg 300w, https:\/\/mentalhelse.no\/content\/uploads\/sites\/188\/2024\/12\/Frivilligprisen-Giske-768x512.jpg 768w\" sizes=\"auto, (max-width: 1024px) 100vw, 1024px\" \/><figcaption class=\"wp-element-caption\">(Foto: Andreas Hesselberg)<\/figcaption><\/figure>\n<\/div>\n\n\n\n<p>Lokallagene hadde deretter en presentasjon av lagets status og aktivitet for \u00e5ret 2024. Vi kan bare konkludere med at det har v\u00e6rt mange gode tilbud for medlemmene v\u00e5re i M\u00f8re og Romsdal; alt fra turer i skog og mark, all verdens hobbyaktivteter, opera, markeringer, konkurranser og matauke. <\/p>\n\n\n\n<h2 class=\"wp-block-heading\" id=\"h-alle-lokallag-registrerer\">Alle lokallag registrerer<\/h2>\n\n\n\n<p>For f\u00f8rste gang er det n\u00e5 slik at alle lokallag i M\u00f8re og Romsdal registrerer aktiviteten sin b\u00e5de i FunkisKurs og som likepersonaktiviteter! Det har v\u00e6rt en prioritert satsning fra styret side at alle lokallag skal f\u00e5 den hjelpen de hadde behov for, og studieleder har bist\u00e5tt alle lokallag i arbeidet med \u00e5 registrere faktisk aktivitet.<\/p>\n\n\n\n<p>Studieleder Anna Margrethe Dr\u00e6geb\u00f8 Moe hadde en gjennomgang av aktiviteter som kan registreres som kurs, og hvilke kurs lokallagene \u00f8nsket seg for 2025. Samtidig understreket hun at det er viktig at lagene faktisk meldte seg p\u00e5 kursene som ble satt opp, da det skjer at kurs m\u00e5 avlyses grunnet lav p\u00e5melding. Forslagene og \u00f8nskene var mange, noe som tyder p\u00e5 en veldig god motivasjon for l\u00e6ring i lagene. <\/p>\n\n\n\n<p><strong>Her er kurs\u00f8nsker fra lokallagene for 2025:<\/strong><br>&#8211; Nettsidekurs \u2013 Konflikth\u00e5ndtering \u2013 Brukermedvirkning \u2013 Organisasjonskurs<br>&#8211; Likepersonskurs \u2013 Kurslederkurs \u2013 Etikk \u2013 Oppfriskningskurs &#8211; lederkurs<br> &#8211; Desentraliserte kurs for Nordm\u00f8re, Romsdal og Sunnm\u00f8re?<\/p>\n\n\n\n<div class=\"wp-block-group is-nowrap is-layout-flex wp-container-core-group-is-layout-2 wp-block-group-is-layout-flex\">\n<figure class=\"wp-block-image size-full is-resized\"><img loading=\"lazy\" decoding=\"async\" width=\"854\" height=\"903\" src=\"https:\/\/mentalhelse.no\/content\/uploads\/sites\/188\/2024\/12\/Leder-onsker-velkommen.jpg\" alt=\"\" class=\"wp-image-1294\" style=\"aspect-ratio:0.9457364341085271;width:469px;height:auto\" srcset=\"https:\/\/mentalhelse.no\/content\/uploads\/sites\/188\/2024\/12\/Leder-onsker-velkommen.jpg 854w, https:\/\/mentalhelse.no\/content\/uploads\/sites\/188\/2024\/12\/Leder-onsker-velkommen-284x300.jpg 284w, https:\/\/mentalhelse.no\/content\/uploads\/sites\/188\/2024\/12\/Leder-onsker-velkommen-768x812.jpg 768w\" sizes=\"auto, (max-width: 854px) 100vw, 854px\" \/><figcaption class=\"wp-element-caption\">Foto: S\u00f8lvi Hagen<\/figcaption><\/figure>\n\n\n\n<p>Til slutt fortalte lederen litt fra landsm\u00f8tet i november og hadde en liten gjennomgang av noen av endringene som ble vedtatt p\u00e5 landsm\u00f8tet 2024.<br><br>Det var tidenes st\u00f8rste landsm\u00f8te, og v\u00e5rt fylkeslag hadde 6 delegater til stede. Dette er n\u00e5 endret slik at det framover vil v\u00e6re 4 delegater fra hvert fylke.<br><br>Avslutningsvis takket Irene for stort engasjement og aktive deltakere p\u00e5 lederm\u00f8tet og \u00f8nsket alle en riktig god jul!<\/p>\n<\/div>\n\n\n\n<div class=\"wp-block-group is-nowrap is-layout-flex wp-container-core-group-is-layout-5 wp-block-group-is-layout-flex\">\n<div class=\"wp-block-group is-nowrap is-layout-flex wp-container-core-group-is-layout-4 wp-block-group-is-layout-flex\">\n<div class=\"wp-block-group is-nowrap is-layout-flex wp-container-core-group-is-layout-3 wp-block-group-is-layout-flex\">\n<figure class=\"wp-block-image size-large is-resized\"><img loading=\"lazy\" decoding=\"async\" width=\"1024\" height=\"461\" src=\"https:\/\/mentalhelse.no\/content\/uploads\/sites\/188\/2024\/12\/20241208_153948-1024x461.jpg\" alt=\"\" class=\"wp-image-1298\" style=\"aspect-ratio:2.2212581344902387;width:421px;height:auto\" srcset=\"https:\/\/mentalhelse.no\/content\/uploads\/sites\/188\/2024\/12\/20241208_153948-1024x461.jpg 1024w, https:\/\/mentalhelse.no\/content\/uploads\/sites\/188\/2024\/12\/20241208_153948-300x135.jpg 300w, https:\/\/mentalhelse.no\/content\/uploads\/sites\/188\/2024\/12\/20241208_153948-768x346.jpg 768w, https:\/\/mentalhelse.no\/content\/uploads\/sites\/188\/2024\/12\/20241208_153948-1536x692.jpg 1536w, https:\/\/mentalhelse.no\/content\/uploads\/sites\/188\/2024\/12\/20241208_153948-2048x922.jpg 2048w\" sizes=\"auto, (max-width: 1024px) 100vw, 1024px\" \/><\/figure>\n<\/div>\n<\/div>\n\n\n\n<figure class=\"wp-block-image size-large is-resized\"><img loading=\"lazy\" decoding=\"async\" width=\"1024\" height=\"461\" src=\"https:\/\/mentalhelse.no\/content\/uploads\/sites\/188\/2024\/12\/20241208_154056-1024x461.jpg\" alt=\"\" class=\"wp-image-1300\" style=\"aspect-ratio:2.2212581344902387;width:431px;height:auto\" srcset=\"https:\/\/mentalhelse.no\/content\/uploads\/sites\/188\/2024\/12\/20241208_154056-1024x461.jpg 1024w, https:\/\/mentalhelse.no\/content\/uploads\/sites\/188\/2024\/12\/20241208_154056-300x135.jpg 300w, https:\/\/mentalhelse.no\/content\/uploads\/sites\/188\/2024\/12\/20241208_154056-768x346.jpg 768w, https:\/\/mentalhelse.no\/content\/uploads\/sites\/188\/2024\/12\/20241208_154056-1536x692.jpg 1536w, https:\/\/mentalhelse.no\/content\/uploads\/sites\/188\/2024\/12\/20241208_154056-2048x922.jpg 2048w\" sizes=\"auto, (max-width: 1024px) 100vw, 1024px\" \/><\/figure>\n<\/div>\n\n\n\n<div class=\"wp-block-group is-nowrap is-layout-flex wp-container-core-group-is-layout-6 wp-block-group-is-layout-flex\">\n<figure class=\"wp-block-image size-large is-resized\"><img loading=\"lazy\" decoding=\"async\" width=\"1024\" height=\"461\" src=\"https:\/\/mentalhelse.no\/content\/uploads\/sites\/188\/2024\/12\/20241208_154018-1024x461.jpg\" alt=\"\" class=\"wp-image-1301\" style=\"aspect-ratio:2.2212581344902387;width:434px;height:auto\" srcset=\"https:\/\/mentalhelse.no\/content\/uploads\/sites\/188\/2024\/12\/20241208_154018-1024x461.jpg 1024w, https:\/\/mentalhelse.no\/content\/uploads\/sites\/188\/2024\/12\/20241208_154018-300x135.jpg 300w, https:\/\/mentalhelse.no\/content\/uploads\/sites\/188\/2024\/12\/20241208_154018-768x346.jpg 768w, https:\/\/mentalhelse.no\/content\/uploads\/sites\/188\/2024\/12\/20241208_154018-1536x692.jpg 1536w, https:\/\/mentalhelse.no\/content\/uploads\/sites\/188\/2024\/12\/20241208_154018-2048x922.jpg 2048w\" sizes=\"auto, (max-width: 1024px) 100vw, 1024px\" \/><\/figure>\n\n\n\n<figure class=\"wp-block-image size-large is-resized\"><img loading=\"lazy\" decoding=\"async\" width=\"1024\" height=\"672\" src=\"https:\/\/mentalhelse.no\/content\/uploads\/sites\/188\/2024\/12\/20241208_154008-1024x672.jpg\" alt=\"\" class=\"wp-image-1302\" style=\"aspect-ratio:1.5238095238095237;width:294px;height:auto\" srcset=\"https:\/\/mentalhelse.no\/content\/uploads\/sites\/188\/2024\/12\/20241208_154008-1024x672.jpg 1024w, https:\/\/mentalhelse.no\/content\/uploads\/sites\/188\/2024\/12\/20241208_154008-300x197.jpg 300w, https:\/\/mentalhelse.no\/content\/uploads\/sites\/188\/2024\/12\/20241208_154008-768x504.jpg 768w, https:\/\/mentalhelse.no\/content\/uploads\/sites\/188\/2024\/12\/20241208_154008-1536x1007.jpg 1536w, https:\/\/mentalhelse.no\/content\/uploads\/sites\/188\/2024\/12\/20241208_154008-2048x1343.jpg 2048w\" sizes=\"auto, (max-width: 1024px) 100vw, 1024px\" \/><\/figure>\n<\/div>\n\n\n\n\t\t<div class=\"mh-related-posts alignfull alignfull wp-block-mentalhelse-related-posts gray-mode\">\n\t\t\t<div class=\"mh-related-posts__inner\">\n\t\t\t\t\n\n<h3 class=\"wp-block-heading\" id=\"h-also-read\">Also read<\/h3>\n\n\n<div class=\"t2-featured-content-layout alignwide alignwide wp-block-t2-featured-content-layout\">\n<div class=\"t2-featured-query-post t2-featured-content is-post-type-news wp-block-t2-featured-query-post t2-featured-content-layout-col-4\"><a class=\"t2-post-link wp-block-t2-post-link\" href=\"https:\/\/mentalhelse.no\/more-og-romsdal\/aktuelt\/nettverkssamling-for-brukerrepresentanter\/\">\n\t<figure style=\"--t2-focal-point: 50% 50%;\" class=\"t2-post-featured-image has-image-ratio-16-9 wp-block-t2-post-featured-image\"><img loading=\"lazy\" decoding=\"async\" width=\"1641\" height=\"923\" src=\"https:\/\/mentalhelse.no\/content\/uploads\/sites\/188\/2026\/02\/Nettverkssamling-jan.26.jpg\" class=\"attachment-post-thumbnail size-post-thumbnail wp-post-image\" alt=\"Rollen som brukerrepresentant\" srcset=\"https:\/\/mentalhelse.no\/content\/uploads\/sites\/188\/2026\/02\/Nettverkssamling-jan.26.jpg 1641w, https:\/\/mentalhelse.no\/content\/uploads\/sites\/188\/2026\/02\/Nettverkssamling-jan.26-300x169.jpg 300w, https:\/\/mentalhelse.no\/content\/uploads\/sites\/188\/2026\/02\/Nettverkssamling-jan.26-1024x576.jpg 1024w, https:\/\/mentalhelse.no\/content\/uploads\/sites\/188\/2026\/02\/Nettverkssamling-jan.26-768x432.jpg 768w, https:\/\/mentalhelse.no\/content\/uploads\/sites\/188\/2026\/02\/Nettverkssamling-jan.26-1536x864.jpg 1536w\" sizes=\"auto, (max-width: 1641px) 100vw, 1641px\" style=\"--focal-point: 50% 50%;\" \/><\/figure>\n<\/a>\n\n<div class=\"wp-block-group postinfo alignfull is-layout-flow wp-block-group-is-layout-flow\">\n\t<div class=\"wp-block-mentalhelse-post-category\">\n\t\t\t\t\t<div class=\"post-type\">\n\t\t\t\t\t\t<a href=\"https:\/\/mentalhelse.no\/more-og-romsdal\/aktuelt\/\">Nyheter<\/a>\n\t\t\t\t\t<\/div>\n\t\t\t\t\t\n\t\t\t\t\t<div class=\"post-category\">\n\t\t\t\t\t\t\n\t\t\t\t\t<\/div>\n\t\t\t<\/div>\n\t<a class=\"t2-post-link wp-block-t2-post-link\" href=\"https:\/\/mentalhelse.no\/more-og-romsdal\/aktuelt\/nettverkssamling-for-brukerrepresentanter\/\">\n\t<h2 class=\"t2-post-title wp-block-t2-post-title\">Nettverkssamling for brukerrepresentanter<\/h2>\n\t<\/a>\n<\/div>\n\n<\/div>\n\n<div class=\"t2-featured-query-post t2-featured-content is-post-type-news wp-block-t2-featured-query-post t2-featured-content-layout-col-4\"><a class=\"t2-post-link wp-block-t2-post-link\" href=\"https:\/\/mentalhelse.no\/more-og-romsdal\/aktuelt\/ledermote-november-25\/\">\n\t<figure style=\"--t2-focal-point: 50% 50%;\" class=\"t2-post-featured-image has-image-ratio-16-9 wp-block-t2-post-featured-image\"><img loading=\"lazy\" decoding=\"async\" width=\"2560\" height=\"1237\" src=\"https:\/\/mentalhelse.no\/content\/uploads\/sites\/188\/2025\/12\/Deltakere-2-scaled.jpg\" class=\"attachment-post-thumbnail size-post-thumbnail wp-post-image\" alt=\"\" srcset=\"https:\/\/mentalhelse.no\/content\/uploads\/sites\/188\/2025\/12\/Deltakere-2-scaled.jpg 2560w, https:\/\/mentalhelse.no\/content\/uploads\/sites\/188\/2025\/12\/Deltakere-2-300x145.jpg 300w, https:\/\/mentalhelse.no\/content\/uploads\/sites\/188\/2025\/12\/Deltakere-2-1024x495.jpg 1024w, https:\/\/mentalhelse.no\/content\/uploads\/sites\/188\/2025\/12\/Deltakere-2-768x371.jpg 768w, https:\/\/mentalhelse.no\/content\/uploads\/sites\/188\/2025\/12\/Deltakere-2-1536x742.jpg 1536w, https:\/\/mentalhelse.no\/content\/uploads\/sites\/188\/2025\/12\/Deltakere-2-2048x990.jpg 2048w\" sizes=\"auto, (max-width: 2560px) 100vw, 2560px\" style=\"--focal-point: 50% 50%;\" \/><\/figure>\n<\/a>\n\n<div class=\"wp-block-group postinfo alignfull is-layout-flow wp-block-group-is-layout-flow\">\n\t<div class=\"wp-block-mentalhelse-post-category\">\n\t\t\t\t\t<div class=\"post-type\">\n\t\t\t\t\t\t<a href=\"https:\/\/mentalhelse.no\/more-og-romsdal\/aktuelt\/\">Nyheter<\/a>\n\t\t\t\t\t<\/div>\n\t\t\t\t\t\n\t\t\t\t\t<div class=\"post-category\">\n\t\t\t\t\t\t\n\t\t\t\t\t<\/div>\n\t\t\t<\/div>\n\t<a class=\"t2-post-link wp-block-t2-post-link\" href=\"https:\/\/mentalhelse.no\/more-og-romsdal\/aktuelt\/ledermote-november-25\/\">\n\t<h2 class=\"t2-post-title wp-block-t2-post-title\">Lederm\u00f8te november -25<\/h2>\n\t<\/a>\n<\/div>\n\n<\/div>\n\n<div class=\"t2-featured-query-post t2-featured-content is-post-type-news wp-block-t2-featured-query-post t2-featured-content-layout-col-4\"><a class=\"t2-post-link wp-block-t2-post-link\" href=\"https:\/\/mentalhelse.no\/more-og-romsdal\/aktuelt\/ledermote-mental-helse-20-21-mars-25-gardermoen\/\">\n\t<figure style=\"--t2-focal-point: 50% 50%;\" class=\"t2-post-featured-image has-image-ratio-16-9 wp-block-t2-post-featured-image\"><img loading=\"lazy\" decoding=\"async\" width=\"2560\" height=\"1374\" src=\"https:\/\/mentalhelse.no\/content\/uploads\/sites\/188\/2025\/03\/IMG_4411-scaled.jpeg\" class=\"attachment-post-thumbnail size-post-thumbnail wp-post-image\" alt=\"\" srcset=\"https:\/\/mentalhelse.no\/content\/uploads\/sites\/188\/2025\/03\/IMG_4411-scaled.jpeg 2560w, https:\/\/mentalhelse.no\/content\/uploads\/sites\/188\/2025\/03\/IMG_4411-300x161.jpeg 300w, https:\/\/mentalhelse.no\/content\/uploads\/sites\/188\/2025\/03\/IMG_4411-1024x549.jpeg 1024w, https:\/\/mentalhelse.no\/content\/uploads\/sites\/188\/2025\/03\/IMG_4411-768x412.jpeg 768w, https:\/\/mentalhelse.no\/content\/uploads\/sites\/188\/2025\/03\/IMG_4411-1536x824.jpeg 1536w, https:\/\/mentalhelse.no\/content\/uploads\/sites\/188\/2025\/03\/IMG_4411-2048x1099.jpeg 2048w\" sizes=\"auto, (max-width: 2560px) 100vw, 2560px\" style=\"--focal-point: 50% 50%;\" \/><\/figure>\n<\/a>\n\n<div class=\"wp-block-group postinfo alignfull is-layout-flow wp-block-group-is-layout-flow\">\n\t<div class=\"wp-block-mentalhelse-post-category\">\n\t\t\t\t\t<div class=\"post-type\">\n\t\t\t\t\t\t<a href=\"https:\/\/mentalhelse.no\/more-og-romsdal\/aktuelt\/\">Nyheter<\/a>\n\t\t\t\t\t<\/div>\n\t\t\t\t\t\n\t\t\t\t\t<div class=\"post-category\">\n\t\t\t\t\t\t\n\t\t\t\t\t<\/div>\n\t\t\t<\/div>\n\t<a class=\"t2-post-link wp-block-t2-post-link\" href=\"https:\/\/mentalhelse.no\/more-og-romsdal\/aktuelt\/ledermote-mental-helse-20-21-mars-25-gardermoen\/\">\n\t<h2 class=\"t2-post-title wp-block-t2-post-title\">Lederm\u00f8te Mental helse 20.-21. mars -25 Gardermoen<\/h2>\n\t<\/a>\n<\/div>\n\n<\/div>\n<\/div>\n\n\t\t\t<\/div>\n\t\t<\/div>","protected":false},"excerpt":{"rendered":"<p>Lederm\u00f8te var samlet til gjennomgang og refleksjon om \u00e5ret som snart er over, og prioriteringer for \u00e5ret som kommer. Leder Irene Sundholm \u00f8nsket velkommen til&#8230;<\/p>\n","protected":false},"author":15,"featured_media":1286,"parent":0,"template":"","meta":{"t2_featured_media_focal_point":{"x":0.5,"y":0.5},"mh_hide_title":true},"news_category":[],"class_list":["post-1296","news","type-news","status-publish","has-post-thumbnail","hentry"],"yoast_head":"<!-- This site is optimized with the Yoast SEO Premium plugin v21.2 (Yoast SEO v21.2) - https:\/\/yoast.com\/wordpress\/plugins\/seo\/ -->\n<title>Lederm\u00f8te 8. desember 2024 - Mental Helse - M\u00f8re og Romsdal<\/title>\n<meta name=\"robots\" content=\"index, follow, max-snippet:-1, max-image-preview:large, max-video-preview:-1\" \/>\n<link rel=\"canonical\" href=\"https:\/\/mentalhelse.no\/more-og-romsdal\/aktuelt\/ledermote-8-desember-2024\/\" \/>\n<meta property=\"og:locale\" content=\"nb_NO\" \/>\n<meta property=\"og:type\" content=\"article\" \/>\n<meta property=\"og:title\" content=\"Lederm\u00f8te 8. desember 2024\" \/>\n<meta property=\"og:description\" content=\"Lederm\u00f8te var samlet til gjennomgang og refleksjon om \u00e5ret som snart er over, og prioriteringer for \u00e5ret som kommer. Leder Irene Sundholm \u00f8nsket velkommen til...\" \/>\n<meta property=\"og:url\" content=\"https:\/\/mentalhelse.no\/more-og-romsdal\/aktuelt\/ledermote-8-desember-2024\/\" \/>\n<meta property=\"og:site_name\" content=\"M\u00f8re og Romsdal\" \/>\n<meta property=\"article:modified_time\" content=\"2024-12-12T13:55:56+00:00\" \/>\n<meta property=\"og:image\" content=\"https:\/\/mentalhelse.no\/content\/uploads\/sites\/188\/2023\/03\/20241208_154056-scaled.jpg\" \/>\n\t<meta property=\"og:image:width\" content=\"2560\" \/>\n\t<meta property=\"og:image:height\" content=\"1153\" \/>\n\t<meta property=\"og:image:type\" content=\"image\/jpeg\" \/>\n<meta name=\"twitter:card\" content=\"summary_large_image\" \/>\n<meta name=\"twitter:label1\" content=\"Ansl. lesetid\" \/>\n\t<meta name=\"twitter:data1\" content=\"4 minutter\" \/>\n<script type=\"application\/ld+json\" class=\"yoast-schema-graph\">{\"@context\":\"https:\/\/schema.org\",\"@graph\":[{\"@type\":\"WebPage\",\"@id\":\"https:\/\/mentalhelse.no\/more-og-romsdal\/aktuelt\/ledermote-8-desember-2024\/\",\"url\":\"https:\/\/mentalhelse.no\/more-og-romsdal\/aktuelt\/ledermote-8-desember-2024\/\",\"name\":\"Lederm\u00f8te 8. desember 2024 - M\u00f8re og Romsdal\",\"isPartOf\":{\"@id\":\"https:\/\/mentalhelse.no\/more-og-romsdal\/#website\"},\"datePublished\":\"2024-12-12T13:39:19+00:00\",\"dateModified\":\"2024-12-12T13:55:56+00:00\",\"breadcrumb\":{\"@id\":\"https:\/\/mentalhelse.no\/more-og-romsdal\/aktuelt\/ledermote-8-desember-2024\/#breadcrumb\"},\"inLanguage\":\"nb-NO\",\"potentialAction\":[{\"@type\":\"ReadAction\",\"target\":[\"https:\/\/mentalhelse.no\/more-og-romsdal\/aktuelt\/ledermote-8-desember-2024\/\"]}]},{\"@type\":\"BreadcrumbList\",\"@id\":\"https:\/\/mentalhelse.no\/more-og-romsdal\/aktuelt\/ledermote-8-desember-2024\/#breadcrumb\",\"itemListElement\":[{\"@type\":\"ListItem\",\"position\":1,\"name\":\"Hjem\",\"item\":\"https:\/\/mentalhelse.no\/more-og-romsdal\/\"},{\"@type\":\"ListItem\",\"position\":2,\"name\":\"Nyheter\",\"item\":\"https:\/\/mentalhelse.no\/more-og-romsdal\/aktuelt\/\"},{\"@type\":\"ListItem\",\"position\":3,\"name\":\"Lederm\u00f8te 8. desember 2024\"}]},{\"@type\":\"WebSite\",\"@id\":\"https:\/\/mentalhelse.no\/more-og-romsdal\/#website\",\"url\":\"https:\/\/mentalhelse.no\/more-og-romsdal\/\",\"name\":\"M\u00f8re og Romsdal\",\"description\":\"\",\"potentialAction\":[{\"@type\":\"SearchAction\",\"target\":{\"@type\":\"EntryPoint\",\"urlTemplate\":\"https:\/\/mentalhelse.no\/more-og-romsdal\/?s={search_term_string}\"},\"query-input\":\"required name=search_term_string\"}],\"inLanguage\":\"nb-NO\"}]}<\/script>\n<!-- \/ Yoast SEO Premium plugin. -->","yoast_head_json":{"title":"Lederm\u00f8te 8. desember 2024 - Mental Helse - M\u00f8re og Romsdal","robots":{"index":"index","follow":"follow","max-snippet":"max-snippet:-1","max-image-preview":"max-image-preview:large","max-video-preview":"max-video-preview:-1"},"canonical":"https:\/\/mentalhelse.no\/more-og-romsdal\/aktuelt\/ledermote-8-desember-2024\/","og_locale":"nb_NO","og_type":"article","og_title":"Lederm\u00f8te 8. desember 2024","og_description":"Lederm\u00f8te var samlet til gjennomgang og refleksjon om \u00e5ret som snart er over, og prioriteringer for \u00e5ret som kommer. Leder Irene Sundholm \u00f8nsket velkommen til...","og_url":"https:\/\/mentalhelse.no\/more-og-romsdal\/aktuelt\/ledermote-8-desember-2024\/","og_site_name":"M\u00f8re og Romsdal","article_modified_time":"2024-12-12T13:55:56+00:00","og_image":[{"width":2560,"height":1153,"url":"https:\/\/mentalhelse.no\/content\/uploads\/sites\/188\/2023\/03\/20241208_154056-scaled.jpg","type":"image\/jpeg"}],"twitter_card":"summary_large_image","twitter_misc":{"Ansl. lesetid":"4 minutter"},"schema":{"@context":"https:\/\/schema.org","@graph":[{"@type":"WebPage","@id":"https:\/\/mentalhelse.no\/more-og-romsdal\/aktuelt\/ledermote-8-desember-2024\/","url":"https:\/\/mentalhelse.no\/more-og-romsdal\/aktuelt\/ledermote-8-desember-2024\/","name":"Lederm\u00f8te 8. desember 2024 - M\u00f8re og Romsdal","isPartOf":{"@id":"https:\/\/mentalhelse.no\/more-og-romsdal\/#website"},"datePublished":"2024-12-12T13:39:19+00:00","dateModified":"2024-12-12T13:55:56+00:00","breadcrumb":{"@id":"https:\/\/mentalhelse.no\/more-og-romsdal\/aktuelt\/ledermote-8-desember-2024\/#breadcrumb"},"inLanguage":"nb-NO","potentialAction":[{"@type":"ReadAction","target":["https:\/\/mentalhelse.no\/more-og-romsdal\/aktuelt\/ledermote-8-desember-2024\/"]}]},{"@type":"BreadcrumbList","@id":"https:\/\/mentalhelse.no\/more-og-romsdal\/aktuelt\/ledermote-8-desember-2024\/#breadcrumb","itemListElement":[{"@type":"ListItem","position":1,"name":"Hjem","item":"https:\/\/mentalhelse.no\/more-og-romsdal\/"},{"@type":"ListItem","position":2,"name":"Nyheter","item":"https:\/\/mentalhelse.no\/more-og-romsdal\/aktuelt\/"},{"@type":"ListItem","position":3,"name":"Lederm\u00f8te 8. desember 2024"}]},{"@type":"WebSite","@id":"https:\/\/mentalhelse.no\/more-og-romsdal\/#website","url":"https:\/\/mentalhelse.no\/more-og-romsdal\/","name":"M\u00f8re og Romsdal","description":"","potentialAction":[{"@type":"SearchAction","target":{"@type":"EntryPoint","urlTemplate":"https:\/\/mentalhelse.no\/more-og-romsdal\/?s={search_term_string}"},"query-input":"required name=search_term_string"}],"inLanguage":"nb-NO"}]}},"_links":{"self":[{"href":"https:\/\/mentalhelse.no\/more-og-romsdal\/wp-json\/wp\/v2\/news\/1296","targetHints":{"allow":["GET"]}}],"collection":[{"href":"https:\/\/mentalhelse.no\/more-og-romsdal\/wp-json\/wp\/v2\/news"}],"about":[{"href":"https:\/\/mentalhelse.no\/more-og-romsdal\/wp-json\/wp\/v2\/types\/news"}],"author":[{"embeddable":true,"href":"https:\/\/mentalhelse.no\/more-og-romsdal\/wp-json\/wp\/v2\/users\/15"}],"wp:featuredmedia":[{"embeddable":true,"href":"https:\/\/mentalhelse.no\/more-og-romsdal\/wp-json\/wp\/v2\/media\/1286"}],"wp:attachment":[{"href":"https:\/\/mentalhelse.no\/more-og-romsdal\/wp-json\/wp\/v2\/media?parent=1296"}],"wp:term":[{"taxonomy":"news_category","embeddable":true,"href":"https:\/\/mentalhelse.no\/more-og-romsdal\/wp-json\/wp\/v2\/news_category?post=1296"}],"curies":[{"name":"wp","href":"https:\/\/api.w.org\/{rel}","templated":true}]}}