{"id":1032,"date":"2023-10-03T08:10:57","date_gmt":"2023-10-03T08:10:57","guid":{"rendered":"https:\/\/mentalhelse.no\/moss-og-omegn\/?post_type=news&#038;p=1032"},"modified":"2023-10-03T08:10:58","modified_gmt":"2023-10-03T08:10:58","slug":"moss-og-omegn-har-fatt-ny-lokallagsleder","status":"publish","type":"news","link":"https:\/\/mentalhelse.no\/moss-og-omegn\/aktuelt\/moss-og-omegn-har-fatt-ny-lokallagsleder\/","title":{"rendered":"Moss og omegn har f\u00e5tt ny lokallagsleder"},"content":{"rendered":"<figure class=\"alignwide wp-block-post-featured-image\"><img loading=\"lazy\" decoding=\"async\" width=\"1076\" height=\"1077\" src=\"https:\/\/mentalhelse.no\/content\/uploads\/sites\/343\/2023\/10\/Screenshot_20230206-122638_Facebook.jpg\" class=\"attachment-post-thumbnail size-post-thumbnail wp-post-image\" alt=\"\" style=\"object-fit:cover; --focal-point: 50% 50%;\" srcset=\"https:\/\/mentalhelse.no\/content\/uploads\/sites\/343\/2023\/10\/Screenshot_20230206-122638_Facebook.jpg 1076w, https:\/\/mentalhelse.no\/content\/uploads\/sites\/343\/2023\/10\/Screenshot_20230206-122638_Facebook-300x300.jpg 300w, https:\/\/mentalhelse.no\/content\/uploads\/sites\/343\/2023\/10\/Screenshot_20230206-122638_Facebook-1024x1024.jpg 1024w, https:\/\/mentalhelse.no\/content\/uploads\/sites\/343\/2023\/10\/Screenshot_20230206-122638_Facebook-150x150.jpg 150w, https:\/\/mentalhelse.no\/content\/uploads\/sites\/343\/2023\/10\/Screenshot_20230206-122638_Facebook-768x769.jpg 768w\" sizes=\"auto, (max-width: 1076px) 100vw, 1076px\" \/><\/figure>\n\n<h1 class=\"wp-block-post-title\">Moss og omegn har f\u00e5tt ny lokallagsleder<\/h1>\n\n<div class=\"is-img-top mh-byline wp-block-mh-byline\">\n                  <div class=\"mh-byline__inner\">\n                  \t\n                  \t<div class=\"mh-byline__meta\">\n                  \t\t<div class=\"mh-byline__post\">\n                  \t\t\t<div class=\"entry-date\">03.10.2023<\/div>\n                  \t\t<\/div>\n                  \t\t<div class=\"mh-byline__author\">\n                  \t\t\t <span class=\"mh-byline__author-link\">lagmoss<\/span>\n\t\t\t\t\t\t<\/div>\n\t\t\t\t\t<\/div>\n\t\t\t\t<\/div>\n\t\t<\/div>\n\n\n<p>31 august ble det holdt ekstraordin\u00e6rt \u00e5rsm\u00f8te i Mental helse Moss og omegn. Det ble valgt nytt styre, ny styreleder er Roshild A. Solfjell.<\/p>\n\n\n\n<p><\/p>\n\n\n\n<p>Roshild er sykepleier, hun har ogs\u00e5 utdanning som pedagogisk barnepleier. Tidligere har v\u00e5r nye styreleder jobbet b\u00e5de i somatikken, som frikj\u00f8pt hovedtillitsvalgt for sykepleierforbundet og i psykiatri og rus.<\/p>\n\n\n\n<p>Mesteparten av tiden i somatikk har v\u00e6rt p\u00e5 hjertemedisin, men ogs\u00e5 et \u00e5r p\u00e5 helsesenter med en kombinasjon av sykehjem, palliasjon, legevakt og avlastning. Innenfor psykiatri og rus har mesteparten av tiden v\u00e6rt i avdeling TSB, (tverrfaglig, spesialisert rusbehandling) &#8211; pasientene i avdeling TSB og samarbeidet med disse er det som i sykepleien har ligget hjertet n\u00e6rmest for v\u00e5r nye styreleder.<\/p>\n\n\n\n<p><\/p>\n\n\n\n<p>I tillegg til \u00e5 v\u00e6re sykepleier har den nye styrelederen i MHM v\u00e6rt politisk aktiv og sittet i hovedutvalg for helse og mestring i perioden 2019-2023. Psykisk helse og kompetanse innen helse er det som har v\u00e6rt og er for politiske hjertesaker \u00e5 regne.<\/p>\n\n\n\n<p><\/p>\n\n\n\n<p>De tre viktigste tingene \u00e5 ha med seg i jobben, sett med v\u00e5r nye leders \u00f8yne:<\/p>\n\n\n\n<p>Skille sak og person &#8211; <\/p>\n\n\n\n<p>Roshild er opptatt av ryddighet og tydelighet. Det er kjempeviktig at man kan skille klart p\u00e5 sak og person for \u00e5 klare \u00e5 opprettholde en ryddig struktur og v\u00e6re tydelig i det man gj\u00f8r og sier.<\/p>\n\n\n\n<p>\u00c6rlighet &#8211;<\/p>\n\n\n\n<p>Roshild er overbevist om at s\u00e5 lenge man er \u00e6rlig med hverandre vil man klare \u00e5 st\u00e5 av det aller meste, i det man opptrer u\u00e6rlig har i alle fall jeg en utfordring &#8211; det tror jeg de fleste vil ha.<\/p>\n\n\n\n<p>Stor takh\u00f8yde &#8211;<\/p>\n\n\n\n<p>Roshild holder fast ved at for \u00e5 komme fram til gode l\u00f8sninger, og de beste l\u00f8sningene, trenger man \u00e5 kunne snakke og diskutere med stor takh\u00f8yde. Man skal b\u00e5de forvente og t\u00e5le h\u00f8y temperatur og engasjement, det tilh\u00f8rer jobben og det tillitsvervet vi har p\u00e5tatt oss. N\u00e5r diskusjonene er landet og avgj\u00f8relser tatt, skal ingen v\u00e6re redd for represalier og sure miner.<\/p>\n\n\n\n<p><\/p>\n\n\n\n<p>P\u00e5 privaten er v\u00e5r nye styreleder gift, har to ten\u00e5ringsbarn og en hund.<\/p>\n\n\n\n<p>Av interesser \u00e5 nevne er friluftsliv noe som st\u00e5r h\u00f8yest p\u00e5 listen til Roshild. B\u00e5de dagsturer og overnattingsturer med b\u00e5lkos sammen med familien. I tillegg skriver v\u00e5r nye lokallagsleder blogg, <\/p>\n\n\n\n\t\t<div class=\"mh-related-posts alignfull alignfull wp-block-mentalhelse-related-posts gray-mode\">\n\t\t\t<div class=\"mh-related-posts__inner\">\n\t\t\t\t\n\n<h3 class=\"wp-block-heading\" id=\"h-also-read\">Also read<\/h3>\n\n\n<div class=\"t2-featured-content-layout alignwide alignwide wp-block-t2-featured-content-layout\">\n<div class=\"t2-featured-query-post t2-featured-content is-post-type-news wp-block-t2-featured-query-post t2-featured-content-layout-col-4\"><a class=\"t2-post-link wp-block-t2-post-link\" href=\"https:\/\/mentalhelse.no\/moss-og-omegn\/aktuelt\/egen-mobil-gjor-det-enklere-a-kontakte-mental-helse-moss-og-omegn-direkte\/\">\n\t<figure style=\"--t2-focal-point: 50% 50%;\" class=\"t2-post-featured-image has-image-ratio-16-9 wp-block-t2-post-featured-image\"><img loading=\"lazy\" decoding=\"async\" width=\"199\" height=\"199\" src=\"https:\/\/mentalhelse.no\/content\/uploads\/sites\/343\/2025\/08\/image.png\" class=\"attachment-post-thumbnail size-post-thumbnail wp-post-image\" alt=\"\" srcset=\"https:\/\/mentalhelse.no\/content\/uploads\/sites\/343\/2025\/08\/image.png 199w, https:\/\/mentalhelse.no\/content\/uploads\/sites\/343\/2025\/08\/image-150x150.png 150w\" sizes=\"auto, (max-width: 199px) 100vw, 199px\" style=\"--focal-point: 50% 50%;\" \/><\/figure>\n<\/a>\n\n<div class=\"wp-block-group postinfo alignfull is-layout-flow wp-block-group-is-layout-flow\">\n\t<div class=\"wp-block-mentalhelse-post-category\">\n\t\t\t\t\t<div class=\"post-type\">\n\t\t\t\t\t\t<a href=\"https:\/\/mentalhelse.no\/moss-og-omegn\/aktuelt\/\">Nyheter<\/a>\n\t\t\t\t\t<\/div>\n\t\t\t\t\t\n\t\t\t\t\t<div class=\"post-category\">\n\t\t\t\t\t\t\n\t\t\t\t\t<\/div>\n\t\t\t<\/div>\n\t<a class=\"t2-post-link wp-block-t2-post-link\" href=\"https:\/\/mentalhelse.no\/moss-og-omegn\/aktuelt\/egen-mobil-gjor-det-enklere-a-kontakte-mental-helse-moss-og-omegn-direkte\/\">\n\t<h2 class=\"t2-post-title wp-block-t2-post-title\">Egen mobil gj\u00f8r det enklere \u00e5 kontakte Mental Helse Moss og omegn direkte\u00a0<\/h2>\n\t<\/a>\n<\/div>\n\n<\/div>\n\n<div class=\"t2-featured-query-post t2-featured-content is-post-type-news wp-block-t2-featured-query-post t2-featured-content-layout-col-4\"><a class=\"t2-post-link wp-block-t2-post-link\" href=\"https:\/\/mentalhelse.no\/moss-og-omegn\/aktuelt\/samarbeid-med-ti-pa-topp-ostfold\/\">\n\t<figure style=\"--t2-focal-point: 50% 50%;\" class=\"t2-post-featured-image has-image-ratio-16-9 wp-block-t2-post-featured-image\"><img loading=\"lazy\" decoding=\"async\" width=\"1080\" height=\"1282\" src=\"https:\/\/mentalhelse.no\/content\/uploads\/sites\/343\/2025\/03\/Screenshot_20250310_120620_Gallery.jpg\" class=\"attachment-post-thumbnail size-post-thumbnail wp-post-image\" alt=\"\" srcset=\"https:\/\/mentalhelse.no\/content\/uploads\/sites\/343\/2025\/03\/Screenshot_20250310_120620_Gallery.jpg 1080w, https:\/\/mentalhelse.no\/content\/uploads\/sites\/343\/2025\/03\/Screenshot_20250310_120620_Gallery-253x300.jpg 253w, https:\/\/mentalhelse.no\/content\/uploads\/sites\/343\/2025\/03\/Screenshot_20250310_120620_Gallery-863x1024.jpg 863w, https:\/\/mentalhelse.no\/content\/uploads\/sites\/343\/2025\/03\/Screenshot_20250310_120620_Gallery-768x912.jpg 768w\" sizes=\"auto, (max-width: 1080px) 100vw, 1080px\" style=\"--focal-point: 50% 50%;\" \/><\/figure>\n<\/a>\n\n<div class=\"wp-block-group postinfo alignfull is-layout-flow wp-block-group-is-layout-flow\">\n\t<div class=\"wp-block-mentalhelse-post-category\">\n\t\t\t\t\t<div class=\"post-type\">\n\t\t\t\t\t\t<a href=\"https:\/\/mentalhelse.no\/moss-og-omegn\/aktuelt\/\">Nyheter<\/a>\n\t\t\t\t\t<\/div>\n\t\t\t\t\t\n\t\t\t\t\t<div class=\"post-category\">\n\t\t\t\t\t\t\n\t\t\t\t\t<\/div>\n\t\t\t<\/div>\n\t<a class=\"t2-post-link wp-block-t2-post-link\" href=\"https:\/\/mentalhelse.no\/moss-og-omegn\/aktuelt\/samarbeid-med-ti-pa-topp-ostfold\/\">\n\t<h2 class=\"t2-post-title wp-block-t2-post-title\">SAMARBEID MED TI P\u00c5 TOPP \u00d8STFOLD<\/h2>\n\t<\/a>\n<\/div>\n\n<\/div>\n\n<div class=\"t2-featured-query-post t2-featured-content is-post-type-news wp-block-t2-featured-query-post t2-featured-content-layout-col-4\"><a class=\"t2-post-link wp-block-t2-post-link\" href=\"https:\/\/mentalhelse.no\/moss-og-omegn\/aktuelt\/24-timers-lop-til-inntekt-for-mental-helse\/\">\n\t<figure style=\"--t2-focal-point: 50% 50%;\" class=\"t2-post-featured-image has-image-ratio-16-9 wp-block-t2-post-featured-image\"><img loading=\"lazy\" decoding=\"async\" width=\"2000\" height=\"1126\" src=\"https:\/\/mentalhelse.no\/content\/uploads\/sites\/343\/2025\/02\/24-timers-lop-for-MH-2.jpg\" class=\"attachment-post-thumbnail size-post-thumbnail wp-post-image\" alt=\"\" srcset=\"https:\/\/mentalhelse.no\/content\/uploads\/sites\/343\/2025\/02\/24-timers-lop-for-MH-2.jpg 2000w, https:\/\/mentalhelse.no\/content\/uploads\/sites\/343\/2025\/02\/24-timers-lop-for-MH-2-300x169.jpg 300w, https:\/\/mentalhelse.no\/content\/uploads\/sites\/343\/2025\/02\/24-timers-lop-for-MH-2-1024x577.jpg 1024w, https:\/\/mentalhelse.no\/content\/uploads\/sites\/343\/2025\/02\/24-timers-lop-for-MH-2-768x432.jpg 768w, https:\/\/mentalhelse.no\/content\/uploads\/sites\/343\/2025\/02\/24-timers-lop-for-MH-2-1536x865.jpg 1536w\" sizes=\"auto, (max-width: 2000px) 100vw, 2000px\" style=\"--focal-point: 50% 50%;\" \/><\/figure>\n<\/a>\n\n<div class=\"wp-block-group postinfo alignfull is-layout-flow wp-block-group-is-layout-flow\">\n\t<div class=\"wp-block-mentalhelse-post-category\">\n\t\t\t\t\t<div class=\"post-type\">\n\t\t\t\t\t\t<a href=\"https:\/\/mentalhelse.no\/moss-og-omegn\/aktuelt\/\">Nyheter<\/a>\n\t\t\t\t\t<\/div>\n\t\t\t\t\t\n\t\t\t\t\t<div class=\"post-category\">\n\t\t\t\t\t\t\n\t\t\t\t\t<\/div>\n\t\t\t<\/div>\n\t<a class=\"t2-post-link wp-block-t2-post-link\" href=\"https:\/\/mentalhelse.no\/moss-og-omegn\/aktuelt\/24-timers-lop-til-inntekt-for-mental-helse\/\">\n\t<h2 class=\"t2-post-title wp-block-t2-post-title\">24 timers l\u00f8p til inntekt for Mental helse<\/h2>\n\t<\/a>\n<\/div>\n\n<\/div>\n<\/div>\n\n\t\t\t<\/div>\n\t\t<\/div>","protected":false},"excerpt":{"rendered":"<p>31 august ble det holdt ekstraordin\u00e6rt \u00e5rsm\u00f8te i Mental helse Moss og omegn. Det ble valgt nytt styre, ny styreleder er Roshild A. Solfjell. Roshild&#8230;<\/p>\n","protected":false},"author":60,"featured_media":1034,"parent":0,"template":"","meta":{"t2_featured_media_focal_point":{"x":0.5,"y":0.5},"mh_hide_title":true},"news_category":[],"class_list":["post-1032","news","type-news","status-publish","has-post-thumbnail","hentry"],"yoast_head":"<!-- This site is optimized with the Yoast SEO Premium plugin v21.2 (Yoast SEO v21.2) - https:\/\/yoast.com\/wordpress\/plugins\/seo\/ -->\n<title>Mental Helse - Moss og omegn har f\u00e5tt ny lokallagsleder - Mental Helse - Moss og omegn<\/title>\n<meta name=\"description\" content=\"N\u00e5r v\u00e5r nye leder skal trekke fram tre viktige ting \u00e5 ha med seg som lokallagsleder er det 1. Skille sak og person % 2. \u00c6rlighet 3. Stor takh\u00f8yde.\" \/>\n<meta name=\"robots\" content=\"index, follow, max-snippet:-1, max-image-preview:large, max-video-preview:-1\" \/>\n<link rel=\"canonical\" href=\"https:\/\/mentalhelse.no\/moss-og-omegn\/aktuelt\/moss-og-omegn-har-fatt-ny-lokallagsleder\/\" \/>\n<meta property=\"og:locale\" content=\"nb_NO\" \/>\n<meta property=\"og:type\" content=\"article\" \/>\n<meta property=\"og:title\" content=\"Moss og omegn har f\u00e5tt ny lokallagsleder\" \/>\n<meta property=\"og:description\" content=\"N\u00e5r v\u00e5r nye leder skal trekke fram tre viktige ting \u00e5 ha med seg som lokallagsleder er det 1. Skille sak og person % 2. \u00c6rlighet 3. Stor takh\u00f8yde.\" \/>\n<meta property=\"og:url\" content=\"https:\/\/mentalhelse.no\/moss-og-omegn\/aktuelt\/moss-og-omegn-har-fatt-ny-lokallagsleder\/\" \/>\n<meta property=\"og:site_name\" content=\"Moss og omegn\" \/>\n<meta property=\"article:modified_time\" content=\"2023-10-03T08:10:58+00:00\" \/>\n<meta property=\"og:image\" content=\"https:\/\/mentalhelse.no\/content\/uploads\/sites\/343\/2023\/10\/Screenshot_20230206-122638_Facebook.jpg\" \/>\n\t<meta property=\"og:image:width\" content=\"1076\" \/>\n\t<meta property=\"og:image:height\" content=\"1077\" \/>\n\t<meta property=\"og:image:type\" content=\"image\/jpeg\" \/>\n<meta name=\"twitter:card\" content=\"summary_large_image\" \/>\n<meta name=\"twitter:label1\" content=\"Ansl. lesetid\" \/>\n\t<meta name=\"twitter:data1\" content=\"2 minutter\" \/>\n<script type=\"application\/ld+json\" class=\"yoast-schema-graph\">{\"@context\":\"https:\/\/schema.org\",\"@graph\":[{\"@type\":\"WebPage\",\"@id\":\"https:\/\/mentalhelse.no\/moss-og-omegn\/aktuelt\/moss-og-omegn-har-fatt-ny-lokallagsleder\/\",\"url\":\"https:\/\/mentalhelse.no\/moss-og-omegn\/aktuelt\/moss-og-omegn-har-fatt-ny-lokallagsleder\/\",\"name\":\"Moss og omegn har f\u00e5tt ny lokallagsleder - Moss og omegn\",\"isPartOf\":{\"@id\":\"https:\/\/mentalhelse.no\/moss-og-omegn\/#website\"},\"datePublished\":\"2023-10-03T08:10:57+00:00\",\"dateModified\":\"2023-10-03T08:10:58+00:00\",\"description\":\"N\u00e5r v\u00e5r nye leder skal trekke fram tre viktige ting \u00e5 ha med seg som lokallagsleder er det 1. Skille sak og person % 2. \u00c6rlighet 3. Stor takh\u00f8yde.\",\"breadcrumb\":{\"@id\":\"https:\/\/mentalhelse.no\/moss-og-omegn\/aktuelt\/moss-og-omegn-har-fatt-ny-lokallagsleder\/#breadcrumb\"},\"inLanguage\":\"nb-NO\",\"potentialAction\":[{\"@type\":\"ReadAction\",\"target\":[\"https:\/\/mentalhelse.no\/moss-og-omegn\/aktuelt\/moss-og-omegn-har-fatt-ny-lokallagsleder\/\"]}]},{\"@type\":\"BreadcrumbList\",\"@id\":\"https:\/\/mentalhelse.no\/moss-og-omegn\/aktuelt\/moss-og-omegn-har-fatt-ny-lokallagsleder\/#breadcrumb\",\"itemListElement\":[{\"@type\":\"ListItem\",\"position\":1,\"name\":\"Hjem\",\"item\":\"https:\/\/mentalhelse.no\/moss-og-omegn\/\"},{\"@type\":\"ListItem\",\"position\":2,\"name\":\"Nyheter\",\"item\":\"https:\/\/mentalhelse.no\/moss-og-omegn\/aktuelt\/\"},{\"@type\":\"ListItem\",\"position\":3,\"name\":\"Moss og omegn har f\u00e5tt ny lokallagsleder\"}]},{\"@type\":\"WebSite\",\"@id\":\"https:\/\/mentalhelse.no\/moss-og-omegn\/#website\",\"url\":\"https:\/\/mentalhelse.no\/moss-og-omegn\/\",\"name\":\"Moss og omegn\",\"description\":\"\",\"potentialAction\":[{\"@type\":\"SearchAction\",\"target\":{\"@type\":\"EntryPoint\",\"urlTemplate\":\"https:\/\/mentalhelse.no\/moss-og-omegn\/?s={search_term_string}\"},\"query-input\":\"required name=search_term_string\"}],\"inLanguage\":\"nb-NO\"}]}<\/script>\n<!-- \/ Yoast SEO Premium plugin. -->","yoast_head_json":{"title":"Mental Helse - Moss og omegn har f\u00e5tt ny lokallagsleder - Mental Helse - Moss og omegn","description":"N\u00e5r v\u00e5r nye leder skal trekke fram tre viktige ting \u00e5 ha med seg som lokallagsleder er det 1. Skille sak og person % 2. \u00c6rlighet 3. Stor takh\u00f8yde.","robots":{"index":"index","follow":"follow","max-snippet":"max-snippet:-1","max-image-preview":"max-image-preview:large","max-video-preview":"max-video-preview:-1"},"canonical":"https:\/\/mentalhelse.no\/moss-og-omegn\/aktuelt\/moss-og-omegn-har-fatt-ny-lokallagsleder\/","og_locale":"nb_NO","og_type":"article","og_title":"Moss og omegn har f\u00e5tt ny lokallagsleder","og_description":"N\u00e5r v\u00e5r nye leder skal trekke fram tre viktige ting \u00e5 ha med seg som lokallagsleder er det 1. Skille sak og person % 2. \u00c6rlighet 3. Stor takh\u00f8yde.","og_url":"https:\/\/mentalhelse.no\/moss-og-omegn\/aktuelt\/moss-og-omegn-har-fatt-ny-lokallagsleder\/","og_site_name":"Moss og omegn","article_modified_time":"2023-10-03T08:10:58+00:00","og_image":[{"width":1076,"height":1077,"url":"https:\/\/mentalhelse.no\/content\/uploads\/sites\/343\/2023\/10\/Screenshot_20230206-122638_Facebook.jpg","type":"image\/jpeg"}],"twitter_card":"summary_large_image","twitter_misc":{"Ansl. lesetid":"2 minutter"},"schema":{"@context":"https:\/\/schema.org","@graph":[{"@type":"WebPage","@id":"https:\/\/mentalhelse.no\/moss-og-omegn\/aktuelt\/moss-og-omegn-har-fatt-ny-lokallagsleder\/","url":"https:\/\/mentalhelse.no\/moss-og-omegn\/aktuelt\/moss-og-omegn-har-fatt-ny-lokallagsleder\/","name":"Moss og omegn har f\u00e5tt ny lokallagsleder - Moss og omegn","isPartOf":{"@id":"https:\/\/mentalhelse.no\/moss-og-omegn\/#website"},"datePublished":"2023-10-03T08:10:57+00:00","dateModified":"2023-10-03T08:10:58+00:00","description":"N\u00e5r v\u00e5r nye leder skal trekke fram tre viktige ting \u00e5 ha med seg som lokallagsleder er det 1. Skille sak og person % 2. \u00c6rlighet 3. Stor takh\u00f8yde.","breadcrumb":{"@id":"https:\/\/mentalhelse.no\/moss-og-omegn\/aktuelt\/moss-og-omegn-har-fatt-ny-lokallagsleder\/#breadcrumb"},"inLanguage":"nb-NO","potentialAction":[{"@type":"ReadAction","target":["https:\/\/mentalhelse.no\/moss-og-omegn\/aktuelt\/moss-og-omegn-har-fatt-ny-lokallagsleder\/"]}]},{"@type":"BreadcrumbList","@id":"https:\/\/mentalhelse.no\/moss-og-omegn\/aktuelt\/moss-og-omegn-har-fatt-ny-lokallagsleder\/#breadcrumb","itemListElement":[{"@type":"ListItem","position":1,"name":"Hjem","item":"https:\/\/mentalhelse.no\/moss-og-omegn\/"},{"@type":"ListItem","position":2,"name":"Nyheter","item":"https:\/\/mentalhelse.no\/moss-og-omegn\/aktuelt\/"},{"@type":"ListItem","position":3,"name":"Moss og omegn har f\u00e5tt ny lokallagsleder"}]},{"@type":"WebSite","@id":"https:\/\/mentalhelse.no\/moss-og-omegn\/#website","url":"https:\/\/mentalhelse.no\/moss-og-omegn\/","name":"Moss og omegn","description":"","potentialAction":[{"@type":"SearchAction","target":{"@type":"EntryPoint","urlTemplate":"https:\/\/mentalhelse.no\/moss-og-omegn\/?s={search_term_string}"},"query-input":"required name=search_term_string"}],"inLanguage":"nb-NO"}]}},"_links":{"self":[{"href":"https:\/\/mentalhelse.no\/moss-og-omegn\/wp-json\/wp\/v2\/news\/1032","targetHints":{"allow":["GET"]}}],"collection":[{"href":"https:\/\/mentalhelse.no\/moss-og-omegn\/wp-json\/wp\/v2\/news"}],"about":[{"href":"https:\/\/mentalhelse.no\/moss-og-omegn\/wp-json\/wp\/v2\/types\/news"}],"author":[{"embeddable":true,"href":"https:\/\/mentalhelse.no\/moss-og-omegn\/wp-json\/wp\/v2\/users\/60"}],"wp:featuredmedia":[{"embeddable":true,"href":"https:\/\/mentalhelse.no\/moss-og-omegn\/wp-json\/wp\/v2\/media\/1034"}],"wp:attachment":[{"href":"https:\/\/mentalhelse.no\/moss-og-omegn\/wp-json\/wp\/v2\/media?parent=1032"}],"wp:term":[{"taxonomy":"news_category","embeddable":true,"href":"https:\/\/mentalhelse.no\/moss-og-omegn\/wp-json\/wp\/v2\/news_category?post=1032"}],"curies":[{"name":"wp","href":"https:\/\/api.w.org\/{rel}","templated":true}]}}