{"id":1127,"date":"2025-02-09T16:46:09","date_gmt":"2025-02-09T16:46:09","guid":{"rendered":"https:\/\/mentalhelse.no\/moss-og-omegn\/?post_type=news&#038;p=1127"},"modified":"2025-02-09T16:46:10","modified_gmt":"2025-02-09T16:46:10","slug":"24-timers-lop-til-inntekt-for-mental-helse","status":"publish","type":"news","link":"https:\/\/mentalhelse.no\/moss-og-omegn\/aktuelt\/24-timers-lop-til-inntekt-for-mental-helse\/","title":{"rendered":"24 timers l\u00f8p til inntekt for Mental helse"},"content":{"rendered":"<figure class=\"alignwide wp-block-post-featured-image\"><img loading=\"lazy\" decoding=\"async\" width=\"2000\" height=\"1126\" src=\"https:\/\/mentalhelse.no\/content\/uploads\/sites\/343\/2025\/02\/24-timers-lop-for-MH-2.jpg\" class=\"attachment-post-thumbnail size-post-thumbnail wp-post-image\" alt=\"\" style=\"object-fit:cover; --focal-point: 50% 50%;\" srcset=\"https:\/\/mentalhelse.no\/content\/uploads\/sites\/343\/2025\/02\/24-timers-lop-for-MH-2.jpg 2000w, https:\/\/mentalhelse.no\/content\/uploads\/sites\/343\/2025\/02\/24-timers-lop-for-MH-2-300x169.jpg 300w, https:\/\/mentalhelse.no\/content\/uploads\/sites\/343\/2025\/02\/24-timers-lop-for-MH-2-1024x577.jpg 1024w, https:\/\/mentalhelse.no\/content\/uploads\/sites\/343\/2025\/02\/24-timers-lop-for-MH-2-768x432.jpg 768w, https:\/\/mentalhelse.no\/content\/uploads\/sites\/343\/2025\/02\/24-timers-lop-for-MH-2-1536x865.jpg 1536w\" sizes=\"auto, (max-width: 2000px) 100vw, 2000px\" \/><\/figure>\n\n<h1 class=\"wp-block-post-title\">24 timers l\u00f8p til inntekt for Mental helse<\/h1>\n\n<div class=\"is-img-top mh-byline wp-block-mh-byline\">\n                  <div class=\"mh-byline__inner\">\n                  \t\n                  \t<div class=\"mh-byline__meta\">\n                  \t\t<div class=\"mh-byline__post\">\n                  \t\t\t<div class=\"entry-date\">09.02.2025<\/div>\n                  \t\t<\/div>\n                  \t\t<div class=\"mh-byline__author\">\n                  \t\t\t <span class=\"mh-byline__author-link\">lagmoss<\/span>\n\t\t\t\t\t\t<\/div>\n\t\t\t\t\t<\/div>\n\t\t\t\t<\/div>\n\t\t<\/div>\n\n\n<p>For noen m\u00e5neder siden var  det en kar ved navn Marius som fikk en god id\u00e9;<\/p>\n\n\n\n<p>Marius ville f\u00e5 med seg noen kamerater for \u00e5 gj\u00f8re et stunt med m\u00e5l om \u00e5 samle inn penger til Mental helse, han ville l\u00f8pe 24 timer i strekk p\u00e5 m\u00f8lle. Marius tok med seg id\u00e9en sin til leder p\u00e5 Toppform treningssenter i Moss, der han trener &#8211; Er det mulig \u00e5 holde av fire &#8211; fem m\u00f8ller til et slikt stunt var sp\u00f8rsm\u00e5let til senterleder Ketil?<\/p>\n\n\n\n<p>Om det er mulig, OM det er mulig????<\/p>\n\n\n\n<p>Leder for Toppform fitness i Moss tok til seg denne tanken, spant litt p\u00e5 den og enda litt til. En innsamling til Mental helse skulle v\u00e6re noe daglig leder Ketil virkelig hadde  lyst til \u00e5 gj\u00f8re &#8211; han begynte sammen med Marius \u00e5 utvikle tanken om 24 timers l\u00f8ping til en l\u00f8pespleis med helt andre dimensjoner enn Marius hadde sett for seg.<\/p>\n\n\n\n<p>I m\u00e5neder har man planlagt, kommunisert, organisert og forberedt seg mentalt. For to dager siden gikk startskuddet for arrangementet, i g\u00e5r kl. 17.00 etter ett d\u00f8gn med l\u00f8ping var arrangementet i m\u00e5l til klapp, heiarop, plystring og jubel fra et fullt Toppform lokale.<\/p>\n\n\n\n<p>Flere personer har l\u00f8pt 24 timer i strekk, blant annet tidligere h\u00e5ndballspiller, fjellklatrer og det man m\u00e5 kunne kalle eventyrer Frank L\u00f8ke &#8211; mannen som underveis i l\u00f8pet sa til podkasten psykt bra samtale at han jakter p\u00e5 stolthets\u00f8yeblikk &#8211; den beste f\u00f8lelsen som finnes, \u00e5 gjennomf\u00f8re dette l\u00f8pet gir et slikt stolhets\u00f8yeblikk. Jon Arne Riise har ogs\u00e5 st\u00e5tt p\u00e5 m\u00f8llen i 24 timer og med det l\u00f8pt sitt f\u00f8rste 24 timers l\u00f8p og forlenget sin personlige tid p\u00e5 m\u00f8lle med 11 timer. Mer enn halvparten av tiden p\u00e5 m\u00f8llen i 24 timers l\u00f8pet har Jon Arne l\u00f8pt med krampe, nesten krampe eller rester av krampe &#8211; men han har gjennomf\u00f8rt. Til podkasten psykt bra samtale fortalte Jon Arne underveis at det er vondt, men det handler om \u00e5 pushe grenser, noe han ogs\u00e5 oppfordrer alle andre til \u00e5 gj\u00f8re.<\/p>\n\n\n\n<p>I tillegg til disse to var influenserne Therese Lien og sikkerhetsproffen med, henholdsvis ved l\u00f8p og som ansvarlig for sikkerheten under arrangementet.<\/p>\n\n\n\n<p>I tillegg til disse to har flere lokale personer st\u00e5tt 24 timer p\u00e5 m\u00f8llen, disse uttrykker at saken er s\u00e5 viktig at det er en glede \u00e5 f\u00e5 bidra. En av disse har st\u00e5tt i smerter gjennom store deler av l\u00f8pet. (se lenger ned i artikkelen).<\/p>\n\n\n\n<p>Undertegnede har g\u00e5tt rundt i lokalet med mikrofon og gjort opptak med podkasten psykt bra samtale, i tillegg har jeg ogs\u00e5 v\u00e6rt gjest i podkasten som kastet for toppform fitness gjennom arrangementet &#8211; dette opptaket vil etter hvert bli tilgjengelig p\u00e5 facebook-sidene til Mental helse Moss og omegn. (facebook: Mental helse Moss og omegn).<\/p>\n\n\n\n<p>Representanter fra det lokale n\u00e6ringslivet har stilt opp b\u00e5de som sponsorer, l\u00f8pere og med stands. Det har ogs\u00e5 v\u00e6rt loddsalg under tiden arrangementet har funnet sted, der inntekten har g\u00e5tt til Mental helse, hovedpremien i loddsalget er ei varmepumpe sponset av Moss kj\u00f8leservice. L\u00f8pere, sponsorer, Mental helses folk og publikummere har hatt gleden av \u00e5 bli servert mat fra Rema 1000 som har v\u00e6rt til stede med den st\u00f8rste wok-pannen undertegnede har sett live. Dyre g\u00e5rd har servert l\u00f8pere, sponsorer og andre med de deiligste drikker fra epleg\u00e5rden sin, og Bajazzo pizza og catering har s\u00f8rget for at l\u00f8perne har hatt tilgang til b\u00e5de fersk p\u00e5smurte snitter og varm pizza. I tillegg har jeg og mange flere enn meg hatt tilgang til rask og ny energi fra b\u00e5de red-bull og leverand\u00f8rer av proteinbarer og proteindrikker.<\/p>\n\n\n\n<p><\/p>\n\n\n\n<p>Hva skal man s\u00e5 si til et slikt initiativ, til det engasjementet som viser seg \u00e5 v\u00e6re til stede blant b\u00e5de n\u00e6ringsliv og privatpersoner og ikke minst til enkeltpersoner som bidrar p\u00e5 forskjellig vis?<\/p>\n\n\n\n<p>Mental helse Moss og omegn har v\u00e6rt representert gjennom det meste av tiden arrangementet har p\u00e5g\u00e5tt, man har med det f\u00e5tt se l\u00f8perne gjennom hele delen av l\u00f8pet. I tillegg til leder har ogs\u00e5 Gina representert styret i Mental helse Moss og omegn, vi har ogs\u00e5 v\u00e6rt heldig \u00e5 ha med oss medlemmene Steffen og Lucas p\u00e5 stand. Vi i Mental helse Moss og omegn er sl\u00e5tt i bakken av forundring og beundring, av ydmykhet og takknemlighet. <\/p>\n\n\n\n<p>\u00c5 skue innover lokalet der l\u00f8perne holder til, se alle som l\u00f8per seg gjennom kilometer etter kilometer, mil etter mil &#8211; for psykisk helse, for \u00e5 bidra til et l\u00f8ft for psykisk helse b\u00e5de \u00f8konomisk og hva fokus ang\u00e5r &#8211; har v\u00e6rt sterkt.<\/p>\n\n\n\n<p>Utover l\u00f8pet observerte jeg en person med stadig mer smerter av en art som gjorde at jeg fra min synsvinkel ikke kunne forst\u00e5 at han kunne fortsette l\u00f8pet, han p\u00e5 sin side bare fortsatte og fortsatte &#8211; i smerter. Jeg observerte og snakket med en bevisst ung kar p\u00e5 13 \u00e5r som ikke hadde f\u00e5tt forh\u00e5ndsbooket m\u00f8lle. Guttungen er opptatt av psykisk helse, han fortalte meg at han har opplevd mobbing, opplevd \u00e5 v\u00e6re p\u00e5 utsiden og at han derfor \u00f8nsker \u00e5 bidra til noe bedre. S\u00e5 sto han der pal opp og ned p\u00e5 siden av l\u00f8pesonen mens han ventet, i tilfelle noen skulle gi seg og det ble en ledig m\u00f8lle han kunne overta. Guttungen var p\u00e5 m\u00f8llen han, flere ganger gjennom disse 24 timene, blant annet var han p\u00e5 m\u00f8llen da gjengen ble heiet i m\u00e5l.<\/p>\n\n\n\n<p><\/p>\n\n\n\n<p>\u00c5 v\u00e6re til stede p\u00e5 fremste rad de siste minuttene var spesielt. Fra der vi sto kunne man observere l\u00f8perne, b\u00e5de de som hadde l\u00f8pt en time og de som hadde l\u00f8pt et d\u00f8gn. \u00c5 se hvor slitne l\u00f8perne var, samtidig som man kunne spore b\u00e5de glede, stolthet og lykke i ansiktene til folk var en opplevelse. \u00c5 skue utover l\u00f8perne for s\u00e5 \u00e5 notere seg b\u00e5de hen som l\u00f8p i m\u00e5l med sterke smerter, hen som var i ferd med \u00e5 spy, hen som str\u00e5lte lykke over \u00e5 f\u00e5 ei m\u00f8lle p\u00e5 tampen og alle de som kunne l\u00f8pe i m\u00e5l p\u00e5 ankeretappen med blikket hevet i stolthet og glede over \u00e5 bidra i spleisen.<\/p>\n\n\n\n<p>Jeg ble skikkelig r\u00f8rt &#8211;<\/p>\n\n\n\n<p>S\u00e5 mye innsats, s\u00e5 stort engasjement, glede og lykke &#8211; FOR et vellykket arrangement dette ble for initiativtaker og for toppform fitness i Moss.<\/p>\n\n\n\n<p>I det den glade lokallagsleder hadde takket og bukket pent til tre &#8211; fire passerende l\u00f8pere p\u00e5 vei ut fra l\u00f8pesonen, klarnet toppen igjen og lokallagslederen (alts\u00e5 meg) fikk dratt med seg skrotten inn i l\u00f8pesonen. Inne i sonen gikk undertegnede til resterende av l\u00f8perne og takket de personlig for sin innsats p\u00e5 vegne av Mental helse &#8211; \u00e5 bruke fem minutter p\u00e5 dette var det minste jeg kunne gj\u00f8re etter at disse har st\u00e5tt p\u00e5 gjennom 24 timer. <\/p>\n\n\n\n<p>Dette arrangementet ble et kjempel\u00f8ft for Mental helse Moss og omegn, som opplever at alle midler som er samlet inn kommer tilbake til lokalsamfunnet v\u00e5rt.<\/p>\n\n\n\n<p>Dr\u00f8yt 253.000 var den totale summen i det arrangementet var ferdig. 253.000 til Venn1 i Moss og omegn &#8211; til et opplegg for selvmordsforebygging blant unge mennesker i v\u00e5r region.<\/p>\n\n\n\n<p>Det er bare \u00e5 ta av seg caps`en for \u00e5 takke og bukke pent til alle som har bidratt.<\/p>\n\n\n\n\t\t<div class=\"mh-related-posts alignfull alignfull wp-block-mentalhelse-related-posts gray-mode\">\n\t\t\t<div class=\"mh-related-posts__inner\">\n\t\t\t\t\n\n<h3 class=\"wp-block-heading\" id=\"h-also-read\">Also read<\/h3>\n\n\n<div class=\"t2-featured-content-layout alignwide alignwide wp-block-t2-featured-content-layout\">\n<div class=\"t2-featured-query-post t2-featured-content is-post-type-news wp-block-t2-featured-query-post t2-featured-content-layout-col-4\"><a class=\"t2-post-link wp-block-t2-post-link\" href=\"https:\/\/mentalhelse.no\/moss-og-omegn\/aktuelt\/egen-mobil-gjor-det-enklere-a-kontakte-mental-helse-moss-og-omegn-direkte\/\">\n\t<figure style=\"--t2-focal-point: 50% 50%;\" class=\"t2-post-featured-image has-image-ratio-16-9 wp-block-t2-post-featured-image\"><img loading=\"lazy\" decoding=\"async\" width=\"199\" height=\"199\" src=\"https:\/\/mentalhelse.no\/content\/uploads\/sites\/343\/2025\/08\/image.png\" class=\"attachment-post-thumbnail size-post-thumbnail wp-post-image\" alt=\"\" srcset=\"https:\/\/mentalhelse.no\/content\/uploads\/sites\/343\/2025\/08\/image.png 199w, https:\/\/mentalhelse.no\/content\/uploads\/sites\/343\/2025\/08\/image-150x150.png 150w\" sizes=\"auto, (max-width: 199px) 100vw, 199px\" style=\"--focal-point: 50% 50%;\" \/><\/figure>\n<\/a>\n\n<div class=\"wp-block-group postinfo alignfull is-layout-flow wp-block-group-is-layout-flow\">\n\t<div class=\"wp-block-mentalhelse-post-category\">\n\t\t\t\t\t<div class=\"post-type\">\n\t\t\t\t\t\t<a href=\"https:\/\/mentalhelse.no\/moss-og-omegn\/aktuelt\/\">Nyheter<\/a>\n\t\t\t\t\t<\/div>\n\t\t\t\t\t\n\t\t\t\t\t<div class=\"post-category\">\n\t\t\t\t\t\t\n\t\t\t\t\t<\/div>\n\t\t\t<\/div>\n\t<a class=\"t2-post-link wp-block-t2-post-link\" href=\"https:\/\/mentalhelse.no\/moss-og-omegn\/aktuelt\/egen-mobil-gjor-det-enklere-a-kontakte-mental-helse-moss-og-omegn-direkte\/\">\n\t<h2 class=\"t2-post-title wp-block-t2-post-title\">Egen mobil gj\u00f8r det enklere \u00e5 kontakte Mental Helse Moss og omegn direkte\u00a0<\/h2>\n\t<\/a>\n<\/div>\n\n<\/div>\n\n<div class=\"t2-featured-query-post t2-featured-content is-post-type-news wp-block-t2-featured-query-post t2-featured-content-layout-col-4\"><a class=\"t2-post-link wp-block-t2-post-link\" href=\"https:\/\/mentalhelse.no\/moss-og-omegn\/aktuelt\/samarbeid-med-ti-pa-topp-ostfold\/\">\n\t<figure style=\"--t2-focal-point: 50% 50%;\" class=\"t2-post-featured-image has-image-ratio-16-9 wp-block-t2-post-featured-image\"><img loading=\"lazy\" decoding=\"async\" width=\"1080\" height=\"1282\" src=\"https:\/\/mentalhelse.no\/content\/uploads\/sites\/343\/2025\/03\/Screenshot_20250310_120620_Gallery.jpg\" class=\"attachment-post-thumbnail size-post-thumbnail wp-post-image\" alt=\"\" srcset=\"https:\/\/mentalhelse.no\/content\/uploads\/sites\/343\/2025\/03\/Screenshot_20250310_120620_Gallery.jpg 1080w, https:\/\/mentalhelse.no\/content\/uploads\/sites\/343\/2025\/03\/Screenshot_20250310_120620_Gallery-253x300.jpg 253w, https:\/\/mentalhelse.no\/content\/uploads\/sites\/343\/2025\/03\/Screenshot_20250310_120620_Gallery-863x1024.jpg 863w, https:\/\/mentalhelse.no\/content\/uploads\/sites\/343\/2025\/03\/Screenshot_20250310_120620_Gallery-768x912.jpg 768w\" sizes=\"auto, (max-width: 1080px) 100vw, 1080px\" style=\"--focal-point: 50% 50%;\" \/><\/figure>\n<\/a>\n\n<div class=\"wp-block-group postinfo alignfull is-layout-flow wp-block-group-is-layout-flow\">\n\t<div class=\"wp-block-mentalhelse-post-category\">\n\t\t\t\t\t<div class=\"post-type\">\n\t\t\t\t\t\t<a href=\"https:\/\/mentalhelse.no\/moss-og-omegn\/aktuelt\/\">Nyheter<\/a>\n\t\t\t\t\t<\/div>\n\t\t\t\t\t\n\t\t\t\t\t<div class=\"post-category\">\n\t\t\t\t\t\t\n\t\t\t\t\t<\/div>\n\t\t\t<\/div>\n\t<a class=\"t2-post-link wp-block-t2-post-link\" href=\"https:\/\/mentalhelse.no\/moss-og-omegn\/aktuelt\/samarbeid-med-ti-pa-topp-ostfold\/\">\n\t<h2 class=\"t2-post-title wp-block-t2-post-title\">SAMARBEID MED TI P\u00c5 TOPP \u00d8STFOLD<\/h2>\n\t<\/a>\n<\/div>\n\n<\/div>\n\n<div class=\"t2-featured-query-post t2-featured-content is-post-type-news wp-block-t2-featured-query-post t2-featured-content-layout-col-4\"><a class=\"t2-post-link wp-block-t2-post-link\" href=\"https:\/\/mentalhelse.no\/moss-og-omegn\/aktuelt\/psykt-bra-sykkeltur-prosjektet-sin-langtur-2024\/\">\n\t<figure style=\"--t2-focal-point: 50% 50%;\" class=\"t2-post-featured-image has-image-ratio-16-9 wp-block-t2-post-featured-image\"><img loading=\"lazy\" decoding=\"async\" width=\"2000\" height=\"1500\" src=\"https:\/\/mentalhelse.no\/content\/uploads\/sites\/343\/2024\/08\/Samlet-gruppe-og-bil-2.jpg\" class=\"attachment-post-thumbnail size-post-thumbnail wp-post-image\" alt=\"\" srcset=\"https:\/\/mentalhelse.no\/content\/uploads\/sites\/343\/2024\/08\/Samlet-gruppe-og-bil-2.jpg 2000w, https:\/\/mentalhelse.no\/content\/uploads\/sites\/343\/2024\/08\/Samlet-gruppe-og-bil-2-300x225.jpg 300w, https:\/\/mentalhelse.no\/content\/uploads\/sites\/343\/2024\/08\/Samlet-gruppe-og-bil-2-1024x768.jpg 1024w, https:\/\/mentalhelse.no\/content\/uploads\/sites\/343\/2024\/08\/Samlet-gruppe-og-bil-2-768x576.jpg 768w, https:\/\/mentalhelse.no\/content\/uploads\/sites\/343\/2024\/08\/Samlet-gruppe-og-bil-2-1536x1152.jpg 1536w\" sizes=\"auto, (max-width: 2000px) 100vw, 2000px\" style=\"--focal-point: 50% 50%;\" \/><\/figure>\n<\/a>\n\n<div class=\"wp-block-group postinfo alignfull is-layout-flow wp-block-group-is-layout-flow\">\n\t<div class=\"wp-block-mentalhelse-post-category\">\n\t\t\t\t\t<div class=\"post-type\">\n\t\t\t\t\t\t<a href=\"https:\/\/mentalhelse.no\/moss-og-omegn\/aktuelt\/\">Nyheter<\/a>\n\t\t\t\t\t<\/div>\n\t\t\t\t\t\n\t\t\t\t\t<div class=\"post-category\">\n\t\t\t\t\t\t\n\t\t\t\t\t<\/div>\n\t\t\t<\/div>\n\t<a class=\"t2-post-link wp-block-t2-post-link\" href=\"https:\/\/mentalhelse.no\/moss-og-omegn\/aktuelt\/psykt-bra-sykkeltur-prosjektet-sin-langtur-2024\/\">\n\t<h2 class=\"t2-post-title wp-block-t2-post-title\">Psykt bra sykkeltur prosjektet sin langtur 2024<\/h2>\n\t<\/a>\n<\/div>\n\n<\/div>\n<\/div>\n\n\t\t\t<\/div>\n\t\t<\/div>","protected":false},"excerpt":{"rendered":"<p>For noen m\u00e5neder siden var det en kar ved navn Marius som fikk en god id\u00e9; Marius ville f\u00e5 med seg noen kamerater for \u00e5&#8230;<\/p>\n","protected":false},"author":60,"featured_media":1128,"parent":0,"template":"","meta":{"t2_featured_media_focal_point":{"x":0.5,"y":0.5},"mh_hide_title":true},"news_category":[],"class_list":["post-1127","news","type-news","status-publish","has-post-thumbnail","hentry"],"yoast_head":"<!-- This site is optimized with the Yoast SEO Premium plugin v21.2 (Yoast SEO v21.2) - https:\/\/yoast.com\/wordpress\/plugins\/seo\/ -->\n<title>24 timers l\u00f8p til inntekt for Mental helse - Mental Helse - Moss og omegn<\/title>\n<meta name=\"robots\" content=\"index, follow, max-snippet:-1, max-image-preview:large, max-video-preview:-1\" \/>\n<link rel=\"canonical\" href=\"https:\/\/mentalhelse.no\/moss-og-omegn\/aktuelt\/24-timers-lop-til-inntekt-for-mental-helse\/\" \/>\n<meta property=\"og:locale\" content=\"nb_NO\" \/>\n<meta property=\"og:type\" content=\"article\" \/>\n<meta property=\"og:title\" content=\"24 timers l\u00f8p til inntekt for Mental helse\" \/>\n<meta property=\"og:description\" content=\"For noen m\u00e5neder siden var det en kar ved navn Marius som fikk en god id\u00e9; Marius ville f\u00e5 med seg noen kamerater for \u00e5...\" \/>\n<meta property=\"og:url\" content=\"https:\/\/mentalhelse.no\/moss-og-omegn\/aktuelt\/24-timers-lop-til-inntekt-for-mental-helse\/\" \/>\n<meta property=\"og:site_name\" content=\"Moss og omegn\" \/>\n<meta property=\"article:modified_time\" content=\"2025-02-09T16:46:10+00:00\" \/>\n<meta property=\"og:image\" content=\"https:\/\/mentalhelse.no\/content\/uploads\/sites\/343\/2025\/02\/24-timers-lop-for-MH-2.jpg\" \/>\n\t<meta property=\"og:image:width\" content=\"2000\" \/>\n\t<meta property=\"og:image:height\" content=\"1126\" \/>\n\t<meta property=\"og:image:type\" content=\"image\/jpeg\" \/>\n<meta name=\"twitter:card\" content=\"summary_large_image\" \/>\n<meta name=\"twitter:label1\" content=\"Ansl. lesetid\" \/>\n\t<meta name=\"twitter:data1\" content=\"7 minutter\" \/>\n<script type=\"application\/ld+json\" class=\"yoast-schema-graph\">{\"@context\":\"https:\/\/schema.org\",\"@graph\":[{\"@type\":\"WebPage\",\"@id\":\"https:\/\/mentalhelse.no\/moss-og-omegn\/aktuelt\/24-timers-lop-til-inntekt-for-mental-helse\/\",\"url\":\"https:\/\/mentalhelse.no\/moss-og-omegn\/aktuelt\/24-timers-lop-til-inntekt-for-mental-helse\/\",\"name\":\"24 timers l\u00f8p til inntekt for Mental helse - Moss og omegn\",\"isPartOf\":{\"@id\":\"https:\/\/mentalhelse.no\/moss-og-omegn\/#website\"},\"datePublished\":\"2025-02-09T16:46:09+00:00\",\"dateModified\":\"2025-02-09T16:46:10+00:00\",\"breadcrumb\":{\"@id\":\"https:\/\/mentalhelse.no\/moss-og-omegn\/aktuelt\/24-timers-lop-til-inntekt-for-mental-helse\/#breadcrumb\"},\"inLanguage\":\"nb-NO\",\"potentialAction\":[{\"@type\":\"ReadAction\",\"target\":[\"https:\/\/mentalhelse.no\/moss-og-omegn\/aktuelt\/24-timers-lop-til-inntekt-for-mental-helse\/\"]}]},{\"@type\":\"BreadcrumbList\",\"@id\":\"https:\/\/mentalhelse.no\/moss-og-omegn\/aktuelt\/24-timers-lop-til-inntekt-for-mental-helse\/#breadcrumb\",\"itemListElement\":[{\"@type\":\"ListItem\",\"position\":1,\"name\":\"Hjem\",\"item\":\"https:\/\/mentalhelse.no\/moss-og-omegn\/\"},{\"@type\":\"ListItem\",\"position\":2,\"name\":\"Nyheter\",\"item\":\"https:\/\/mentalhelse.no\/moss-og-omegn\/aktuelt\/\"},{\"@type\":\"ListItem\",\"position\":3,\"name\":\"24 timers l\u00f8p til inntekt for Mental helse\"}]},{\"@type\":\"WebSite\",\"@id\":\"https:\/\/mentalhelse.no\/moss-og-omegn\/#website\",\"url\":\"https:\/\/mentalhelse.no\/moss-og-omegn\/\",\"name\":\"Moss og omegn\",\"description\":\"\",\"potentialAction\":[{\"@type\":\"SearchAction\",\"target\":{\"@type\":\"EntryPoint\",\"urlTemplate\":\"https:\/\/mentalhelse.no\/moss-og-omegn\/?s={search_term_string}\"},\"query-input\":\"required name=search_term_string\"}],\"inLanguage\":\"nb-NO\"}]}<\/script>\n<!-- \/ Yoast SEO Premium plugin. -->","yoast_head_json":{"title":"24 timers l\u00f8p til inntekt for Mental helse - Mental Helse - Moss og omegn","robots":{"index":"index","follow":"follow","max-snippet":"max-snippet:-1","max-image-preview":"max-image-preview:large","max-video-preview":"max-video-preview:-1"},"canonical":"https:\/\/mentalhelse.no\/moss-og-omegn\/aktuelt\/24-timers-lop-til-inntekt-for-mental-helse\/","og_locale":"nb_NO","og_type":"article","og_title":"24 timers l\u00f8p til inntekt for Mental helse","og_description":"For noen m\u00e5neder siden var det en kar ved navn Marius som fikk en god id\u00e9; Marius ville f\u00e5 med seg noen kamerater for \u00e5...","og_url":"https:\/\/mentalhelse.no\/moss-og-omegn\/aktuelt\/24-timers-lop-til-inntekt-for-mental-helse\/","og_site_name":"Moss og omegn","article_modified_time":"2025-02-09T16:46:10+00:00","og_image":[{"width":2000,"height":1126,"url":"https:\/\/mentalhelse.no\/content\/uploads\/sites\/343\/2025\/02\/24-timers-lop-for-MH-2.jpg","type":"image\/jpeg"}],"twitter_card":"summary_large_image","twitter_misc":{"Ansl. lesetid":"7 minutter"},"schema":{"@context":"https:\/\/schema.org","@graph":[{"@type":"WebPage","@id":"https:\/\/mentalhelse.no\/moss-og-omegn\/aktuelt\/24-timers-lop-til-inntekt-for-mental-helse\/","url":"https:\/\/mentalhelse.no\/moss-og-omegn\/aktuelt\/24-timers-lop-til-inntekt-for-mental-helse\/","name":"24 timers l\u00f8p til inntekt for Mental helse - Moss og omegn","isPartOf":{"@id":"https:\/\/mentalhelse.no\/moss-og-omegn\/#website"},"datePublished":"2025-02-09T16:46:09+00:00","dateModified":"2025-02-09T16:46:10+00:00","breadcrumb":{"@id":"https:\/\/mentalhelse.no\/moss-og-omegn\/aktuelt\/24-timers-lop-til-inntekt-for-mental-helse\/#breadcrumb"},"inLanguage":"nb-NO","potentialAction":[{"@type":"ReadAction","target":["https:\/\/mentalhelse.no\/moss-og-omegn\/aktuelt\/24-timers-lop-til-inntekt-for-mental-helse\/"]}]},{"@type":"BreadcrumbList","@id":"https:\/\/mentalhelse.no\/moss-og-omegn\/aktuelt\/24-timers-lop-til-inntekt-for-mental-helse\/#breadcrumb","itemListElement":[{"@type":"ListItem","position":1,"name":"Hjem","item":"https:\/\/mentalhelse.no\/moss-og-omegn\/"},{"@type":"ListItem","position":2,"name":"Nyheter","item":"https:\/\/mentalhelse.no\/moss-og-omegn\/aktuelt\/"},{"@type":"ListItem","position":3,"name":"24 timers l\u00f8p til inntekt for Mental helse"}]},{"@type":"WebSite","@id":"https:\/\/mentalhelse.no\/moss-og-omegn\/#website","url":"https:\/\/mentalhelse.no\/moss-og-omegn\/","name":"Moss og omegn","description":"","potentialAction":[{"@type":"SearchAction","target":{"@type":"EntryPoint","urlTemplate":"https:\/\/mentalhelse.no\/moss-og-omegn\/?s={search_term_string}"},"query-input":"required name=search_term_string"}],"inLanguage":"nb-NO"}]}},"_links":{"self":[{"href":"https:\/\/mentalhelse.no\/moss-og-omegn\/wp-json\/wp\/v2\/news\/1127","targetHints":{"allow":["GET"]}}],"collection":[{"href":"https:\/\/mentalhelse.no\/moss-og-omegn\/wp-json\/wp\/v2\/news"}],"about":[{"href":"https:\/\/mentalhelse.no\/moss-og-omegn\/wp-json\/wp\/v2\/types\/news"}],"author":[{"embeddable":true,"href":"https:\/\/mentalhelse.no\/moss-og-omegn\/wp-json\/wp\/v2\/users\/60"}],"wp:featuredmedia":[{"embeddable":true,"href":"https:\/\/mentalhelse.no\/moss-og-omegn\/wp-json\/wp\/v2\/media\/1128"}],"wp:attachment":[{"href":"https:\/\/mentalhelse.no\/moss-og-omegn\/wp-json\/wp\/v2\/media?parent=1127"}],"wp:term":[{"taxonomy":"news_category","embeddable":true,"href":"https:\/\/mentalhelse.no\/moss-og-omegn\/wp-json\/wp\/v2\/news_category?post=1127"}],"curies":[{"name":"wp","href":"https:\/\/api.w.org\/{rel}","templated":true}]}}