{"id":1131,"date":"2025-03-30T12:38:49","date_gmt":"2025-03-30T12:38:49","guid":{"rendered":"https:\/\/mentalhelse.no\/moss-og-omegn\/?post_type=news&#038;p=1131"},"modified":"2025-04-01T12:54:25","modified_gmt":"2025-04-01T12:54:25","slug":"samarbeid-med-ti-pa-topp-ostfold","status":"publish","type":"news","link":"https:\/\/mentalhelse.no\/moss-og-omegn\/aktuelt\/samarbeid-med-ti-pa-topp-ostfold\/","title":{"rendered":"SAMARBEID MED TI P\u00c5 TOPP \u00d8STFOLD"},"content":{"rendered":"<figure class=\"alignwide wp-block-post-featured-image\"><img loading=\"lazy\" decoding=\"async\" width=\"1080\" height=\"1282\" src=\"https:\/\/mentalhelse.no\/content\/uploads\/sites\/343\/2025\/03\/Screenshot_20250310_120620_Gallery.jpg\" class=\"attachment-post-thumbnail size-post-thumbnail wp-post-image\" alt=\"\" style=\"object-fit:cover; --focal-point: 50% 50%;\" srcset=\"https:\/\/mentalhelse.no\/content\/uploads\/sites\/343\/2025\/03\/Screenshot_20250310_120620_Gallery.jpg 1080w, https:\/\/mentalhelse.no\/content\/uploads\/sites\/343\/2025\/03\/Screenshot_20250310_120620_Gallery-253x300.jpg 253w, https:\/\/mentalhelse.no\/content\/uploads\/sites\/343\/2025\/03\/Screenshot_20250310_120620_Gallery-863x1024.jpg 863w, https:\/\/mentalhelse.no\/content\/uploads\/sites\/343\/2025\/03\/Screenshot_20250310_120620_Gallery-768x912.jpg 768w\" sizes=\"auto, (max-width: 1080px) 100vw, 1080px\" \/><\/figure>\n\n<h1 class=\"wp-block-post-title\">SAMARBEID MED TI P\u00c5 TOPP \u00d8STFOLD<\/h1>\n\n<div class=\"is-img-top mh-byline wp-block-mh-byline\">\n                  <div class=\"mh-byline__inner\">\n                  \t\n                  \t<div class=\"mh-byline__meta\">\n                  \t\t<div class=\"mh-byline__post\">\n                  \t\t\t<div class=\"entry-date\">30.03.2025<\/div>\n                  \t\t<\/div>\n                  \t\t<div class=\"mh-byline__author\">\n                  \t\t\t <span class=\"mh-byline__author-link\">lagmoss<\/span>\n\t\t\t\t\t\t<\/div>\n\t\t\t\t\t<\/div>\n\t\t\t\t<\/div>\n\t\t<\/div>\n\n\n<p>I fjor inngikk ti p\u00e5 topp \u00d8stfold og mental helse Moss og omegn et samarbeid.<\/p>\n\n\n\n<p>For deg som ikke kjenner til ti p\u00e5 topp, s\u00e5 handler det om en tur-app, der man legger til rette for turer innenfor et geografisk omr\u00e5de, en slags turkonkurranse der man melder seg p\u00e5 ved \u00e5 betale en kontigent. Som p\u00e5meldt f\u00e5r man tilgang til turkart over de turene som er med p\u00e5 aktuell sesong, i \u00e5r er det snakk om 22 turer. Det er bedriftsidretten som st\u00e5r bak denne turappen som strekker seg over hele landet inndelt i regioner.<\/p>\n\n\n\n<p><a href=\"https:\/\/open.spotify.com\/episode\/6nfAFrxeFmbGuoosCnVgYS?si=7d49a8ffe82b408f\">https:\/\/open.spotify.com\/episode\/6nfAFrxeFmbGuoosCnVgYS?si=7d49a8ffe82b408f<\/a><\/p>\n\n\n\n<p><\/p>\n\n\n\n<p>S\u00e5 &#8211;<\/p>\n\n\n\n<p>Samarbeidet v\u00e5rt ble til etter en samtale mellom lokallagsleder i Mental helse Moss og omegn og leder for ti p\u00e5 topp \u00d8stfold, Kristian Gulbrandsen, da han var gjest i podkasten psykt bra samtale. I visshet om viktigheten av fokus p\u00e5 psykisk helse og det \u00e5 formidle kunnskap om b\u00e5de psykisk helse og organisasjonen Mental helse, s\u00e5 samarbeidet dagens lys. Samarbeidets hensikt var \u00e5 informere turg\u00e5ere om Mental helse Moss og omegn.<\/p>\n\n\n\n<p>Samarbeidet gikk i fjor konkret ut p\u00e5 at Mental helse Moss og omegn sto som tursponsor p\u00e5 to av turene som befant seg i Mosseregionen. For v\u00e5r del betydde et slikt samarbeid gratis reklame ved at turg\u00e5ere som scannet QR-koden ved turm\u00e5let ble sluset direkte inn p\u00e5 mental helse Moss og omegn sine nettsider for informasjon om oss.<\/p>\n\n\n\n<p><\/p>\n\n\n\n<p>I \u00e5r er dette samarbeidet tatt et steg videre, noe vi er veldig stolt av og takknemlig for.<\/p>\n\n\n\n<p>Fortsatt st\u00e5r Mental helse Moss og omegn som tursponsor p\u00e5 to av turene i v\u00e5r region, dette betyr ogs\u00e5 i \u00e5r at vi f\u00e5r gratis reklame blant turg\u00e5erne.<\/p>\n\n\n\n<p>I tillegg er det slik at n\u00e5r turg\u00e5ere melder seg p\u00e5 konkurransen \/ aktiviteten i forbindelse med \u00e5rets sesong, s\u00e5 kan de velge mellom \u00e5 g\u00e5 minst ti forskjellige turer og f\u00e5 en premie, eller \u00e5 g\u00e5 minst ti forskjellige turer og donere premien sin i form av mynt til Mental helse \u00d8stfold.<\/p>\n\n\n\n<p>Det er ikke de enorme summene som kommer ut av disse donasjonene, men det er noe med tanken bak, signaleffekten, det \u00e5 vite at jeg g\u00e5r for en god sak &#8211; det er nemlig det man kan gj\u00f8re under \u00e5rets ti p\u00e5 topp, g\u00e5 for psykisk helse kort sagt.<\/p>\n\n\n\n<p>I tillegg til \u00e5 v\u00e6re tursponsor, i tillegg til \u00e5 kunne velge mellom \u00e5 donere premien sin til Mental helse \u00d8stfold &#8211; s\u00e5 er Mental helse Moss og omegn med i arrangering av fellesturer i denne sesongen. Det betyr at man kan melde seg p\u00e5 fellesturer der Mental helse Moss og omegn er med p\u00e5 turen. Fellesturene annonseres av ti p\u00e5 topp p\u00e5 instagram, og de er gratis \u00e5 v\u00e6re med p\u00e5. Det er mulig \u00e5 sl\u00e5 av en prat med oss p\u00e5 de fellesturene vi er med p\u00e5, det er ogs\u00e5 helt greit om man ikke har spesielle \u00f8nsker om annet enn \u00e5 v\u00e6re med p\u00e5 turen.<\/p>\n\n\n\n<p>Det \u00e5 v\u00e6re p\u00e5 tur er i seg selv bra for den fysiske helsen, samtidig vet vi at fysisk aktivitet er bra for v\u00e5r psykiske helse &#8211; alts\u00e5 sl\u00e5r man to fluer i ett smekk ved \u00e5 g\u00e5 en ti p\u00e5 topp tur.<\/p>\n\n\n\n<p><\/p>\n\n\n\n<p>Til andre lokallag rundt om i landet er oppfordringen klar &#8211;<\/p>\n\n\n\n<p>Ta kontakt med ti p\u00e5 topp der dere h\u00f8rer til, inviter til et samarbeid som inkluderer hele mennesket.<\/p>\n\n\n\n<p><\/p>\n\n\n\n\t\t<div class=\"mh-related-posts alignfull alignfull wp-block-mentalhelse-related-posts gray-mode\">\n\t\t\t<div class=\"mh-related-posts__inner\">\n\t\t\t\t\n\n<h3 class=\"wp-block-heading\" id=\"h-also-read\">Also read<\/h3>\n\n\n<div class=\"t2-featured-content-layout alignwide alignwide wp-block-t2-featured-content-layout\">\n<div class=\"t2-featured-query-post t2-featured-content is-post-type-news wp-block-t2-featured-query-post t2-featured-content-layout-col-4\"><a class=\"t2-post-link wp-block-t2-post-link\" href=\"https:\/\/mentalhelse.no\/moss-og-omegn\/aktuelt\/egen-mobil-gjor-det-enklere-a-kontakte-mental-helse-moss-og-omegn-direkte\/\">\n\t<figure style=\"--t2-focal-point: 50% 50%;\" class=\"t2-post-featured-image has-image-ratio-16-9 wp-block-t2-post-featured-image\"><img loading=\"lazy\" decoding=\"async\" width=\"199\" height=\"199\" src=\"https:\/\/mentalhelse.no\/content\/uploads\/sites\/343\/2025\/08\/image.png\" class=\"attachment-post-thumbnail size-post-thumbnail wp-post-image\" alt=\"\" srcset=\"https:\/\/mentalhelse.no\/content\/uploads\/sites\/343\/2025\/08\/image.png 199w, https:\/\/mentalhelse.no\/content\/uploads\/sites\/343\/2025\/08\/image-150x150.png 150w\" sizes=\"auto, (max-width: 199px) 100vw, 199px\" style=\"--focal-point: 50% 50%;\" \/><\/figure>\n<\/a>\n\n<div class=\"wp-block-group postinfo alignfull is-layout-flow wp-block-group-is-layout-flow\">\n\t<div class=\"wp-block-mentalhelse-post-category\">\n\t\t\t\t\t<div class=\"post-type\">\n\t\t\t\t\t\t<a href=\"https:\/\/mentalhelse.no\/moss-og-omegn\/aktuelt\/\">Nyheter<\/a>\n\t\t\t\t\t<\/div>\n\t\t\t\t\t\n\t\t\t\t\t<div class=\"post-category\">\n\t\t\t\t\t\t\n\t\t\t\t\t<\/div>\n\t\t\t<\/div>\n\t<a class=\"t2-post-link wp-block-t2-post-link\" href=\"https:\/\/mentalhelse.no\/moss-og-omegn\/aktuelt\/egen-mobil-gjor-det-enklere-a-kontakte-mental-helse-moss-og-omegn-direkte\/\">\n\t<h2 class=\"t2-post-title wp-block-t2-post-title\">Egen mobil gj\u00f8r det enklere \u00e5 kontakte Mental Helse Moss og omegn direkte\u00a0<\/h2>\n\t<\/a>\n<\/div>\n\n<\/div>\n\n<div class=\"t2-featured-query-post t2-featured-content is-post-type-news wp-block-t2-featured-query-post t2-featured-content-layout-col-4\"><a class=\"t2-post-link wp-block-t2-post-link\" href=\"https:\/\/mentalhelse.no\/moss-og-omegn\/aktuelt\/24-timers-lop-til-inntekt-for-mental-helse\/\">\n\t<figure style=\"--t2-focal-point: 50% 50%;\" class=\"t2-post-featured-image has-image-ratio-16-9 wp-block-t2-post-featured-image\"><img loading=\"lazy\" decoding=\"async\" width=\"2000\" height=\"1126\" src=\"https:\/\/mentalhelse.no\/content\/uploads\/sites\/343\/2025\/02\/24-timers-lop-for-MH-2.jpg\" class=\"attachment-post-thumbnail size-post-thumbnail wp-post-image\" alt=\"\" srcset=\"https:\/\/mentalhelse.no\/content\/uploads\/sites\/343\/2025\/02\/24-timers-lop-for-MH-2.jpg 2000w, https:\/\/mentalhelse.no\/content\/uploads\/sites\/343\/2025\/02\/24-timers-lop-for-MH-2-300x169.jpg 300w, https:\/\/mentalhelse.no\/content\/uploads\/sites\/343\/2025\/02\/24-timers-lop-for-MH-2-1024x577.jpg 1024w, https:\/\/mentalhelse.no\/content\/uploads\/sites\/343\/2025\/02\/24-timers-lop-for-MH-2-768x432.jpg 768w, https:\/\/mentalhelse.no\/content\/uploads\/sites\/343\/2025\/02\/24-timers-lop-for-MH-2-1536x865.jpg 1536w\" sizes=\"auto, (max-width: 2000px) 100vw, 2000px\" style=\"--focal-point: 50% 50%;\" \/><\/figure>\n<\/a>\n\n<div class=\"wp-block-group postinfo alignfull is-layout-flow wp-block-group-is-layout-flow\">\n\t<div class=\"wp-block-mentalhelse-post-category\">\n\t\t\t\t\t<div class=\"post-type\">\n\t\t\t\t\t\t<a href=\"https:\/\/mentalhelse.no\/moss-og-omegn\/aktuelt\/\">Nyheter<\/a>\n\t\t\t\t\t<\/div>\n\t\t\t\t\t\n\t\t\t\t\t<div class=\"post-category\">\n\t\t\t\t\t\t\n\t\t\t\t\t<\/div>\n\t\t\t<\/div>\n\t<a class=\"t2-post-link wp-block-t2-post-link\" href=\"https:\/\/mentalhelse.no\/moss-og-omegn\/aktuelt\/24-timers-lop-til-inntekt-for-mental-helse\/\">\n\t<h2 class=\"t2-post-title wp-block-t2-post-title\">24 timers l\u00f8p til inntekt for Mental helse<\/h2>\n\t<\/a>\n<\/div>\n\n<\/div>\n\n<div class=\"t2-featured-query-post t2-featured-content is-post-type-news wp-block-t2-featured-query-post t2-featured-content-layout-col-4\"><a class=\"t2-post-link wp-block-t2-post-link\" href=\"https:\/\/mentalhelse.no\/moss-og-omegn\/aktuelt\/psykt-bra-sykkeltur-prosjektet-sin-langtur-2024\/\">\n\t<figure style=\"--t2-focal-point: 50% 50%;\" class=\"t2-post-featured-image has-image-ratio-16-9 wp-block-t2-post-featured-image\"><img loading=\"lazy\" decoding=\"async\" width=\"2000\" height=\"1500\" src=\"https:\/\/mentalhelse.no\/content\/uploads\/sites\/343\/2024\/08\/Samlet-gruppe-og-bil-2.jpg\" class=\"attachment-post-thumbnail size-post-thumbnail wp-post-image\" alt=\"\" srcset=\"https:\/\/mentalhelse.no\/content\/uploads\/sites\/343\/2024\/08\/Samlet-gruppe-og-bil-2.jpg 2000w, https:\/\/mentalhelse.no\/content\/uploads\/sites\/343\/2024\/08\/Samlet-gruppe-og-bil-2-300x225.jpg 300w, https:\/\/mentalhelse.no\/content\/uploads\/sites\/343\/2024\/08\/Samlet-gruppe-og-bil-2-1024x768.jpg 1024w, https:\/\/mentalhelse.no\/content\/uploads\/sites\/343\/2024\/08\/Samlet-gruppe-og-bil-2-768x576.jpg 768w, https:\/\/mentalhelse.no\/content\/uploads\/sites\/343\/2024\/08\/Samlet-gruppe-og-bil-2-1536x1152.jpg 1536w\" sizes=\"auto, (max-width: 2000px) 100vw, 2000px\" style=\"--focal-point: 50% 50%;\" \/><\/figure>\n<\/a>\n\n<div class=\"wp-block-group postinfo alignfull is-layout-flow wp-block-group-is-layout-flow\">\n\t<div class=\"wp-block-mentalhelse-post-category\">\n\t\t\t\t\t<div class=\"post-type\">\n\t\t\t\t\t\t<a href=\"https:\/\/mentalhelse.no\/moss-og-omegn\/aktuelt\/\">Nyheter<\/a>\n\t\t\t\t\t<\/div>\n\t\t\t\t\t\n\t\t\t\t\t<div class=\"post-category\">\n\t\t\t\t\t\t\n\t\t\t\t\t<\/div>\n\t\t\t<\/div>\n\t<a class=\"t2-post-link wp-block-t2-post-link\" href=\"https:\/\/mentalhelse.no\/moss-og-omegn\/aktuelt\/psykt-bra-sykkeltur-prosjektet-sin-langtur-2024\/\">\n\t<h2 class=\"t2-post-title wp-block-t2-post-title\">Psykt bra sykkeltur prosjektet sin langtur 2024<\/h2>\n\t<\/a>\n<\/div>\n\n<\/div>\n<\/div>\n\n\t\t\t<\/div>\n\t\t<\/div>","protected":false},"excerpt":{"rendered":"<p>I fjor inngikk ti p\u00e5 topp \u00d8stfold og mental helse Moss og omegn et samarbeid. For deg som ikke kjenner til ti p\u00e5 topp, s\u00e5&#8230;<\/p>\n","protected":false},"author":60,"featured_media":1132,"parent":0,"template":"","meta":{"t2_featured_media_focal_point":{"x":0.5,"y":0.5},"mh_hide_title":true},"news_category":[],"class_list":["post-1131","news","type-news","status-publish","has-post-thumbnail","hentry"],"yoast_head":"<!-- This site is optimized with the Yoast SEO Premium plugin v21.2 (Yoast SEO v21.2) - https:\/\/yoast.com\/wordpress\/plugins\/seo\/ -->\n<title>SAMARBEID MED TI P\u00c5 TOPP \u00d8STFOLD - Mental Helse - Moss og omegn<\/title>\n<meta name=\"description\" content=\"Her kan du lese om hvordan samarbeid mellom bedriftsidretten og mental helse b\u00e5de oppsto og videreutvikles.\" \/>\n<meta name=\"robots\" content=\"index, follow, max-snippet:-1, max-image-preview:large, max-video-preview:-1\" \/>\n<link rel=\"canonical\" href=\"https:\/\/mentalhelse.no\/moss-og-omegn\/aktuelt\/samarbeid-med-ti-pa-topp-ostfold\/\" \/>\n<meta property=\"og:locale\" content=\"nb_NO\" \/>\n<meta property=\"og:type\" content=\"article\" \/>\n<meta property=\"og:title\" content=\"SAMARBEID MED TI P\u00c5 TOPP \u00d8STFOLD\" \/>\n<meta property=\"og:description\" content=\"Her kan du lese om hvordan samarbeid mellom bedriftsidretten og mental helse b\u00e5de oppsto og videreutvikles.\" \/>\n<meta property=\"og:url\" content=\"https:\/\/mentalhelse.no\/moss-og-omegn\/aktuelt\/samarbeid-med-ti-pa-topp-ostfold\/\" \/>\n<meta property=\"og:site_name\" content=\"Moss og omegn\" \/>\n<meta property=\"article:modified_time\" content=\"2025-04-01T12:54:25+00:00\" \/>\n<meta property=\"og:image\" content=\"https:\/\/mentalhelse.no\/content\/uploads\/sites\/343\/2025\/03\/Screenshot_20250310_120620_Gallery.jpg\" \/>\n\t<meta property=\"og:image:width\" content=\"1080\" \/>\n\t<meta property=\"og:image:height\" content=\"1282\" \/>\n\t<meta property=\"og:image:type\" content=\"image\/jpeg\" \/>\n<meta name=\"twitter:card\" content=\"summary_large_image\" \/>\n<meta name=\"twitter:label1\" content=\"Ansl. lesetid\" \/>\n\t<meta name=\"twitter:data1\" content=\"4 minutter\" \/>\n<script type=\"application\/ld+json\" class=\"yoast-schema-graph\">{\"@context\":\"https:\/\/schema.org\",\"@graph\":[{\"@type\":\"WebPage\",\"@id\":\"https:\/\/mentalhelse.no\/moss-og-omegn\/aktuelt\/samarbeid-med-ti-pa-topp-ostfold\/\",\"url\":\"https:\/\/mentalhelse.no\/moss-og-omegn\/aktuelt\/samarbeid-med-ti-pa-topp-ostfold\/\",\"name\":\"SAMARBEID MED TI P\u00c5 TOPP \u00d8STFOLD - Moss og omegn\",\"isPartOf\":{\"@id\":\"https:\/\/mentalhelse.no\/moss-og-omegn\/#website\"},\"datePublished\":\"2025-03-30T12:38:49+00:00\",\"dateModified\":\"2025-04-01T12:54:25+00:00\",\"description\":\"Her kan du lese om hvordan samarbeid mellom bedriftsidretten og mental helse b\u00e5de oppsto og videreutvikles.\",\"breadcrumb\":{\"@id\":\"https:\/\/mentalhelse.no\/moss-og-omegn\/aktuelt\/samarbeid-med-ti-pa-topp-ostfold\/#breadcrumb\"},\"inLanguage\":\"nb-NO\",\"potentialAction\":[{\"@type\":\"ReadAction\",\"target\":[\"https:\/\/mentalhelse.no\/moss-og-omegn\/aktuelt\/samarbeid-med-ti-pa-topp-ostfold\/\"]}]},{\"@type\":\"BreadcrumbList\",\"@id\":\"https:\/\/mentalhelse.no\/moss-og-omegn\/aktuelt\/samarbeid-med-ti-pa-topp-ostfold\/#breadcrumb\",\"itemListElement\":[{\"@type\":\"ListItem\",\"position\":1,\"name\":\"Hjem\",\"item\":\"https:\/\/mentalhelse.no\/moss-og-omegn\/\"},{\"@type\":\"ListItem\",\"position\":2,\"name\":\"Nyheter\",\"item\":\"https:\/\/mentalhelse.no\/moss-og-omegn\/aktuelt\/\"},{\"@type\":\"ListItem\",\"position\":3,\"name\":\"SAMARBEID MED TI P\u00c5 TOPP \u00d8STFOLD\"}]},{\"@type\":\"WebSite\",\"@id\":\"https:\/\/mentalhelse.no\/moss-og-omegn\/#website\",\"url\":\"https:\/\/mentalhelse.no\/moss-og-omegn\/\",\"name\":\"Moss og omegn\",\"description\":\"\",\"potentialAction\":[{\"@type\":\"SearchAction\",\"target\":{\"@type\":\"EntryPoint\",\"urlTemplate\":\"https:\/\/mentalhelse.no\/moss-og-omegn\/?s={search_term_string}\"},\"query-input\":\"required name=search_term_string\"}],\"inLanguage\":\"nb-NO\"}]}<\/script>\n<!-- \/ Yoast SEO Premium plugin. -->","yoast_head_json":{"title":"SAMARBEID MED TI P\u00c5 TOPP \u00d8STFOLD - Mental Helse - Moss og omegn","description":"Her kan du lese om hvordan samarbeid mellom bedriftsidretten og mental helse b\u00e5de oppsto og videreutvikles.","robots":{"index":"index","follow":"follow","max-snippet":"max-snippet:-1","max-image-preview":"max-image-preview:large","max-video-preview":"max-video-preview:-1"},"canonical":"https:\/\/mentalhelse.no\/moss-og-omegn\/aktuelt\/samarbeid-med-ti-pa-topp-ostfold\/","og_locale":"nb_NO","og_type":"article","og_title":"SAMARBEID MED TI P\u00c5 TOPP \u00d8STFOLD","og_description":"Her kan du lese om hvordan samarbeid mellom bedriftsidretten og mental helse b\u00e5de oppsto og videreutvikles.","og_url":"https:\/\/mentalhelse.no\/moss-og-omegn\/aktuelt\/samarbeid-med-ti-pa-topp-ostfold\/","og_site_name":"Moss og omegn","article_modified_time":"2025-04-01T12:54:25+00:00","og_image":[{"width":1080,"height":1282,"url":"https:\/\/mentalhelse.no\/content\/uploads\/sites\/343\/2025\/03\/Screenshot_20250310_120620_Gallery.jpg","type":"image\/jpeg"}],"twitter_card":"summary_large_image","twitter_misc":{"Ansl. lesetid":"4 minutter"},"schema":{"@context":"https:\/\/schema.org","@graph":[{"@type":"WebPage","@id":"https:\/\/mentalhelse.no\/moss-og-omegn\/aktuelt\/samarbeid-med-ti-pa-topp-ostfold\/","url":"https:\/\/mentalhelse.no\/moss-og-omegn\/aktuelt\/samarbeid-med-ti-pa-topp-ostfold\/","name":"SAMARBEID MED TI P\u00c5 TOPP \u00d8STFOLD - Moss og omegn","isPartOf":{"@id":"https:\/\/mentalhelse.no\/moss-og-omegn\/#website"},"datePublished":"2025-03-30T12:38:49+00:00","dateModified":"2025-04-01T12:54:25+00:00","description":"Her kan du lese om hvordan samarbeid mellom bedriftsidretten og mental helse b\u00e5de oppsto og videreutvikles.","breadcrumb":{"@id":"https:\/\/mentalhelse.no\/moss-og-omegn\/aktuelt\/samarbeid-med-ti-pa-topp-ostfold\/#breadcrumb"},"inLanguage":"nb-NO","potentialAction":[{"@type":"ReadAction","target":["https:\/\/mentalhelse.no\/moss-og-omegn\/aktuelt\/samarbeid-med-ti-pa-topp-ostfold\/"]}]},{"@type":"BreadcrumbList","@id":"https:\/\/mentalhelse.no\/moss-og-omegn\/aktuelt\/samarbeid-med-ti-pa-topp-ostfold\/#breadcrumb","itemListElement":[{"@type":"ListItem","position":1,"name":"Hjem","item":"https:\/\/mentalhelse.no\/moss-og-omegn\/"},{"@type":"ListItem","position":2,"name":"Nyheter","item":"https:\/\/mentalhelse.no\/moss-og-omegn\/aktuelt\/"},{"@type":"ListItem","position":3,"name":"SAMARBEID MED TI P\u00c5 TOPP \u00d8STFOLD"}]},{"@type":"WebSite","@id":"https:\/\/mentalhelse.no\/moss-og-omegn\/#website","url":"https:\/\/mentalhelse.no\/moss-og-omegn\/","name":"Moss og omegn","description":"","potentialAction":[{"@type":"SearchAction","target":{"@type":"EntryPoint","urlTemplate":"https:\/\/mentalhelse.no\/moss-og-omegn\/?s={search_term_string}"},"query-input":"required name=search_term_string"}],"inLanguage":"nb-NO"}]}},"_links":{"self":[{"href":"https:\/\/mentalhelse.no\/moss-og-omegn\/wp-json\/wp\/v2\/news\/1131","targetHints":{"allow":["GET"]}}],"collection":[{"href":"https:\/\/mentalhelse.no\/moss-og-omegn\/wp-json\/wp\/v2\/news"}],"about":[{"href":"https:\/\/mentalhelse.no\/moss-og-omegn\/wp-json\/wp\/v2\/types\/news"}],"author":[{"embeddable":true,"href":"https:\/\/mentalhelse.no\/moss-og-omegn\/wp-json\/wp\/v2\/users\/60"}],"wp:featuredmedia":[{"embeddable":true,"href":"https:\/\/mentalhelse.no\/moss-og-omegn\/wp-json\/wp\/v2\/media\/1132"}],"wp:attachment":[{"href":"https:\/\/mentalhelse.no\/moss-og-omegn\/wp-json\/wp\/v2\/media?parent=1131"}],"wp:term":[{"taxonomy":"news_category","embeddable":true,"href":"https:\/\/mentalhelse.no\/moss-og-omegn\/wp-json\/wp\/v2\/news_category?post=1131"}],"curies":[{"name":"wp","href":"https:\/\/api.w.org\/{rel}","templated":true}]}}