{"id":1134,"date":"2025-08-18T15:23:26","date_gmt":"2025-08-18T15:23:26","guid":{"rendered":"https:\/\/mentalhelse.no\/moss-og-omegn\/?post_type=news&#038;p=1134"},"modified":"2025-08-18T15:25:32","modified_gmt":"2025-08-18T15:25:32","slug":"egen-mobil-gjor-det-enklere-a-kontakte-mental-helse-moss-og-omegn-direkte","status":"publish","type":"news","link":"https:\/\/mentalhelse.no\/moss-og-omegn\/aktuelt\/egen-mobil-gjor-det-enklere-a-kontakte-mental-helse-moss-og-omegn-direkte\/","title":{"rendered":"Egen mobil gj\u00f8r det enklere \u00e5 kontakte Mental Helse Moss og omegn direkte\u00a0"},"content":{"rendered":"\n<p>Mental Helse Moss og omegn har tatt et viktig grep for \u00e5 styrke tilgjengeligheten og samtidig ivareta privatlivet til sine frivillige: lokallaget har n\u00e5 en egen mobiltelefon med telefonnummer&nbsp;<strong>92 91 10 30<\/strong>.&nbsp;<\/p>\n\n\n\n<p>Da n\u00e5v\u00e6rende leder tok over, var det klart at bruk av privat mobil ikke var aktuelt. Med egen telefon og et eget nummer har lokallaget n\u00e5 en trygg og tydelig direkte kanal for henvendelser \u2013 b\u00e5de for privatpersoner, offentlige instanser og andre frivillige organisasjoner.&nbsp;<\/p>\n\n\n\n<p>Telefonen administreres av lokallagslederen, b\u00e5de mobilnummer og annen kontaktinformasjon er tilgjengelig p\u00e5 mentalhelse.no \u2192 Fylkes- og lokallag \u2192 \u00d8stfold \u2192 Moss.\u00a0<\/p>\n\n\n\n<p>\ud83d\udcde\u00a0<strong>Hva slags henvendelser f\u00e5r vi?<\/strong>\u00a0<br>Mental helse har en egen hjelpetelefon (tlf. 116 123) dersom man trenger noen \u00e5 snakke med, v\u00e5r mobil er i all hovedsak en kanal for informasjon og praktiske henvendelser.<\/p>\n\n\n\n<p>Vi har til n\u00e5 blitt kontaktet om aktiviteter og muligheter for deltakelse, og av personer som har hatt behov for \u00e5 snakke med noen. Vi henviser i hovedsak videre til hjelpetelefonen, i \u00e9n alvorlig situasjon ble legevakten kontaktet etter avtale med innringer- for \u00e5 sikre hjelp til en person i krise.<\/p>\n\n\n\n<p> <\/p>\n\n\n\n<p>\ud83d\udccc\u00a0<strong>Hvorfor er egen mobil viktig?<\/strong>\u00a0<\/p>\n\n\n\n<ul class=\"wp-block-list\">\n<li>Skiller mellom privat og frivillig rolle\u00a0<\/li>\n<\/ul>\n\n\n\n<ul class=\"wp-block-list\">\n<li>Ved \u00e5 g\u00e5 via v\u00e5r telefon senkes muligens terskelen for \u00e5 be om hjelp<\/li>\n<\/ul>\n\n\n\n<ul class=\"wp-block-list\">\n<li>Gir trygghet for b\u00e5de frivillige og innringere\u00a0<\/li>\n<\/ul>\n\n\n\n<ul class=\"wp-block-list\">\n<li>Kan bidra til at flere t\u00f8r \u00e5 ta det f\u00f8rste steget mot hjelp\u00a0<\/li>\n<\/ul>\n\n\n\n<p>\ud83d\udcf1&nbsp;<strong>Vil du vite mer om oss?<\/strong>&nbsp;<br>Har du sp\u00f8rsm\u00e5l, lyst til \u00e5 bli frivillig, eller bare vil ta en kaffekopp og bli kjent med lokallaget?&nbsp;<br><strong>Sl\u00e5 p\u00e5 tr\u00e5den: 92 91 10 30<\/strong>&nbsp;<\/p>\n\n\n\n<p>Ved st\u00f8rre behov for samtale anbefaler vi Mental Helses hjelpetelefon:\u00a0<strong>116 123<\/strong>\u00a0<\/p>\n\n\n\n<figure class=\"wp-block-image size-full\"><img loading=\"lazy\" decoding=\"async\" width=\"199\" height=\"199\" src=\"https:\/\/mentalhelse.no\/content\/uploads\/sites\/343\/2025\/08\/image.png\" alt=\"\" class=\"wp-image-1135\" srcset=\"https:\/\/mentalhelse.no\/content\/uploads\/sites\/343\/2025\/08\/image.png 199w, https:\/\/mentalhelse.no\/content\/uploads\/sites\/343\/2025\/08\/image-150x150.png 150w\" sizes=\"auto, (max-width: 199px) 100vw, 199px\" \/><\/figure>\n\n\n<figure class=\"alignwide wp-block-post-featured-image\"><img loading=\"lazy\" decoding=\"async\" width=\"199\" height=\"199\" src=\"https:\/\/mentalhelse.no\/content\/uploads\/sites\/343\/2025\/08\/image.png\" class=\"attachment-post-thumbnail size-post-thumbnail wp-post-image\" alt=\"\" style=\"object-fit:cover; --focal-point: 50% 50%;\" srcset=\"https:\/\/mentalhelse.no\/content\/uploads\/sites\/343\/2025\/08\/image.png 199w, https:\/\/mentalhelse.no\/content\/uploads\/sites\/343\/2025\/08\/image-150x150.png 150w\" sizes=\"auto, (max-width: 199px) 100vw, 199px\" \/><\/figure>\n\n<h1 class=\"wp-block-post-title\">Egen mobil gj\u00f8r det enklere \u00e5 kontakte Mental Helse Moss og omegn direkte\u00a0<\/h1>\n\n<div class=\"is-img-top mh-byline wp-block-mh-byline\">\n                  <div class=\"mh-byline__inner\">\n                  \t\n                  \t<div class=\"mh-byline__meta\">\n                  \t\t<div class=\"mh-byline__post\">\n                  \t\t\t<div class=\"entry-date\">18.08.2025<\/div>\n                  \t\t<\/div>\n                  \t\t<div class=\"mh-byline__author\">\n                  \t\t\t <span class=\"mh-byline__author-link\">lagmoss<\/span>\n\t\t\t\t\t\t<\/div>\n\t\t\t\t\t<\/div>\n\t\t\t\t<\/div>\n\t\t<\/div>\n\n\n<p><\/p>\n\n\n\n\t\t<div class=\"mh-related-posts alignfull alignfull wp-block-mentalhelse-related-posts gray-mode\">\n\t\t\t<div class=\"mh-related-posts__inner\">\n\t\t\t\t\n\n<h3 class=\"wp-block-heading\" id=\"h-also-read\">Also read<\/h3>\n\n\n<div class=\"t2-featured-content-layout alignwide alignwide wp-block-t2-featured-content-layout\">\n<div class=\"t2-featured-query-post t2-featured-content is-post-type-news wp-block-t2-featured-query-post t2-featured-content-layout-col-4\"><a class=\"t2-post-link wp-block-t2-post-link\" href=\"https:\/\/mentalhelse.no\/moss-og-omegn\/aktuelt\/samarbeid-med-ti-pa-topp-ostfold\/\">\n\t<figure style=\"--t2-focal-point: 50% 50%;\" class=\"t2-post-featured-image has-image-ratio-16-9 wp-block-t2-post-featured-image\"><img loading=\"lazy\" decoding=\"async\" width=\"1080\" height=\"1282\" src=\"https:\/\/mentalhelse.no\/content\/uploads\/sites\/343\/2025\/03\/Screenshot_20250310_120620_Gallery.jpg\" class=\"attachment-post-thumbnail size-post-thumbnail wp-post-image\" alt=\"\" srcset=\"https:\/\/mentalhelse.no\/content\/uploads\/sites\/343\/2025\/03\/Screenshot_20250310_120620_Gallery.jpg 1080w, https:\/\/mentalhelse.no\/content\/uploads\/sites\/343\/2025\/03\/Screenshot_20250310_120620_Gallery-253x300.jpg 253w, https:\/\/mentalhelse.no\/content\/uploads\/sites\/343\/2025\/03\/Screenshot_20250310_120620_Gallery-863x1024.jpg 863w, https:\/\/mentalhelse.no\/content\/uploads\/sites\/343\/2025\/03\/Screenshot_20250310_120620_Gallery-768x912.jpg 768w\" sizes=\"auto, (max-width: 1080px) 100vw, 1080px\" style=\"--focal-point: 50% 50%;\" \/><\/figure>\n<\/a>\n\n<div class=\"wp-block-group postinfo alignfull is-layout-flow wp-block-group-is-layout-flow\">\n\t<div class=\"wp-block-mentalhelse-post-category\">\n\t\t\t\t\t<div class=\"post-type\">\n\t\t\t\t\t\t<a href=\"https:\/\/mentalhelse.no\/moss-og-omegn\/aktuelt\/\">Nyheter<\/a>\n\t\t\t\t\t<\/div>\n\t\t\t\t\t\n\t\t\t\t\t<div class=\"post-category\">\n\t\t\t\t\t\t\n\t\t\t\t\t<\/div>\n\t\t\t<\/div>\n\t<a class=\"t2-post-link wp-block-t2-post-link\" href=\"https:\/\/mentalhelse.no\/moss-og-omegn\/aktuelt\/samarbeid-med-ti-pa-topp-ostfold\/\">\n\t<h2 class=\"t2-post-title wp-block-t2-post-title\">SAMARBEID MED TI P\u00c5 TOPP \u00d8STFOLD<\/h2>\n\t<\/a>\n<\/div>\n\n<\/div>\n\n<div class=\"t2-featured-query-post t2-featured-content is-post-type-news wp-block-t2-featured-query-post t2-featured-content-layout-col-4\"><a class=\"t2-post-link wp-block-t2-post-link\" href=\"https:\/\/mentalhelse.no\/moss-og-omegn\/aktuelt\/24-timers-lop-til-inntekt-for-mental-helse\/\">\n\t<figure style=\"--t2-focal-point: 50% 50%;\" class=\"t2-post-featured-image has-image-ratio-16-9 wp-block-t2-post-featured-image\"><img loading=\"lazy\" decoding=\"async\" width=\"2000\" height=\"1126\" src=\"https:\/\/mentalhelse.no\/content\/uploads\/sites\/343\/2025\/02\/24-timers-lop-for-MH-2.jpg\" class=\"attachment-post-thumbnail size-post-thumbnail wp-post-image\" alt=\"\" srcset=\"https:\/\/mentalhelse.no\/content\/uploads\/sites\/343\/2025\/02\/24-timers-lop-for-MH-2.jpg 2000w, https:\/\/mentalhelse.no\/content\/uploads\/sites\/343\/2025\/02\/24-timers-lop-for-MH-2-300x169.jpg 300w, https:\/\/mentalhelse.no\/content\/uploads\/sites\/343\/2025\/02\/24-timers-lop-for-MH-2-1024x577.jpg 1024w, https:\/\/mentalhelse.no\/content\/uploads\/sites\/343\/2025\/02\/24-timers-lop-for-MH-2-768x432.jpg 768w, https:\/\/mentalhelse.no\/content\/uploads\/sites\/343\/2025\/02\/24-timers-lop-for-MH-2-1536x865.jpg 1536w\" sizes=\"auto, (max-width: 2000px) 100vw, 2000px\" style=\"--focal-point: 50% 50%;\" \/><\/figure>\n<\/a>\n\n<div class=\"wp-block-group postinfo alignfull is-layout-flow wp-block-group-is-layout-flow\">\n\t<div class=\"wp-block-mentalhelse-post-category\">\n\t\t\t\t\t<div class=\"post-type\">\n\t\t\t\t\t\t<a href=\"https:\/\/mentalhelse.no\/moss-og-omegn\/aktuelt\/\">Nyheter<\/a>\n\t\t\t\t\t<\/div>\n\t\t\t\t\t\n\t\t\t\t\t<div class=\"post-category\">\n\t\t\t\t\t\t\n\t\t\t\t\t<\/div>\n\t\t\t<\/div>\n\t<a class=\"t2-post-link wp-block-t2-post-link\" href=\"https:\/\/mentalhelse.no\/moss-og-omegn\/aktuelt\/24-timers-lop-til-inntekt-for-mental-helse\/\">\n\t<h2 class=\"t2-post-title wp-block-t2-post-title\">24 timers l\u00f8p til inntekt for Mental helse<\/h2>\n\t<\/a>\n<\/div>\n\n<\/div>\n\n<div class=\"t2-featured-query-post t2-featured-content is-post-type-news wp-block-t2-featured-query-post t2-featured-content-layout-col-4\"><a class=\"t2-post-link wp-block-t2-post-link\" href=\"https:\/\/mentalhelse.no\/moss-og-omegn\/aktuelt\/psykt-bra-sykkeltur-prosjektet-sin-langtur-2024\/\">\n\t<figure style=\"--t2-focal-point: 50% 50%;\" class=\"t2-post-featured-image has-image-ratio-16-9 wp-block-t2-post-featured-image\"><img loading=\"lazy\" decoding=\"async\" width=\"2000\" height=\"1500\" src=\"https:\/\/mentalhelse.no\/content\/uploads\/sites\/343\/2024\/08\/Samlet-gruppe-og-bil-2.jpg\" class=\"attachment-post-thumbnail size-post-thumbnail wp-post-image\" alt=\"\" srcset=\"https:\/\/mentalhelse.no\/content\/uploads\/sites\/343\/2024\/08\/Samlet-gruppe-og-bil-2.jpg 2000w, https:\/\/mentalhelse.no\/content\/uploads\/sites\/343\/2024\/08\/Samlet-gruppe-og-bil-2-300x225.jpg 300w, https:\/\/mentalhelse.no\/content\/uploads\/sites\/343\/2024\/08\/Samlet-gruppe-og-bil-2-1024x768.jpg 1024w, https:\/\/mentalhelse.no\/content\/uploads\/sites\/343\/2024\/08\/Samlet-gruppe-og-bil-2-768x576.jpg 768w, https:\/\/mentalhelse.no\/content\/uploads\/sites\/343\/2024\/08\/Samlet-gruppe-og-bil-2-1536x1152.jpg 1536w\" sizes=\"auto, (max-width: 2000px) 100vw, 2000px\" style=\"--focal-point: 50% 50%;\" \/><\/figure>\n<\/a>\n\n<div class=\"wp-block-group postinfo alignfull is-layout-flow wp-block-group-is-layout-flow\">\n\t<div class=\"wp-block-mentalhelse-post-category\">\n\t\t\t\t\t<div class=\"post-type\">\n\t\t\t\t\t\t<a href=\"https:\/\/mentalhelse.no\/moss-og-omegn\/aktuelt\/\">Nyheter<\/a>\n\t\t\t\t\t<\/div>\n\t\t\t\t\t\n\t\t\t\t\t<div class=\"post-category\">\n\t\t\t\t\t\t\n\t\t\t\t\t<\/div>\n\t\t\t<\/div>\n\t<a class=\"t2-post-link wp-block-t2-post-link\" href=\"https:\/\/mentalhelse.no\/moss-og-omegn\/aktuelt\/psykt-bra-sykkeltur-prosjektet-sin-langtur-2024\/\">\n\t<h2 class=\"t2-post-title wp-block-t2-post-title\">Psykt bra sykkeltur prosjektet sin langtur 2024<\/h2>\n\t<\/a>\n<\/div>\n\n<\/div>\n<\/div>\n\n\t\t\t<\/div>\n\t\t<\/div>","protected":false},"excerpt":{"rendered":"<p>Mental Helse Moss og omegn har tatt et viktig grep for \u00e5 styrke tilgjengeligheten og samtidig ivareta privatlivet til sine frivillige: lokallaget har n\u00e5 en&#8230;<\/p>\n","protected":false},"author":60,"featured_media":1135,"parent":0,"template":"","meta":{"t2_featured_media_focal_point":{"x":0.5,"y":0.5},"mh_hide_title":true},"news_category":[],"class_list":["post-1134","news","type-news","status-publish","has-post-thumbnail","hentry"],"yoast_head":"<!-- This site is optimized with the Yoast SEO Premium plugin v21.2 (Yoast SEO v21.2) - https:\/\/yoast.com\/wordpress\/plugins\/seo\/ -->\n<title>Egen mobil gj\u00f8r det enklere \u00e5 kontakte Mental Helse Mental Helse - Moss og omegn direkte\u00a0 - Mental Helse - Moss og omegn<\/title>\n<meta name=\"description\" content=\"Mental helse Moss og omegn har f\u00e5tt egen mobil som gj\u00f8r det enklere \u00e5 ta kontakt. Lyst til \u00e5 bes\u00f8ke oss eller bli frivillig? Ta kontakt.\" \/>\n<meta name=\"robots\" content=\"index, follow, max-snippet:-1, max-image-preview:large, max-video-preview:-1\" \/>\n<link rel=\"canonical\" href=\"https:\/\/mentalhelse.no\/moss-og-omegn\/aktuelt\/egen-mobil-gjor-det-enklere-a-kontakte-mental-helse-moss-og-omegn-direkte\/\" \/>\n<meta property=\"og:locale\" content=\"nb_NO\" \/>\n<meta property=\"og:type\" content=\"article\" \/>\n<meta property=\"og:title\" content=\"Egen mobil gj\u00f8r det enklere \u00e5 kontakte Mental Helse Moss og omegn direkte\u00a0\" \/>\n<meta property=\"og:description\" content=\"Mental helse Moss og omegn har f\u00e5tt egen mobil som gj\u00f8r det enklere \u00e5 ta kontakt. Lyst til \u00e5 bes\u00f8ke oss eller bli frivillig? Ta kontakt.\" \/>\n<meta property=\"og:url\" content=\"https:\/\/mentalhelse.no\/moss-og-omegn\/aktuelt\/egen-mobil-gjor-det-enklere-a-kontakte-mental-helse-moss-og-omegn-direkte\/\" \/>\n<meta property=\"og:site_name\" content=\"Moss og omegn\" \/>\n<meta property=\"article:modified_time\" content=\"2025-08-18T15:25:32+00:00\" \/>\n<meta property=\"og:image\" content=\"https:\/\/mentalhelse.no\/content\/uploads\/sites\/343\/2025\/08\/image.png\" \/>\n\t<meta property=\"og:image:width\" content=\"199\" \/>\n\t<meta property=\"og:image:height\" content=\"199\" \/>\n\t<meta property=\"og:image:type\" content=\"image\/png\" \/>\n<meta name=\"twitter:card\" content=\"summary_large_image\" \/>\n<meta name=\"twitter:label1\" content=\"Ansl. lesetid\" \/>\n\t<meta name=\"twitter:data1\" content=\"2 minutter\" \/>\n<script type=\"application\/ld+json\" class=\"yoast-schema-graph\">{\"@context\":\"https:\/\/schema.org\",\"@graph\":[{\"@type\":\"WebPage\",\"@id\":\"https:\/\/mentalhelse.no\/moss-og-omegn\/aktuelt\/egen-mobil-gjor-det-enklere-a-kontakte-mental-helse-moss-og-omegn-direkte\/\",\"url\":\"https:\/\/mentalhelse.no\/moss-og-omegn\/aktuelt\/egen-mobil-gjor-det-enklere-a-kontakte-mental-helse-moss-og-omegn-direkte\/\",\"name\":\"Egen mobil gj\u00f8r det enklere \u00e5 kontakte Mental Helse Moss og omegn direkte\u00a0 - Moss og omegn\",\"isPartOf\":{\"@id\":\"https:\/\/mentalhelse.no\/moss-og-omegn\/#website\"},\"datePublished\":\"2025-08-18T15:23:26+00:00\",\"dateModified\":\"2025-08-18T15:25:32+00:00\",\"description\":\"Mental helse Moss og omegn har f\u00e5tt egen mobil som gj\u00f8r det enklere \u00e5 ta kontakt. Lyst til \u00e5 bes\u00f8ke oss eller bli frivillig? Ta kontakt.\",\"breadcrumb\":{\"@id\":\"https:\/\/mentalhelse.no\/moss-og-omegn\/aktuelt\/egen-mobil-gjor-det-enklere-a-kontakte-mental-helse-moss-og-omegn-direkte\/#breadcrumb\"},\"inLanguage\":\"nb-NO\",\"potentialAction\":[{\"@type\":\"ReadAction\",\"target\":[\"https:\/\/mentalhelse.no\/moss-og-omegn\/aktuelt\/egen-mobil-gjor-det-enklere-a-kontakte-mental-helse-moss-og-omegn-direkte\/\"]}]},{\"@type\":\"BreadcrumbList\",\"@id\":\"https:\/\/mentalhelse.no\/moss-og-omegn\/aktuelt\/egen-mobil-gjor-det-enklere-a-kontakte-mental-helse-moss-og-omegn-direkte\/#breadcrumb\",\"itemListElement\":[{\"@type\":\"ListItem\",\"position\":1,\"name\":\"Hjem\",\"item\":\"https:\/\/mentalhelse.no\/moss-og-omegn\/\"},{\"@type\":\"ListItem\",\"position\":2,\"name\":\"Nyheter\",\"item\":\"https:\/\/mentalhelse.no\/moss-og-omegn\/aktuelt\/\"},{\"@type\":\"ListItem\",\"position\":3,\"name\":\"Egen mobil gj\u00f8r det enklere \u00e5 kontakte Mental Helse Moss og omegn direkte\u00a0\"}]},{\"@type\":\"WebSite\",\"@id\":\"https:\/\/mentalhelse.no\/moss-og-omegn\/#website\",\"url\":\"https:\/\/mentalhelse.no\/moss-og-omegn\/\",\"name\":\"Moss og omegn\",\"description\":\"\",\"potentialAction\":[{\"@type\":\"SearchAction\",\"target\":{\"@type\":\"EntryPoint\",\"urlTemplate\":\"https:\/\/mentalhelse.no\/moss-og-omegn\/?s={search_term_string}\"},\"query-input\":\"required name=search_term_string\"}],\"inLanguage\":\"nb-NO\"}]}<\/script>\n<!-- \/ Yoast SEO Premium plugin. -->","yoast_head_json":{"title":"Egen mobil gj\u00f8r det enklere \u00e5 kontakte Mental Helse Mental Helse - Moss og omegn direkte\u00a0 - Mental Helse - Moss og omegn","description":"Mental helse Moss og omegn har f\u00e5tt egen mobil som gj\u00f8r det enklere \u00e5 ta kontakt. Lyst til \u00e5 bes\u00f8ke oss eller bli frivillig? Ta kontakt.","robots":{"index":"index","follow":"follow","max-snippet":"max-snippet:-1","max-image-preview":"max-image-preview:large","max-video-preview":"max-video-preview:-1"},"canonical":"https:\/\/mentalhelse.no\/moss-og-omegn\/aktuelt\/egen-mobil-gjor-det-enklere-a-kontakte-mental-helse-moss-og-omegn-direkte\/","og_locale":"nb_NO","og_type":"article","og_title":"Egen mobil gj\u00f8r det enklere \u00e5 kontakte Mental Helse Moss og omegn direkte\u00a0","og_description":"Mental helse Moss og omegn har f\u00e5tt egen mobil som gj\u00f8r det enklere \u00e5 ta kontakt. Lyst til \u00e5 bes\u00f8ke oss eller bli frivillig? Ta kontakt.","og_url":"https:\/\/mentalhelse.no\/moss-og-omegn\/aktuelt\/egen-mobil-gjor-det-enklere-a-kontakte-mental-helse-moss-og-omegn-direkte\/","og_site_name":"Moss og omegn","article_modified_time":"2025-08-18T15:25:32+00:00","og_image":[{"width":199,"height":199,"url":"https:\/\/mentalhelse.no\/content\/uploads\/sites\/343\/2025\/08\/image.png","type":"image\/png"}],"twitter_card":"summary_large_image","twitter_misc":{"Ansl. lesetid":"2 minutter"},"schema":{"@context":"https:\/\/schema.org","@graph":[{"@type":"WebPage","@id":"https:\/\/mentalhelse.no\/moss-og-omegn\/aktuelt\/egen-mobil-gjor-det-enklere-a-kontakte-mental-helse-moss-og-omegn-direkte\/","url":"https:\/\/mentalhelse.no\/moss-og-omegn\/aktuelt\/egen-mobil-gjor-det-enklere-a-kontakte-mental-helse-moss-og-omegn-direkte\/","name":"Egen mobil gj\u00f8r det enklere \u00e5 kontakte Mental Helse Moss og omegn direkte\u00a0 - Moss og omegn","isPartOf":{"@id":"https:\/\/mentalhelse.no\/moss-og-omegn\/#website"},"datePublished":"2025-08-18T15:23:26+00:00","dateModified":"2025-08-18T15:25:32+00:00","description":"Mental helse Moss og omegn har f\u00e5tt egen mobil som gj\u00f8r det enklere \u00e5 ta kontakt. Lyst til \u00e5 bes\u00f8ke oss eller bli frivillig? Ta kontakt.","breadcrumb":{"@id":"https:\/\/mentalhelse.no\/moss-og-omegn\/aktuelt\/egen-mobil-gjor-det-enklere-a-kontakte-mental-helse-moss-og-omegn-direkte\/#breadcrumb"},"inLanguage":"nb-NO","potentialAction":[{"@type":"ReadAction","target":["https:\/\/mentalhelse.no\/moss-og-omegn\/aktuelt\/egen-mobil-gjor-det-enklere-a-kontakte-mental-helse-moss-og-omegn-direkte\/"]}]},{"@type":"BreadcrumbList","@id":"https:\/\/mentalhelse.no\/moss-og-omegn\/aktuelt\/egen-mobil-gjor-det-enklere-a-kontakte-mental-helse-moss-og-omegn-direkte\/#breadcrumb","itemListElement":[{"@type":"ListItem","position":1,"name":"Hjem","item":"https:\/\/mentalhelse.no\/moss-og-omegn\/"},{"@type":"ListItem","position":2,"name":"Nyheter","item":"https:\/\/mentalhelse.no\/moss-og-omegn\/aktuelt\/"},{"@type":"ListItem","position":3,"name":"Egen mobil gj\u00f8r det enklere \u00e5 kontakte Mental Helse Moss og omegn direkte\u00a0"}]},{"@type":"WebSite","@id":"https:\/\/mentalhelse.no\/moss-og-omegn\/#website","url":"https:\/\/mentalhelse.no\/moss-og-omegn\/","name":"Moss og omegn","description":"","potentialAction":[{"@type":"SearchAction","target":{"@type":"EntryPoint","urlTemplate":"https:\/\/mentalhelse.no\/moss-og-omegn\/?s={search_term_string}"},"query-input":"required name=search_term_string"}],"inLanguage":"nb-NO"}]}},"_links":{"self":[{"href":"https:\/\/mentalhelse.no\/moss-og-omegn\/wp-json\/wp\/v2\/news\/1134","targetHints":{"allow":["GET"]}}],"collection":[{"href":"https:\/\/mentalhelse.no\/moss-og-omegn\/wp-json\/wp\/v2\/news"}],"about":[{"href":"https:\/\/mentalhelse.no\/moss-og-omegn\/wp-json\/wp\/v2\/types\/news"}],"author":[{"embeddable":true,"href":"https:\/\/mentalhelse.no\/moss-og-omegn\/wp-json\/wp\/v2\/users\/60"}],"wp:featuredmedia":[{"embeddable":true,"href":"https:\/\/mentalhelse.no\/moss-og-omegn\/wp-json\/wp\/v2\/media\/1135"}],"wp:attachment":[{"href":"https:\/\/mentalhelse.no\/moss-og-omegn\/wp-json\/wp\/v2\/media?parent=1134"}],"wp:term":[{"taxonomy":"news_category","embeddable":true,"href":"https:\/\/mentalhelse.no\/moss-og-omegn\/wp-json\/wp\/v2\/news_category?post=1134"}],"curies":[{"name":"wp","href":"https:\/\/api.w.org\/{rel}","templated":true}]}}