{"id":1021,"date":"2024-03-18T10:02:59","date_gmt":"2024-03-18T10:02:59","guid":{"rendered":"https:\/\/mentalhelse.no\/nord-gudbrandsdal\/?post_type=news&#038;p=1021"},"modified":"2024-03-18T10:02:59","modified_gmt":"2024-03-18T10:02:59","slug":"mental-helse-dovre-lesja-er-na-mental-helse-nord-gudbrandsdal","status":"publish","type":"news","link":"https:\/\/mentalhelse.no\/nord-gudbrandsdalen\/aktuelt\/mental-helse-dovre-lesja-er-na-mental-helse-nord-gudbrandsdal\/","title":{"rendered":"Mental Helse Dovre\/Lesja er n\u00e5 Mental Helse Nord-Gudbrandsdal"},"content":{"rendered":"<figure class=\"alignwide wp-block-post-featured-image\"><img loading=\"lazy\" decoding=\"async\" width=\"2560\" height=\"1510\" src=\"https:\/\/mentalhelse.no\/content\/uploads\/sites\/209\/2023\/08\/Dovre-Lesja-forside-scaled.jpg\" class=\"attachment-post-thumbnail size-post-thumbnail wp-post-image\" alt=\"\" style=\"object-fit:cover; --focal-point: 50% 50%;\" srcset=\"https:\/\/mentalhelse.no\/content\/uploads\/sites\/209\/2023\/08\/Dovre-Lesja-forside-scaled.jpg 2560w, https:\/\/mentalhelse.no\/content\/uploads\/sites\/209\/2023\/08\/Dovre-Lesja-forside-300x177.jpg 300w, https:\/\/mentalhelse.no\/content\/uploads\/sites\/209\/2023\/08\/Dovre-Lesja-forside-1024x604.jpg 1024w, https:\/\/mentalhelse.no\/content\/uploads\/sites\/209\/2023\/08\/Dovre-Lesja-forside-768x453.jpg 768w, https:\/\/mentalhelse.no\/content\/uploads\/sites\/209\/2023\/08\/Dovre-Lesja-forside-1536x906.jpg 1536w, https:\/\/mentalhelse.no\/content\/uploads\/sites\/209\/2023\/08\/Dovre-Lesja-forside-2048x1208.jpg 2048w\" sizes=\"auto, (max-width: 2560px) 100vw, 2560px\" \/><\/figure>\n\n<h1 class=\"wp-block-post-title\">Mental Helse Dovre\/Lesja er n\u00e5 Mental Helse Nord-Gudbrandsdal<\/h1>\n\n<div class=\"is-img-top mh-byline wp-block-mh-byline\">\n                  <div class=\"mh-byline__inner\">\n                  \t\n                  \t<div class=\"mh-byline__meta\">\n                  \t\t<div class=\"mh-byline__post\">\n                  \t\t\t<div class=\"entry-date\">18.03.2024<\/div>\n                  \t\t<\/div>\n                  \t\t<div class=\"mh-byline__author\">\n                  \t\t\t <span class=\"mh-byline__author-link\">runem<\/span>\n\t\t\t\t\t\t<\/div>\n\t\t\t\t\t<\/div>\n\t\t\t\t<\/div>\n\t\t<\/div>\n\n\n<p>Det ble bestemt p\u00e5 \u00e5rsm\u00f8te at Mental Helse Dovre\/Lesja skulle endre navn til Mental Helse Nord-Gudbrandsdal. <\/p>\n\n\n\n\t\t<div class=\"mh-related-posts alignfull alignfull wp-block-mentalhelse-related-posts gray-mode\">\n\t\t\t<div class=\"mh-related-posts__inner\">\n\t\t\t\t\n\n<h3 class=\"wp-block-heading\" id=\"h-also-read\">Also read<\/h3>\n\n\n<div class=\"t2-featured-content-layout alignwide alignwide wp-block-t2-featured-content-layout\">\n\n\n\n\n\n<\/div>\n\n\t\t\t<\/div>\n\t\t<\/div>","protected":false},"excerpt":{"rendered":"<p>Det ble bestemt p\u00e5 \u00e5rsm\u00f8te at Mental Helse Dovre\/Lesja skulle endre navn til Mental Helse Nord-Gudbrandsdal.<\/p>\n","protected":false},"author":128,"featured_media":993,"parent":0,"template":"","meta":{"t2_featured_media_focal_point":{"x":0.5,"y":0.5},"mh_hide_title":true},"news_category":[],"class_list":["post-1021","news","type-news","status-publish","has-post-thumbnail","hentry"],"yoast_head":"<!-- This site is optimized with the Yoast SEO Premium plugin v21.2 (Yoast SEO v21.2) - https:\/\/yoast.com\/wordpress\/plugins\/seo\/ -->\n<title>Mental Helse Dovre\/Lesja er n\u00e5 Mental Helse Nord-Gudbrandsdal - Mental Helse - Nord-Gudbrandsdalen<\/title>\n<meta name=\"robots\" content=\"index, follow, max-snippet:-1, max-image-preview:large, max-video-preview:-1\" \/>\n<link rel=\"canonical\" href=\"https:\/\/mentalhelse.no\/nord-gudbrandsdalen\/aktuelt\/mental-helse-dovre-lesja-er-na-mental-helse-nord-gudbrandsdal\/\" \/>\n<meta property=\"og:locale\" content=\"nb_NO\" \/>\n<meta property=\"og:type\" content=\"article\" \/>\n<meta property=\"og:title\" content=\"Mental Helse Dovre\/Lesja er n\u00e5 Mental Helse Nord-Gudbrandsdal\" \/>\n<meta property=\"og:description\" content=\"Det ble bestemt p\u00e5 \u00e5rsm\u00f8te at Mental Helse Dovre\/Lesja skulle endre navn til Mental Helse Nord-Gudbrandsdal.\" \/>\n<meta property=\"og:url\" content=\"https:\/\/mentalhelse.no\/nord-gudbrandsdalen\/aktuelt\/mental-helse-dovre-lesja-er-na-mental-helse-nord-gudbrandsdal\/\" \/>\n<meta property=\"og:site_name\" content=\"Nord-Gudbrandsdalen\" \/>\n<meta property=\"og:image\" content=\"https:\/\/mentalhelse.no\/content\/uploads\/sites\/209\/2023\/08\/Dovre-Lesja-forside-scaled.jpg\" \/>\n\t<meta property=\"og:image:width\" content=\"2560\" \/>\n\t<meta property=\"og:image:height\" content=\"1510\" \/>\n\t<meta property=\"og:image:type\" content=\"image\/jpeg\" \/>\n<meta name=\"twitter:card\" content=\"summary_large_image\" \/>\n<meta name=\"twitter:label1\" content=\"Ansl. lesetid\" \/>\n\t<meta name=\"twitter:data1\" content=\"1 minutt\" \/>\n<script type=\"application\/ld+json\" class=\"yoast-schema-graph\">{\"@context\":\"https:\/\/schema.org\",\"@graph\":[{\"@type\":\"WebPage\",\"@id\":\"https:\/\/mentalhelse.no\/nord-gudbrandsdalen\/aktuelt\/mental-helse-dovre-lesja-er-na-mental-helse-nord-gudbrandsdal\/\",\"url\":\"https:\/\/mentalhelse.no\/nord-gudbrandsdalen\/aktuelt\/mental-helse-dovre-lesja-er-na-mental-helse-nord-gudbrandsdal\/\",\"name\":\"Mental Helse Dovre\/Lesja er n\u00e5 Mental Helse Nord-Gudbrandsdal - Nord-Gudbrandsdalen\",\"isPartOf\":{\"@id\":\"https:\/\/mentalhelse.no\/nord-gudbrandsdalen\/#website\"},\"datePublished\":\"2024-03-18T10:02:59+00:00\",\"dateModified\":\"2024-03-18T10:02:59+00:00\",\"breadcrumb\":{\"@id\":\"https:\/\/mentalhelse.no\/nord-gudbrandsdalen\/aktuelt\/mental-helse-dovre-lesja-er-na-mental-helse-nord-gudbrandsdal\/#breadcrumb\"},\"inLanguage\":\"nb-NO\",\"potentialAction\":[{\"@type\":\"ReadAction\",\"target\":[\"https:\/\/mentalhelse.no\/nord-gudbrandsdalen\/aktuelt\/mental-helse-dovre-lesja-er-na-mental-helse-nord-gudbrandsdal\/\"]}]},{\"@type\":\"BreadcrumbList\",\"@id\":\"https:\/\/mentalhelse.no\/nord-gudbrandsdalen\/aktuelt\/mental-helse-dovre-lesja-er-na-mental-helse-nord-gudbrandsdal\/#breadcrumb\",\"itemListElement\":[{\"@type\":\"ListItem\",\"position\":1,\"name\":\"Hjem\",\"item\":\"https:\/\/mentalhelse.no\/nord-gudbrandsdalen\/\"},{\"@type\":\"ListItem\",\"position\":2,\"name\":\"Nyheter\",\"item\":\"https:\/\/mentalhelse.no\/nord-gudbrandsdalen\/aktuelt\/\"},{\"@type\":\"ListItem\",\"position\":3,\"name\":\"Mental Helse Dovre\/Lesja er n\u00e5 Mental Helse Nord-Gudbrandsdal\"}]},{\"@type\":\"WebSite\",\"@id\":\"https:\/\/mentalhelse.no\/nord-gudbrandsdalen\/#website\",\"url\":\"https:\/\/mentalhelse.no\/nord-gudbrandsdalen\/\",\"name\":\"Nord-Gudbrandsdalen\",\"description\":\"\",\"potentialAction\":[{\"@type\":\"SearchAction\",\"target\":{\"@type\":\"EntryPoint\",\"urlTemplate\":\"https:\/\/mentalhelse.no\/nord-gudbrandsdalen\/?s={search_term_string}\"},\"query-input\":\"required name=search_term_string\"}],\"inLanguage\":\"nb-NO\"}]}<\/script>\n<!-- \/ Yoast SEO Premium plugin. -->","yoast_head_json":{"title":"Mental Helse Dovre\/Lesja er n\u00e5 Mental Helse Nord-Gudbrandsdal - Mental Helse - Nord-Gudbrandsdalen","robots":{"index":"index","follow":"follow","max-snippet":"max-snippet:-1","max-image-preview":"max-image-preview:large","max-video-preview":"max-video-preview:-1"},"canonical":"https:\/\/mentalhelse.no\/nord-gudbrandsdalen\/aktuelt\/mental-helse-dovre-lesja-er-na-mental-helse-nord-gudbrandsdal\/","og_locale":"nb_NO","og_type":"article","og_title":"Mental Helse Dovre\/Lesja er n\u00e5 Mental Helse Nord-Gudbrandsdal","og_description":"Det ble bestemt p\u00e5 \u00e5rsm\u00f8te at Mental Helse Dovre\/Lesja skulle endre navn til Mental Helse Nord-Gudbrandsdal.","og_url":"https:\/\/mentalhelse.no\/nord-gudbrandsdalen\/aktuelt\/mental-helse-dovre-lesja-er-na-mental-helse-nord-gudbrandsdal\/","og_site_name":"Nord-Gudbrandsdalen","og_image":[{"width":2560,"height":1510,"url":"https:\/\/mentalhelse.no\/content\/uploads\/sites\/209\/2023\/08\/Dovre-Lesja-forside-scaled.jpg","type":"image\/jpeg"}],"twitter_card":"summary_large_image","twitter_misc":{"Ansl. lesetid":"1 minutt"},"schema":{"@context":"https:\/\/schema.org","@graph":[{"@type":"WebPage","@id":"https:\/\/mentalhelse.no\/nord-gudbrandsdalen\/aktuelt\/mental-helse-dovre-lesja-er-na-mental-helse-nord-gudbrandsdal\/","url":"https:\/\/mentalhelse.no\/nord-gudbrandsdalen\/aktuelt\/mental-helse-dovre-lesja-er-na-mental-helse-nord-gudbrandsdal\/","name":"Mental Helse Dovre\/Lesja er n\u00e5 Mental Helse Nord-Gudbrandsdal - Nord-Gudbrandsdalen","isPartOf":{"@id":"https:\/\/mentalhelse.no\/nord-gudbrandsdalen\/#website"},"datePublished":"2024-03-18T10:02:59+00:00","dateModified":"2024-03-18T10:02:59+00:00","breadcrumb":{"@id":"https:\/\/mentalhelse.no\/nord-gudbrandsdalen\/aktuelt\/mental-helse-dovre-lesja-er-na-mental-helse-nord-gudbrandsdal\/#breadcrumb"},"inLanguage":"nb-NO","potentialAction":[{"@type":"ReadAction","target":["https:\/\/mentalhelse.no\/nord-gudbrandsdalen\/aktuelt\/mental-helse-dovre-lesja-er-na-mental-helse-nord-gudbrandsdal\/"]}]},{"@type":"BreadcrumbList","@id":"https:\/\/mentalhelse.no\/nord-gudbrandsdalen\/aktuelt\/mental-helse-dovre-lesja-er-na-mental-helse-nord-gudbrandsdal\/#breadcrumb","itemListElement":[{"@type":"ListItem","position":1,"name":"Hjem","item":"https:\/\/mentalhelse.no\/nord-gudbrandsdalen\/"},{"@type":"ListItem","position":2,"name":"Nyheter","item":"https:\/\/mentalhelse.no\/nord-gudbrandsdalen\/aktuelt\/"},{"@type":"ListItem","position":3,"name":"Mental Helse Dovre\/Lesja er n\u00e5 Mental Helse Nord-Gudbrandsdal"}]},{"@type":"WebSite","@id":"https:\/\/mentalhelse.no\/nord-gudbrandsdalen\/#website","url":"https:\/\/mentalhelse.no\/nord-gudbrandsdalen\/","name":"Nord-Gudbrandsdalen","description":"","potentialAction":[{"@type":"SearchAction","target":{"@type":"EntryPoint","urlTemplate":"https:\/\/mentalhelse.no\/nord-gudbrandsdalen\/?s={search_term_string}"},"query-input":"required name=search_term_string"}],"inLanguage":"nb-NO"}]}},"_links":{"self":[{"href":"https:\/\/mentalhelse.no\/nord-gudbrandsdalen\/wp-json\/wp\/v2\/news\/1021","targetHints":{"allow":["GET"]}}],"collection":[{"href":"https:\/\/mentalhelse.no\/nord-gudbrandsdalen\/wp-json\/wp\/v2\/news"}],"about":[{"href":"https:\/\/mentalhelse.no\/nord-gudbrandsdalen\/wp-json\/wp\/v2\/types\/news"}],"author":[{"embeddable":true,"href":"https:\/\/mentalhelse.no\/nord-gudbrandsdalen\/wp-json\/wp\/v2\/users\/128"}],"wp:featuredmedia":[{"embeddable":true,"href":"https:\/\/mentalhelse.no\/nord-gudbrandsdalen\/wp-json\/wp\/v2\/media\/993"}],"wp:attachment":[{"href":"https:\/\/mentalhelse.no\/nord-gudbrandsdalen\/wp-json\/wp\/v2\/media?parent=1021"}],"wp:term":[{"taxonomy":"news_category","embeddable":true,"href":"https:\/\/mentalhelse.no\/nord-gudbrandsdalen\/wp-json\/wp\/v2\/news_category?post=1021"}],"curies":[{"name":"wp","href":"https:\/\/api.w.org\/{rel}","templated":true}]}}