{"id":1165,"date":"2025-03-28T14:50:07","date_gmt":"2025-03-28T14:50:07","guid":{"rendered":"https:\/\/mentalhelse.no\/nordland\/?post_type=news&#038;p=1165"},"modified":"2025-03-28T14:50:52","modified_gmt":"2025-03-28T14:50:52","slug":"arsmote-pa-teams","status":"publish","type":"news","link":"https:\/\/mentalhelse.no\/nordland\/aktuelt\/arsmote-pa-teams\/","title":{"rendered":"\u00c5rsm\u00f8te p\u00e5 Teams"},"content":{"rendered":"<figure class=\"alignwide wp-block-post-featured-image\"><img loading=\"lazy\" decoding=\"async\" width=\"2560\" height=\"1707\" src=\"https:\/\/mentalhelse.no\/content\/uploads\/sites\/189\/2025\/03\/Digitalt-arsmote-scaled.jpg\" class=\"attachment-post-thumbnail size-post-thumbnail wp-post-image\" alt=\"\" style=\"object-fit:cover; --focal-point: 50% 50%;\" srcset=\"https:\/\/mentalhelse.no\/content\/uploads\/sites\/189\/2025\/03\/Digitalt-arsmote-scaled.jpg 2560w, https:\/\/mentalhelse.no\/content\/uploads\/sites\/189\/2025\/03\/Digitalt-arsmote-300x200.jpg 300w, https:\/\/mentalhelse.no\/content\/uploads\/sites\/189\/2025\/03\/Digitalt-arsmote-1024x683.jpg 1024w, https:\/\/mentalhelse.no\/content\/uploads\/sites\/189\/2025\/03\/Digitalt-arsmote-768x512.jpg 768w, https:\/\/mentalhelse.no\/content\/uploads\/sites\/189\/2025\/03\/Digitalt-arsmote-1536x1024.jpg 1536w, https:\/\/mentalhelse.no\/content\/uploads\/sites\/189\/2025\/03\/Digitalt-arsmote-2048x1365.jpg 2048w\" sizes=\"auto, (max-width: 2560px) 100vw, 2560px\" \/><\/figure>\n\n<h1 class=\"wp-block-post-title\">\u00c5rsm\u00f8te p\u00e5 Teams<\/h1>\n\n<div class=\"is-img-top mh-byline wp-block-mh-byline\">\n                  <div class=\"mh-byline__inner\">\n                  \t\n                  \t<div class=\"mh-byline__meta\">\n                  \t\t<div class=\"mh-byline__post\">\n                  \t\t\t<div class=\"entry-date\">28.03.2025<\/div>\n                  \t\t<\/div>\n                  \t\t<div class=\"mh-byline__author\">\n                  \t\t\t <span class=\"mh-byline__author-link\">Siri Br\u00e5tane<\/span>\n\t\t\t\t\t\t<\/div>\n\t\t\t\t\t<\/div>\n\t\t\t\t<\/div>\n\t\t<\/div>\n\n\n<p>I \u00e5r legges det til rette for at de som \u00f8nsker \u00e5 v\u00e6re observat\u00f8rer p\u00e5 Mental Helse Nordland sitt \u00e5rsm\u00f8te 29. mars kan delta p\u00e5 Teams. Deltagere p\u00e5 Teams er \u00e5 regne som observat\u00f8rer og har ikke tale- forslags- eller stemmerett. <\/p>\n\n\n\n<p>\u00c5rsm\u00f8tet startet kl 10.00 og det vil v\u00e6re begrenset tilgang til digital support.<\/p>\n\n\n\n<p>Klikk her for \u00e5 delta p\u00e5 m\u00f8tet: <a href=\"https:\/\/teams.microsoft.com\/l\/meetup-join\/19%3ameeting_NjExNWNiZDUtYmRhNS00MWRlLTlhMmMtNDg3OTEyMDEwYWQ2%40thread.v2\/0?context=%7b%22Tid%22%3a%224c3d0d7f-52cd-4140-b874-c88fcf7019c1%22%2c%22Oid%22%3a%22a3e075ed-6667-455e-a0ea-7b41fc18cca7%22%7d\">Fylkes\u00e5rsm\u00f8te 2025<\/a><\/p>\n\n\n\n\t\t<div class=\"mh-related-posts alignfull alignfull wp-block-mentalhelse-related-posts gray-mode\">\n\t\t\t<div class=\"mh-related-posts__inner\">\n\t\t\t\t\n\n<h3 class=\"wp-block-heading\" id=\"h-also-read\">Also read<\/h3>\n\n\n<div class=\"t2-featured-content-layout alignwide alignwide wp-block-t2-featured-content-layout\">\n<div class=\"t2-featured-query-post t2-featured-content is-post-type-news wp-block-t2-featured-query-post t2-featured-content-layout-col-4\"><a class=\"t2-post-link wp-block-t2-post-link\" href=\"https:\/\/mentalhelse.no\/nordland\/aktuelt\/studieledere-star-i-fronten-for-okt-kompetanse-blant-tillitsvalgte\/\">\n\t<figure style=\"--t2-focal-point: 50% 50%;\" class=\"t2-post-featured-image has-image-ratio-16-9 wp-block-t2-post-featured-image\"><img loading=\"lazy\" decoding=\"async\" width=\"2048\" height=\"1536\" src=\"https:\/\/mentalhelse.no\/content\/uploads\/sites\/189\/2024\/06\/448363317_10159616631315759_8573034091864125569_n.jpg\" class=\"attachment-post-thumbnail size-post-thumbnail wp-post-image\" alt=\"\" srcset=\"https:\/\/mentalhelse.no\/content\/uploads\/sites\/189\/2024\/06\/448363317_10159616631315759_8573034091864125569_n.jpg 2048w, https:\/\/mentalhelse.no\/content\/uploads\/sites\/189\/2024\/06\/448363317_10159616631315759_8573034091864125569_n-300x225.jpg 300w, https:\/\/mentalhelse.no\/content\/uploads\/sites\/189\/2024\/06\/448363317_10159616631315759_8573034091864125569_n-1024x768.jpg 1024w, https:\/\/mentalhelse.no\/content\/uploads\/sites\/189\/2024\/06\/448363317_10159616631315759_8573034091864125569_n-768x576.jpg 768w, https:\/\/mentalhelse.no\/content\/uploads\/sites\/189\/2024\/06\/448363317_10159616631315759_8573034091864125569_n-1536x1152.jpg 1536w\" sizes=\"auto, (max-width: 2048px) 100vw, 2048px\" style=\"--focal-point: 50% 50%;\" \/><\/figure>\n<\/a>\n\n<div class=\"wp-block-group postinfo alignfull is-layout-flow wp-block-group-is-layout-flow\">\n\t<div class=\"wp-block-mentalhelse-post-category\">\n\t\t\t\t\t<div class=\"post-type\">\n\t\t\t\t\t\t<a href=\"https:\/\/mentalhelse.no\/nordland\/aktuelt\/\">Nyheter<\/a>\n\t\t\t\t\t<\/div>\n\t\t\t\t\t\n\t\t\t\t\t<div class=\"post-category\">\n\t\t\t\t\t\t\n\t\t\t\t\t<\/div>\n\t\t\t<\/div>\n\t<a class=\"t2-post-link wp-block-t2-post-link\" href=\"https:\/\/mentalhelse.no\/nordland\/aktuelt\/studieledere-star-i-fronten-for-okt-kompetanse-blant-tillitsvalgte\/\">\n\t<h2 class=\"t2-post-title wp-block-t2-post-title\">Studieledere st\u00e5r i fronten for \u00f8kt kompetanse blant tillitsvalgte<\/h2>\n\t<\/a>\n<\/div>\n\n<\/div>\n\n<div class=\"t2-featured-query-post t2-featured-content is-post-type-news wp-block-t2-featured-query-post t2-featured-content-layout-col-4\"><a class=\"t2-post-link wp-block-t2-post-link\" href=\"https:\/\/mentalhelse.no\/nordland\/aktuelt\/fylkesstyremote-i-bodo\/\">\n\t<figure style=\"--t2-focal-point: 50% 50%;\" class=\"t2-post-featured-image has-image-ratio-16-9 wp-block-t2-post-featured-image\"><img loading=\"lazy\" decoding=\"async\" width=\"2560\" height=\"1224\" src=\"https:\/\/mentalhelse.no\/content\/uploads\/sites\/189\/2024\/06\/Bodo-scaled.jpg\" class=\"attachment-post-thumbnail size-post-thumbnail wp-post-image\" alt=\"\" srcset=\"https:\/\/mentalhelse.no\/content\/uploads\/sites\/189\/2024\/06\/Bodo-scaled.jpg 2560w, https:\/\/mentalhelse.no\/content\/uploads\/sites\/189\/2024\/06\/Bodo-300x143.jpg 300w, https:\/\/mentalhelse.no\/content\/uploads\/sites\/189\/2024\/06\/Bodo-1024x490.jpg 1024w, https:\/\/mentalhelse.no\/content\/uploads\/sites\/189\/2024\/06\/Bodo-768x367.jpg 768w, https:\/\/mentalhelse.no\/content\/uploads\/sites\/189\/2024\/06\/Bodo-1536x735.jpg 1536w, https:\/\/mentalhelse.no\/content\/uploads\/sites\/189\/2024\/06\/Bodo-2048x980.jpg 2048w\" sizes=\"auto, (max-width: 2560px) 100vw, 2560px\" style=\"--focal-point: 50% 50%;\" \/><\/figure>\n<\/a>\n\n<div class=\"wp-block-group postinfo alignfull is-layout-flow wp-block-group-is-layout-flow\">\n\t<div class=\"wp-block-mentalhelse-post-category\">\n\t\t\t\t\t<div class=\"post-type\">\n\t\t\t\t\t\t<a href=\"https:\/\/mentalhelse.no\/nordland\/aktuelt\/\">Nyheter<\/a>\n\t\t\t\t\t<\/div>\n\t\t\t\t\t\n\t\t\t\t\t<div class=\"post-category\">\n\t\t\t\t\t\t\n\t\t\t\t\t<\/div>\n\t\t\t<\/div>\n\t<a class=\"t2-post-link wp-block-t2-post-link\" href=\"https:\/\/mentalhelse.no\/nordland\/aktuelt\/fylkesstyremote-i-bodo\/\">\n\t<h2 class=\"t2-post-title wp-block-t2-post-title\">Fylkesstyrem\u00f8te i Bod\u00f8<\/h2>\n\t<\/a>\n<\/div>\n\n<\/div>\n\n<div class=\"t2-featured-query-post t2-featured-content is-post-type-news wp-block-t2-featured-query-post t2-featured-content-layout-col-4\"><a class=\"t2-post-link wp-block-t2-post-link\" href=\"https:\/\/mentalhelse.no\/nordland\/aktuelt\/eksempelartikkel\/\">\n\t<figure style=\"--t2-focal-point: 50% 50%;\" class=\"t2-post-featured-image has-image-ratio-16-9 wp-block-t2-post-featured-image\"><img loading=\"lazy\" decoding=\"async\" width=\"1400\" height=\"931\" src=\"https:\/\/mentalhelse.no\/content\/uploads\/sites\/189\/2023\/06\/Det-nye-fylkesstyret-Nordland-2023-2024.jpg\" class=\"attachment-post-thumbnail size-post-thumbnail wp-post-image\" alt=\"\" srcset=\"https:\/\/mentalhelse.no\/content\/uploads\/sites\/189\/2023\/06\/Det-nye-fylkesstyret-Nordland-2023-2024.jpg 1400w, https:\/\/mentalhelse.no\/content\/uploads\/sites\/189\/2023\/06\/Det-nye-fylkesstyret-Nordland-2023-2024-300x200.jpg 300w, https:\/\/mentalhelse.no\/content\/uploads\/sites\/189\/2023\/06\/Det-nye-fylkesstyret-Nordland-2023-2024-1024x681.jpg 1024w, https:\/\/mentalhelse.no\/content\/uploads\/sites\/189\/2023\/06\/Det-nye-fylkesstyret-Nordland-2023-2024-768x511.jpg 768w\" sizes=\"auto, (max-width: 1400px) 100vw, 1400px\" style=\"--focal-point: 50% 50%;\" \/><\/figure>\n<\/a>\n\n<div class=\"wp-block-group postinfo alignfull is-layout-flow wp-block-group-is-layout-flow\">\n\t<div class=\"wp-block-mentalhelse-post-category\">\n\t\t\t\t\t<div class=\"post-type\">\n\t\t\t\t\t\t<a href=\"https:\/\/mentalhelse.no\/nordland\/aktuelt\/\">Nyheter<\/a>\n\t\t\t\t\t<\/div>\n\t\t\t\t\t\n\t\t\t\t\t<div class=\"post-category\">\n\t\t\t\t\t\t\n\t\t\t\t\t<\/div>\n\t\t\t<\/div>\n\t<a class=\"t2-post-link wp-block-t2-post-link\" href=\"https:\/\/mentalhelse.no\/nordland\/aktuelt\/eksempelartikkel\/\">\n\t<h2 class=\"t2-post-title wp-block-t2-post-title\">Fylkesstyret 2023-2024<\/h2>\n\t<\/a>\n<\/div>\n\n<\/div>\n<\/div>\n\n\t\t\t<\/div>\n\t\t<\/div>","protected":false},"excerpt":{"rendered":"<p>I \u00e5r legges det til rette for at de som \u00f8nsker \u00e5 v\u00e6re observat\u00f8rer p\u00e5 Mental Helse Nordland sitt \u00e5rsm\u00f8te 29. mars kan delta p\u00e5&#8230;<\/p>\n","protected":false},"author":7,"featured_media":1166,"parent":0,"template":"","meta":{"t2_featured_media_focal_point":{"x":0.5,"y":0.5},"mh_hide_title":true},"news_category":[],"class_list":["post-1165","news","type-news","status-publish","has-post-thumbnail","hentry"],"yoast_head":"<!-- This site is optimized with the Yoast SEO Premium plugin v21.2 (Yoast SEO v21.2) - https:\/\/yoast.com\/wordpress\/plugins\/seo\/ -->\n<title>\u00c5rsm\u00f8te p\u00e5 Teams - Mental Helse - Nordland<\/title>\n<meta name=\"robots\" content=\"index, follow, max-snippet:-1, max-image-preview:large, max-video-preview:-1\" \/>\n<link rel=\"canonical\" href=\"https:\/\/mentalhelse.no\/nordland\/aktuelt\/arsmote-pa-teams\/\" \/>\n<meta property=\"og:locale\" content=\"nb_NO\" \/>\n<meta property=\"og:type\" content=\"article\" \/>\n<meta property=\"og:title\" content=\"\u00c5rsm\u00f8te p\u00e5 Teams\" \/>\n<meta property=\"og:description\" content=\"I \u00e5r legges det til rette for at de som \u00f8nsker \u00e5 v\u00e6re observat\u00f8rer p\u00e5 Mental Helse Nordland sitt \u00e5rsm\u00f8te 29. mars kan delta p\u00e5...\" \/>\n<meta property=\"og:url\" content=\"https:\/\/mentalhelse.no\/nordland\/aktuelt\/arsmote-pa-teams\/\" \/>\n<meta property=\"og:site_name\" content=\"Nordland\" \/>\n<meta property=\"article:modified_time\" content=\"2025-03-28T14:50:52+00:00\" \/>\n<meta property=\"og:image\" content=\"https:\/\/mentalhelse.no\/content\/uploads\/sites\/189\/2025\/03\/Digitalt-arsmote-scaled.jpg\" \/>\n\t<meta property=\"og:image:width\" content=\"2560\" \/>\n\t<meta property=\"og:image:height\" content=\"1707\" \/>\n\t<meta property=\"og:image:type\" content=\"image\/jpeg\" \/>\n<meta name=\"twitter:card\" content=\"summary_large_image\" \/>\n<meta name=\"twitter:label1\" content=\"Ansl. lesetid\" \/>\n\t<meta name=\"twitter:data1\" content=\"1 minutt\" \/>\n<script type=\"application\/ld+json\" class=\"yoast-schema-graph\">{\"@context\":\"https:\/\/schema.org\",\"@graph\":[{\"@type\":\"WebPage\",\"@id\":\"https:\/\/mentalhelse.no\/nordland\/aktuelt\/arsmote-pa-teams\/\",\"url\":\"https:\/\/mentalhelse.no\/nordland\/aktuelt\/arsmote-pa-teams\/\",\"name\":\"\u00c5rsm\u00f8te p\u00e5 Teams - Nordland\",\"isPartOf\":{\"@id\":\"https:\/\/mentalhelse.no\/nordland\/#website\"},\"datePublished\":\"2025-03-28T14:50:07+00:00\",\"dateModified\":\"2025-03-28T14:50:52+00:00\",\"breadcrumb\":{\"@id\":\"https:\/\/mentalhelse.no\/nordland\/aktuelt\/arsmote-pa-teams\/#breadcrumb\"},\"inLanguage\":\"nb-NO\",\"potentialAction\":[{\"@type\":\"ReadAction\",\"target\":[\"https:\/\/mentalhelse.no\/nordland\/aktuelt\/arsmote-pa-teams\/\"]}]},{\"@type\":\"BreadcrumbList\",\"@id\":\"https:\/\/mentalhelse.no\/nordland\/aktuelt\/arsmote-pa-teams\/#breadcrumb\",\"itemListElement\":[{\"@type\":\"ListItem\",\"position\":1,\"name\":\"Hjem\",\"item\":\"https:\/\/mentalhelse.no\/nordland\/\"},{\"@type\":\"ListItem\",\"position\":2,\"name\":\"Nyheter\",\"item\":\"https:\/\/mentalhelse.no\/nordland\/aktuelt\/\"},{\"@type\":\"ListItem\",\"position\":3,\"name\":\"\u00c5rsm\u00f8te p\u00e5 Teams\"}]},{\"@type\":\"WebSite\",\"@id\":\"https:\/\/mentalhelse.no\/nordland\/#website\",\"url\":\"https:\/\/mentalhelse.no\/nordland\/\",\"name\":\"Nordland\",\"description\":\"\",\"potentialAction\":[{\"@type\":\"SearchAction\",\"target\":{\"@type\":\"EntryPoint\",\"urlTemplate\":\"https:\/\/mentalhelse.no\/nordland\/?s={search_term_string}\"},\"query-input\":\"required name=search_term_string\"}],\"inLanguage\":\"nb-NO\"}]}<\/script>\n<!-- \/ Yoast SEO Premium plugin. -->","yoast_head_json":{"title":"\u00c5rsm\u00f8te p\u00e5 Teams - Mental Helse - Nordland","robots":{"index":"index","follow":"follow","max-snippet":"max-snippet:-1","max-image-preview":"max-image-preview:large","max-video-preview":"max-video-preview:-1"},"canonical":"https:\/\/mentalhelse.no\/nordland\/aktuelt\/arsmote-pa-teams\/","og_locale":"nb_NO","og_type":"article","og_title":"\u00c5rsm\u00f8te p\u00e5 Teams","og_description":"I \u00e5r legges det til rette for at de som \u00f8nsker \u00e5 v\u00e6re observat\u00f8rer p\u00e5 Mental Helse Nordland sitt \u00e5rsm\u00f8te 29. mars kan delta p\u00e5...","og_url":"https:\/\/mentalhelse.no\/nordland\/aktuelt\/arsmote-pa-teams\/","og_site_name":"Nordland","article_modified_time":"2025-03-28T14:50:52+00:00","og_image":[{"width":2560,"height":1707,"url":"https:\/\/mentalhelse.no\/content\/uploads\/sites\/189\/2025\/03\/Digitalt-arsmote-scaled.jpg","type":"image\/jpeg"}],"twitter_card":"summary_large_image","twitter_misc":{"Ansl. lesetid":"1 minutt"},"schema":{"@context":"https:\/\/schema.org","@graph":[{"@type":"WebPage","@id":"https:\/\/mentalhelse.no\/nordland\/aktuelt\/arsmote-pa-teams\/","url":"https:\/\/mentalhelse.no\/nordland\/aktuelt\/arsmote-pa-teams\/","name":"\u00c5rsm\u00f8te p\u00e5 Teams - Nordland","isPartOf":{"@id":"https:\/\/mentalhelse.no\/nordland\/#website"},"datePublished":"2025-03-28T14:50:07+00:00","dateModified":"2025-03-28T14:50:52+00:00","breadcrumb":{"@id":"https:\/\/mentalhelse.no\/nordland\/aktuelt\/arsmote-pa-teams\/#breadcrumb"},"inLanguage":"nb-NO","potentialAction":[{"@type":"ReadAction","target":["https:\/\/mentalhelse.no\/nordland\/aktuelt\/arsmote-pa-teams\/"]}]},{"@type":"BreadcrumbList","@id":"https:\/\/mentalhelse.no\/nordland\/aktuelt\/arsmote-pa-teams\/#breadcrumb","itemListElement":[{"@type":"ListItem","position":1,"name":"Hjem","item":"https:\/\/mentalhelse.no\/nordland\/"},{"@type":"ListItem","position":2,"name":"Nyheter","item":"https:\/\/mentalhelse.no\/nordland\/aktuelt\/"},{"@type":"ListItem","position":3,"name":"\u00c5rsm\u00f8te p\u00e5 Teams"}]},{"@type":"WebSite","@id":"https:\/\/mentalhelse.no\/nordland\/#website","url":"https:\/\/mentalhelse.no\/nordland\/","name":"Nordland","description":"","potentialAction":[{"@type":"SearchAction","target":{"@type":"EntryPoint","urlTemplate":"https:\/\/mentalhelse.no\/nordland\/?s={search_term_string}"},"query-input":"required name=search_term_string"}],"inLanguage":"nb-NO"}]}},"_links":{"self":[{"href":"https:\/\/mentalhelse.no\/nordland\/wp-json\/wp\/v2\/news\/1165","targetHints":{"allow":["GET"]}}],"collection":[{"href":"https:\/\/mentalhelse.no\/nordland\/wp-json\/wp\/v2\/news"}],"about":[{"href":"https:\/\/mentalhelse.no\/nordland\/wp-json\/wp\/v2\/types\/news"}],"author":[{"embeddable":true,"href":"https:\/\/mentalhelse.no\/nordland\/wp-json\/wp\/v2\/users\/7"}],"wp:featuredmedia":[{"embeddable":true,"href":"https:\/\/mentalhelse.no\/nordland\/wp-json\/wp\/v2\/media\/1166"}],"wp:attachment":[{"href":"https:\/\/mentalhelse.no\/nordland\/wp-json\/wp\/v2\/media?parent=1165"}],"wp:term":[{"taxonomy":"news_category","embeddable":true,"href":"https:\/\/mentalhelse.no\/nordland\/wp-json\/wp\/v2\/news_category?post=1165"}],"curies":[{"name":"wp","href":"https:\/\/api.w.org\/{rel}","templated":true}]}}