{"id":1089,"date":"2023-09-13T15:57:33","date_gmt":"2023-09-13T15:57:33","guid":{"rendered":"https:\/\/mentalhelse.no\/oslo\/?post_type=news&#038;p=1089"},"modified":"2023-09-24T11:01:33","modified_gmt":"2023-09-24T11:01:33","slug":"ny-podcast-om-unge-og-psykisk-helse","status":"publish","type":"news","link":"https:\/\/mentalhelse.no\/oslo\/aktuelt\/ny-podcast-om-unge-og-psykisk-helse\/","title":{"rendered":"Ny podcast om unge og psykisk helse"},"content":{"rendered":"<figure class=\"alignwide wp-block-post-featured-image\"><img loading=\"lazy\" decoding=\"async\" width=\"1907\" height=\"1068\" src=\"https:\/\/mentalhelse.no\/content\/uploads\/sites\/190\/2023\/09\/sirkel-podcast.jpg\" class=\"attachment-post-thumbnail size-post-thumbnail wp-post-image\" alt=\"Sirkel podcast - logo og beskrivelse\" style=\"object-fit:cover; --focal-point: 50% 50%;\" srcset=\"https:\/\/mentalhelse.no\/content\/uploads\/sites\/190\/2023\/09\/sirkel-podcast.jpg 1907w, https:\/\/mentalhelse.no\/content\/uploads\/sites\/190\/2023\/09\/sirkel-podcast-300x168.jpg 300w, https:\/\/mentalhelse.no\/content\/uploads\/sites\/190\/2023\/09\/sirkel-podcast-1024x573.jpg 1024w, https:\/\/mentalhelse.no\/content\/uploads\/sites\/190\/2023\/09\/sirkel-podcast-768x430.jpg 768w, https:\/\/mentalhelse.no\/content\/uploads\/sites\/190\/2023\/09\/sirkel-podcast-1536x860.jpg 1536w\" sizes=\"auto, (max-width: 1907px) 100vw, 1907px\" \/><\/figure>\n\n<h1 class=\"wp-block-post-title\">Ny podcast om unge og psykisk helse<\/h1>\n\n<p class=\"t2-ingress wp-block-t2-ingress\">Tvillingene Lars og Kristian Pharo starter produksjon av ny podcast i lokalene til Mental Helse Oslo i h\u00f8st. Visjonen er en podcast hvor unge f\u00e5r fortelle sin historie.<\/p>\n\n\n<p>&#8211; Vi \u00f8nsker \u00e5 invitere unge mennesker ti \u00e5 fortelle sin unike historie, mennesker som har opplevd b\u00e5de livets motgang og medgang. Vi \u00f8nsker \u00e5 belyse hva det betyr \u00e5 v\u00e6re ung i informasjonssamfunnet, prosessen fra man er barn til \u00e5 bli \u201cvoksen\u201d, og hvilke forventinger, press og krav som kommer med dette.<\/p>\n\n\n\n<p>De \u00f8nsker ogs\u00e5 \u00e5 invitere mennesker som jobber tett p\u00e5 barn og unge. Podcasten skal v\u00e6re en &laquo;conversation starter&raquo;, ta opp aktuelle tema og stille sp\u00f8rsm\u00e5l som kan vekke nysgjerrighet, debatt og refleksjon.<\/p>\n\n\n\n<p>N\u00e5r den f\u00f8rste sesongen er distribuert \u00f8nsker Lars og Kristian \u00e5 engasjere lytterne, feks. ved at de kan melde seg som gjest, komme med innspill eller samarbeide med de om markedsf\u00f8ringen av podcasten.<\/p>\n\n\n\n<p>Br\u00f8drene har f\u00e5tt st\u00f8tte av <a href=\"https:\/\/frittord.no\/\">Fritt Ord<\/a> til \u00e5 utvikle podcasten, og \u00f8nsker \u00e5 tilby et innblikk i de unges verden og bidra til \u00f8kt forst\u00e5else, bryte barrierer og finne l\u00f8sninger som er skapt sammen med unge.<\/p>\n\n\n<div class=\"t2-files wp-block-t2-files\">\n<div class=\"t2-file-item wp-block-t2-file-item\">\n\t\t<a href=\"https:\/\/mentalhelse.no\/content\/uploads\/sites\/190\/2023\/09\/Sirkel-Podcast.pdf\" class=\"t2-file-item__link t2-file-item__link--icon-left\" download>\n\t\t\t<span class=\"t2-file-item__icon\"><svg xmlns=\"http:\/\/www.w3.org\/2000\/svg\" viewBox=\"0 0 24 24\" height=\"24\" width=\"24\" class=\"t2-icon t2-icon-mh-download\" aria-hidden=\"true\" focusable=\"false\"><path fill-rule=\"evenodd\" clip-rule=\"evenodd\" d=\"M12 2.5C12.2761 2.5 12.5 2.72386 12.5 3V13.7929L16.6464 9.64645C16.8417 9.45118 17.1583 9.45118 17.3536 9.64645C17.5488 9.84171 17.5488 10.1583 17.3536 10.3536L12.3536 15.3536C12.1583 15.5488 11.8417 15.5488 11.6464 15.3536L6.64645 10.3536C6.45118 10.1583 6.45118 9.84171 6.64645 9.64645C6.84171 9.45118 7.15829 9.45118 7.35355 9.64645L11.5 13.7929V3C11.5 2.72386 11.7239 2.5 12 2.5Z\" fill=\"currentColor\"\/><path fill-rule=\"evenodd\" clip-rule=\"evenodd\" d=\"M3 14.5C3.27614 14.5 3.5 14.7239 3.5 15V19C3.5 19.3978 3.65803 19.7793 3.93935 20.0607C4.22064 20.342 4.60217 20.5 5 20.5H19C19.3978 20.5 19.7793 20.342 20.0606 20.0606C20.342 19.7793 20.5 19.3978 20.5 19V15C20.5 14.7239 20.7239 14.5 21 14.5C21.2761 14.5 21.5 14.7239 21.5 15V19C21.5 19.663 21.2366 20.2989 20.7678 20.7678C20.2989 21.2366 19.663 21.5 19 21.5H5C4.33697 21.5 3.70107 21.2366 3.23222 20.7677C3.23222 20.7677 3.23222 20.7677 3.23222 20.7677C2.76339 20.2989 2.5 19.663 2.5 19V15C2.5 14.7239 2.72386 14.5 3 14.5Z\" fill=\"currentColor\"\/><\/svg><\/span>\n\t\t\t<span class=\"t2-file-item__info\">\n\t\t\t\t<span class=\"t2-file-item__filename\">Sirkel-Podcast<\/span>\n\t\t\t\t\n\t\t\t\t<span class=\"t2-file-item__meta\">pdf \u00b7 1 MB<\/span>\n\t\t\t<\/span>\n\t\t<\/a>\n\t\t<\/div>\n<\/div>\n\n\n\t\t<div class=\"mh-related-posts alignfull alignfull wp-block-mentalhelse-related-posts gray-mode\">\n\t\t\t<div class=\"mh-related-posts__inner\">\n\t\t\t\t\n\n<h3 class=\"wp-block-heading\" id=\"h-les-ogsa\">Les ogs\u00e5<\/h3>\n\n\n<div class=\"t2-featured-content-layout alignwide alignwide wp-block-t2-featured-content-layout\">\n\n\n\n\n\n<\/div>\n\n\t\t\t<\/div>\n\t\t<\/div>","protected":false},"excerpt":{"rendered":"<p>&#8211; Vi \u00f8nsker \u00e5 invitere unge mennesker ti \u00e5 fortelle sin unike historie, mennesker som har opplevd b\u00e5de livets motgang og medgang. Vi \u00f8nsker \u00e5&#8230;<\/p>\n","protected":false},"author":5,"featured_media":1112,"parent":0,"template":"","meta":{"t2_featured_media_focal_point":{"x":0.5,"y":0.5},"mh_hide_title":true},"news_category":[55],"class_list":["post-1089","news","type-news","status-publish","has-post-thumbnail","hentry","news_category-psykisk-helse"],"yoast_head":"<!-- This site is optimized with the Yoast SEO Premium plugin v21.2 (Yoast SEO v21.2) - https:\/\/yoast.com\/wordpress\/plugins\/seo\/ -->\n<title>Ny podcast om unge og psykisk helse - Mental Helse - Oslo<\/title>\n<meta name=\"description\" content=\"Ny podcast skal produseres i lokalene til Mental Helse Oslo h\u00f8sten 2023. De \u00f8nsker \u00e5 tilby et innblikk i de unges verden.\" \/>\n<meta name=\"robots\" content=\"index, follow, max-snippet:-1, max-image-preview:large, max-video-preview:-1\" \/>\n<link rel=\"canonical\" href=\"https:\/\/mentalhelse.no\/oslo\/aktuelt\/ny-podcast-om-unge-og-psykisk-helse\/\" \/>\n<meta property=\"og:locale\" content=\"nb_NO\" \/>\n<meta property=\"og:type\" content=\"article\" \/>\n<meta property=\"og:title\" content=\"Ny podcast om unge og psykisk helse\" \/>\n<meta property=\"og:description\" content=\"Ny podcast skal produseres i lokalene til Mental Helse Oslo h\u00f8sten 2023. De \u00f8nsker \u00e5 tilby et innblikk i de unges verden.\" \/>\n<meta property=\"og:url\" content=\"https:\/\/mentalhelse.no\/oslo\/aktuelt\/ny-podcast-om-unge-og-psykisk-helse\/\" \/>\n<meta property=\"og:site_name\" content=\"Oslo\" \/>\n<meta property=\"article:modified_time\" content=\"2023-09-24T11:01:33+00:00\" \/>\n<meta property=\"og:image\" content=\"https:\/\/mentalhelse.no\/content\/uploads\/sites\/190\/2023\/09\/sirkel-podcast.jpg\" \/>\n\t<meta property=\"og:image:width\" content=\"1907\" \/>\n\t<meta property=\"og:image:height\" content=\"1068\" \/>\n\t<meta property=\"og:image:type\" content=\"image\/jpeg\" \/>\n<meta name=\"twitter:card\" content=\"summary_large_image\" \/>\n<meta name=\"twitter:label1\" content=\"Ansl. lesetid\" \/>\n\t<meta name=\"twitter:data1\" content=\"1 minutt\" \/>\n<script type=\"application\/ld+json\" class=\"yoast-schema-graph\">{\"@context\":\"https:\/\/schema.org\",\"@graph\":[{\"@type\":\"WebPage\",\"@id\":\"https:\/\/mentalhelse.no\/oslo\/aktuelt\/ny-podcast-om-unge-og-psykisk-helse\/\",\"url\":\"https:\/\/mentalhelse.no\/oslo\/aktuelt\/ny-podcast-om-unge-og-psykisk-helse\/\",\"name\":\"Ny podcast om unge og psykisk helse - Oslo\",\"isPartOf\":{\"@id\":\"https:\/\/mentalhelse.no\/oslo\/#website\"},\"datePublished\":\"2023-09-13T15:57:33+00:00\",\"dateModified\":\"2023-09-24T11:01:33+00:00\",\"description\":\"Ny podcast skal produseres i lokalene til Mental Helse Oslo h\u00f8sten 2023. De \u00f8nsker \u00e5 tilby et innblikk i de unges verden.\",\"breadcrumb\":{\"@id\":\"https:\/\/mentalhelse.no\/oslo\/aktuelt\/ny-podcast-om-unge-og-psykisk-helse\/#breadcrumb\"},\"inLanguage\":\"nb-NO\",\"potentialAction\":[{\"@type\":\"ReadAction\",\"target\":[\"https:\/\/mentalhelse.no\/oslo\/aktuelt\/ny-podcast-om-unge-og-psykisk-helse\/\"]}]},{\"@type\":\"BreadcrumbList\",\"@id\":\"https:\/\/mentalhelse.no\/oslo\/aktuelt\/ny-podcast-om-unge-og-psykisk-helse\/#breadcrumb\",\"itemListElement\":[{\"@type\":\"ListItem\",\"position\":1,\"name\":\"Hjem\",\"item\":\"https:\/\/mentalhelse.no\/oslo\/\"},{\"@type\":\"ListItem\",\"position\":2,\"name\":\"Nyheter\",\"item\":\"https:\/\/mentalhelse.no\/oslo\/aktuelt\/\"},{\"@type\":\"ListItem\",\"position\":3,\"name\":\"Ny podcast om unge og psykisk helse\"}]},{\"@type\":\"WebSite\",\"@id\":\"https:\/\/mentalhelse.no\/oslo\/#website\",\"url\":\"https:\/\/mentalhelse.no\/oslo\/\",\"name\":\"Oslo\",\"description\":\"\",\"potentialAction\":[{\"@type\":\"SearchAction\",\"target\":{\"@type\":\"EntryPoint\",\"urlTemplate\":\"https:\/\/mentalhelse.no\/oslo\/?s={search_term_string}\"},\"query-input\":\"required name=search_term_string\"}],\"inLanguage\":\"nb-NO\"}]}<\/script>\n<!-- \/ Yoast SEO Premium plugin. -->","yoast_head_json":{"title":"Ny podcast om unge og psykisk helse - Mental Helse - Oslo","description":"Ny podcast skal produseres i lokalene til Mental Helse Oslo h\u00f8sten 2023. De \u00f8nsker \u00e5 tilby et innblikk i de unges verden.","robots":{"index":"index","follow":"follow","max-snippet":"max-snippet:-1","max-image-preview":"max-image-preview:large","max-video-preview":"max-video-preview:-1"},"canonical":"https:\/\/mentalhelse.no\/oslo\/aktuelt\/ny-podcast-om-unge-og-psykisk-helse\/","og_locale":"nb_NO","og_type":"article","og_title":"Ny podcast om unge og psykisk helse","og_description":"Ny podcast skal produseres i lokalene til Mental Helse Oslo h\u00f8sten 2023. De \u00f8nsker \u00e5 tilby et innblikk i de unges verden.","og_url":"https:\/\/mentalhelse.no\/oslo\/aktuelt\/ny-podcast-om-unge-og-psykisk-helse\/","og_site_name":"Oslo","article_modified_time":"2023-09-24T11:01:33+00:00","og_image":[{"width":1907,"height":1068,"url":"https:\/\/mentalhelse.no\/content\/uploads\/sites\/190\/2023\/09\/sirkel-podcast.jpg","type":"image\/jpeg"}],"twitter_card":"summary_large_image","twitter_misc":{"Ansl. lesetid":"1 minutt"},"schema":{"@context":"https:\/\/schema.org","@graph":[{"@type":"WebPage","@id":"https:\/\/mentalhelse.no\/oslo\/aktuelt\/ny-podcast-om-unge-og-psykisk-helse\/","url":"https:\/\/mentalhelse.no\/oslo\/aktuelt\/ny-podcast-om-unge-og-psykisk-helse\/","name":"Ny podcast om unge og psykisk helse - Oslo","isPartOf":{"@id":"https:\/\/mentalhelse.no\/oslo\/#website"},"datePublished":"2023-09-13T15:57:33+00:00","dateModified":"2023-09-24T11:01:33+00:00","description":"Ny podcast skal produseres i lokalene til Mental Helse Oslo h\u00f8sten 2023. De \u00f8nsker \u00e5 tilby et innblikk i de unges verden.","breadcrumb":{"@id":"https:\/\/mentalhelse.no\/oslo\/aktuelt\/ny-podcast-om-unge-og-psykisk-helse\/#breadcrumb"},"inLanguage":"nb-NO","potentialAction":[{"@type":"ReadAction","target":["https:\/\/mentalhelse.no\/oslo\/aktuelt\/ny-podcast-om-unge-og-psykisk-helse\/"]}]},{"@type":"BreadcrumbList","@id":"https:\/\/mentalhelse.no\/oslo\/aktuelt\/ny-podcast-om-unge-og-psykisk-helse\/#breadcrumb","itemListElement":[{"@type":"ListItem","position":1,"name":"Hjem","item":"https:\/\/mentalhelse.no\/oslo\/"},{"@type":"ListItem","position":2,"name":"Nyheter","item":"https:\/\/mentalhelse.no\/oslo\/aktuelt\/"},{"@type":"ListItem","position":3,"name":"Ny podcast om unge og psykisk helse"}]},{"@type":"WebSite","@id":"https:\/\/mentalhelse.no\/oslo\/#website","url":"https:\/\/mentalhelse.no\/oslo\/","name":"Oslo","description":"","potentialAction":[{"@type":"SearchAction","target":{"@type":"EntryPoint","urlTemplate":"https:\/\/mentalhelse.no\/oslo\/?s={search_term_string}"},"query-input":"required name=search_term_string"}],"inLanguage":"nb-NO"}]}},"_links":{"self":[{"href":"https:\/\/mentalhelse.no\/oslo\/wp-json\/wp\/v2\/news\/1089","targetHints":{"allow":["GET"]}}],"collection":[{"href":"https:\/\/mentalhelse.no\/oslo\/wp-json\/wp\/v2\/news"}],"about":[{"href":"https:\/\/mentalhelse.no\/oslo\/wp-json\/wp\/v2\/types\/news"}],"author":[{"embeddable":true,"href":"https:\/\/mentalhelse.no\/oslo\/wp-json\/wp\/v2\/users\/5"}],"wp:featuredmedia":[{"embeddable":true,"href":"https:\/\/mentalhelse.no\/oslo\/wp-json\/wp\/v2\/media\/1112"}],"wp:attachment":[{"href":"https:\/\/mentalhelse.no\/oslo\/wp-json\/wp\/v2\/media?parent=1089"}],"wp:term":[{"taxonomy":"news_category","embeddable":true,"href":"https:\/\/mentalhelse.no\/oslo\/wp-json\/wp\/v2\/news_category?post=1089"}],"curies":[{"name":"wp","href":"https:\/\/api.w.org\/{rel}","templated":true}]}}