{"id":1169,"date":"2023-09-18T16:00:16","date_gmt":"2023-09-18T16:00:16","guid":{"rendered":"https:\/\/mentalhelse.no\/oslo\/?post_type=news&#038;p=1169"},"modified":"2023-09-24T11:02:41","modified_gmt":"2023-09-24T11:02:41","slug":"brukerrepresentant-martine-med-i-prisvinnende-prosjekt","status":"publish","type":"news","link":"https:\/\/mentalhelse.no\/oslo\/aktuelt\/brukerrepresentant-martine-med-i-prisvinnende-prosjekt\/","title":{"rendered":"Brukerrepresentant Martine med i prisvinnende prosjekt"},"content":{"rendered":"\n<div class=\"wp-block-columns alignwide is-layout-flex wp-container-core-columns-is-layout-1 wp-block-columns-is-layout-flex\">\n<div class=\"wp-block-column is-layout-flow wp-block-column-is-layout-flow\" style=\"flex-basis:100%\">\n<div class=\"wp-block-group is-layout-constrained wp-block-group-is-layout-constrained\">\n<figure class=\"wp-block-image size-large\"><img loading=\"lazy\" decoding=\"async\" width=\"1024\" height=\"768\" src=\"https:\/\/mentalhelse.no\/content\/uploads\/sites\/190\/2023\/09\/Prisutdeling1409_akutt-1024x768.jpg\" alt=\"Bilde av vinnerne av \u00c5rets akuttpsykiatripris; Mottaksposten p\u00e5 Akuttpsykiatrisk avdeling Ullev\u00e5l, Oslo universitetssykehus.\" class=\"wp-image-1170\" srcset=\"https:\/\/mentalhelse.no\/content\/uploads\/sites\/190\/2023\/09\/Prisutdeling1409_akutt-1024x768.jpg 1024w, https:\/\/mentalhelse.no\/content\/uploads\/sites\/190\/2023\/09\/Prisutdeling1409_akutt-300x225.jpg 300w, https:\/\/mentalhelse.no\/content\/uploads\/sites\/190\/2023\/09\/Prisutdeling1409_akutt-768x576.jpg 768w, https:\/\/mentalhelse.no\/content\/uploads\/sites\/190\/2023\/09\/Prisutdeling1409_akutt.jpg 1400w\" sizes=\"auto, (max-width: 1024px) 100vw, 1024px\" \/><figcaption class=\"wp-element-caption\">Overlege Ingrid Diset (bak t.v.), spesialsykepleier Astrid Subra, brukerrepresentant Martine Michelsen (foran t.v.) og spesialsykepleier Brynhildur (Binna) Olafsdottir ble tildelt&nbsp;\u00c5rets akuttpsykiatripris.&nbsp;<em>Foto: Oslo universitetssykehus HF<\/em><\/figcaption><\/figure>\n<\/div>\n<\/div>\n<\/div>\n\n\n<h1 class=\"wp-block-post-title\">Brukerrepresentant Martine med i prisvinnende prosjekt<\/h1>\n\n<div class=\"is-img-top mh-byline wp-block-mh-byline\">\n                  <div class=\"mh-byline__inner\">\n                  \t\n                  \t<div class=\"mh-byline__meta\">\n                  \t\t<div class=\"mh-byline__post\">\n                  \t\t\t<a href=\"https:\/\/mentalhelse.no\/oslo\/aktuelt-kategori\/nyheter\/\" class=\"mh-byline__category-link\">Nyheter<\/a><a href=\"https:\/\/mentalhelse.no\/oslo\/aktuelt-kategori\/psykisk-helse\/\" class=\"mh-byline__category-link\">Psykisk helse<\/a><div class=\"entry-date\">18.09.2023<\/div>\n                  \t\t<\/div>\n                  \t\t<div class=\"mh-byline__author\">\n                  \t\t\t <span class=\"mh-byline__author-link\">Amanda<\/span>\n\t\t\t\t\t\t<\/div>\n\t\t\t\t\t<\/div>\n\t\t\t\t<\/div>\n\t\t<\/div>\n\n\n<h3 class=\"wp-block-heading\" id=\"h-akuttpsykiatripris-til-krisepakke\">Akuttpsykiatripris til &laquo;Krisepakke&raquo;<\/h3>\n\n\n\n<p>Martine, som er en av v\u00e5re brukerrepresentanter, sitter i Brukerr\u00e5det p\u00e5 Akuttpsykiatrisk avdeling p\u00e5 Ullev\u00e5l sykehus.&nbsp;<\/p>\n\n\n\n<p>Som representant fra Brukerr\u00e5det har hun deltatt aktivt i et prosjekt som heter \u00abKrisepakke &#8211; Ullev\u00e5lmodellen for pasienter i krise\u00bb. <\/p>\n\n\n\n<p>Krisepakke-prosjektet vant \u00e5rets akuttpsykiatripris som ble utdelt under <a href=\"https:\/\/akuttpsykiatri.no\/\">Akuttpsykiatrikonferansen<\/a> 14.-15. september p\u00e5 Radisson Blu Scandinavia i Oslo. <\/p>\n\n\n\n<p>Vi gratulerer Martine og resten av mottaksposten p\u00e5 akuttpsykiatrisk avdeling Ullev\u00e5l, Oslo universitetssykehus med prisen!<\/p>\n\n\n\n<h3 class=\"wp-block-heading\" id=\"h-les-mer-om-prisen-og-prosjektet\">Les mer om prisen og prosjektet (eksterne linker)<\/h3>\n\n\n\n<ul class=\"wp-block-list\">\n<li>Sykepleien.no: <a href=\"https:\/\/sykepleien.no\/2023\/09\/vant-arets-akuttpsykiatripris-med-krisepakke\">&laquo;Vant \u00c5rets Akuttpsykiatripris med \u00abkrisepakke\u00bb&raquo;<\/a><\/li>\n\n\n\n<li>Oslo Universitetssykehus: <a href=\"https:\/\/oslo-universitetssykehus.no\/avdelinger\/klinikk-psykisk-helse-og-avhengighet\/akuttpsykiatrisk-avdeling\/krisepakke-ullevalmodellen-for-pasienter-i-krise\">&laquo;Krisepakke &#8211; Ullev\u00e5lmodellen for pasienter i krise&raquo;<\/a><\/li>\n<\/ul>\n\n\n\n\t\t<div class=\"mh-related-posts alignfull alignfull wp-block-mentalhelse-related-posts gray-mode\">\n\t\t\t<div class=\"mh-related-posts__inner\">\n\t\t\t\t\n\n<h3 class=\"wp-block-heading\" id=\"h-les-ogsa\">Mer fra Mental Helse Oslo<\/h3>\n\n\n<div class=\"t2-featured-content-layout alignwide alignwide wp-block-t2-featured-content-layout\">\n<div class=\"t2-featured-query-post t2-featured-content is-post-type-news wp-block-t2-featured-query-post t2-featured-content-layout-col-4\"><a class=\"t2-post-link wp-block-t2-post-link\" href=\"https:\/\/mentalhelse.no\/oslo\/aktuelt\/arsmote-2026-sakspapirer\/\">\n\t<figure style=\"--t2-focal-point: 50% 50%;\" class=\"t2-post-featured-image has-image-ratio-16-9 wp-block-t2-post-featured-image\"><img loading=\"lazy\" decoding=\"async\" width=\"2560\" height=\"1920\" src=\"https:\/\/mentalhelse.no\/content\/uploads\/sites\/190\/2025\/03\/IMG_7194-scaled.jpg\" class=\"attachment-post-thumbnail size-post-thumbnail wp-post-image\" alt=\"\" srcset=\"https:\/\/mentalhelse.no\/content\/uploads\/sites\/190\/2025\/03\/IMG_7194-scaled.jpg 2560w, https:\/\/mentalhelse.no\/content\/uploads\/sites\/190\/2025\/03\/IMG_7194-300x225.jpg 300w, https:\/\/mentalhelse.no\/content\/uploads\/sites\/190\/2025\/03\/IMG_7194-1024x768.jpg 1024w, https:\/\/mentalhelse.no\/content\/uploads\/sites\/190\/2025\/03\/IMG_7194-768x576.jpg 768w, https:\/\/mentalhelse.no\/content\/uploads\/sites\/190\/2025\/03\/IMG_7194-1536x1152.jpg 1536w, https:\/\/mentalhelse.no\/content\/uploads\/sites\/190\/2025\/03\/IMG_7194-2048x1536.jpg 2048w\" sizes=\"auto, (max-width: 2560px) 100vw, 2560px\" style=\"--focal-point: 40% 15%;\" \/><\/figure>\n<\/a>\n\n<div class=\"wp-block-group postinfo alignfull is-layout-flow wp-block-group-is-layout-flow\">\n\t<div class=\"wp-block-mentalhelse-post-category\">\n\t\t\t\t\t<div class=\"post-type\">\n\t\t\t\t\t\t<a href=\"https:\/\/mentalhelse.no\/oslo\/aktuelt\/\">Nyheter<\/a>\n\t\t\t\t\t<\/div>\n\t\t\t\t\t\n\t\t\t\t\t<div class=\"post-category\">\n\t\t\t\t\t\t\n\t\t\t\t\t<\/div>\n\t\t\t<\/div>\n\t<a class=\"t2-post-link wp-block-t2-post-link\" href=\"https:\/\/mentalhelse.no\/oslo\/aktuelt\/arsmote-2026-sakspapirer\/\">\n\t<h2 class=\"t2-post-title wp-block-t2-post-title\">\u00c5rsm\u00f8te 2026 &#8211; Sakspapirer (oppdatert med protokoll, \u00e5rsregsnkap og revisjonsberetning)<\/h2>\n\t<\/a>\n<\/div>\n\n<\/div>\n\n<div class=\"t2-featured-query-post t2-featured-content is-post-type-news wp-block-t2-featured-query-post t2-featured-content-layout-col-4\"><a class=\"t2-post-link wp-block-t2-post-link\" href=\"https:\/\/mentalhelse.no\/oslo\/aktuelt\/badepraten\/\">\n\t<figure style=\"--t2-focal-point: 50% 50%;\" class=\"t2-post-featured-image has-image-ratio-16-9 wp-block-t2-post-featured-image\"><img loading=\"lazy\" decoding=\"async\" width=\"2004\" height=\"803\" src=\"https:\/\/mentalhelse.no\/content\/uploads\/sites\/190\/2025\/04\/IMG_7255.jpeg\" class=\"attachment-post-thumbnail size-post-thumbnail wp-post-image\" alt=\"\" srcset=\"https:\/\/mentalhelse.no\/content\/uploads\/sites\/190\/2025\/04\/IMG_7255.jpeg 2004w, https:\/\/mentalhelse.no\/content\/uploads\/sites\/190\/2025\/04\/IMG_7255-300x120.jpeg 300w, https:\/\/mentalhelse.no\/content\/uploads\/sites\/190\/2025\/04\/IMG_7255-1024x410.jpeg 1024w, https:\/\/mentalhelse.no\/content\/uploads\/sites\/190\/2025\/04\/IMG_7255-768x308.jpeg 768w, https:\/\/mentalhelse.no\/content\/uploads\/sites\/190\/2025\/04\/IMG_7255-1536x615.jpeg 1536w\" sizes=\"auto, (max-width: 2004px) 100vw, 2004px\" style=\"--focal-point: 50% 50%;\" \/><\/figure>\n<\/a>\n\n<div class=\"wp-block-group postinfo alignfull is-layout-flow wp-block-group-is-layout-flow\">\n\t<div class=\"wp-block-mentalhelse-post-category\">\n\t\t\t\t\t<div class=\"post-type\">\n\t\t\t\t\t\t<a href=\"https:\/\/mentalhelse.no\/oslo\/aktuelt\/\">Nyheter<\/a>\n\t\t\t\t\t<\/div>\n\t\t\t\t\t\n\t\t\t\t\t<div class=\"post-category\">\n\t\t\t\t\t\t\n\t\t\t\t\t<\/div>\n\t\t\t<\/div>\n\t<a class=\"t2-post-link wp-block-t2-post-link\" href=\"https:\/\/mentalhelse.no\/oslo\/aktuelt\/badepraten\/\">\n\t<h2 class=\"t2-post-title wp-block-t2-post-title\">Badepraten<\/h2>\n\t<\/a>\n<\/div>\n\n<\/div>\n\n<div class=\"t2-featured-query-post t2-featured-content is-post-type-news wp-block-t2-featured-query-post t2-featured-content-layout-col-4\"><a class=\"t2-post-link wp-block-t2-post-link\" href=\"https:\/\/mentalhelse.no\/oslo\/aktuelt\/busstur-til-sverige-torsdag-20-november\/\">\n\t<figure style=\"--t2-focal-point: 50% 50%;\" class=\"t2-post-featured-image has-image-ratio-16-9 wp-block-t2-post-featured-image\"><img loading=\"lazy\" decoding=\"async\" width=\"590\" height=\"231\" src=\"https:\/\/mentalhelse.no\/content\/uploads\/sites\/190\/2025\/11\/Skjermbilde-2023-06-05-131733.png\" class=\"attachment-post-thumbnail size-post-thumbnail wp-post-image\" alt=\"\" srcset=\"https:\/\/mentalhelse.no\/content\/uploads\/sites\/190\/2025\/11\/Skjermbilde-2023-06-05-131733.png 590w, https:\/\/mentalhelse.no\/content\/uploads\/sites\/190\/2025\/11\/Skjermbilde-2023-06-05-131733-300x117.png 300w\" sizes=\"auto, (max-width: 590px) 100vw, 590px\" style=\"--focal-point: 50% 50%;\" \/><\/figure>\n<\/a>\n\n<div class=\"wp-block-group postinfo alignfull is-layout-flow wp-block-group-is-layout-flow\">\n\t<div class=\"wp-block-mentalhelse-post-category\">\n\t\t\t\t\t<div class=\"post-type\">\n\t\t\t\t\t\t<a href=\"https:\/\/mentalhelse.no\/oslo\/aktuelt\/\">Nyheter<\/a>\n\t\t\t\t\t<\/div>\n\t\t\t\t\t\n\t\t\t\t\t<div class=\"post-category\">\n\t\t\t\t\t\t\n\t\t\t\t\t<\/div>\n\t\t\t<\/div>\n\t<a class=\"t2-post-link wp-block-t2-post-link\" href=\"https:\/\/mentalhelse.no\/oslo\/aktuelt\/busstur-til-sverige-torsdag-20-november\/\">\n\t<h2 class=\"t2-post-title wp-block-t2-post-title\">Busstur til Sverige torsdag 20. november<\/h2>\n\t<\/a>\n<\/div>\n\n<\/div>\n<\/div>\n\n\t\t\t<\/div>\n\t\t<\/div>","protected":false},"excerpt":{"rendered":"<p>Akuttpsykiatripris til &laquo;Krisepakke&raquo; Martine, som er en av v\u00e5re brukerrepresentanter, sitter i Brukerr\u00e5det p\u00e5 Akuttpsykiatrisk avdeling p\u00e5 Ullev\u00e5l sykehus.&nbsp; Som representant fra Brukerr\u00e5det har hun&#8230;<\/p>\n","protected":false},"author":29,"featured_media":1170,"parent":0,"template":"","meta":{"t2_featured_media_focal_point":{"x":0.5,"y":0.5},"mh_hide_title":true},"news_category":[54,55],"class_list":["post-1169","news","type-news","status-publish","has-post-thumbnail","hentry","news_category-nyheter","news_category-psykisk-helse"],"yoast_head":"<!-- This site is optimized with the Yoast SEO Premium plugin v21.2 (Yoast SEO v21.2) - https:\/\/yoast.com\/wordpress\/plugins\/seo\/ -->\n<title>Brukerrepresentant Martine med i prisvinnende prosjekt - Mental Helse - Oslo<\/title>\n<meta name=\"description\" content=\"Brukerrepresentant Martine har v\u00e6rt med p\u00e5 prosjektet \u00abKrisepakke - Ullev\u00e5lmodellen for pasienter i krise\u00bb som vant akuttpsykiatriprisen 2023\" \/>\n<meta name=\"robots\" content=\"index, follow, max-snippet:-1, max-image-preview:large, max-video-preview:-1\" \/>\n<link rel=\"canonical\" href=\"https:\/\/mentalhelse.no\/oslo\/aktuelt\/brukerrepresentant-martine-med-i-prisvinnende-prosjekt\/\" \/>\n<meta property=\"og:locale\" content=\"nb_NO\" \/>\n<meta property=\"og:type\" content=\"article\" \/>\n<meta property=\"og:title\" content=\"Brukerrepresentant Martine med i prisvinnende prosjekt\" \/>\n<meta property=\"og:description\" content=\"Brukerrepresentant Martine har v\u00e6rt med p\u00e5 prosjektet \u00abKrisepakke - Ullev\u00e5lmodellen for pasienter i krise\u00bb som vant akuttpsykiatriprisen 2023\" \/>\n<meta property=\"og:url\" content=\"https:\/\/mentalhelse.no\/oslo\/aktuelt\/brukerrepresentant-martine-med-i-prisvinnende-prosjekt\/\" \/>\n<meta property=\"og:site_name\" content=\"Oslo\" \/>\n<meta property=\"article:modified_time\" content=\"2023-09-24T11:02:41+00:00\" \/>\n<meta property=\"og:image\" content=\"https:\/\/mentalhelse.no\/content\/uploads\/sites\/190\/2023\/09\/Prisutdeling1409_akutt.jpg\" \/>\n\t<meta property=\"og:image:width\" content=\"1400\" \/>\n\t<meta property=\"og:image:height\" content=\"1050\" \/>\n\t<meta property=\"og:image:type\" content=\"image\/jpeg\" \/>\n<meta name=\"twitter:card\" content=\"summary_large_image\" \/>\n<meta name=\"twitter:label1\" content=\"Ansl. lesetid\" \/>\n\t<meta name=\"twitter:data1\" content=\"1 minutt\" \/>\n<script type=\"application\/ld+json\" class=\"yoast-schema-graph\">{\"@context\":\"https:\/\/schema.org\",\"@graph\":[{\"@type\":\"WebPage\",\"@id\":\"https:\/\/mentalhelse.no\/oslo\/aktuelt\/brukerrepresentant-martine-med-i-prisvinnende-prosjekt\/\",\"url\":\"https:\/\/mentalhelse.no\/oslo\/aktuelt\/brukerrepresentant-martine-med-i-prisvinnende-prosjekt\/\",\"name\":\"Brukerrepresentant Martine med i prisvinnende prosjekt - Oslo\",\"isPartOf\":{\"@id\":\"https:\/\/mentalhelse.no\/oslo\/#website\"},\"datePublished\":\"2023-09-18T16:00:16+00:00\",\"dateModified\":\"2023-09-24T11:02:41+00:00\",\"description\":\"Brukerrepresentant Martine har v\u00e6rt med p\u00e5 prosjektet \u00abKrisepakke - Ullev\u00e5lmodellen for pasienter i krise\u00bb som vant akuttpsykiatriprisen 2023\",\"breadcrumb\":{\"@id\":\"https:\/\/mentalhelse.no\/oslo\/aktuelt\/brukerrepresentant-martine-med-i-prisvinnende-prosjekt\/#breadcrumb\"},\"inLanguage\":\"nb-NO\",\"potentialAction\":[{\"@type\":\"ReadAction\",\"target\":[\"https:\/\/mentalhelse.no\/oslo\/aktuelt\/brukerrepresentant-martine-med-i-prisvinnende-prosjekt\/\"]}]},{\"@type\":\"BreadcrumbList\",\"@id\":\"https:\/\/mentalhelse.no\/oslo\/aktuelt\/brukerrepresentant-martine-med-i-prisvinnende-prosjekt\/#breadcrumb\",\"itemListElement\":[{\"@type\":\"ListItem\",\"position\":1,\"name\":\"Hjem\",\"item\":\"https:\/\/mentalhelse.no\/oslo\/\"},{\"@type\":\"ListItem\",\"position\":2,\"name\":\"Nyheter\",\"item\":\"https:\/\/mentalhelse.no\/oslo\/aktuelt\/\"},{\"@type\":\"ListItem\",\"position\":3,\"name\":\"Brukerrepresentant Martine med i prisvinnende prosjekt\"}]},{\"@type\":\"WebSite\",\"@id\":\"https:\/\/mentalhelse.no\/oslo\/#website\",\"url\":\"https:\/\/mentalhelse.no\/oslo\/\",\"name\":\"Oslo\",\"description\":\"\",\"potentialAction\":[{\"@type\":\"SearchAction\",\"target\":{\"@type\":\"EntryPoint\",\"urlTemplate\":\"https:\/\/mentalhelse.no\/oslo\/?s={search_term_string}\"},\"query-input\":\"required name=search_term_string\"}],\"inLanguage\":\"nb-NO\"}]}<\/script>\n<!-- \/ Yoast SEO Premium plugin. -->","yoast_head_json":{"title":"Brukerrepresentant Martine med i prisvinnende prosjekt - Mental Helse - Oslo","description":"Brukerrepresentant Martine har v\u00e6rt med p\u00e5 prosjektet \u00abKrisepakke - Ullev\u00e5lmodellen for pasienter i krise\u00bb som vant akuttpsykiatriprisen 2023","robots":{"index":"index","follow":"follow","max-snippet":"max-snippet:-1","max-image-preview":"max-image-preview:large","max-video-preview":"max-video-preview:-1"},"canonical":"https:\/\/mentalhelse.no\/oslo\/aktuelt\/brukerrepresentant-martine-med-i-prisvinnende-prosjekt\/","og_locale":"nb_NO","og_type":"article","og_title":"Brukerrepresentant Martine med i prisvinnende prosjekt","og_description":"Brukerrepresentant Martine har v\u00e6rt med p\u00e5 prosjektet \u00abKrisepakke - Ullev\u00e5lmodellen for pasienter i krise\u00bb som vant akuttpsykiatriprisen 2023","og_url":"https:\/\/mentalhelse.no\/oslo\/aktuelt\/brukerrepresentant-martine-med-i-prisvinnende-prosjekt\/","og_site_name":"Oslo","article_modified_time":"2023-09-24T11:02:41+00:00","og_image":[{"width":1400,"height":1050,"url":"https:\/\/mentalhelse.no\/content\/uploads\/sites\/190\/2023\/09\/Prisutdeling1409_akutt.jpg","type":"image\/jpeg"}],"twitter_card":"summary_large_image","twitter_misc":{"Ansl. lesetid":"1 minutt"},"schema":{"@context":"https:\/\/schema.org","@graph":[{"@type":"WebPage","@id":"https:\/\/mentalhelse.no\/oslo\/aktuelt\/brukerrepresentant-martine-med-i-prisvinnende-prosjekt\/","url":"https:\/\/mentalhelse.no\/oslo\/aktuelt\/brukerrepresentant-martine-med-i-prisvinnende-prosjekt\/","name":"Brukerrepresentant Martine med i prisvinnende prosjekt - Oslo","isPartOf":{"@id":"https:\/\/mentalhelse.no\/oslo\/#website"},"datePublished":"2023-09-18T16:00:16+00:00","dateModified":"2023-09-24T11:02:41+00:00","description":"Brukerrepresentant Martine har v\u00e6rt med p\u00e5 prosjektet \u00abKrisepakke - Ullev\u00e5lmodellen for pasienter i krise\u00bb som vant akuttpsykiatriprisen 2023","breadcrumb":{"@id":"https:\/\/mentalhelse.no\/oslo\/aktuelt\/brukerrepresentant-martine-med-i-prisvinnende-prosjekt\/#breadcrumb"},"inLanguage":"nb-NO","potentialAction":[{"@type":"ReadAction","target":["https:\/\/mentalhelse.no\/oslo\/aktuelt\/brukerrepresentant-martine-med-i-prisvinnende-prosjekt\/"]}]},{"@type":"BreadcrumbList","@id":"https:\/\/mentalhelse.no\/oslo\/aktuelt\/brukerrepresentant-martine-med-i-prisvinnende-prosjekt\/#breadcrumb","itemListElement":[{"@type":"ListItem","position":1,"name":"Hjem","item":"https:\/\/mentalhelse.no\/oslo\/"},{"@type":"ListItem","position":2,"name":"Nyheter","item":"https:\/\/mentalhelse.no\/oslo\/aktuelt\/"},{"@type":"ListItem","position":3,"name":"Brukerrepresentant Martine med i prisvinnende prosjekt"}]},{"@type":"WebSite","@id":"https:\/\/mentalhelse.no\/oslo\/#website","url":"https:\/\/mentalhelse.no\/oslo\/","name":"Oslo","description":"","potentialAction":[{"@type":"SearchAction","target":{"@type":"EntryPoint","urlTemplate":"https:\/\/mentalhelse.no\/oslo\/?s={search_term_string}"},"query-input":"required name=search_term_string"}],"inLanguage":"nb-NO"}]}},"_links":{"self":[{"href":"https:\/\/mentalhelse.no\/oslo\/wp-json\/wp\/v2\/news\/1169","targetHints":{"allow":["GET"]}}],"collection":[{"href":"https:\/\/mentalhelse.no\/oslo\/wp-json\/wp\/v2\/news"}],"about":[{"href":"https:\/\/mentalhelse.no\/oslo\/wp-json\/wp\/v2\/types\/news"}],"author":[{"embeddable":true,"href":"https:\/\/mentalhelse.no\/oslo\/wp-json\/wp\/v2\/users\/29"}],"wp:featuredmedia":[{"embeddable":true,"href":"https:\/\/mentalhelse.no\/oslo\/wp-json\/wp\/v2\/media\/1170"}],"wp:attachment":[{"href":"https:\/\/mentalhelse.no\/oslo\/wp-json\/wp\/v2\/media?parent=1169"}],"wp:term":[{"taxonomy":"news_category","embeddable":true,"href":"https:\/\/mentalhelse.no\/oslo\/wp-json\/wp\/v2\/news_category?post=1169"}],"curies":[{"name":"wp","href":"https:\/\/api.w.org\/{rel}","templated":true}]}}