{"id":2386,"date":"2025-04-01T10:58:55","date_gmt":"2025-04-01T10:58:55","guid":{"rendered":"https:\/\/mentalhelse.no\/oslo\/?post_type=news&#038;p=2386"},"modified":"2025-04-01T11:01:44","modified_gmt":"2025-04-01T11:01:44","slug":"sondagssamling-med-isbading-og-bal","status":"publish","type":"news","link":"https:\/\/mentalhelse.no\/oslo\/aktuelt\/sondagssamling-med-isbading-og-bal\/","title":{"rendered":"S\u00f8ndagssamling med isbading og b\u00e5l"},"content":{"rendered":"<figure class=\"aligncenter wp-block-post-featured-image\"><img loading=\"lazy\" decoding=\"async\" width=\"1512\" height=\"2016\" src=\"https:\/\/mentalhelse.no\/content\/uploads\/sites\/190\/2025\/04\/457802080_1091465472536368_1314527473252073806_n.webp\" class=\"attachment-post-thumbnail size-post-thumbnail wp-post-image\" alt=\"\" style=\"object-fit:cover; --focal-point: 50% 0%;\" srcset=\"https:\/\/mentalhelse.no\/content\/uploads\/sites\/190\/2025\/04\/457802080_1091465472536368_1314527473252073806_n.webp 1512w, https:\/\/mentalhelse.no\/content\/uploads\/sites\/190\/2025\/04\/457802080_1091465472536368_1314527473252073806_n-225x300.webp 225w, https:\/\/mentalhelse.no\/content\/uploads\/sites\/190\/2025\/04\/457802080_1091465472536368_1314527473252073806_n-768x1024.webp 768w, https:\/\/mentalhelse.no\/content\/uploads\/sites\/190\/2025\/04\/457802080_1091465472536368_1314527473252073806_n-1152x1536.webp 1152w\" sizes=\"auto, (max-width: 1512px) 100vw, 1512px\" \/><\/figure>\n\n<h1 class=\"wp-block-post-title\">S\u00f8ndagssamling med isbading og b\u00e5l<\/h1>\n\n<div class=\"is-img-top mh-byline wp-block-mh-byline\">\n                  <div class=\"mh-byline__inner\">\n                  \t\n                  \t<div class=\"mh-byline__meta\">\n                  \t\t<div class=\"mh-byline__post\">\n                  \t\t\t<div class=\"entry-date\">01.04.2025<\/div>\n                  \t\t<\/div>\n                  \t\t<div class=\"mh-byline__author\">\n                  \t\t\t <span class=\"mh-byline__author-link\">Amanda<\/span>\n\t\t\t\t\t\t<\/div>\n\t\t\t\t\t<\/div>\n\t\t\t\t<\/div>\n\t\t<\/div>\n\n\n<p>I samarbeid med <a href=\"https:\/\/sobernorge.no\/\">Sober Norge<\/a>,\u00a0inviterer MHO til en rusfri og inkluderende aktivitet som er \u00e5pen og gratis for alle: s\u00f8ndagssamling med isbading og b\u00e5l!<\/p>\n\n\n\n<p>Hver s\u00f8ndag kl. 12:00 m\u00f8tes vi ved Sognsvann for et forfriskende bad og sosialt samv\u00e6r rundt b\u00e5let. P\u00e5 denne tiden er det ekstra forfriskende med isflak i vannet.<\/p>\n\n\n\n<p>Ta gjerne med badet\u00f8y, h\u00e5ndkle og varme kl\u00e6r. Vi oppfordrer deltakere til \u00e5 bidra med ved, kaffe eller noe \u00e5 grille.<\/p>\n\n\n\n<p><strong>Kontaktinformasjon:<\/strong><br>Telefon: 930 88 034<br>post@sobernorge.no \/ oslo@mentalhelse.no<\/p>\n\n\n\n<p><\/p>\n\n\n\n<p><strong>Hva: <\/strong>S\u00f8ndagssamling med isbading og b\u00e5l<\/p>\n\n\n\n<p><strong>N\u00e5r:<\/strong> Hver s\u00f8ndag kl. 12:00<\/p>\n\n\n\n<p><strong>Hvor: <\/strong>Badebryggen ved Sognsvann<\/p>\n\n\n\n<p><strong>Ta med:<\/strong> badet\u00f8y, h\u00e5ndkle og varme kl\u00e6r. Bidra gjerne med ved, kaffe eller noe \u00e5 grille hvis du har mulighet.<\/p>\n\n\n\n<p><br>Bli med oss p\u00e5 et friskt pust i hverdagen \u2013 vi gleder oss til \u00e5 se deg!<\/p>\n\n\n\n\t\t<div class=\"mh-related-posts alignfull alignfull wp-block-mentalhelse-related-posts gray-mode\">\n\t\t\t<div class=\"mh-related-posts__inner\">\n\t\t\t\t\n\n<h3 class=\"wp-block-heading\" id=\"h-also-read\">Also read<\/h3>\n\n\n<div class=\"t2-featured-content-layout alignwide alignwide wp-block-t2-featured-content-layout\">\n<div class=\"t2-featured-query-post t2-featured-content is-post-type-news wp-block-t2-featured-query-post t2-featured-content-layout-col-4\"><a class=\"t2-post-link wp-block-t2-post-link\" href=\"https:\/\/mentalhelse.no\/oslo\/aktuelt\/arsmote-2026-sakspapirer\/\">\n\t<figure style=\"--t2-focal-point: 50% 50%;\" class=\"t2-post-featured-image has-image-ratio-16-9 wp-block-t2-post-featured-image\"><img loading=\"lazy\" decoding=\"async\" width=\"2560\" height=\"1920\" src=\"https:\/\/mentalhelse.no\/content\/uploads\/sites\/190\/2025\/03\/IMG_7194-scaled.jpg\" class=\"attachment-post-thumbnail size-post-thumbnail wp-post-image\" alt=\"\" srcset=\"https:\/\/mentalhelse.no\/content\/uploads\/sites\/190\/2025\/03\/IMG_7194-scaled.jpg 2560w, https:\/\/mentalhelse.no\/content\/uploads\/sites\/190\/2025\/03\/IMG_7194-300x225.jpg 300w, https:\/\/mentalhelse.no\/content\/uploads\/sites\/190\/2025\/03\/IMG_7194-1024x768.jpg 1024w, https:\/\/mentalhelse.no\/content\/uploads\/sites\/190\/2025\/03\/IMG_7194-768x576.jpg 768w, https:\/\/mentalhelse.no\/content\/uploads\/sites\/190\/2025\/03\/IMG_7194-1536x1152.jpg 1536w, https:\/\/mentalhelse.no\/content\/uploads\/sites\/190\/2025\/03\/IMG_7194-2048x1536.jpg 2048w\" sizes=\"auto, (max-width: 2560px) 100vw, 2560px\" style=\"--focal-point: 40% 15%;\" \/><\/figure>\n<\/a>\n\n<div class=\"wp-block-group postinfo alignfull is-layout-flow wp-block-group-is-layout-flow\">\n\t<div class=\"wp-block-mentalhelse-post-category\">\n\t\t\t\t\t<div class=\"post-type\">\n\t\t\t\t\t\t<a href=\"https:\/\/mentalhelse.no\/oslo\/aktuelt\/\">Nyheter<\/a>\n\t\t\t\t\t<\/div>\n\t\t\t\t\t\n\t\t\t\t\t<div class=\"post-category\">\n\t\t\t\t\t\t\n\t\t\t\t\t<\/div>\n\t\t\t<\/div>\n\t<a class=\"t2-post-link wp-block-t2-post-link\" href=\"https:\/\/mentalhelse.no\/oslo\/aktuelt\/arsmote-2026-sakspapirer\/\">\n\t<h2 class=\"t2-post-title wp-block-t2-post-title\">\u00c5rsm\u00f8te 2026 &#8211; Sakspapirer (oppdatert med protokoll, \u00e5rsregsnkap og revisjonsberetning)<\/h2>\n\t<\/a>\n<\/div>\n\n<\/div>\n\n<div class=\"t2-featured-query-post t2-featured-content is-post-type-news wp-block-t2-featured-query-post t2-featured-content-layout-col-4\"><a class=\"t2-post-link wp-block-t2-post-link\" href=\"https:\/\/mentalhelse.no\/oslo\/aktuelt\/badepraten\/\">\n\t<figure style=\"--t2-focal-point: 50% 50%;\" class=\"t2-post-featured-image has-image-ratio-16-9 wp-block-t2-post-featured-image\"><img loading=\"lazy\" decoding=\"async\" width=\"2004\" height=\"803\" src=\"https:\/\/mentalhelse.no\/content\/uploads\/sites\/190\/2025\/04\/IMG_7255.jpeg\" class=\"attachment-post-thumbnail size-post-thumbnail wp-post-image\" alt=\"\" srcset=\"https:\/\/mentalhelse.no\/content\/uploads\/sites\/190\/2025\/04\/IMG_7255.jpeg 2004w, https:\/\/mentalhelse.no\/content\/uploads\/sites\/190\/2025\/04\/IMG_7255-300x120.jpeg 300w, https:\/\/mentalhelse.no\/content\/uploads\/sites\/190\/2025\/04\/IMG_7255-1024x410.jpeg 1024w, https:\/\/mentalhelse.no\/content\/uploads\/sites\/190\/2025\/04\/IMG_7255-768x308.jpeg 768w, https:\/\/mentalhelse.no\/content\/uploads\/sites\/190\/2025\/04\/IMG_7255-1536x615.jpeg 1536w\" sizes=\"auto, (max-width: 2004px) 100vw, 2004px\" style=\"--focal-point: 50% 50%;\" \/><\/figure>\n<\/a>\n\n<div class=\"wp-block-group postinfo alignfull is-layout-flow wp-block-group-is-layout-flow\">\n\t<div class=\"wp-block-mentalhelse-post-category\">\n\t\t\t\t\t<div class=\"post-type\">\n\t\t\t\t\t\t<a href=\"https:\/\/mentalhelse.no\/oslo\/aktuelt\/\">Nyheter<\/a>\n\t\t\t\t\t<\/div>\n\t\t\t\t\t\n\t\t\t\t\t<div class=\"post-category\">\n\t\t\t\t\t\t\n\t\t\t\t\t<\/div>\n\t\t\t<\/div>\n\t<a class=\"t2-post-link wp-block-t2-post-link\" href=\"https:\/\/mentalhelse.no\/oslo\/aktuelt\/badepraten\/\">\n\t<h2 class=\"t2-post-title wp-block-t2-post-title\">Badepraten<\/h2>\n\t<\/a>\n<\/div>\n\n<\/div>\n\n<div class=\"t2-featured-query-post t2-featured-content is-post-type-news wp-block-t2-featured-query-post t2-featured-content-layout-col-4\"><a class=\"t2-post-link wp-block-t2-post-link\" href=\"https:\/\/mentalhelse.no\/oslo\/aktuelt\/busstur-til-sverige-torsdag-20-november\/\">\n\t<figure style=\"--t2-focal-point: 50% 50%;\" class=\"t2-post-featured-image has-image-ratio-16-9 wp-block-t2-post-featured-image\"><img loading=\"lazy\" decoding=\"async\" width=\"590\" height=\"231\" src=\"https:\/\/mentalhelse.no\/content\/uploads\/sites\/190\/2025\/11\/Skjermbilde-2023-06-05-131733.png\" class=\"attachment-post-thumbnail size-post-thumbnail wp-post-image\" alt=\"\" srcset=\"https:\/\/mentalhelse.no\/content\/uploads\/sites\/190\/2025\/11\/Skjermbilde-2023-06-05-131733.png 590w, https:\/\/mentalhelse.no\/content\/uploads\/sites\/190\/2025\/11\/Skjermbilde-2023-06-05-131733-300x117.png 300w\" sizes=\"auto, (max-width: 590px) 100vw, 590px\" style=\"--focal-point: 50% 50%;\" \/><\/figure>\n<\/a>\n\n<div class=\"wp-block-group postinfo alignfull is-layout-flow wp-block-group-is-layout-flow\">\n\t<div class=\"wp-block-mentalhelse-post-category\">\n\t\t\t\t\t<div class=\"post-type\">\n\t\t\t\t\t\t<a href=\"https:\/\/mentalhelse.no\/oslo\/aktuelt\/\">Nyheter<\/a>\n\t\t\t\t\t<\/div>\n\t\t\t\t\t\n\t\t\t\t\t<div class=\"post-category\">\n\t\t\t\t\t\t\n\t\t\t\t\t<\/div>\n\t\t\t<\/div>\n\t<a class=\"t2-post-link wp-block-t2-post-link\" href=\"https:\/\/mentalhelse.no\/oslo\/aktuelt\/busstur-til-sverige-torsdag-20-november\/\">\n\t<h2 class=\"t2-post-title wp-block-t2-post-title\">Busstur til Sverige torsdag 20. november<\/h2>\n\t<\/a>\n<\/div>\n\n<\/div>\n<\/div>\n\n\t\t\t<\/div>\n\t\t<\/div>","protected":false},"excerpt":{"rendered":"<p>I samarbeid med Sober Norge, inviterer MHO til en rusfri og inkluderende aktivitet som er \u00e5pen og gratis for alle: s\u00f8ndagssamling med isbading og b\u00e5l!<\/p>\n","protected":false},"author":29,"featured_media":2385,"parent":0,"template":"","meta":{"t2_featured_media_focal_point":{"x":0.5,"y":0.5},"mh_hide_title":true},"news_category":[],"class_list":["post-2386","news","type-news","status-publish","has-post-thumbnail","hentry"],"yoast_head":"<!-- This site is optimized with the Yoast SEO Premium plugin v21.2 (Yoast SEO v21.2) - https:\/\/yoast.com\/wordpress\/plugins\/seo\/ -->\n<title>S\u00f8ndagssamling med isbading og b\u00e5l - Mental Helse - Oslo<\/title>\n<meta name=\"description\" content=\"I samarbeid med Sober Norge, inviterer vi til s\u00f8ndagssamling med isbading og b\u00e5l. Arrangementet er gratis og \u00e5pent for alle.\" \/>\n<meta name=\"robots\" content=\"index, follow, max-snippet:-1, max-image-preview:large, max-video-preview:-1\" \/>\n<link rel=\"canonical\" href=\"https:\/\/mentalhelse.no\/oslo\/aktuelt\/sondagssamling-med-isbading-og-bal\/\" \/>\n<meta property=\"og:locale\" content=\"nb_NO\" \/>\n<meta property=\"og:type\" content=\"article\" \/>\n<meta property=\"og:title\" content=\"S\u00f8ndagssamling med isbading og b\u00e5l\" \/>\n<meta property=\"og:description\" content=\"I samarbeid med Sober Norge, inviterer vi til s\u00f8ndagssamling med isbading og b\u00e5l. Arrangementet er gratis og \u00e5pent for alle.\" \/>\n<meta property=\"og:url\" content=\"https:\/\/mentalhelse.no\/oslo\/aktuelt\/sondagssamling-med-isbading-og-bal\/\" \/>\n<meta property=\"og:site_name\" content=\"Oslo\" \/>\n<meta property=\"article:modified_time\" content=\"2025-04-01T11:01:44+00:00\" \/>\n<meta property=\"og:image\" content=\"https:\/\/mentalhelse.no\/content\/uploads\/sites\/190\/2025\/04\/457802080_1091465472536368_1314527473252073806_n.webp\" \/>\n\t<meta property=\"og:image:width\" content=\"1512\" \/>\n\t<meta property=\"og:image:height\" content=\"2016\" \/>\n\t<meta property=\"og:image:type\" content=\"image\/webp\" \/>\n<meta name=\"twitter:card\" content=\"summary_large_image\" \/>\n<meta name=\"twitter:label1\" content=\"Ansl. lesetid\" \/>\n\t<meta name=\"twitter:data1\" content=\"1 minutt\" \/>\n<script type=\"application\/ld+json\" class=\"yoast-schema-graph\">{\"@context\":\"https:\/\/schema.org\",\"@graph\":[{\"@type\":\"WebPage\",\"@id\":\"https:\/\/mentalhelse.no\/oslo\/aktuelt\/sondagssamling-med-isbading-og-bal\/\",\"url\":\"https:\/\/mentalhelse.no\/oslo\/aktuelt\/sondagssamling-med-isbading-og-bal\/\",\"name\":\"S\u00f8ndagssamling med isbading og b\u00e5l - Oslo\",\"isPartOf\":{\"@id\":\"https:\/\/mentalhelse.no\/oslo\/#website\"},\"datePublished\":\"2025-04-01T10:58:55+00:00\",\"dateModified\":\"2025-04-01T11:01:44+00:00\",\"description\":\"I samarbeid med Sober Norge, inviterer vi til s\u00f8ndagssamling med isbading og b\u00e5l. Arrangementet er gratis og \u00e5pent for alle.\",\"breadcrumb\":{\"@id\":\"https:\/\/mentalhelse.no\/oslo\/aktuelt\/sondagssamling-med-isbading-og-bal\/#breadcrumb\"},\"inLanguage\":\"nb-NO\",\"potentialAction\":[{\"@type\":\"ReadAction\",\"target\":[\"https:\/\/mentalhelse.no\/oslo\/aktuelt\/sondagssamling-med-isbading-og-bal\/\"]}]},{\"@type\":\"BreadcrumbList\",\"@id\":\"https:\/\/mentalhelse.no\/oslo\/aktuelt\/sondagssamling-med-isbading-og-bal\/#breadcrumb\",\"itemListElement\":[{\"@type\":\"ListItem\",\"position\":1,\"name\":\"Hjem\",\"item\":\"https:\/\/mentalhelse.no\/oslo\/\"},{\"@type\":\"ListItem\",\"position\":2,\"name\":\"Nyheter\",\"item\":\"https:\/\/mentalhelse.no\/oslo\/aktuelt\/\"},{\"@type\":\"ListItem\",\"position\":3,\"name\":\"S\u00f8ndagssamling med isbading og b\u00e5l\"}]},{\"@type\":\"WebSite\",\"@id\":\"https:\/\/mentalhelse.no\/oslo\/#website\",\"url\":\"https:\/\/mentalhelse.no\/oslo\/\",\"name\":\"Oslo\",\"description\":\"\",\"potentialAction\":[{\"@type\":\"SearchAction\",\"target\":{\"@type\":\"EntryPoint\",\"urlTemplate\":\"https:\/\/mentalhelse.no\/oslo\/?s={search_term_string}\"},\"query-input\":\"required name=search_term_string\"}],\"inLanguage\":\"nb-NO\"}]}<\/script>\n<!-- \/ Yoast SEO Premium plugin. -->","yoast_head_json":{"title":"S\u00f8ndagssamling med isbading og b\u00e5l - Mental Helse - Oslo","description":"I samarbeid med Sober Norge, inviterer vi til s\u00f8ndagssamling med isbading og b\u00e5l. Arrangementet er gratis og \u00e5pent for alle.","robots":{"index":"index","follow":"follow","max-snippet":"max-snippet:-1","max-image-preview":"max-image-preview:large","max-video-preview":"max-video-preview:-1"},"canonical":"https:\/\/mentalhelse.no\/oslo\/aktuelt\/sondagssamling-med-isbading-og-bal\/","og_locale":"nb_NO","og_type":"article","og_title":"S\u00f8ndagssamling med isbading og b\u00e5l","og_description":"I samarbeid med Sober Norge, inviterer vi til s\u00f8ndagssamling med isbading og b\u00e5l. Arrangementet er gratis og \u00e5pent for alle.","og_url":"https:\/\/mentalhelse.no\/oslo\/aktuelt\/sondagssamling-med-isbading-og-bal\/","og_site_name":"Oslo","article_modified_time":"2025-04-01T11:01:44+00:00","og_image":[{"width":1512,"height":2016,"url":"https:\/\/mentalhelse.no\/content\/uploads\/sites\/190\/2025\/04\/457802080_1091465472536368_1314527473252073806_n.webp","type":"image\/webp"}],"twitter_card":"summary_large_image","twitter_misc":{"Ansl. lesetid":"1 minutt"},"schema":{"@context":"https:\/\/schema.org","@graph":[{"@type":"WebPage","@id":"https:\/\/mentalhelse.no\/oslo\/aktuelt\/sondagssamling-med-isbading-og-bal\/","url":"https:\/\/mentalhelse.no\/oslo\/aktuelt\/sondagssamling-med-isbading-og-bal\/","name":"S\u00f8ndagssamling med isbading og b\u00e5l - Oslo","isPartOf":{"@id":"https:\/\/mentalhelse.no\/oslo\/#website"},"datePublished":"2025-04-01T10:58:55+00:00","dateModified":"2025-04-01T11:01:44+00:00","description":"I samarbeid med Sober Norge, inviterer vi til s\u00f8ndagssamling med isbading og b\u00e5l. Arrangementet er gratis og \u00e5pent for alle.","breadcrumb":{"@id":"https:\/\/mentalhelse.no\/oslo\/aktuelt\/sondagssamling-med-isbading-og-bal\/#breadcrumb"},"inLanguage":"nb-NO","potentialAction":[{"@type":"ReadAction","target":["https:\/\/mentalhelse.no\/oslo\/aktuelt\/sondagssamling-med-isbading-og-bal\/"]}]},{"@type":"BreadcrumbList","@id":"https:\/\/mentalhelse.no\/oslo\/aktuelt\/sondagssamling-med-isbading-og-bal\/#breadcrumb","itemListElement":[{"@type":"ListItem","position":1,"name":"Hjem","item":"https:\/\/mentalhelse.no\/oslo\/"},{"@type":"ListItem","position":2,"name":"Nyheter","item":"https:\/\/mentalhelse.no\/oslo\/aktuelt\/"},{"@type":"ListItem","position":3,"name":"S\u00f8ndagssamling med isbading og b\u00e5l"}]},{"@type":"WebSite","@id":"https:\/\/mentalhelse.no\/oslo\/#website","url":"https:\/\/mentalhelse.no\/oslo\/","name":"Oslo","description":"","potentialAction":[{"@type":"SearchAction","target":{"@type":"EntryPoint","urlTemplate":"https:\/\/mentalhelse.no\/oslo\/?s={search_term_string}"},"query-input":"required name=search_term_string"}],"inLanguage":"nb-NO"}]}},"_links":{"self":[{"href":"https:\/\/mentalhelse.no\/oslo\/wp-json\/wp\/v2\/news\/2386","targetHints":{"allow":["GET"]}}],"collection":[{"href":"https:\/\/mentalhelse.no\/oslo\/wp-json\/wp\/v2\/news"}],"about":[{"href":"https:\/\/mentalhelse.no\/oslo\/wp-json\/wp\/v2\/types\/news"}],"author":[{"embeddable":true,"href":"https:\/\/mentalhelse.no\/oslo\/wp-json\/wp\/v2\/users\/29"}],"wp:featuredmedia":[{"embeddable":true,"href":"https:\/\/mentalhelse.no\/oslo\/wp-json\/wp\/v2\/media\/2385"}],"wp:attachment":[{"href":"https:\/\/mentalhelse.no\/oslo\/wp-json\/wp\/v2\/media?parent=2386"}],"wp:term":[{"taxonomy":"news_category","embeddable":true,"href":"https:\/\/mentalhelse.no\/oslo\/wp-json\/wp\/v2\/news_category?post=2386"}],"curies":[{"name":"wp","href":"https:\/\/api.w.org\/{rel}","templated":true}]}}