{"id":2404,"date":"2025-04-25T11:11:04","date_gmt":"2025-04-25T11:11:04","guid":{"rendered":"https:\/\/mentalhelse.no\/oslo\/?post_type=news&#038;p=2404"},"modified":"2025-04-25T11:11:38","modified_gmt":"2025-04-25T11:11:38","slug":"bli-med-til-stromstad-og-nordbysenteret-tirsdag-20-mai","status":"publish","type":"news","link":"https:\/\/mentalhelse.no\/oslo\/aktuelt\/bli-med-til-stromstad-og-nordbysenteret-tirsdag-20-mai\/","title":{"rendered":"Bli med til Str\u00f8mstad og Nordbysenteret tirsdag 20. mai (krever p\u00e5melding)"},"content":{"rendered":"<figure class=\"alignwide wp-block-post-featured-image\"><img loading=\"lazy\" decoding=\"async\" width=\"680\" height=\"382\" src=\"https:\/\/mentalhelse.no\/content\/uploads\/sites\/190\/2025\/04\/2022-02-28.jpg\" class=\"attachment-post-thumbnail size-post-thumbnail wp-post-image\" alt=\"\" style=\"object-fit:cover; --focal-point: 50% 50%;\" srcset=\"https:\/\/mentalhelse.no\/content\/uploads\/sites\/190\/2025\/04\/2022-02-28.jpg 680w, https:\/\/mentalhelse.no\/content\/uploads\/sites\/190\/2025\/04\/2022-02-28-300x169.jpg 300w\" sizes=\"auto, (max-width: 680px) 100vw, 680px\" \/><\/figure>\n\n<h1 class=\"wp-block-post-title\">Bli med til Str\u00f8mstad og Nordbysenteret tirsdag 20. mai (krever p\u00e5melding)<\/h1>\n\n<div class=\"is-img-top mh-byline wp-block-mh-byline\">\n                  <div class=\"mh-byline__inner\">\n                  \t\n                  \t<div class=\"mh-byline__meta\">\n                  \t\t<div class=\"mh-byline__post\">\n                  \t\t\t<div class=\"entry-date\">25.04.2025<\/div>\n                  \t\t<\/div>\n                  \t\t<div class=\"mh-byline__author\">\n                  \t\t\t <span class=\"mh-byline__author-link\">Amanda<\/span>\n\t\t\t\t\t\t<\/div>\n\t\t\t\t\t<\/div>\n\t\t\t\t<\/div>\n\t\t<\/div>\n\n\n<p>Vi holder av plass til deg p\u00e5 bussen hvis du er rask med \u00e5 melde deg p\u00e5.<\/p>\n\n\n\n<p>Bussen g\u00e5r fra Operagaten, ved Operabygget kl. 09.30.<br>Retur fra Nordbysenteret til Operagaten kl. 15.00.<\/p>\n\n\n\n<p>For p\u00e5melding, send e-post til oslo@mentalhelse.no eller sms til tlf 93045553.<\/p>\n\n\n\n<p><strong>Meld deg p\u00e5 snarest innen torsdag 15.mai.<\/strong><\/p>\n\n\n\n<p>Pris for medlemmer: kr 100<br>Pris for ikke-medlemmer: kr 200<br>Vipps til 705761 eller overf\u00f8r til konto 7877 08 33549 innen 15. mai.<br>Merkes: \u00absvebuss 1 25\u00bb og ditt fornavn.<br>Har du ikke vipps kan du kanskje finne en venn som har og kan ordne betaling for deg.<\/p>\n\n\n\n<p>Ikke medlem?&nbsp;<a href=\"https:\/\/blimedlem.mentalhelse.no\/\">For medlemskap i Mental Helse meld deg inn ved \u00e5 klikke her og fyll ut skjema.<\/a>&nbsp;Medlemskap koster kr 200, gjelder for ett \u00e5r fra innmeldingsdato.<\/p>\n\n\n\n<p>Liv, tlf. 930 36 002 og Anne Lise, tlf 484 42 102, er reiseledere p\u00e5 turen.<\/p>\n\n\n\n\t\t<div class=\"mh-related-posts alignfull alignfull wp-block-mentalhelse-related-posts gray-mode\">\n\t\t\t<div class=\"mh-related-posts__inner\">\n\t\t\t\t\n\n<h3 class=\"wp-block-heading\" id=\"h-also-read\">Also read<\/h3>\n\n\n<div class=\"t2-featured-content-layout alignwide alignwide wp-block-t2-featured-content-layout\">\n<div class=\"t2-featured-query-post t2-featured-content is-post-type-news news_category-arrangement wp-block-t2-featured-query-post t2-featured-content-layout-col-4\"><a class=\"t2-post-link wp-block-t2-post-link\" href=\"https:\/\/mentalhelse.no\/oslo\/aktuelt\/velkommen-til-17-mai-for-alle-i-st-hanshaugen-park\/\">\n\t<figure style=\"--t2-focal-point: 50% 50%;\" class=\"t2-post-featured-image has-image-ratio-16-9 wp-block-t2-post-featured-image\"><img loading=\"lazy\" decoding=\"async\" width=\"1536\" height=\"1024\" src=\"https:\/\/mentalhelse.no\/content\/uploads\/sites\/190\/2026\/05\/17.maiforalle-1.jpg\" class=\"attachment-post-thumbnail size-post-thumbnail wp-post-image\" alt=\"\" srcset=\"https:\/\/mentalhelse.no\/content\/uploads\/sites\/190\/2026\/05\/17.maiforalle-1.jpg 1536w, https:\/\/mentalhelse.no\/content\/uploads\/sites\/190\/2026\/05\/17.maiforalle-1-300x200.jpg 300w, https:\/\/mentalhelse.no\/content\/uploads\/sites\/190\/2026\/05\/17.maiforalle-1-1024x683.jpg 1024w, https:\/\/mentalhelse.no\/content\/uploads\/sites\/190\/2026\/05\/17.maiforalle-1-768x512.jpg 768w\" sizes=\"auto, (max-width: 1536px) 100vw, 1536px\" style=\"--focal-point: 50% 50%;\" \/><\/figure>\n<\/a>\n\n<div class=\"wp-block-group postinfo alignfull is-layout-flow wp-block-group-is-layout-flow\">\n\t<div class=\"wp-block-mentalhelse-post-category\">\n\t\t\t\t\t<div class=\"post-type\">\n\t\t\t\t\t\t<a href=\"https:\/\/mentalhelse.no\/oslo\/aktuelt\/\">Nyheter<\/a>\n\t\t\t\t\t<\/div>\n\t\t\t\t\t<div class=\"separator\"><\/div>\n\t\t\t\t\t<div class=\"post-category\">\n\t\t\t\t\t\t<a href=\"https:\/\/mentalhelse.no\/oslo\/aktuelt-kategori\/arrangement\/\">Arrangement<\/a>\n\t\t\t\t\t<\/div>\n\t\t\t<\/div>\n\t<a class=\"t2-post-link wp-block-t2-post-link\" href=\"https:\/\/mentalhelse.no\/oslo\/aktuelt\/velkommen-til-17-mai-for-alle-i-st-hanshaugen-park\/\">\n\t<h2 class=\"t2-post-title wp-block-t2-post-title\">Velkommen til 17. mai for alle i St. Hanshaugen park<\/h2>\n\t<\/a>\n<\/div>\n\n<\/div>\n\n<div class=\"t2-featured-query-post t2-featured-content is-post-type-news wp-block-t2-featured-query-post t2-featured-content-layout-col-4\"><a class=\"t2-post-link wp-block-t2-post-link\" href=\"https:\/\/mentalhelse.no\/oslo\/aktuelt\/arsmote-2026-sakspapirer\/\">\n\t<figure style=\"--t2-focal-point: 50% 50%;\" class=\"t2-post-featured-image has-image-ratio-16-9 wp-block-t2-post-featured-image\"><img loading=\"lazy\" decoding=\"async\" width=\"2560\" height=\"1920\" src=\"https:\/\/mentalhelse.no\/content\/uploads\/sites\/190\/2025\/03\/IMG_7194-scaled.jpg\" class=\"attachment-post-thumbnail size-post-thumbnail wp-post-image\" alt=\"\" srcset=\"https:\/\/mentalhelse.no\/content\/uploads\/sites\/190\/2025\/03\/IMG_7194-scaled.jpg 2560w, https:\/\/mentalhelse.no\/content\/uploads\/sites\/190\/2025\/03\/IMG_7194-300x225.jpg 300w, https:\/\/mentalhelse.no\/content\/uploads\/sites\/190\/2025\/03\/IMG_7194-1024x768.jpg 1024w, https:\/\/mentalhelse.no\/content\/uploads\/sites\/190\/2025\/03\/IMG_7194-768x576.jpg 768w, https:\/\/mentalhelse.no\/content\/uploads\/sites\/190\/2025\/03\/IMG_7194-1536x1152.jpg 1536w, https:\/\/mentalhelse.no\/content\/uploads\/sites\/190\/2025\/03\/IMG_7194-2048x1536.jpg 2048w\" sizes=\"auto, (max-width: 2560px) 100vw, 2560px\" style=\"--focal-point: 40% 15%;\" \/><\/figure>\n<\/a>\n\n<div class=\"wp-block-group postinfo alignfull is-layout-flow wp-block-group-is-layout-flow\">\n\t<div class=\"wp-block-mentalhelse-post-category\">\n\t\t\t\t\t<div class=\"post-type\">\n\t\t\t\t\t\t<a href=\"https:\/\/mentalhelse.no\/oslo\/aktuelt\/\">Nyheter<\/a>\n\t\t\t\t\t<\/div>\n\t\t\t\t\t\n\t\t\t\t\t<div class=\"post-category\">\n\t\t\t\t\t\t\n\t\t\t\t\t<\/div>\n\t\t\t<\/div>\n\t<a class=\"t2-post-link wp-block-t2-post-link\" href=\"https:\/\/mentalhelse.no\/oslo\/aktuelt\/arsmote-2026-sakspapirer\/\">\n\t<h2 class=\"t2-post-title wp-block-t2-post-title\">\u00c5rsm\u00f8te 2026 &#8211; Sakspapirer (oppdatert med protokoll, \u00e5rsregsnkap og revisjonsberetning)<\/h2>\n\t<\/a>\n<\/div>\n\n<\/div>\n\n<div class=\"t2-featured-query-post t2-featured-content is-post-type-news wp-block-t2-featured-query-post t2-featured-content-layout-col-4\"><a class=\"t2-post-link wp-block-t2-post-link\" href=\"https:\/\/mentalhelse.no\/oslo\/aktuelt\/badepraten\/\">\n\t<figure style=\"--t2-focal-point: 50% 50%;\" class=\"t2-post-featured-image has-image-ratio-16-9 wp-block-t2-post-featured-image\"><img loading=\"lazy\" decoding=\"async\" width=\"2004\" height=\"803\" src=\"https:\/\/mentalhelse.no\/content\/uploads\/sites\/190\/2025\/04\/IMG_7255.jpeg\" class=\"attachment-post-thumbnail size-post-thumbnail wp-post-image\" alt=\"\" srcset=\"https:\/\/mentalhelse.no\/content\/uploads\/sites\/190\/2025\/04\/IMG_7255.jpeg 2004w, https:\/\/mentalhelse.no\/content\/uploads\/sites\/190\/2025\/04\/IMG_7255-300x120.jpeg 300w, https:\/\/mentalhelse.no\/content\/uploads\/sites\/190\/2025\/04\/IMG_7255-1024x410.jpeg 1024w, https:\/\/mentalhelse.no\/content\/uploads\/sites\/190\/2025\/04\/IMG_7255-768x308.jpeg 768w, https:\/\/mentalhelse.no\/content\/uploads\/sites\/190\/2025\/04\/IMG_7255-1536x615.jpeg 1536w\" sizes=\"auto, (max-width: 2004px) 100vw, 2004px\" style=\"--focal-point: 50% 50%;\" \/><\/figure>\n<\/a>\n\n<div class=\"wp-block-group postinfo alignfull is-layout-flow wp-block-group-is-layout-flow\">\n\t<div class=\"wp-block-mentalhelse-post-category\">\n\t\t\t\t\t<div class=\"post-type\">\n\t\t\t\t\t\t<a href=\"https:\/\/mentalhelse.no\/oslo\/aktuelt\/\">Nyheter<\/a>\n\t\t\t\t\t<\/div>\n\t\t\t\t\t\n\t\t\t\t\t<div class=\"post-category\">\n\t\t\t\t\t\t\n\t\t\t\t\t<\/div>\n\t\t\t<\/div>\n\t<a class=\"t2-post-link wp-block-t2-post-link\" href=\"https:\/\/mentalhelse.no\/oslo\/aktuelt\/badepraten\/\">\n\t<h2 class=\"t2-post-title wp-block-t2-post-title\">Badepraten<\/h2>\n\t<\/a>\n<\/div>\n\n<\/div>\n<\/div>\n\n\t\t\t<\/div>\n\t\t<\/div>","protected":false},"excerpt":{"rendered":"<p>Bli med p\u00e5 busstur til Str\u00f8mstad og Nordbysenteret. Krever p\u00e5melding. Egenandel kr 100 for medlemmer. P\u00e5melding snarest innen tor 15. mai.<\/p>\n","protected":false},"author":29,"featured_media":2402,"parent":0,"template":"","meta":{"t2_featured_media_focal_point":{"x":0.5,"y":0.5},"mh_hide_title":true},"news_category":[],"class_list":["post-2404","news","type-news","status-publish","has-post-thumbnail","hentry"],"yoast_head":"<!-- This site is optimized with the Yoast SEO Premium plugin v21.2 (Yoast SEO v21.2) - https:\/\/yoast.com\/wordpress\/plugins\/seo\/ -->\n<title>Bli med til Str\u00f8mstad og Nordbysenteret tirsdag 20. mai (krever p\u00e5melding) - Mental Helse - Oslo<\/title>\n<meta name=\"description\" content=\"Bli med p\u00e5 busstur til Str\u00f8mstad og Nordbysenteret. Krever p\u00e5melding. Egenandel kr 100 for medlemmer. P\u00e5melding snarest innen tor 15. mai.\" \/>\n<meta name=\"robots\" content=\"index, follow, max-snippet:-1, max-image-preview:large, max-video-preview:-1\" \/>\n<link rel=\"canonical\" href=\"https:\/\/mentalhelse.no\/oslo\/aktuelt\/bli-med-til-stromstad-og-nordbysenteret-tirsdag-20-mai\/\" \/>\n<meta property=\"og:locale\" content=\"nb_NO\" \/>\n<meta property=\"og:type\" content=\"article\" \/>\n<meta property=\"og:title\" content=\"Bli med til Str\u00f8mstad og Nordbysenteret tirsdag 20. mai (krever p\u00e5melding)\" \/>\n<meta property=\"og:description\" content=\"Bli med p\u00e5 busstur til Str\u00f8mstad og Nordbysenteret. Krever p\u00e5melding. Egenandel kr 100 for medlemmer. P\u00e5melding snarest innen tor 15. mai.\" \/>\n<meta property=\"og:url\" content=\"https:\/\/mentalhelse.no\/oslo\/aktuelt\/bli-med-til-stromstad-og-nordbysenteret-tirsdag-20-mai\/\" \/>\n<meta property=\"og:site_name\" content=\"Oslo\" \/>\n<meta property=\"article:modified_time\" content=\"2025-04-25T11:11:38+00:00\" \/>\n<meta property=\"og:image\" content=\"https:\/\/mentalhelse.no\/content\/uploads\/sites\/190\/2025\/04\/2022-02-28.jpg\" \/>\n\t<meta property=\"og:image:width\" content=\"680\" \/>\n\t<meta property=\"og:image:height\" content=\"382\" \/>\n\t<meta property=\"og:image:type\" content=\"image\/jpeg\" \/>\n<meta name=\"twitter:card\" content=\"summary_large_image\" \/>\n<meta name=\"twitter:label1\" content=\"Ansl. lesetid\" \/>\n\t<meta name=\"twitter:data1\" content=\"1 minutt\" \/>\n<script type=\"application\/ld+json\" class=\"yoast-schema-graph\">{\"@context\":\"https:\/\/schema.org\",\"@graph\":[{\"@type\":\"WebPage\",\"@id\":\"https:\/\/mentalhelse.no\/oslo\/aktuelt\/bli-med-til-stromstad-og-nordbysenteret-tirsdag-20-mai\/\",\"url\":\"https:\/\/mentalhelse.no\/oslo\/aktuelt\/bli-med-til-stromstad-og-nordbysenteret-tirsdag-20-mai\/\",\"name\":\"Bli med til Str\u00f8mstad og Nordbysenteret tirsdag 20. mai (krever p\u00e5melding) - Oslo\",\"isPartOf\":{\"@id\":\"https:\/\/mentalhelse.no\/oslo\/#website\"},\"datePublished\":\"2025-04-25T11:11:04+00:00\",\"dateModified\":\"2025-04-25T11:11:38+00:00\",\"description\":\"Bli med p\u00e5 busstur til Str\u00f8mstad og Nordbysenteret. Krever p\u00e5melding. Egenandel kr 100 for medlemmer. P\u00e5melding snarest innen tor 15. mai.\",\"breadcrumb\":{\"@id\":\"https:\/\/mentalhelse.no\/oslo\/aktuelt\/bli-med-til-stromstad-og-nordbysenteret-tirsdag-20-mai\/#breadcrumb\"},\"inLanguage\":\"nb-NO\",\"potentialAction\":[{\"@type\":\"ReadAction\",\"target\":[\"https:\/\/mentalhelse.no\/oslo\/aktuelt\/bli-med-til-stromstad-og-nordbysenteret-tirsdag-20-mai\/\"]}]},{\"@type\":\"BreadcrumbList\",\"@id\":\"https:\/\/mentalhelse.no\/oslo\/aktuelt\/bli-med-til-stromstad-og-nordbysenteret-tirsdag-20-mai\/#breadcrumb\",\"itemListElement\":[{\"@type\":\"ListItem\",\"position\":1,\"name\":\"Hjem\",\"item\":\"https:\/\/mentalhelse.no\/oslo\/\"},{\"@type\":\"ListItem\",\"position\":2,\"name\":\"Nyheter\",\"item\":\"https:\/\/mentalhelse.no\/oslo\/aktuelt\/\"},{\"@type\":\"ListItem\",\"position\":3,\"name\":\"Bli med til Str\u00f8mstad og Nordbysenteret tirsdag 20. mai (krever p\u00e5melding)\"}]},{\"@type\":\"WebSite\",\"@id\":\"https:\/\/mentalhelse.no\/oslo\/#website\",\"url\":\"https:\/\/mentalhelse.no\/oslo\/\",\"name\":\"Oslo\",\"description\":\"\",\"potentialAction\":[{\"@type\":\"SearchAction\",\"target\":{\"@type\":\"EntryPoint\",\"urlTemplate\":\"https:\/\/mentalhelse.no\/oslo\/?s={search_term_string}\"},\"query-input\":\"required name=search_term_string\"}],\"inLanguage\":\"nb-NO\"}]}<\/script>\n<!-- \/ Yoast SEO Premium plugin. -->","yoast_head_json":{"title":"Bli med til Str\u00f8mstad og Nordbysenteret tirsdag 20. mai (krever p\u00e5melding) - Mental Helse - Oslo","description":"Bli med p\u00e5 busstur til Str\u00f8mstad og Nordbysenteret. Krever p\u00e5melding. Egenandel kr 100 for medlemmer. P\u00e5melding snarest innen tor 15. mai.","robots":{"index":"index","follow":"follow","max-snippet":"max-snippet:-1","max-image-preview":"max-image-preview:large","max-video-preview":"max-video-preview:-1"},"canonical":"https:\/\/mentalhelse.no\/oslo\/aktuelt\/bli-med-til-stromstad-og-nordbysenteret-tirsdag-20-mai\/","og_locale":"nb_NO","og_type":"article","og_title":"Bli med til Str\u00f8mstad og Nordbysenteret tirsdag 20. mai (krever p\u00e5melding)","og_description":"Bli med p\u00e5 busstur til Str\u00f8mstad og Nordbysenteret. Krever p\u00e5melding. Egenandel kr 100 for medlemmer. P\u00e5melding snarest innen tor 15. mai.","og_url":"https:\/\/mentalhelse.no\/oslo\/aktuelt\/bli-med-til-stromstad-og-nordbysenteret-tirsdag-20-mai\/","og_site_name":"Oslo","article_modified_time":"2025-04-25T11:11:38+00:00","og_image":[{"width":680,"height":382,"url":"https:\/\/mentalhelse.no\/content\/uploads\/sites\/190\/2025\/04\/2022-02-28.jpg","type":"image\/jpeg"}],"twitter_card":"summary_large_image","twitter_misc":{"Ansl. lesetid":"1 minutt"},"schema":{"@context":"https:\/\/schema.org","@graph":[{"@type":"WebPage","@id":"https:\/\/mentalhelse.no\/oslo\/aktuelt\/bli-med-til-stromstad-og-nordbysenteret-tirsdag-20-mai\/","url":"https:\/\/mentalhelse.no\/oslo\/aktuelt\/bli-med-til-stromstad-og-nordbysenteret-tirsdag-20-mai\/","name":"Bli med til Str\u00f8mstad og Nordbysenteret tirsdag 20. mai (krever p\u00e5melding) - Oslo","isPartOf":{"@id":"https:\/\/mentalhelse.no\/oslo\/#website"},"datePublished":"2025-04-25T11:11:04+00:00","dateModified":"2025-04-25T11:11:38+00:00","description":"Bli med p\u00e5 busstur til Str\u00f8mstad og Nordbysenteret. Krever p\u00e5melding. Egenandel kr 100 for medlemmer. P\u00e5melding snarest innen tor 15. mai.","breadcrumb":{"@id":"https:\/\/mentalhelse.no\/oslo\/aktuelt\/bli-med-til-stromstad-og-nordbysenteret-tirsdag-20-mai\/#breadcrumb"},"inLanguage":"nb-NO","potentialAction":[{"@type":"ReadAction","target":["https:\/\/mentalhelse.no\/oslo\/aktuelt\/bli-med-til-stromstad-og-nordbysenteret-tirsdag-20-mai\/"]}]},{"@type":"BreadcrumbList","@id":"https:\/\/mentalhelse.no\/oslo\/aktuelt\/bli-med-til-stromstad-og-nordbysenteret-tirsdag-20-mai\/#breadcrumb","itemListElement":[{"@type":"ListItem","position":1,"name":"Hjem","item":"https:\/\/mentalhelse.no\/oslo\/"},{"@type":"ListItem","position":2,"name":"Nyheter","item":"https:\/\/mentalhelse.no\/oslo\/aktuelt\/"},{"@type":"ListItem","position":3,"name":"Bli med til Str\u00f8mstad og Nordbysenteret tirsdag 20. mai (krever p\u00e5melding)"}]},{"@type":"WebSite","@id":"https:\/\/mentalhelse.no\/oslo\/#website","url":"https:\/\/mentalhelse.no\/oslo\/","name":"Oslo","description":"","potentialAction":[{"@type":"SearchAction","target":{"@type":"EntryPoint","urlTemplate":"https:\/\/mentalhelse.no\/oslo\/?s={search_term_string}"},"query-input":"required name=search_term_string"}],"inLanguage":"nb-NO"}]}},"_links":{"self":[{"href":"https:\/\/mentalhelse.no\/oslo\/wp-json\/wp\/v2\/news\/2404","targetHints":{"allow":["GET"]}}],"collection":[{"href":"https:\/\/mentalhelse.no\/oslo\/wp-json\/wp\/v2\/news"}],"about":[{"href":"https:\/\/mentalhelse.no\/oslo\/wp-json\/wp\/v2\/types\/news"}],"author":[{"embeddable":true,"href":"https:\/\/mentalhelse.no\/oslo\/wp-json\/wp\/v2\/users\/29"}],"wp:featuredmedia":[{"embeddable":true,"href":"https:\/\/mentalhelse.no\/oslo\/wp-json\/wp\/v2\/media\/2402"}],"wp:attachment":[{"href":"https:\/\/mentalhelse.no\/oslo\/wp-json\/wp\/v2\/media?parent=2404"}],"wp:term":[{"taxonomy":"news_category","embeddable":true,"href":"https:\/\/mentalhelse.no\/oslo\/wp-json\/wp\/v2\/news_category?post=2404"}],"curies":[{"name":"wp","href":"https:\/\/api.w.org\/{rel}","templated":true}]}}