{"id":2845,"date":"2026-05-01T11:23:01","date_gmt":"2026-05-01T11:23:01","guid":{"rendered":"https:\/\/mentalhelse.no\/oslo\/?post_type=news&#038;p=2845"},"modified":"2026-05-01T11:23:02","modified_gmt":"2026-05-01T11:23:02","slug":"velkommen-til-17-mai-for-alle-i-st-hanshaugen-park","status":"publish","type":"news","link":"https:\/\/mentalhelse.no\/oslo\/aktuelt\/velkommen-til-17-mai-for-alle-i-st-hanshaugen-park\/","title":{"rendered":"Velkommen til 17. mai for alle i St. Hanshaugen park"},"content":{"rendered":"<figure class=\"alignwide wp-block-post-featured-image\"><img loading=\"lazy\" decoding=\"async\" width=\"1536\" height=\"1024\" src=\"https:\/\/mentalhelse.no\/content\/uploads\/sites\/190\/2026\/05\/17.maiforalle-1.jpg\" class=\"attachment-post-thumbnail size-post-thumbnail wp-post-image\" alt=\"\" style=\"object-fit:cover; --focal-point: 50% 50%;\" srcset=\"https:\/\/mentalhelse.no\/content\/uploads\/sites\/190\/2026\/05\/17.maiforalle-1.jpg 1536w, https:\/\/mentalhelse.no\/content\/uploads\/sites\/190\/2026\/05\/17.maiforalle-1-300x200.jpg 300w, https:\/\/mentalhelse.no\/content\/uploads\/sites\/190\/2026\/05\/17.maiforalle-1-1024x683.jpg 1024w, https:\/\/mentalhelse.no\/content\/uploads\/sites\/190\/2026\/05\/17.maiforalle-1-768x512.jpg 768w\" sizes=\"auto, (max-width: 1536px) 100vw, 1536px\" \/><\/figure>\n\n<h1 class=\"wp-block-post-title\">Velkommen til 17. mai for alle i St. Hanshaugen park<\/h1>\n\n<div class=\"is-img-top mh-byline wp-block-mh-byline\">\n                  <div class=\"mh-byline__inner\">\n                  \t\n                  \t<div class=\"mh-byline__meta\">\n                  \t\t<div class=\"mh-byline__post\">\n                  \t\t\t<a href=\"https:\/\/mentalhelse.no\/oslo\/aktuelt-kategori\/arrangement\/\" class=\"mh-byline__category-link\">Arrangement<\/a><div class=\"entry-date\">01.05.2026<\/div>\n                  \t\t<\/div>\n                  \t\t<div class=\"mh-byline__author\">\n                  \t\t\t <span class=\"mh-byline__author-link\">Amanda<\/span>\n\t\t\t\t\t\t<\/div>\n\t\t\t\t\t<\/div>\n\t\t\t\t<\/div>\n\t\t<\/div>\n\n\n<h2 class=\"wp-block-heading\" id=\"h-henrik-og-trine-lise-inviterer-for-tredje-gang-til-17-mai-for-alle\">Henrik og Trine Lise inviterer for tredje gang til 17. mai for alle<\/h2>\n\n\n\n<p>Har du ingen planer for nasjonaldagen \u2013 eller bare lyst til \u00e5 feire p\u00e5 en litt mer ekte og inkluderende m\u00e5te? M\u00f8t opp p\u00e5 St. Hanshaugen park, ved Asbj\u00f8rnsen-statuen kl. 10:30 p\u00e5 nasjonaldagen 17. mai!<\/p>\n\n\n\n<p>Henrik og Trine Lise vet at mange opplever ensomhet p\u00e5 dager som dette, og \u00f8nsker derfor \u00e5 bidra til et sted hvor man kan m\u00f8te opp alene eller sammen med andre, og bli tatt imot med god stemning og fellesskap. M\u00e5let deres er \u00e5 skape et trygt, varmt og inkluderende sted hvor alle kan f\u00f8le seg velkommen \u2013 uansett bakgrunn eller situasjon.<\/p>\n\n\n\n<div class=\"wp-block-media-text is-stacked-on-mobile\"><figure class=\"wp-block-media-text__media\"><a href=\"https:\/\/www.instagram.com\/17foralle\/\"><img loading=\"lazy\" decoding=\"async\" width=\"288\" height=\"387\" src=\"https:\/\/mentalhelse.no\/content\/uploads\/sites\/190\/2026\/05\/Skjermbilde-2026-05-01-125515.png\" alt=\"\" class=\"wp-image-2848 size-full\" srcset=\"https:\/\/mentalhelse.no\/content\/uploads\/sites\/190\/2026\/05\/Skjermbilde-2026-05-01-125515.png 288w, https:\/\/mentalhelse.no\/content\/uploads\/sites\/190\/2026\/05\/Skjermbilde-2026-05-01-125515-223x300.png 223w\" sizes=\"auto, (max-width: 288px) 100vw, 288px\" \/><\/a><\/figure><div class=\"wp-block-media-text__content\">\n<p>&#8211; Hvis bare \u00e9n person slipper \u00e5 sitte alene eller f\u00f8le seg utenfor p\u00e5 17. mai, s\u00e5 vet vi at det<br>vi gj\u00f8r betyr noe.<\/p>\n\n\n\n<p class=\"has-text-align-left\"><a href=\"https:\/\/www.instagram.com\/17foralle\/\">Foto: 17foralle p\u00e5 instagram<\/a><\/p>\n<\/div><\/div>\n\n\n\n<p>P\u00e5 bildet ovenfor ser du Henrik og Trine Lise ved m\u00f8teplassen som er ved Asbj\u00f8rnsen-statuen p\u00e5 St. Hanshaugen. Klikk <a href=\"https:\/\/maps.app.goo.gl\/JgFCXf32EGByACFv8\">HER<\/a> for link til plasseringen p\u00e5 google maps.<\/p>\n\n\n\n<p>Initiativet gjennomf\u00f8res n\u00e5 for tredje gang, og tidligere arrangementer har f\u00e5tt god<br>respons. Erfaringen viser at dette er noe mange setter pris p\u00e5, og at behovet for et slikt tilbud virkelig er til stede.<\/p>\n\n\n\n<h2 class=\"wp-block-heading\" id=\"h-informasjon\">Informasjon<\/h2>\n\n\n\n<p>Sted: St. Hanshaugen park kl 10:30,<a href=\"https:\/\/maps.app.goo.gl\/JgFCXf32EGByACFv8\"> m\u00f8teplass Asbj\u00f8rnsen-statuen<\/a><\/p>\n\n\n\n<p><img loading=\"lazy\" decoding=\"async\" height=\"16\" width=\"16\" src=\"https:\/\/static.xx.fbcdn.net\/images\/emoji.php\/v9\/t1f\/1\/16\/1f3b6.png\" alt=\"\ud83c\udfb6\">\u00a0De stiller med h\u00f8yttaler og god stemning<br><img loading=\"lazy\" decoding=\"async\" height=\"16\" width=\"16\" src=\"https:\/\/static.xx.fbcdn.net\/images\/emoji.php\/v9\/t50\/1\/16\/1f525.png\" alt=\"\ud83d\udd25\">\u00a0De tar med engangsgrill \u2013 ta med det du \u00f8nsker \u00e5 spise<br><img loading=\"lazy\" decoding=\"async\" height=\"16\" width=\"16\" src=\"https:\/\/static.xx.fbcdn.net\/images\/emoji.php\/v9\/t1b\/1\/16\/1f3b2.png\" alt=\"\ud83c\udfb2\">\u00a0Det blir leker og underholdning<br><img loading=\"lazy\" decoding=\"async\" height=\"16\" width=\"16\" src=\"https:\/\/static.xx.fbcdn.net\/images\/emoji.php\/v9\/t5a\/1\/16\/1f4b0.png\" alt=\"\ud83d\udcb0\">\u00a0Pris: Gratis og \u00e5pent for alle \u2013 det er bare \u00e5 m\u00f8te opp!<br><img loading=\"lazy\" decoding=\"async\" height=\"16\" width=\"16\" src=\"https:\/\/static.xx.fbcdn.net\/images\/emoji.php\/v9\/t10\/1\/16\/2614.png\" alt=\"\u2614\">\u00a0Ved d\u00e5rlig v\u00e6r: Arrangementet kan bli avlyst \u2013 satser p\u00e5 sol\u00a0<img loading=\"lazy\" decoding=\"async\" height=\"16\" width=\"16\" src=\"https:\/\/static.xx.fbcdn.net\/images\/emoji.php\/v9\/t6d\/1\/16\/2600.png\" alt=\"\u2600\ufe0f\"><\/p>\n\n\n\n<p><strong>Sp\u00f8rsm\u00e5l eller trenger hjelp til \u00e5 finne frem?<br><\/strong>Send en melding eller ring:<br><img loading=\"lazy\" decoding=\"async\" height=\"16\" width=\"16\" src=\"https:\/\/static.xx.fbcdn.net\/images\/emoji.php\/v9\/t4d\/1\/16\/1f4de.png\" alt=\"\ud83d\udcde\">\u00a0Henrik \u2013 993 21 063<br><img loading=\"lazy\" decoding=\"async\" height=\"16\" width=\"16\" src=\"https:\/\/static.xx.fbcdn.net\/images\/emoji.php\/v9\/t4d\/1\/16\/1f4de.png\" alt=\"\ud83d\udcde\">Trine Lise \u2013 957 95 354<\/p>\n\n\n\n\t\t<a class=\"mh-accentuated-link wp-block-mentalhelse-accentuated-link\" href=\"https:\/\/fb.me\/e\/5tbKtxdQN\">\n\t\t\t<div class=\"mh-accentuated-link__media\">\n\t\t\t\t\n\t\t\t<\/div>\n\t\t\t<div class=\"mh-accentuated-link__content\">\n\t\t\t\t<div class=\"mh-accentuated-link__label\">facebook<\/div>\n\t\t\t\t<h3 class=\"mh-accentuated-link__title\">17. mai for alle &#8211; arrangement siden p\u00e5 Facebook<\/h3>\n\t\t\t\t\n\t\t\t<\/div>\n\t\t<\/a>\n\n\n\t\t<a class=\"mh-accentuated-link wp-block-mentalhelse-accentuated-link\" href=\"https:\/\/www.instagram.com\/17foralle\/\">\n\t\t\t<div class=\"mh-accentuated-link__media\">\n\t\t\t\t\n\t\t\t<\/div>\n\t\t\t<div class=\"mh-accentuated-link__content\">\n\t\t\t\t<div class=\"mh-accentuated-link__label\">Instagram<\/div>\n\t\t\t\t<h3 class=\"mh-accentuated-link__title\">17. mai for alle p\u00e5 Instagram<\/h3>\n\t\t\t\t\n\t\t\t<\/div>\n\t\t<\/a>\n\n\n\t\t<a class=\"mh-accentuated-link wp-block-mentalhelse-accentuated-link\" href=\"https:\/\/www.tiktok.com\/@17foralle\">\n\t\t\t<div class=\"mh-accentuated-link__media\">\n\t\t\t\t\n\t\t\t<\/div>\n\t\t\t<div class=\"mh-accentuated-link__content\">\n\t\t\t\t<div class=\"mh-accentuated-link__label\">TikTok<\/div>\n\t\t\t\t<h3 class=\"mh-accentuated-link__title\">17. mai for alle p\u00e5 TikTok<\/h3>\n\t\t\t\t\n\t\t\t<\/div>\n\t\t<\/a>\n\n\n\t\t<div class=\"mh-related-posts alignfull alignfull wp-block-mentalhelse-related-posts gray-mode\">\n\t\t\t<div class=\"mh-related-posts__inner\">\n\t\t\t\t\n\n<h3 class=\"wp-block-heading\" id=\"h-also-read\">Also read<\/h3>\n\n\n<div class=\"t2-featured-content-layout alignwide alignwide wp-block-t2-featured-content-layout\">\n<div class=\"t2-featured-query-post t2-featured-content is-post-type-news wp-block-t2-featured-query-post t2-featured-content-layout-col-4\"><a class=\"t2-post-link wp-block-t2-post-link\" href=\"https:\/\/mentalhelse.no\/oslo\/aktuelt\/arsmote-2026-sakspapirer\/\">\n\t<figure style=\"--t2-focal-point: 50% 50%;\" class=\"t2-post-featured-image has-image-ratio-16-9 wp-block-t2-post-featured-image\"><img loading=\"lazy\" decoding=\"async\" width=\"2560\" height=\"1920\" src=\"https:\/\/mentalhelse.no\/content\/uploads\/sites\/190\/2025\/03\/IMG_7194-scaled.jpg\" class=\"attachment-post-thumbnail size-post-thumbnail wp-post-image\" alt=\"\" srcset=\"https:\/\/mentalhelse.no\/content\/uploads\/sites\/190\/2025\/03\/IMG_7194-scaled.jpg 2560w, https:\/\/mentalhelse.no\/content\/uploads\/sites\/190\/2025\/03\/IMG_7194-300x225.jpg 300w, https:\/\/mentalhelse.no\/content\/uploads\/sites\/190\/2025\/03\/IMG_7194-1024x768.jpg 1024w, https:\/\/mentalhelse.no\/content\/uploads\/sites\/190\/2025\/03\/IMG_7194-768x576.jpg 768w, https:\/\/mentalhelse.no\/content\/uploads\/sites\/190\/2025\/03\/IMG_7194-1536x1152.jpg 1536w, https:\/\/mentalhelse.no\/content\/uploads\/sites\/190\/2025\/03\/IMG_7194-2048x1536.jpg 2048w\" sizes=\"auto, (max-width: 2560px) 100vw, 2560px\" style=\"--focal-point: 40% 15%;\" \/><\/figure>\n<\/a>\n\n<div class=\"wp-block-group postinfo alignfull is-layout-flow wp-block-group-is-layout-flow\">\n\t<div class=\"wp-block-mentalhelse-post-category\">\n\t\t\t\t\t<div class=\"post-type\">\n\t\t\t\t\t\t<a href=\"https:\/\/mentalhelse.no\/oslo\/aktuelt\/\">Nyheter<\/a>\n\t\t\t\t\t<\/div>\n\t\t\t\t\t\n\t\t\t\t\t<div class=\"post-category\">\n\t\t\t\t\t\t\n\t\t\t\t\t<\/div>\n\t\t\t<\/div>\n\t<a class=\"t2-post-link wp-block-t2-post-link\" href=\"https:\/\/mentalhelse.no\/oslo\/aktuelt\/arsmote-2026-sakspapirer\/\">\n\t<h2 class=\"t2-post-title wp-block-t2-post-title\">\u00c5rsm\u00f8te 2026 &#8211; Sakspapirer (oppdatert med protokoll, \u00e5rsregsnkap og revisjonsberetning)<\/h2>\n\t<\/a>\n<\/div>\n\n<\/div>\n\n<div class=\"t2-featured-query-post t2-featured-content is-post-type-news wp-block-t2-featured-query-post t2-featured-content-layout-col-4\"><a class=\"t2-post-link wp-block-t2-post-link\" href=\"https:\/\/mentalhelse.no\/oslo\/aktuelt\/badepraten\/\">\n\t<figure style=\"--t2-focal-point: 50% 50%;\" class=\"t2-post-featured-image has-image-ratio-16-9 wp-block-t2-post-featured-image\"><img loading=\"lazy\" decoding=\"async\" width=\"2004\" height=\"803\" src=\"https:\/\/mentalhelse.no\/content\/uploads\/sites\/190\/2025\/04\/IMG_7255.jpeg\" class=\"attachment-post-thumbnail size-post-thumbnail wp-post-image\" alt=\"\" srcset=\"https:\/\/mentalhelse.no\/content\/uploads\/sites\/190\/2025\/04\/IMG_7255.jpeg 2004w, https:\/\/mentalhelse.no\/content\/uploads\/sites\/190\/2025\/04\/IMG_7255-300x120.jpeg 300w, https:\/\/mentalhelse.no\/content\/uploads\/sites\/190\/2025\/04\/IMG_7255-1024x410.jpeg 1024w, https:\/\/mentalhelse.no\/content\/uploads\/sites\/190\/2025\/04\/IMG_7255-768x308.jpeg 768w, https:\/\/mentalhelse.no\/content\/uploads\/sites\/190\/2025\/04\/IMG_7255-1536x615.jpeg 1536w\" sizes=\"auto, (max-width: 2004px) 100vw, 2004px\" style=\"--focal-point: 50% 50%;\" \/><\/figure>\n<\/a>\n\n<div class=\"wp-block-group postinfo alignfull is-layout-flow wp-block-group-is-layout-flow\">\n\t<div class=\"wp-block-mentalhelse-post-category\">\n\t\t\t\t\t<div class=\"post-type\">\n\t\t\t\t\t\t<a href=\"https:\/\/mentalhelse.no\/oslo\/aktuelt\/\">Nyheter<\/a>\n\t\t\t\t\t<\/div>\n\t\t\t\t\t\n\t\t\t\t\t<div class=\"post-category\">\n\t\t\t\t\t\t\n\t\t\t\t\t<\/div>\n\t\t\t<\/div>\n\t<a class=\"t2-post-link wp-block-t2-post-link\" href=\"https:\/\/mentalhelse.no\/oslo\/aktuelt\/badepraten\/\">\n\t<h2 class=\"t2-post-title wp-block-t2-post-title\">Badepraten<\/h2>\n\t<\/a>\n<\/div>\n\n<\/div>\n\n<div class=\"t2-featured-query-post t2-featured-content is-post-type-news wp-block-t2-featured-query-post t2-featured-content-layout-col-4\"><a class=\"t2-post-link wp-block-t2-post-link\" href=\"https:\/\/mentalhelse.no\/oslo\/aktuelt\/busstur-til-sverige-torsdag-20-november\/\">\n\t<figure style=\"--t2-focal-point: 50% 50%;\" class=\"t2-post-featured-image has-image-ratio-16-9 wp-block-t2-post-featured-image\"><img loading=\"lazy\" decoding=\"async\" width=\"590\" height=\"231\" src=\"https:\/\/mentalhelse.no\/content\/uploads\/sites\/190\/2025\/11\/Skjermbilde-2023-06-05-131733.png\" class=\"attachment-post-thumbnail size-post-thumbnail wp-post-image\" alt=\"\" srcset=\"https:\/\/mentalhelse.no\/content\/uploads\/sites\/190\/2025\/11\/Skjermbilde-2023-06-05-131733.png 590w, https:\/\/mentalhelse.no\/content\/uploads\/sites\/190\/2025\/11\/Skjermbilde-2023-06-05-131733-300x117.png 300w\" sizes=\"auto, (max-width: 590px) 100vw, 590px\" style=\"--focal-point: 50% 50%;\" \/><\/figure>\n<\/a>\n\n<div class=\"wp-block-group postinfo alignfull is-layout-flow wp-block-group-is-layout-flow\">\n\t<div class=\"wp-block-mentalhelse-post-category\">\n\t\t\t\t\t<div class=\"post-type\">\n\t\t\t\t\t\t<a href=\"https:\/\/mentalhelse.no\/oslo\/aktuelt\/\">Nyheter<\/a>\n\t\t\t\t\t<\/div>\n\t\t\t\t\t\n\t\t\t\t\t<div class=\"post-category\">\n\t\t\t\t\t\t\n\t\t\t\t\t<\/div>\n\t\t\t<\/div>\n\t<a class=\"t2-post-link wp-block-t2-post-link\" href=\"https:\/\/mentalhelse.no\/oslo\/aktuelt\/busstur-til-sverige-torsdag-20-november\/\">\n\t<h2 class=\"t2-post-title wp-block-t2-post-title\">Busstur til Sverige torsdag 20. november<\/h2>\n\t<\/a>\n<\/div>\n\n<\/div>\n<\/div>\n\n\t\t\t<\/div>\n\t\t<\/div>","protected":false},"excerpt":{"rendered":"<p>M\u00f8t opp ved Asbj\u00f8rnsen-statuen i St. Hansaugen park kl 10:30 for en \u00e5pen og uformell 17. mai feiring for alle!<\/p>\n","protected":false},"author":29,"featured_media":2849,"parent":0,"template":"","meta":{"t2_featured_media_focal_point":{"x":0.5,"y":0.5},"mh_hide_title":true},"news_category":[56],"class_list":["post-2845","news","type-news","status-publish","has-post-thumbnail","hentry","news_category-arrangement"],"yoast_head":"<!-- This site is optimized with the Yoast SEO Premium plugin v21.2 (Yoast SEO v21.2) - https:\/\/yoast.com\/wordpress\/plugins\/seo\/ -->\n<title>Velkommen til 17. mai for alle i St. Hanshaugen park - Mental Helse - Oslo<\/title>\n<meta name=\"description\" content=\"Velkommen til 17. mai for alle p\u00e5 St. Hanshaugen. Bli med p\u00e5 en uformell og \u00e5pen feiring for alle som \u00f8nsker fellesskap denne dagen.\" \/>\n<meta name=\"robots\" content=\"index, follow, max-snippet:-1, max-image-preview:large, max-video-preview:-1\" \/>\n<link rel=\"canonical\" href=\"https:\/\/mentalhelse.no\/oslo\/aktuelt\/velkommen-til-17-mai-for-alle-i-st-hanshaugen-park\/\" \/>\n<meta property=\"og:locale\" content=\"nb_NO\" \/>\n<meta property=\"og:type\" content=\"article\" \/>\n<meta property=\"og:title\" content=\"Velkommen til 17. mai for alle i St. Hanshaugen park\" \/>\n<meta property=\"og:description\" content=\"Velkommen til 17. mai for alle p\u00e5 St. Hanshaugen. Bli med p\u00e5 en uformell og \u00e5pen feiring for alle som \u00f8nsker fellesskap denne dagen.\" \/>\n<meta property=\"og:url\" content=\"https:\/\/mentalhelse.no\/oslo\/aktuelt\/velkommen-til-17-mai-for-alle-i-st-hanshaugen-park\/\" \/>\n<meta property=\"og:site_name\" content=\"Oslo\" \/>\n<meta property=\"article:modified_time\" content=\"2026-05-01T11:23:02+00:00\" \/>\n<meta property=\"og:image\" content=\"https:\/\/mentalhelse.no\/content\/uploads\/sites\/190\/2026\/05\/17.maiforalle-1.jpg\" \/>\n\t<meta property=\"og:image:width\" content=\"1536\" \/>\n\t<meta property=\"og:image:height\" content=\"1024\" \/>\n\t<meta property=\"og:image:type\" content=\"image\/jpeg\" \/>\n<meta name=\"twitter:card\" content=\"summary_large_image\" \/>\n<meta name=\"twitter:label1\" content=\"Ansl. lesetid\" \/>\n\t<meta name=\"twitter:data1\" content=\"4 minutter\" \/>\n<script type=\"application\/ld+json\" class=\"yoast-schema-graph\">{\"@context\":\"https:\/\/schema.org\",\"@graph\":[{\"@type\":\"WebPage\",\"@id\":\"https:\/\/mentalhelse.no\/oslo\/aktuelt\/velkommen-til-17-mai-for-alle-i-st-hanshaugen-park\/\",\"url\":\"https:\/\/mentalhelse.no\/oslo\/aktuelt\/velkommen-til-17-mai-for-alle-i-st-hanshaugen-park\/\",\"name\":\"Velkommen til 17. mai for alle i St. Hanshaugen park - Oslo\",\"isPartOf\":{\"@id\":\"https:\/\/mentalhelse.no\/oslo\/#website\"},\"datePublished\":\"2026-05-01T11:23:01+00:00\",\"dateModified\":\"2026-05-01T11:23:02+00:00\",\"description\":\"Velkommen til 17. mai for alle p\u00e5 St. Hanshaugen. Bli med p\u00e5 en uformell og \u00e5pen feiring for alle som \u00f8nsker fellesskap denne dagen.\",\"breadcrumb\":{\"@id\":\"https:\/\/mentalhelse.no\/oslo\/aktuelt\/velkommen-til-17-mai-for-alle-i-st-hanshaugen-park\/#breadcrumb\"},\"inLanguage\":\"nb-NO\",\"potentialAction\":[{\"@type\":\"ReadAction\",\"target\":[\"https:\/\/mentalhelse.no\/oslo\/aktuelt\/velkommen-til-17-mai-for-alle-i-st-hanshaugen-park\/\"]}]},{\"@type\":\"BreadcrumbList\",\"@id\":\"https:\/\/mentalhelse.no\/oslo\/aktuelt\/velkommen-til-17-mai-for-alle-i-st-hanshaugen-park\/#breadcrumb\",\"itemListElement\":[{\"@type\":\"ListItem\",\"position\":1,\"name\":\"Hjem\",\"item\":\"https:\/\/mentalhelse.no\/oslo\/\"},{\"@type\":\"ListItem\",\"position\":2,\"name\":\"Nyheter\",\"item\":\"https:\/\/mentalhelse.no\/oslo\/aktuelt\/\"},{\"@type\":\"ListItem\",\"position\":3,\"name\":\"Velkommen til 17. mai for alle i St. Hanshaugen park\"}]},{\"@type\":\"WebSite\",\"@id\":\"https:\/\/mentalhelse.no\/oslo\/#website\",\"url\":\"https:\/\/mentalhelse.no\/oslo\/\",\"name\":\"Oslo\",\"description\":\"\",\"potentialAction\":[{\"@type\":\"SearchAction\",\"target\":{\"@type\":\"EntryPoint\",\"urlTemplate\":\"https:\/\/mentalhelse.no\/oslo\/?s={search_term_string}\"},\"query-input\":\"required name=search_term_string\"}],\"inLanguage\":\"nb-NO\"}]}<\/script>\n<!-- \/ Yoast SEO Premium plugin. -->","yoast_head_json":{"title":"Velkommen til 17. mai for alle i St. Hanshaugen park - Mental Helse - Oslo","description":"Velkommen til 17. mai for alle p\u00e5 St. Hanshaugen. Bli med p\u00e5 en uformell og \u00e5pen feiring for alle som \u00f8nsker fellesskap denne dagen.","robots":{"index":"index","follow":"follow","max-snippet":"max-snippet:-1","max-image-preview":"max-image-preview:large","max-video-preview":"max-video-preview:-1"},"canonical":"https:\/\/mentalhelse.no\/oslo\/aktuelt\/velkommen-til-17-mai-for-alle-i-st-hanshaugen-park\/","og_locale":"nb_NO","og_type":"article","og_title":"Velkommen til 17. mai for alle i St. Hanshaugen park","og_description":"Velkommen til 17. mai for alle p\u00e5 St. Hanshaugen. Bli med p\u00e5 en uformell og \u00e5pen feiring for alle som \u00f8nsker fellesskap denne dagen.","og_url":"https:\/\/mentalhelse.no\/oslo\/aktuelt\/velkommen-til-17-mai-for-alle-i-st-hanshaugen-park\/","og_site_name":"Oslo","article_modified_time":"2026-05-01T11:23:02+00:00","og_image":[{"width":1536,"height":1024,"url":"https:\/\/mentalhelse.no\/content\/uploads\/sites\/190\/2026\/05\/17.maiforalle-1.jpg","type":"image\/jpeg"}],"twitter_card":"summary_large_image","twitter_misc":{"Ansl. lesetid":"4 minutter"},"schema":{"@context":"https:\/\/schema.org","@graph":[{"@type":"WebPage","@id":"https:\/\/mentalhelse.no\/oslo\/aktuelt\/velkommen-til-17-mai-for-alle-i-st-hanshaugen-park\/","url":"https:\/\/mentalhelse.no\/oslo\/aktuelt\/velkommen-til-17-mai-for-alle-i-st-hanshaugen-park\/","name":"Velkommen til 17. mai for alle i St. Hanshaugen park - Oslo","isPartOf":{"@id":"https:\/\/mentalhelse.no\/oslo\/#website"},"datePublished":"2026-05-01T11:23:01+00:00","dateModified":"2026-05-01T11:23:02+00:00","description":"Velkommen til 17. mai for alle p\u00e5 St. Hanshaugen. Bli med p\u00e5 en uformell og \u00e5pen feiring for alle som \u00f8nsker fellesskap denne dagen.","breadcrumb":{"@id":"https:\/\/mentalhelse.no\/oslo\/aktuelt\/velkommen-til-17-mai-for-alle-i-st-hanshaugen-park\/#breadcrumb"},"inLanguage":"nb-NO","potentialAction":[{"@type":"ReadAction","target":["https:\/\/mentalhelse.no\/oslo\/aktuelt\/velkommen-til-17-mai-for-alle-i-st-hanshaugen-park\/"]}]},{"@type":"BreadcrumbList","@id":"https:\/\/mentalhelse.no\/oslo\/aktuelt\/velkommen-til-17-mai-for-alle-i-st-hanshaugen-park\/#breadcrumb","itemListElement":[{"@type":"ListItem","position":1,"name":"Hjem","item":"https:\/\/mentalhelse.no\/oslo\/"},{"@type":"ListItem","position":2,"name":"Nyheter","item":"https:\/\/mentalhelse.no\/oslo\/aktuelt\/"},{"@type":"ListItem","position":3,"name":"Velkommen til 17. mai for alle i St. Hanshaugen park"}]},{"@type":"WebSite","@id":"https:\/\/mentalhelse.no\/oslo\/#website","url":"https:\/\/mentalhelse.no\/oslo\/","name":"Oslo","description":"","potentialAction":[{"@type":"SearchAction","target":{"@type":"EntryPoint","urlTemplate":"https:\/\/mentalhelse.no\/oslo\/?s={search_term_string}"},"query-input":"required name=search_term_string"}],"inLanguage":"nb-NO"}]}},"_links":{"self":[{"href":"https:\/\/mentalhelse.no\/oslo\/wp-json\/wp\/v2\/news\/2845","targetHints":{"allow":["GET"]}}],"collection":[{"href":"https:\/\/mentalhelse.no\/oslo\/wp-json\/wp\/v2\/news"}],"about":[{"href":"https:\/\/mentalhelse.no\/oslo\/wp-json\/wp\/v2\/types\/news"}],"author":[{"embeddable":true,"href":"https:\/\/mentalhelse.no\/oslo\/wp-json\/wp\/v2\/users\/29"}],"wp:featuredmedia":[{"embeddable":true,"href":"https:\/\/mentalhelse.no\/oslo\/wp-json\/wp\/v2\/media\/2849"}],"wp:attachment":[{"href":"https:\/\/mentalhelse.no\/oslo\/wp-json\/wp\/v2\/media?parent=2845"}],"wp:term":[{"taxonomy":"news_category","embeddable":true,"href":"https:\/\/mentalhelse.no\/oslo\/wp-json\/wp\/v2\/news_category?post=2845"}],"curies":[{"name":"wp","href":"https:\/\/api.w.org\/{rel}","templated":true}]}}