{"id":1114,"date":"2024-02-02T10:44:31","date_gmt":"2024-02-02T10:44:31","guid":{"rendered":"https:\/\/mentalhelse.no\/sandefjord\/?post_type=news&#038;p=1114"},"modified":"2024-02-02T10:44:31","modified_gmt":"2024-02-02T10:44:31","slug":"arsmote-2024","status":"publish","type":"news","link":"https:\/\/mentalhelse.no\/sandefjord\/aktuelt\/arsmote-2024\/","title":{"rendered":"\u00c5rsm\u00f8te 2024"},"content":{"rendered":"<figure class=\"alignwide wp-block-post-featured-image\"><img loading=\"lazy\" decoding=\"async\" width=\"1320\" height=\"743\" src=\"https:\/\/mentalhelse.no\/content\/uploads\/sites\/282\/2023\/12\/Inkalling-Arsmote-1.jpg\" class=\"attachment-post-thumbnail size-post-thumbnail wp-post-image\" alt=\"\" style=\"object-fit:cover; --focal-point: 50% 50%;\" srcset=\"https:\/\/mentalhelse.no\/content\/uploads\/sites\/282\/2023\/12\/Inkalling-Arsmote-1.jpg 1320w, https:\/\/mentalhelse.no\/content\/uploads\/sites\/282\/2023\/12\/Inkalling-Arsmote-1-300x169.jpg 300w, https:\/\/mentalhelse.no\/content\/uploads\/sites\/282\/2023\/12\/Inkalling-Arsmote-1-1024x576.jpg 1024w, https:\/\/mentalhelse.no\/content\/uploads\/sites\/282\/2023\/12\/Inkalling-Arsmote-1-768x432.jpg 768w\" sizes=\"auto, (max-width: 1320px) 100vw, 1320px\" \/><\/figure>\n\n<h1 class=\"wp-block-post-title\">\u00c5rsm\u00f8te 2024<\/h1>\n\n<div class=\"is-img-top mh-byline wp-block-mh-byline\">\n                  <div class=\"mh-byline__inner\">\n                  \t\n                  \t<div class=\"mh-byline__meta\">\n                  \t\t<div class=\"mh-byline__post\">\n                  \t\t\t<div class=\"entry-date\">02.02.2024<\/div>\n                  \t\t<\/div>\n                  \t\t<div class=\"mh-byline__author\">\n                  \t\t\t <span class=\"mh-byline__author-link\">Jonas \u00d8rnes Andersen<\/span>\n\t\t\t\t\t\t<\/div>\n\t\t\t\t\t<\/div>\n\t\t\t\t<\/div>\n\t\t<\/div>\n\n\n<p>Styret i Mental Helse Sandefjord har den glede av  \u00e5 invitere til \u00e5rsm\u00f8te torsdag 29. februar klokken 18:30 p\u00e5 Forsmannsenteret. Mer informasjon finner du ved \u00e5<a href=\"https:\/\/mentalhelse.no\/sandefjord\/event\/innkalling-til-arsmotet-2024\/\"> trykke deg inn her<\/a>, eller se under. <\/p>\n\n\n\n<figure class=\"wp-block-image size-large\"><img decoding=\"async\" src=\"https:\/\/mentalhelse.no\/content\/uploads\/sites\/282\/2023\/12\/Innkalling-til-arsmotet-2024-717x1024.jpg\" alt=\"\" class=\"wp-image-1083\"\/><\/figure>\n\n\n\n\t\t<div class=\"mh-related-posts alignfull alignfull wp-block-mentalhelse-related-posts gray-mode\">\n\t\t\t<div class=\"mh-related-posts__inner\">\n\t\t\t\t\n\n<h3 class=\"wp-block-heading\" id=\"h-also-read\">Also read<\/h3>\n\n\n<div class=\"t2-featured-content-layout alignwide alignwide wp-block-t2-featured-content-layout\">\n<div class=\"t2-featured-query-post t2-featured-content is-post-type-news wp-block-t2-featured-query-post t2-featured-content-layout-col-4\"><a class=\"t2-post-link wp-block-t2-post-link\" href=\"https:\/\/mentalhelse.no\/sandefjord\/aktuelt\/fullforing-av-arsmotet-2026\/\">\n\t<figure style=\"--t2-focal-point: 50% 50%;\" class=\"t2-post-featured-image has-image-ratio-16-9 wp-block-t2-post-featured-image\"><img loading=\"lazy\" decoding=\"async\" width=\"1320\" height=\"743\" src=\"https:\/\/mentalhelse.no\/content\/uploads\/sites\/282\/2023\/12\/Inkalling-Arsmote-1.jpg\" class=\"attachment-post-thumbnail size-post-thumbnail wp-post-image\" alt=\"\" srcset=\"https:\/\/mentalhelse.no\/content\/uploads\/sites\/282\/2023\/12\/Inkalling-Arsmote-1.jpg 1320w, https:\/\/mentalhelse.no\/content\/uploads\/sites\/282\/2023\/12\/Inkalling-Arsmote-1-300x169.jpg 300w, https:\/\/mentalhelse.no\/content\/uploads\/sites\/282\/2023\/12\/Inkalling-Arsmote-1-1024x576.jpg 1024w, https:\/\/mentalhelse.no\/content\/uploads\/sites\/282\/2023\/12\/Inkalling-Arsmote-1-768x432.jpg 768w\" sizes=\"auto, (max-width: 1320px) 100vw, 1320px\" style=\"--focal-point: 50% 50%;\" \/><\/figure>\n<\/a>\n\n<div class=\"wp-block-group postinfo alignfull is-layout-flow wp-block-group-is-layout-flow\">\n\t<div class=\"wp-block-mentalhelse-post-category\">\n\t\t\t\t\t<div class=\"post-type\">\n\t\t\t\t\t\t<a href=\"https:\/\/mentalhelse.no\/sandefjord\/aktuelt\/\">Nyheter<\/a>\n\t\t\t\t\t<\/div>\n\t\t\t\t\t\n\t\t\t\t\t<div class=\"post-category\">\n\t\t\t\t\t\t\n\t\t\t\t\t<\/div>\n\t\t\t<\/div>\n\t<a class=\"t2-post-link wp-block-t2-post-link\" href=\"https:\/\/mentalhelse.no\/sandefjord\/aktuelt\/fullforing-av-arsmotet-2026\/\">\n\t<h2 class=\"t2-post-title wp-block-t2-post-title\">Fullf\u00f8ring av \u00e5rsm\u00f8tet 2026.<\/h2>\n\t<\/a>\n<\/div>\n\n<\/div>\n\n<div class=\"t2-featured-query-post t2-featured-content is-post-type-news wp-block-t2-featured-query-post t2-featured-content-layout-col-4\"><a class=\"t2-post-link wp-block-t2-post-link\" href=\"https:\/\/mentalhelse.no\/sandefjord\/aktuelt\/arsmote-papirene-2026\/\">\n\t<figure style=\"--t2-focal-point: 50% 50%;\" class=\"t2-post-featured-image has-image-ratio-16-9 wp-block-t2-post-featured-image\"><img loading=\"lazy\" decoding=\"async\" width=\"960\" height=\"467\" src=\"https:\/\/mentalhelse.no\/content\/uploads\/sites\/282\/2026\/01\/Arsmote-A.jpg\" class=\"attachment-post-thumbnail size-post-thumbnail wp-post-image\" alt=\"\" srcset=\"https:\/\/mentalhelse.no\/content\/uploads\/sites\/282\/2026\/01\/Arsmote-A.jpg 960w, https:\/\/mentalhelse.no\/content\/uploads\/sites\/282\/2026\/01\/Arsmote-A-300x146.jpg 300w, https:\/\/mentalhelse.no\/content\/uploads\/sites\/282\/2026\/01\/Arsmote-A-768x374.jpg 768w\" sizes=\"auto, (max-width: 960px) 100vw, 960px\" style=\"--focal-point: 50% 50%;\" \/><\/figure>\n<\/a>\n\n<div class=\"wp-block-group postinfo alignfull is-layout-flow wp-block-group-is-layout-flow\">\n\t<div class=\"wp-block-mentalhelse-post-category\">\n\t\t\t\t\t<div class=\"post-type\">\n\t\t\t\t\t\t<a href=\"https:\/\/mentalhelse.no\/sandefjord\/aktuelt\/\">Nyheter<\/a>\n\t\t\t\t\t<\/div>\n\t\t\t\t\t\n\t\t\t\t\t<div class=\"post-category\">\n\t\t\t\t\t\t\n\t\t\t\t\t<\/div>\n\t\t\t<\/div>\n\t<a class=\"t2-post-link wp-block-t2-post-link\" href=\"https:\/\/mentalhelse.no\/sandefjord\/aktuelt\/arsmote-papirene-2026\/\">\n\t<h2 class=\"t2-post-title wp-block-t2-post-title\">\u00c5rsm\u00f8tepapirene 2026<\/h2>\n\t<\/a>\n<\/div>\n\n<\/div>\n\n<div class=\"t2-featured-query-post t2-featured-content is-post-type-news wp-block-t2-featured-query-post t2-featured-content-layout-col-4\"><a class=\"t2-post-link wp-block-t2-post-link\" href=\"https:\/\/mentalhelse.no\/sandefjord\/aktuelt\/julebord-2025\/\">\n\t<figure style=\"--t2-focal-point: 50% 50%;\" class=\"t2-post-featured-image has-image-ratio-16-9 wp-block-t2-post-featured-image\"><img loading=\"lazy\" decoding=\"async\" width=\"282\" height=\"200\" src=\"https:\/\/mentalhelse.no\/content\/uploads\/sites\/282\/2025\/12\/i284008264426791871._szw440h440_.jpg\" class=\"attachment-post-thumbnail size-post-thumbnail wp-post-image\" alt=\"\" style=\"--focal-point: 50% 50%;\" \/><\/figure>\n<\/a>\n\n<div class=\"wp-block-group postinfo alignfull is-layout-flow wp-block-group-is-layout-flow\">\n\t<div class=\"wp-block-mentalhelse-post-category\">\n\t\t\t\t\t<div class=\"post-type\">\n\t\t\t\t\t\t<a href=\"https:\/\/mentalhelse.no\/sandefjord\/aktuelt\/\">Nyheter<\/a>\n\t\t\t\t\t<\/div>\n\t\t\t\t\t\n\t\t\t\t\t<div class=\"post-category\">\n\t\t\t\t\t\t\n\t\t\t\t\t<\/div>\n\t\t\t<\/div>\n\t<a class=\"t2-post-link wp-block-t2-post-link\" href=\"https:\/\/mentalhelse.no\/sandefjord\/aktuelt\/julebord-2025\/\">\n\t<h2 class=\"t2-post-title wp-block-t2-post-title\">Julebord 2025<\/h2>\n\t<\/a>\n<\/div>\n\n<\/div>\n<\/div>\n\n\t\t\t<\/div>\n\t\t<\/div>","protected":false},"excerpt":{"rendered":"<p>Styret i Mental Helse Sandefjord har den glede av \u00e5 invitere til \u00e5rsm\u00f8te torsdag 29. februar klokken 18:30 p\u00e5 Forsmannsenteret. Mer informasjon finner du ved&#8230;<\/p>\n","protected":false},"author":9,"featured_media":1079,"parent":0,"template":"","meta":{"t2_featured_media_focal_point":{"x":0.5,"y":0.5},"mh_hide_title":true},"news_category":[],"class_list":["post-1114","news","type-news","status-publish","has-post-thumbnail","hentry"],"yoast_head":"<!-- This site is optimized with the Yoast SEO Premium plugin v21.2 (Yoast SEO v21.2) - https:\/\/yoast.com\/wordpress\/plugins\/seo\/ -->\n<title>\u00c5rsm\u00f8te 2024 - Mental Helse - Sandefjord<\/title>\n<meta name=\"robots\" content=\"index, follow, max-snippet:-1, max-image-preview:large, max-video-preview:-1\" \/>\n<link rel=\"canonical\" href=\"https:\/\/mentalhelse.no\/sandefjord\/aktuelt\/arsmote-2024\/\" \/>\n<meta property=\"og:locale\" content=\"nb_NO\" \/>\n<meta property=\"og:type\" content=\"article\" \/>\n<meta property=\"og:title\" content=\"\u00c5rsm\u00f8te 2024\" \/>\n<meta property=\"og:description\" content=\"Styret i Mental Helse Sandefjord har den glede av \u00e5 invitere til \u00e5rsm\u00f8te torsdag 29. februar klokken 18:30 p\u00e5 Forsmannsenteret. Mer informasjon finner du ved...\" \/>\n<meta property=\"og:url\" content=\"https:\/\/mentalhelse.no\/sandefjord\/aktuelt\/arsmote-2024\/\" \/>\n<meta property=\"og:site_name\" content=\"Sandefjord\" \/>\n<meta property=\"og:image\" content=\"https:\/\/mentalhelse.no\/content\/uploads\/sites\/282\/2023\/12\/Inkalling-Arsmote-1.jpg\" \/>\n\t<meta property=\"og:image:width\" content=\"1320\" \/>\n\t<meta property=\"og:image:height\" content=\"743\" \/>\n\t<meta property=\"og:image:type\" content=\"image\/jpeg\" \/>\n<meta name=\"twitter:card\" content=\"summary_large_image\" \/>\n<meta name=\"twitter:label1\" content=\"Ansl. lesetid\" \/>\n\t<meta name=\"twitter:data1\" content=\"1 minutt\" \/>\n<script type=\"application\/ld+json\" class=\"yoast-schema-graph\">{\"@context\":\"https:\/\/schema.org\",\"@graph\":[{\"@type\":\"WebPage\",\"@id\":\"https:\/\/mentalhelse.no\/sandefjord\/aktuelt\/arsmote-2024\/\",\"url\":\"https:\/\/mentalhelse.no\/sandefjord\/aktuelt\/arsmote-2024\/\",\"name\":\"\u00c5rsm\u00f8te 2024 - Sandefjord\",\"isPartOf\":{\"@id\":\"https:\/\/mentalhelse.no\/sandefjord\/#website\"},\"datePublished\":\"2024-02-02T10:44:31+00:00\",\"dateModified\":\"2024-02-02T10:44:31+00:00\",\"breadcrumb\":{\"@id\":\"https:\/\/mentalhelse.no\/sandefjord\/aktuelt\/arsmote-2024\/#breadcrumb\"},\"inLanguage\":\"nb-NO\",\"potentialAction\":[{\"@type\":\"ReadAction\",\"target\":[\"https:\/\/mentalhelse.no\/sandefjord\/aktuelt\/arsmote-2024\/\"]}]},{\"@type\":\"BreadcrumbList\",\"@id\":\"https:\/\/mentalhelse.no\/sandefjord\/aktuelt\/arsmote-2024\/#breadcrumb\",\"itemListElement\":[{\"@type\":\"ListItem\",\"position\":1,\"name\":\"Hjem\",\"item\":\"https:\/\/mentalhelse.no\/sandefjord\/\"},{\"@type\":\"ListItem\",\"position\":2,\"name\":\"Nyheter\",\"item\":\"https:\/\/mentalhelse.no\/sandefjord\/aktuelt\/\"},{\"@type\":\"ListItem\",\"position\":3,\"name\":\"\u00c5rsm\u00f8te 2024\"}]},{\"@type\":\"WebSite\",\"@id\":\"https:\/\/mentalhelse.no\/sandefjord\/#website\",\"url\":\"https:\/\/mentalhelse.no\/sandefjord\/\",\"name\":\"Sandefjord\",\"description\":\"\",\"potentialAction\":[{\"@type\":\"SearchAction\",\"target\":{\"@type\":\"EntryPoint\",\"urlTemplate\":\"https:\/\/mentalhelse.no\/sandefjord\/?s={search_term_string}\"},\"query-input\":\"required name=search_term_string\"}],\"inLanguage\":\"nb-NO\"}]}<\/script>\n<!-- \/ Yoast SEO Premium plugin. -->","yoast_head_json":{"title":"\u00c5rsm\u00f8te 2024 - Mental Helse - Sandefjord","robots":{"index":"index","follow":"follow","max-snippet":"max-snippet:-1","max-image-preview":"max-image-preview:large","max-video-preview":"max-video-preview:-1"},"canonical":"https:\/\/mentalhelse.no\/sandefjord\/aktuelt\/arsmote-2024\/","og_locale":"nb_NO","og_type":"article","og_title":"\u00c5rsm\u00f8te 2024","og_description":"Styret i Mental Helse Sandefjord har den glede av \u00e5 invitere til \u00e5rsm\u00f8te torsdag 29. februar klokken 18:30 p\u00e5 Forsmannsenteret. Mer informasjon finner du ved...","og_url":"https:\/\/mentalhelse.no\/sandefjord\/aktuelt\/arsmote-2024\/","og_site_name":"Sandefjord","og_image":[{"width":1320,"height":743,"url":"https:\/\/mentalhelse.no\/content\/uploads\/sites\/282\/2023\/12\/Inkalling-Arsmote-1.jpg","type":"image\/jpeg"}],"twitter_card":"summary_large_image","twitter_misc":{"Ansl. lesetid":"1 minutt"},"schema":{"@context":"https:\/\/schema.org","@graph":[{"@type":"WebPage","@id":"https:\/\/mentalhelse.no\/sandefjord\/aktuelt\/arsmote-2024\/","url":"https:\/\/mentalhelse.no\/sandefjord\/aktuelt\/arsmote-2024\/","name":"\u00c5rsm\u00f8te 2024 - Sandefjord","isPartOf":{"@id":"https:\/\/mentalhelse.no\/sandefjord\/#website"},"datePublished":"2024-02-02T10:44:31+00:00","dateModified":"2024-02-02T10:44:31+00:00","breadcrumb":{"@id":"https:\/\/mentalhelse.no\/sandefjord\/aktuelt\/arsmote-2024\/#breadcrumb"},"inLanguage":"nb-NO","potentialAction":[{"@type":"ReadAction","target":["https:\/\/mentalhelse.no\/sandefjord\/aktuelt\/arsmote-2024\/"]}]},{"@type":"BreadcrumbList","@id":"https:\/\/mentalhelse.no\/sandefjord\/aktuelt\/arsmote-2024\/#breadcrumb","itemListElement":[{"@type":"ListItem","position":1,"name":"Hjem","item":"https:\/\/mentalhelse.no\/sandefjord\/"},{"@type":"ListItem","position":2,"name":"Nyheter","item":"https:\/\/mentalhelse.no\/sandefjord\/aktuelt\/"},{"@type":"ListItem","position":3,"name":"\u00c5rsm\u00f8te 2024"}]},{"@type":"WebSite","@id":"https:\/\/mentalhelse.no\/sandefjord\/#website","url":"https:\/\/mentalhelse.no\/sandefjord\/","name":"Sandefjord","description":"","potentialAction":[{"@type":"SearchAction","target":{"@type":"EntryPoint","urlTemplate":"https:\/\/mentalhelse.no\/sandefjord\/?s={search_term_string}"},"query-input":"required name=search_term_string"}],"inLanguage":"nb-NO"}]}},"_links":{"self":[{"href":"https:\/\/mentalhelse.no\/sandefjord\/wp-json\/wp\/v2\/news\/1114","targetHints":{"allow":["GET"]}}],"collection":[{"href":"https:\/\/mentalhelse.no\/sandefjord\/wp-json\/wp\/v2\/news"}],"about":[{"href":"https:\/\/mentalhelse.no\/sandefjord\/wp-json\/wp\/v2\/types\/news"}],"author":[{"embeddable":true,"href":"https:\/\/mentalhelse.no\/sandefjord\/wp-json\/wp\/v2\/users\/9"}],"wp:featuredmedia":[{"embeddable":true,"href":"https:\/\/mentalhelse.no\/sandefjord\/wp-json\/wp\/v2\/media\/1079"}],"wp:attachment":[{"href":"https:\/\/mentalhelse.no\/sandefjord\/wp-json\/wp\/v2\/media?parent=1114"}],"wp:term":[{"taxonomy":"news_category","embeddable":true,"href":"https:\/\/mentalhelse.no\/sandefjord\/wp-json\/wp\/v2\/news_category?post=1114"}],"curies":[{"name":"wp","href":"https:\/\/api.w.org\/{rel}","templated":true}]}}