{"id":1304,"date":"2026-03-11T09:33:44","date_gmt":"2026-03-11T09:33:44","guid":{"rendered":"https:\/\/mentalhelse.no\/sandnes\/?post_type=news&#038;p=1304"},"modified":"2026-03-11T15:08:48","modified_gmt":"2026-03-11T15:08:48","slug":"hva-skjer-pa-tunet-i-sandnes-i-mars","status":"publish","type":"news","link":"https:\/\/mentalhelse.no\/sandnes\/aktuelt\/hva-skjer-pa-tunet-i-sandnes-i-mars\/","title":{"rendered":"Hva skjer p\u00e5 Tunet i Sandnes i Mars"},"content":{"rendered":"<figure class=\"alignwide wp-block-post-featured-image\"><img loading=\"lazy\" decoding=\"async\" width=\"1920\" height=\"1080\" src=\"https:\/\/mentalhelse.no\/content\/uploads\/sites\/259\/2026\/03\/Beige-and-Pink-Modern-Watercolor-Calendar-3.png\" class=\"attachment-post-thumbnail size-post-thumbnail wp-post-image\" alt=\"\" style=\"object-fit:cover; --focal-point: 50% 50%;\" srcset=\"https:\/\/mentalhelse.no\/content\/uploads\/sites\/259\/2026\/03\/Beige-and-Pink-Modern-Watercolor-Calendar-3.png 1920w, https:\/\/mentalhelse.no\/content\/uploads\/sites\/259\/2026\/03\/Beige-and-Pink-Modern-Watercolor-Calendar-3-300x169.png 300w, https:\/\/mentalhelse.no\/content\/uploads\/sites\/259\/2026\/03\/Beige-and-Pink-Modern-Watercolor-Calendar-3-1024x576.png 1024w, https:\/\/mentalhelse.no\/content\/uploads\/sites\/259\/2026\/03\/Beige-and-Pink-Modern-Watercolor-Calendar-3-768x432.png 768w, https:\/\/mentalhelse.no\/content\/uploads\/sites\/259\/2026\/03\/Beige-and-Pink-Modern-Watercolor-Calendar-3-1536x864.png 1536w\" sizes=\"auto, (max-width: 1920px) 100vw, 1920px\" \/><\/figure>\n\n<h1 class=\"wp-block-post-title\">Hva skjer p\u00e5 Tunet i Sandnes i Mars<\/h1>\n\n<div class=\"is-img-top mh-byline wp-block-mh-byline\">\n                  <div class=\"mh-byline__inner\">\n                  \t\n                  \t<div class=\"mh-byline__meta\">\n                  \t\t<div class=\"mh-byline__post\">\n                  \t\t\t<div class=\"entry-date\">11.03.2026<\/div>\n                  \t\t<\/div>\n                  \t\t<div class=\"mh-byline__author\">\n                  \t\t\t <span class=\"mh-byline__author-link\">lagsandnes<\/span>\n\t\t\t\t\t\t<\/div>\n\t\t\t\t\t<\/div>\n\t\t\t\t<\/div>\n\t\t<\/div>\n\n\n<p>Mars er godt i gang p\u00e5 Tunet i Sandnes. Her er aktivitetskalenderen v\u00e5r. Vi h\u00e5per du finner noe som frister. Du er hjertelig velkommen innom til fellesskap, en kopp kaffe\/ te, gode samtaler og fine stunder sammen. H\u00e5per vi sees!<\/p>\n\n\n\n\t\t<div class=\"mh-related-posts alignfull alignfull wp-block-mentalhelse-related-posts gray-mode\">\n\t\t\t<div class=\"mh-related-posts__inner\">\n\t\t\t\t\n\n<h3 class=\"wp-block-heading\" id=\"h-also-read\">Also read<\/h3>\n\n\n<div class=\"t2-featured-content-layout alignwide alignwide wp-block-t2-featured-content-layout\">\n<div class=\"t2-featured-query-post t2-featured-content is-post-type-news wp-block-t2-featured-query-post t2-featured-content-layout-col-4\"><a class=\"t2-post-link wp-block-t2-post-link\" href=\"https:\/\/mentalhelse.no\/sandnes\/aktuelt\/hva-skjer-pa-tunet-i-mai\/\">\n\t<figure style=\"--t2-focal-point: 50% 50%;\" class=\"t2-post-featured-image has-image-ratio-16-9 wp-block-t2-post-featured-image\"><img loading=\"lazy\" decoding=\"async\" width=\"1920\" height=\"1080\" src=\"https:\/\/mentalhelse.no\/content\/uploads\/sites\/259\/2026\/04\/MAI.png\" class=\"attachment-post-thumbnail size-post-thumbnail wp-post-image\" alt=\"\" srcset=\"https:\/\/mentalhelse.no\/content\/uploads\/sites\/259\/2026\/04\/MAI.png 1920w, https:\/\/mentalhelse.no\/content\/uploads\/sites\/259\/2026\/04\/MAI-300x169.png 300w, https:\/\/mentalhelse.no\/content\/uploads\/sites\/259\/2026\/04\/MAI-1024x576.png 1024w, https:\/\/mentalhelse.no\/content\/uploads\/sites\/259\/2026\/04\/MAI-768x432.png 768w, https:\/\/mentalhelse.no\/content\/uploads\/sites\/259\/2026\/04\/MAI-1536x864.png 1536w\" sizes=\"auto, (max-width: 1920px) 100vw, 1920px\" style=\"--focal-point: 50% 50%;\" \/><\/figure>\n<\/a>\n\n<div class=\"wp-block-group postinfo alignfull is-layout-flow wp-block-group-is-layout-flow\">\n\t<div class=\"wp-block-mentalhelse-post-category\">\n\t\t\t\t\t<div class=\"post-type\">\n\t\t\t\t\t\t<a href=\"https:\/\/mentalhelse.no\/sandnes\/aktuelt\/\">Nyheter<\/a>\n\t\t\t\t\t<\/div>\n\t\t\t\t\t\n\t\t\t\t\t<div class=\"post-category\">\n\t\t\t\t\t\t\n\t\t\t\t\t<\/div>\n\t\t\t<\/div>\n\t<a class=\"t2-post-link wp-block-t2-post-link\" href=\"https:\/\/mentalhelse.no\/sandnes\/aktuelt\/hva-skjer-pa-tunet-i-mai\/\">\n\t<h2 class=\"t2-post-title wp-block-t2-post-title\">Hva skjer p\u00e5 Tunet i Mai<\/h2>\n\t<\/a>\n<\/div>\n\n<\/div>\n\n<div class=\"t2-featured-query-post t2-featured-content is-post-type-news wp-block-t2-featured-query-post t2-featured-content-layout-col-4\"><a class=\"t2-post-link wp-block-t2-post-link\" href=\"https:\/\/mentalhelse.no\/sandnes\/aktuelt\/paskeapent-pa-tunet-2026\/\">\n\t<figure style=\"--t2-focal-point: 50% 50%;\" class=\"t2-post-featured-image has-image-ratio-16-9 wp-block-t2-post-featured-image\"><img loading=\"lazy\" decoding=\"async\" width=\"1200\" height=\"630\" src=\"https:\/\/mentalhelse.no\/content\/uploads\/sites\/259\/2026\/03\/Pasken-har-kommet-3.png\" class=\"attachment-post-thumbnail size-post-thumbnail wp-post-image\" alt=\"\" srcset=\"https:\/\/mentalhelse.no\/content\/uploads\/sites\/259\/2026\/03\/Pasken-har-kommet-3.png 1200w, https:\/\/mentalhelse.no\/content\/uploads\/sites\/259\/2026\/03\/Pasken-har-kommet-3-300x158.png 300w, https:\/\/mentalhelse.no\/content\/uploads\/sites\/259\/2026\/03\/Pasken-har-kommet-3-1024x538.png 1024w, https:\/\/mentalhelse.no\/content\/uploads\/sites\/259\/2026\/03\/Pasken-har-kommet-3-768x403.png 768w\" sizes=\"auto, (max-width: 1200px) 100vw, 1200px\" style=\"--focal-point: 50% 50%;\" \/><\/figure>\n<\/a>\n\n<div class=\"wp-block-group postinfo alignfull is-layout-flow wp-block-group-is-layout-flow\">\n\t<div class=\"wp-block-mentalhelse-post-category\">\n\t\t\t\t\t<div class=\"post-type\">\n\t\t\t\t\t\t<a href=\"https:\/\/mentalhelse.no\/sandnes\/aktuelt\/\">Nyheter<\/a>\n\t\t\t\t\t<\/div>\n\t\t\t\t\t\n\t\t\t\t\t<div class=\"post-category\">\n\t\t\t\t\t\t\n\t\t\t\t\t<\/div>\n\t\t\t<\/div>\n\t<a class=\"t2-post-link wp-block-t2-post-link\" href=\"https:\/\/mentalhelse.no\/sandnes\/aktuelt\/paskeapent-pa-tunet-2026\/\">\n\t<h2 class=\"t2-post-title wp-block-t2-post-title\">P\u00e5ske\u00e5pent p\u00e5 Tunet 2026<\/h2>\n\t<\/a>\n<\/div>\n\n<\/div>\n\n<div class=\"t2-featured-query-post t2-featured-content is-post-type-news wp-block-t2-featured-query-post t2-featured-content-layout-col-4\"><a class=\"t2-post-link wp-block-t2-post-link\" href=\"https:\/\/mentalhelse.no\/sandnes\/aktuelt\/julen-pa-tunet\/\">\n\t<figure style=\"--t2-focal-point: 50% 50%;\" class=\"t2-post-featured-image has-image-ratio-16-9 wp-block-t2-post-featured-image\"><img loading=\"lazy\" decoding=\"async\" width=\"599\" height=\"799\" src=\"https:\/\/mentalhelse.no\/content\/uploads\/sites\/259\/2026\/01\/image0000021-2.jpg\" class=\"attachment-post-thumbnail size-post-thumbnail wp-post-image\" alt=\"\" srcset=\"https:\/\/mentalhelse.no\/content\/uploads\/sites\/259\/2026\/01\/image0000021-2.jpg 599w, https:\/\/mentalhelse.no\/content\/uploads\/sites\/259\/2026\/01\/image0000021-2-225x300.jpg 225w\" sizes=\"auto, (max-width: 599px) 100vw, 599px\" style=\"--focal-point: 50% 50%;\" \/><\/figure>\n<\/a>\n\n<div class=\"wp-block-group postinfo alignfull is-layout-flow wp-block-group-is-layout-flow\">\n\t<div class=\"wp-block-mentalhelse-post-category\">\n\t\t\t\t\t<div class=\"post-type\">\n\t\t\t\t\t\t<a href=\"https:\/\/mentalhelse.no\/sandnes\/aktuelt\/\">Nyheter<\/a>\n\t\t\t\t\t<\/div>\n\t\t\t\t\t\n\t\t\t\t\t<div class=\"post-category\">\n\t\t\t\t\t\t\n\t\t\t\t\t<\/div>\n\t\t\t<\/div>\n\t<a class=\"t2-post-link wp-block-t2-post-link\" href=\"https:\/\/mentalhelse.no\/sandnes\/aktuelt\/julen-pa-tunet\/\">\n\t<h2 class=\"t2-post-title wp-block-t2-post-title\">Julen p\u00e5 Tunet<\/h2>\n\t<\/a>\n<\/div>\n\n<\/div>\n<\/div>\n\n\t\t\t<\/div>\n\t\t<\/div>","protected":false},"excerpt":{"rendered":"<p>Mars er godt i gang p\u00e5 Tunet i Sandnes. Her er aktivitetskalenderen v\u00e5r. Vi h\u00e5per du finner noe som frister. Du er hjertelig velkommen innom&#8230;<\/p>\n","protected":false},"author":68,"featured_media":1307,"parent":0,"template":"","meta":{"t2_featured_media_focal_point":{"x":0.5,"y":0.5},"mh_hide_title":true},"news_category":[],"class_list":["post-1304","news","type-news","status-publish","has-post-thumbnail","hentry"],"yoast_head":"<!-- This site is optimized with the Yoast SEO Premium plugin v21.2 (Yoast SEO v21.2) - https:\/\/yoast.com\/wordpress\/plugins\/seo\/ -->\n<title>Hva skjer p\u00e5 Tunet i Mental Helse - Sandnes i Mars - Mental Helse - Sandnes<\/title>\n<meta name=\"robots\" content=\"index, follow, max-snippet:-1, max-image-preview:large, max-video-preview:-1\" \/>\n<link rel=\"canonical\" href=\"https:\/\/mentalhelse.no\/sandnes\/aktuelt\/hva-skjer-pa-tunet-i-sandnes-i-mars\/\" \/>\n<meta property=\"og:locale\" content=\"nb_NO\" \/>\n<meta property=\"og:type\" content=\"article\" \/>\n<meta property=\"og:title\" content=\"Hva skjer p\u00e5 Tunet i Sandnes i Mars\" \/>\n<meta property=\"og:description\" content=\"Mars er godt i gang p\u00e5 Tunet i Sandnes. Her er aktivitetskalenderen v\u00e5r. Vi h\u00e5per du finner noe som frister. Du er hjertelig velkommen innom...\" \/>\n<meta property=\"og:url\" content=\"https:\/\/mentalhelse.no\/sandnes\/aktuelt\/hva-skjer-pa-tunet-i-sandnes-i-mars\/\" \/>\n<meta property=\"og:site_name\" content=\"Sandnes\" \/>\n<meta property=\"article:modified_time\" content=\"2026-03-11T15:08:48+00:00\" \/>\n<meta property=\"og:image\" content=\"https:\/\/mentalhelse.no\/content\/uploads\/sites\/259\/2026\/03\/Beige-and-Pink-Modern-Watercolor-Calendar-3.png\" \/>\n\t<meta property=\"og:image:width\" content=\"1920\" \/>\n\t<meta property=\"og:image:height\" content=\"1080\" \/>\n\t<meta property=\"og:image:type\" content=\"image\/png\" \/>\n<meta name=\"twitter:card\" content=\"summary_large_image\" \/>\n<meta name=\"twitter:label1\" content=\"Ansl. lesetid\" \/>\n\t<meta name=\"twitter:data1\" content=\"1 minutt\" \/>\n<script type=\"application\/ld+json\" class=\"yoast-schema-graph\">{\"@context\":\"https:\/\/schema.org\",\"@graph\":[{\"@type\":\"WebPage\",\"@id\":\"https:\/\/mentalhelse.no\/sandnes\/aktuelt\/hva-skjer-pa-tunet-i-sandnes-i-mars\/\",\"url\":\"https:\/\/mentalhelse.no\/sandnes\/aktuelt\/hva-skjer-pa-tunet-i-sandnes-i-mars\/\",\"name\":\"Hva skjer p\u00e5 Tunet i Sandnes i Mars - Sandnes\",\"isPartOf\":{\"@id\":\"https:\/\/mentalhelse.no\/sandnes\/#website\"},\"datePublished\":\"2026-03-11T09:33:44+00:00\",\"dateModified\":\"2026-03-11T15:08:48+00:00\",\"breadcrumb\":{\"@id\":\"https:\/\/mentalhelse.no\/sandnes\/aktuelt\/hva-skjer-pa-tunet-i-sandnes-i-mars\/#breadcrumb\"},\"inLanguage\":\"nb-NO\",\"potentialAction\":[{\"@type\":\"ReadAction\",\"target\":[\"https:\/\/mentalhelse.no\/sandnes\/aktuelt\/hva-skjer-pa-tunet-i-sandnes-i-mars\/\"]}]},{\"@type\":\"BreadcrumbList\",\"@id\":\"https:\/\/mentalhelse.no\/sandnes\/aktuelt\/hva-skjer-pa-tunet-i-sandnes-i-mars\/#breadcrumb\",\"itemListElement\":[{\"@type\":\"ListItem\",\"position\":1,\"name\":\"Hjem\",\"item\":\"https:\/\/mentalhelse.no\/sandnes\/\"},{\"@type\":\"ListItem\",\"position\":2,\"name\":\"Nyheter\",\"item\":\"https:\/\/mentalhelse.no\/sandnes\/aktuelt\/\"},{\"@type\":\"ListItem\",\"position\":3,\"name\":\"Hva skjer p\u00e5 Tunet i Sandnes i Mars\"}]},{\"@type\":\"WebSite\",\"@id\":\"https:\/\/mentalhelse.no\/sandnes\/#website\",\"url\":\"https:\/\/mentalhelse.no\/sandnes\/\",\"name\":\"Sandnes\",\"description\":\"\",\"potentialAction\":[{\"@type\":\"SearchAction\",\"target\":{\"@type\":\"EntryPoint\",\"urlTemplate\":\"https:\/\/mentalhelse.no\/sandnes\/?s={search_term_string}\"},\"query-input\":\"required name=search_term_string\"}],\"inLanguage\":\"nb-NO\"}]}<\/script>\n<!-- \/ Yoast SEO Premium plugin. -->","yoast_head_json":{"title":"Hva skjer p\u00e5 Tunet i Mental Helse - Sandnes i Mars - Mental Helse - Sandnes","robots":{"index":"index","follow":"follow","max-snippet":"max-snippet:-1","max-image-preview":"max-image-preview:large","max-video-preview":"max-video-preview:-1"},"canonical":"https:\/\/mentalhelse.no\/sandnes\/aktuelt\/hva-skjer-pa-tunet-i-sandnes-i-mars\/","og_locale":"nb_NO","og_type":"article","og_title":"Hva skjer p\u00e5 Tunet i Sandnes i Mars","og_description":"Mars er godt i gang p\u00e5 Tunet i Sandnes. Her er aktivitetskalenderen v\u00e5r. Vi h\u00e5per du finner noe som frister. Du er hjertelig velkommen innom...","og_url":"https:\/\/mentalhelse.no\/sandnes\/aktuelt\/hva-skjer-pa-tunet-i-sandnes-i-mars\/","og_site_name":"Sandnes","article_modified_time":"2026-03-11T15:08:48+00:00","og_image":[{"width":1920,"height":1080,"url":"https:\/\/mentalhelse.no\/content\/uploads\/sites\/259\/2026\/03\/Beige-and-Pink-Modern-Watercolor-Calendar-3.png","type":"image\/png"}],"twitter_card":"summary_large_image","twitter_misc":{"Ansl. lesetid":"1 minutt"},"schema":{"@context":"https:\/\/schema.org","@graph":[{"@type":"WebPage","@id":"https:\/\/mentalhelse.no\/sandnes\/aktuelt\/hva-skjer-pa-tunet-i-sandnes-i-mars\/","url":"https:\/\/mentalhelse.no\/sandnes\/aktuelt\/hva-skjer-pa-tunet-i-sandnes-i-mars\/","name":"Hva skjer p\u00e5 Tunet i Sandnes i Mars - Sandnes","isPartOf":{"@id":"https:\/\/mentalhelse.no\/sandnes\/#website"},"datePublished":"2026-03-11T09:33:44+00:00","dateModified":"2026-03-11T15:08:48+00:00","breadcrumb":{"@id":"https:\/\/mentalhelse.no\/sandnes\/aktuelt\/hva-skjer-pa-tunet-i-sandnes-i-mars\/#breadcrumb"},"inLanguage":"nb-NO","potentialAction":[{"@type":"ReadAction","target":["https:\/\/mentalhelse.no\/sandnes\/aktuelt\/hva-skjer-pa-tunet-i-sandnes-i-mars\/"]}]},{"@type":"BreadcrumbList","@id":"https:\/\/mentalhelse.no\/sandnes\/aktuelt\/hva-skjer-pa-tunet-i-sandnes-i-mars\/#breadcrumb","itemListElement":[{"@type":"ListItem","position":1,"name":"Hjem","item":"https:\/\/mentalhelse.no\/sandnes\/"},{"@type":"ListItem","position":2,"name":"Nyheter","item":"https:\/\/mentalhelse.no\/sandnes\/aktuelt\/"},{"@type":"ListItem","position":3,"name":"Hva skjer p\u00e5 Tunet i Sandnes i Mars"}]},{"@type":"WebSite","@id":"https:\/\/mentalhelse.no\/sandnes\/#website","url":"https:\/\/mentalhelse.no\/sandnes\/","name":"Sandnes","description":"","potentialAction":[{"@type":"SearchAction","target":{"@type":"EntryPoint","urlTemplate":"https:\/\/mentalhelse.no\/sandnes\/?s={search_term_string}"},"query-input":"required name=search_term_string"}],"inLanguage":"nb-NO"}]}},"_links":{"self":[{"href":"https:\/\/mentalhelse.no\/sandnes\/wp-json\/wp\/v2\/news\/1304","targetHints":{"allow":["GET"]}}],"collection":[{"href":"https:\/\/mentalhelse.no\/sandnes\/wp-json\/wp\/v2\/news"}],"about":[{"href":"https:\/\/mentalhelse.no\/sandnes\/wp-json\/wp\/v2\/types\/news"}],"author":[{"embeddable":true,"href":"https:\/\/mentalhelse.no\/sandnes\/wp-json\/wp\/v2\/users\/68"}],"wp:featuredmedia":[{"embeddable":true,"href":"https:\/\/mentalhelse.no\/sandnes\/wp-json\/wp\/v2\/media\/1307"}],"wp:attachment":[{"href":"https:\/\/mentalhelse.no\/sandnes\/wp-json\/wp\/v2\/media?parent=1304"}],"wp:term":[{"taxonomy":"news_category","embeddable":true,"href":"https:\/\/mentalhelse.no\/sandnes\/wp-json\/wp\/v2\/news_category?post=1304"}],"curies":[{"name":"wp","href":"https:\/\/api.w.org\/{rel}","templated":true}]}}