{"id":1033,"date":"2024-06-12T11:44:20","date_gmt":"2024-06-12T11:44:20","guid":{"rendered":"https:\/\/mentalhelse.no\/sauda\/?post_type=news&#038;p=1033"},"modified":"2024-06-12T11:44:20","modified_gmt":"2024-06-12T11:44:20","slug":"forste-pride-markering-i-sneaths-park-i-sauda","status":"publish","type":"news","link":"https:\/\/mentalhelse.no\/sauda\/aktuelt\/forste-pride-markering-i-sneaths-park-i-sauda\/","title":{"rendered":"F\u00f8rste Pride-markering i Sneaths park i Sauda"},"content":{"rendered":"<figure class=\"alignwide wp-block-post-featured-image\"><img loading=\"lazy\" decoding=\"async\" width=\"1920\" height=\"1080\" src=\"https:\/\/mentalhelse.no\/content\/uploads\/sites\/260\/2024\/06\/received_664894885815117-1.jpeg\" class=\"attachment-post-thumbnail size-post-thumbnail wp-post-image\" alt=\"\" style=\"object-fit:cover; --focal-point: 50% 50%;\" srcset=\"https:\/\/mentalhelse.no\/content\/uploads\/sites\/260\/2024\/06\/received_664894885815117-1.jpeg 1920w, https:\/\/mentalhelse.no\/content\/uploads\/sites\/260\/2024\/06\/received_664894885815117-1-300x169.jpeg 300w, https:\/\/mentalhelse.no\/content\/uploads\/sites\/260\/2024\/06\/received_664894885815117-1-1024x576.jpeg 1024w, https:\/\/mentalhelse.no\/content\/uploads\/sites\/260\/2024\/06\/received_664894885815117-1-768x432.jpeg 768w, https:\/\/mentalhelse.no\/content\/uploads\/sites\/260\/2024\/06\/received_664894885815117-1-1536x864.jpeg 1536w\" sizes=\"auto, (max-width: 1920px) 100vw, 1920px\" \/><\/figure>\n\n<h1 class=\"wp-block-post-title\">F\u00f8rste Pride-markering i Sneaths park i Sauda<\/h1>\n\n<div class=\"is-img-top mh-byline wp-block-mh-byline\">\n                  <div class=\"mh-byline__inner\">\n                  \t\n                  \t<div class=\"mh-byline__meta\">\n                  \t\t<div class=\"mh-byline__post\">\n                  \t\t\t<div class=\"entry-date\">12.06.2024<\/div>\n                  \t\t<\/div>\n                  \t\t<div class=\"mh-byline__author\">\n                  \t\t\t <span class=\"mh-byline__author-link\">Erik Fransson<\/span>\n\t\t\t\t\t\t<\/div>\n\t\t\t\t\t<\/div>\n\t\t\t\t<\/div>\n\t\t<\/div>\n\n\n<p>Sammen med Sauda arbeiderparti og Sauda IL hadde vi PRIDE arrangement 10.juni. Dette ble stor suksess med over 200 personer som m\u00f8tte opp. Vi fikk masse st\u00f8tte fra lokalsamfunnet som gjorde at vi kunne gi bort frukt, kaker, drikke og grille p\u00f8lser. Tusen takk til alle som deltok og til de som st\u00f8ttet arrangementet.<br>Dette vil vi gj\u00f8r igjen neste \u00e5r!<\/p>\n\n\n\n<p>Ryfylke nettavis har laget egen sak som du kan <a href=\"https:\/\/ryfylke.net\/2024\/06\/10\/endelig-pride-fest-i-sauda-dette-har-me-venta-pa\/?fbclid=IwZXh0bgNhZW0CMTEAAR1jB5MvDJOuYGA2xy8stLnFnyrkZrvqb6AMgAuMRlIM0BJCbpI4nfgWnsY_aem_AaRZe1iEvSWODa-BstG-n9jk1lwSnp4yPOktVeRVlLQEtlwHVPR1BLVVWDV6rM2LN7r8HFos50fhG0yCcqEM7Yv6\">lese her <\/a>(Krever abonnement) <\/p>\n\n\n\n<p>   <\/p>\n\n\n\n\t\t<div class=\"mh-related-posts alignfull alignfull wp-block-mentalhelse-related-posts gray-mode\">\n\t\t\t<div class=\"mh-related-posts__inner\">\n\t\t\t\t\n\n<h3 class=\"wp-block-heading\" id=\"h-also-read\">Also read<\/h3>\n\n\n<div class=\"t2-featured-content-layout alignwide alignwide wp-block-t2-featured-content-layout\">\n<div class=\"t2-featured-query-post t2-featured-content is-post-type-news wp-block-t2-featured-query-post t2-featured-content-layout-col-4\"><a class=\"t2-post-link wp-block-t2-post-link\" href=\"https:\/\/mentalhelse.no\/sauda\/aktuelt\/hyggelig-sommerfest-med-mental-helse-sauda\/\">\n\t<figure style=\"--t2-focal-point: 50% 50%;\" class=\"t2-post-featured-image has-image-ratio-16-9 wp-block-t2-post-featured-image\"><img loading=\"lazy\" decoding=\"async\" width=\"1260\" height=\"2240\" src=\"https:\/\/mentalhelse.no\/content\/uploads\/sites\/260\/2024\/06\/Snapchat-1894707887.jpg\" class=\"attachment-post-thumbnail size-post-thumbnail wp-post-image\" alt=\"\" srcset=\"https:\/\/mentalhelse.no\/content\/uploads\/sites\/260\/2024\/06\/Snapchat-1894707887.jpg 1260w, https:\/\/mentalhelse.no\/content\/uploads\/sites\/260\/2024\/06\/Snapchat-1894707887-169x300.jpg 169w, https:\/\/mentalhelse.no\/content\/uploads\/sites\/260\/2024\/06\/Snapchat-1894707887-576x1024.jpg 576w, https:\/\/mentalhelse.no\/content\/uploads\/sites\/260\/2024\/06\/Snapchat-1894707887-768x1365.jpg 768w, https:\/\/mentalhelse.no\/content\/uploads\/sites\/260\/2024\/06\/Snapchat-1894707887-864x1536.jpg 864w, https:\/\/mentalhelse.no\/content\/uploads\/sites\/260\/2024\/06\/Snapchat-1894707887-1152x2048.jpg 1152w\" sizes=\"auto, (max-width: 1260px) 100vw, 1260px\" style=\"--focal-point: 50% 50%;\" \/><\/figure>\n<\/a>\n\n<div class=\"wp-block-group postinfo alignfull is-layout-flow wp-block-group-is-layout-flow\">\n\t<div class=\"wp-block-mentalhelse-post-category\">\n\t\t\t\t\t<div class=\"post-type\">\n\t\t\t\t\t\t<a href=\"https:\/\/mentalhelse.no\/sauda\/aktuelt\/\">Nyheter<\/a>\n\t\t\t\t\t<\/div>\n\t\t\t\t\t\n\t\t\t\t\t<div class=\"post-category\">\n\t\t\t\t\t\t\n\t\t\t\t\t<\/div>\n\t\t\t<\/div>\n\t<a class=\"t2-post-link wp-block-t2-post-link\" href=\"https:\/\/mentalhelse.no\/sauda\/aktuelt\/hyggelig-sommerfest-med-mental-helse-sauda\/\">\n\t<h2 class=\"t2-post-title wp-block-t2-post-title\">Hyggelig sommerfest med Mental helse Sauda!<\/h2>\n\t<\/a>\n<\/div>\n\n<\/div>\n\n<div class=\"t2-featured-query-post t2-featured-content is-post-type-news news_category-verdensdagen wp-block-t2-featured-query-post t2-featured-content-layout-col-4\"><a class=\"t2-post-link wp-block-t2-post-link\" href=\"https:\/\/mentalhelse.no\/sauda\/aktuelt\/inkluderende-familiedag-og-foredrag-med-petter-nyquist-i-sauda\/\">\n\t<figure style=\"--t2-focal-point: 53% 18%;\" class=\"t2-post-featured-image has-image-ratio-16-9 wp-block-t2-post-featured-image\"><img loading=\"lazy\" decoding=\"async\" width=\"2402\" height=\"1582\" src=\"https:\/\/mentalhelse.no\/content\/uploads\/sites\/260\/2023\/10\/Sauda-scaled-e1697024869476.jpeg\" class=\"attachment-post-thumbnail size-post-thumbnail wp-post-image\" alt=\"\" srcset=\"https:\/\/mentalhelse.no\/content\/uploads\/sites\/260\/2023\/10\/Sauda-scaled-e1697024869476.jpeg 2402w, https:\/\/mentalhelse.no\/content\/uploads\/sites\/260\/2023\/10\/Sauda-scaled-e1697024869476-300x198.jpeg 300w, https:\/\/mentalhelse.no\/content\/uploads\/sites\/260\/2023\/10\/Sauda-scaled-e1697024869476-1024x674.jpeg 1024w, https:\/\/mentalhelse.no\/content\/uploads\/sites\/260\/2023\/10\/Sauda-scaled-e1697024869476-768x506.jpeg 768w, https:\/\/mentalhelse.no\/content\/uploads\/sites\/260\/2023\/10\/Sauda-scaled-e1697024869476-1536x1012.jpeg 1536w, https:\/\/mentalhelse.no\/content\/uploads\/sites\/260\/2023\/10\/Sauda-scaled-e1697024869476-2048x1349.jpeg 2048w\" sizes=\"auto, (max-width: 2402px) 100vw, 2402px\" style=\"--focal-point: 53% 18%;\" \/><\/figure>\n<\/a>\n\n<div class=\"wp-block-group postinfo alignfull is-layout-flow wp-block-group-is-layout-flow\">\n\t<div class=\"wp-block-mentalhelse-post-category\">\n\t\t\t\t\t<div class=\"post-type\">\n\t\t\t\t\t\t<a href=\"https:\/\/mentalhelse.no\/sauda\/aktuelt\/\">Nyheter<\/a>\n\t\t\t\t\t<\/div>\n\t\t\t\t\t<div class=\"separator\"><\/div>\n\t\t\t\t\t<div class=\"post-category\">\n\t\t\t\t\t\t<a href=\"https:\/\/mentalhelse.no\/sauda\/aktuelt-kategori\/verdensdagen\/\">Verdensdagen<\/a>\n\t\t\t\t\t<\/div>\n\t\t\t<\/div>\n\t<a class=\"t2-post-link wp-block-t2-post-link\" href=\"https:\/\/mentalhelse.no\/sauda\/aktuelt\/inkluderende-familiedag-og-foredrag-med-petter-nyquist-i-sauda\/\">\n\t<h2 class=\"t2-post-title wp-block-t2-post-title\">Inkluderende familiedag og foredrag med Petter Nyquist i Sauda<\/h2>\n\t<\/a>\n<\/div>\n\n<\/div>\n\n\n<\/div>\n\n\t\t\t<\/div>\n\t\t<\/div>","protected":false},"excerpt":{"rendered":"<p>Sammen med Sauda arbeiderparti og Sauda IL hadde vi PRIDE arrangement 10.juni. Dette ble stor suksess med over 200 personer som m\u00f8tte opp. Vi fikk&#8230;<\/p>\n","protected":false},"author":10,"featured_media":1038,"parent":0,"template":"","meta":{"t2_featured_media_focal_point":{"x":0.5,"y":0.5},"mh_hide_title":true},"news_category":[],"class_list":["post-1033","news","type-news","status-publish","has-post-thumbnail","hentry"],"yoast_head":"<!-- This site is optimized with the Yoast SEO Premium plugin v21.2 (Yoast SEO v21.2) - https:\/\/yoast.com\/wordpress\/plugins\/seo\/ -->\n<title>F\u00f8rste Pride-markering i Sneaths park i Mental Helse - Sauda - Mental Helse - Sauda<\/title>\n<meta name=\"description\" content=\"Mental Helse Sauda med Pride markering i samarbeid med Sauda Arbeiderparti og Sauda Idrettslag.\" \/>\n<meta name=\"robots\" content=\"index, follow, max-snippet:-1, max-image-preview:large, max-video-preview:-1\" \/>\n<link rel=\"canonical\" href=\"https:\/\/mentalhelse.no\/sauda\/aktuelt\/forste-pride-markering-i-sneaths-park-i-sauda\/\" \/>\n<meta property=\"og:locale\" content=\"nb_NO\" \/>\n<meta property=\"og:type\" content=\"article\" \/>\n<meta property=\"og:title\" content=\"F\u00f8rste Pride-markering i Sneaths park i Sauda\" \/>\n<meta property=\"og:description\" content=\"Mental Helse Sauda med Pride markering i samarbeid med Sauda Arbeiderparti og Sauda Idrettslag.\" \/>\n<meta property=\"og:url\" content=\"https:\/\/mentalhelse.no\/sauda\/aktuelt\/forste-pride-markering-i-sneaths-park-i-sauda\/\" \/>\n<meta property=\"og:site_name\" content=\"Sauda\" \/>\n<meta property=\"og:image\" content=\"https:\/\/mentalhelse.no\/content\/uploads\/sites\/260\/2024\/06\/received_664894885815117-1.jpeg\" \/>\n\t<meta property=\"og:image:width\" content=\"1920\" \/>\n\t<meta property=\"og:image:height\" content=\"1080\" \/>\n\t<meta property=\"og:image:type\" content=\"image\/jpeg\" \/>\n<meta name=\"twitter:card\" content=\"summary_large_image\" \/>\n<meta name=\"twitter:label1\" content=\"Ansl. lesetid\" \/>\n\t<meta name=\"twitter:data1\" content=\"1 minutt\" \/>\n<script type=\"application\/ld+json\" class=\"yoast-schema-graph\">{\"@context\":\"https:\/\/schema.org\",\"@graph\":[{\"@type\":\"WebPage\",\"@id\":\"https:\/\/mentalhelse.no\/sauda\/aktuelt\/forste-pride-markering-i-sneaths-park-i-sauda\/\",\"url\":\"https:\/\/mentalhelse.no\/sauda\/aktuelt\/forste-pride-markering-i-sneaths-park-i-sauda\/\",\"name\":\"F\u00f8rste Pride-markering i Sneaths park i Sauda - Sauda\",\"isPartOf\":{\"@id\":\"https:\/\/mentalhelse.no\/sauda\/#website\"},\"datePublished\":\"2024-06-12T11:44:20+00:00\",\"dateModified\":\"2024-06-12T11:44:20+00:00\",\"description\":\"Mental Helse Sauda med Pride markering i samarbeid med Sauda Arbeiderparti og Sauda Idrettslag.\",\"breadcrumb\":{\"@id\":\"https:\/\/mentalhelse.no\/sauda\/aktuelt\/forste-pride-markering-i-sneaths-park-i-sauda\/#breadcrumb\"},\"inLanguage\":\"nb-NO\",\"potentialAction\":[{\"@type\":\"ReadAction\",\"target\":[\"https:\/\/mentalhelse.no\/sauda\/aktuelt\/forste-pride-markering-i-sneaths-park-i-sauda\/\"]}]},{\"@type\":\"BreadcrumbList\",\"@id\":\"https:\/\/mentalhelse.no\/sauda\/aktuelt\/forste-pride-markering-i-sneaths-park-i-sauda\/#breadcrumb\",\"itemListElement\":[{\"@type\":\"ListItem\",\"position\":1,\"name\":\"Hjem\",\"item\":\"https:\/\/mentalhelse.no\/sauda\/\"},{\"@type\":\"ListItem\",\"position\":2,\"name\":\"Nyheter\",\"item\":\"https:\/\/mentalhelse.no\/sauda\/aktuelt\/\"},{\"@type\":\"ListItem\",\"position\":3,\"name\":\"F\u00f8rste Pride-markering i Sneaths park i Sauda\"}]},{\"@type\":\"WebSite\",\"@id\":\"https:\/\/mentalhelse.no\/sauda\/#website\",\"url\":\"https:\/\/mentalhelse.no\/sauda\/\",\"name\":\"Sauda\",\"description\":\"\",\"potentialAction\":[{\"@type\":\"SearchAction\",\"target\":{\"@type\":\"EntryPoint\",\"urlTemplate\":\"https:\/\/mentalhelse.no\/sauda\/?s={search_term_string}\"},\"query-input\":\"required name=search_term_string\"}],\"inLanguage\":\"nb-NO\"}]}<\/script>\n<!-- \/ Yoast SEO Premium plugin. -->","yoast_head_json":{"title":"F\u00f8rste Pride-markering i Sneaths park i Mental Helse - Sauda - Mental Helse - Sauda","description":"Mental Helse Sauda med Pride markering i samarbeid med Sauda Arbeiderparti og Sauda Idrettslag.","robots":{"index":"index","follow":"follow","max-snippet":"max-snippet:-1","max-image-preview":"max-image-preview:large","max-video-preview":"max-video-preview:-1"},"canonical":"https:\/\/mentalhelse.no\/sauda\/aktuelt\/forste-pride-markering-i-sneaths-park-i-sauda\/","og_locale":"nb_NO","og_type":"article","og_title":"F\u00f8rste Pride-markering i Sneaths park i Sauda","og_description":"Mental Helse Sauda med Pride markering i samarbeid med Sauda Arbeiderparti og Sauda Idrettslag.","og_url":"https:\/\/mentalhelse.no\/sauda\/aktuelt\/forste-pride-markering-i-sneaths-park-i-sauda\/","og_site_name":"Sauda","og_image":[{"width":1920,"height":1080,"url":"https:\/\/mentalhelse.no\/content\/uploads\/sites\/260\/2024\/06\/received_664894885815117-1.jpeg","type":"image\/jpeg"}],"twitter_card":"summary_large_image","twitter_misc":{"Ansl. lesetid":"1 minutt"},"schema":{"@context":"https:\/\/schema.org","@graph":[{"@type":"WebPage","@id":"https:\/\/mentalhelse.no\/sauda\/aktuelt\/forste-pride-markering-i-sneaths-park-i-sauda\/","url":"https:\/\/mentalhelse.no\/sauda\/aktuelt\/forste-pride-markering-i-sneaths-park-i-sauda\/","name":"F\u00f8rste Pride-markering i Sneaths park i Sauda - Sauda","isPartOf":{"@id":"https:\/\/mentalhelse.no\/sauda\/#website"},"datePublished":"2024-06-12T11:44:20+00:00","dateModified":"2024-06-12T11:44:20+00:00","description":"Mental Helse Sauda med Pride markering i samarbeid med Sauda Arbeiderparti og Sauda Idrettslag.","breadcrumb":{"@id":"https:\/\/mentalhelse.no\/sauda\/aktuelt\/forste-pride-markering-i-sneaths-park-i-sauda\/#breadcrumb"},"inLanguage":"nb-NO","potentialAction":[{"@type":"ReadAction","target":["https:\/\/mentalhelse.no\/sauda\/aktuelt\/forste-pride-markering-i-sneaths-park-i-sauda\/"]}]},{"@type":"BreadcrumbList","@id":"https:\/\/mentalhelse.no\/sauda\/aktuelt\/forste-pride-markering-i-sneaths-park-i-sauda\/#breadcrumb","itemListElement":[{"@type":"ListItem","position":1,"name":"Hjem","item":"https:\/\/mentalhelse.no\/sauda\/"},{"@type":"ListItem","position":2,"name":"Nyheter","item":"https:\/\/mentalhelse.no\/sauda\/aktuelt\/"},{"@type":"ListItem","position":3,"name":"F\u00f8rste Pride-markering i Sneaths park i Sauda"}]},{"@type":"WebSite","@id":"https:\/\/mentalhelse.no\/sauda\/#website","url":"https:\/\/mentalhelse.no\/sauda\/","name":"Sauda","description":"","potentialAction":[{"@type":"SearchAction","target":{"@type":"EntryPoint","urlTemplate":"https:\/\/mentalhelse.no\/sauda\/?s={search_term_string}"},"query-input":"required name=search_term_string"}],"inLanguage":"nb-NO"}]}},"_links":{"self":[{"href":"https:\/\/mentalhelse.no\/sauda\/wp-json\/wp\/v2\/news\/1033","targetHints":{"allow":["GET"]}}],"collection":[{"href":"https:\/\/mentalhelse.no\/sauda\/wp-json\/wp\/v2\/news"}],"about":[{"href":"https:\/\/mentalhelse.no\/sauda\/wp-json\/wp\/v2\/types\/news"}],"author":[{"embeddable":true,"href":"https:\/\/mentalhelse.no\/sauda\/wp-json\/wp\/v2\/users\/10"}],"wp:featuredmedia":[{"embeddable":true,"href":"https:\/\/mentalhelse.no\/sauda\/wp-json\/wp\/v2\/media\/1038"}],"wp:attachment":[{"href":"https:\/\/mentalhelse.no\/sauda\/wp-json\/wp\/v2\/media?parent=1033"}],"wp:term":[{"taxonomy":"news_category","embeddable":true,"href":"https:\/\/mentalhelse.no\/sauda\/wp-json\/wp\/v2\/news_category?post=1033"}],"curies":[{"name":"wp","href":"https:\/\/api.w.org\/{rel}","templated":true}]}}