{"id":1590,"date":"2025-07-01T09:44:07","date_gmt":"2025-07-01T09:44:07","guid":{"rendered":"https:\/\/mentalhelse.no\/skien\/?post_type=news&#038;p=1590"},"modified":"2025-07-01T09:48:18","modified_gmt":"2025-07-01T09:48:18","slug":"vi-hadde-sommersamling-pa-lordagen-og-dagen-var-flott","status":"publish","type":"news","link":"https:\/\/mentalhelse.no\/skien\/aktuelt\/vi-hadde-sommersamling-pa-lordagen-og-dagen-var-flott\/","title":{"rendered":"Vi hadde sommersamling p\u00e5 l\u00f8rdagen og dagen var flott"},"content":{"rendered":"<figure class=\"alignwide wp-block-post-featured-image\"><img loading=\"lazy\" decoding=\"async\" width=\"2560\" height=\"1920\" src=\"https:\/\/mentalhelse.no\/content\/uploads\/sites\/284\/2025\/07\/apning-1-scaled.jpg\" class=\"attachment-post-thumbnail size-post-thumbnail wp-post-image\" alt=\"\" style=\"object-fit:cover; --focal-point: 50% 50%;\" srcset=\"https:\/\/mentalhelse.no\/content\/uploads\/sites\/284\/2025\/07\/apning-1-scaled.jpg 2560w, https:\/\/mentalhelse.no\/content\/uploads\/sites\/284\/2025\/07\/apning-1-300x225.jpg 300w, https:\/\/mentalhelse.no\/content\/uploads\/sites\/284\/2025\/07\/apning-1-1024x768.jpg 1024w, https:\/\/mentalhelse.no\/content\/uploads\/sites\/284\/2025\/07\/apning-1-768x576.jpg 768w, https:\/\/mentalhelse.no\/content\/uploads\/sites\/284\/2025\/07\/apning-1-1536x1152.jpg 1536w, https:\/\/mentalhelse.no\/content\/uploads\/sites\/284\/2025\/07\/apning-1-2048x1536.jpg 2048w\" sizes=\"auto, (max-width: 2560px) 100vw, 2560px\" \/><\/figure>\n\n<h1 class=\"wp-block-post-title\">Vi hadde sommersamling p\u00e5 l\u00f8rdagen og dagen var flott<\/h1>\n\n<div class=\"is-img-top mh-byline wp-block-mh-byline\">\n                  <div class=\"mh-byline__inner\">\n                  \t\n                  \t<div class=\"mh-byline__meta\">\n                  \t\t<div class=\"mh-byline__post\">\n                  \t\t\t<div class=\"entry-date\">01.07.2025<\/div>\n                  \t\t<\/div>\n                  \t\t<div class=\"mh-byline__author\">\n                  \t\t\t <span class=\"mh-byline__author-link\">Mental Helse Skien<\/span>\n\t\t\t\t\t\t<\/div>\n\t\t\t\t\t<\/div>\n\t\t\t\t<\/div>\n\t\t<\/div>\n\n\n<p>Vi samlet oss p\u00e5 Lie bydelshus. Sam Herlofsen holdt en fantastisk opptreden og sang utrolig bra.<br>Det var rundt 25-30 personer til stede, og alle koste seg godt under arrangementet.<br>Dagen inkluderte b\u00e5de pizza og bingo med fine premier, det ble god og hyggelig stemning under hele arrangementet<\/p>\n\n\n\n<p><\/p>\n\n\n\n<figure class=\"wp-block-image size-large\"><img loading=\"lazy\" decoding=\"async\" width=\"1024\" height=\"768\" src=\"https:\/\/mentalhelse.no\/content\/uploads\/sites\/284\/2025\/07\/alle-sommerfest-2-1024x768.jpg\" alt=\"\" class=\"wp-image-1592\" srcset=\"https:\/\/mentalhelse.no\/content\/uploads\/sites\/284\/2025\/07\/alle-sommerfest-2-1024x768.jpg 1024w, https:\/\/mentalhelse.no\/content\/uploads\/sites\/284\/2025\/07\/alle-sommerfest-2-300x225.jpg 300w, https:\/\/mentalhelse.no\/content\/uploads\/sites\/284\/2025\/07\/alle-sommerfest-2-768x576.jpg 768w, https:\/\/mentalhelse.no\/content\/uploads\/sites\/284\/2025\/07\/alle-sommerfest-2-1536x1152.jpg 1536w, https:\/\/mentalhelse.no\/content\/uploads\/sites\/284\/2025\/07\/alle-sommerfest-2-2048x1536.jpg 2048w\" sizes=\"auto, (max-width: 1024px) 100vw, 1024px\" \/><\/figure>\n\n\n\n<figure class=\"wp-block-image size-large\"><img loading=\"lazy\" decoding=\"async\" width=\"768\" height=\"1024\" src=\"https:\/\/mentalhelse.no\/content\/uploads\/sites\/284\/2025\/07\/sam-star-768x1024.jpg\" alt=\"\" class=\"wp-image-1593\" srcset=\"https:\/\/mentalhelse.no\/content\/uploads\/sites\/284\/2025\/07\/sam-star-768x1024.jpg 768w, https:\/\/mentalhelse.no\/content\/uploads\/sites\/284\/2025\/07\/sam-star-225x300.jpg 225w, https:\/\/mentalhelse.no\/content\/uploads\/sites\/284\/2025\/07\/sam-star-1152x1536.jpg 1152w, https:\/\/mentalhelse.no\/content\/uploads\/sites\/284\/2025\/07\/sam-star-rotated.jpg 1530w\" sizes=\"auto, (max-width: 768px) 100vw, 768px\" \/><\/figure>\n\n\n\n<figure class=\"wp-block-image size-large\"><img loading=\"lazy\" decoding=\"async\" width=\"1024\" height=\"768\" src=\"https:\/\/mentalhelse.no\/content\/uploads\/sites\/284\/2025\/07\/Sam-JRS-1024x768.jpg\" alt=\"\" class=\"wp-image-1594\" srcset=\"https:\/\/mentalhelse.no\/content\/uploads\/sites\/284\/2025\/07\/Sam-JRS-1024x768.jpg 1024w, https:\/\/mentalhelse.no\/content\/uploads\/sites\/284\/2025\/07\/Sam-JRS-300x225.jpg 300w, https:\/\/mentalhelse.no\/content\/uploads\/sites\/284\/2025\/07\/Sam-JRS-768x576.jpg 768w, https:\/\/mentalhelse.no\/content\/uploads\/sites\/284\/2025\/07\/Sam-JRS-1536x1152.jpg 1536w, https:\/\/mentalhelse.no\/content\/uploads\/sites\/284\/2025\/07\/Sam-JRS.jpg 2040w\" sizes=\"auto, (max-width: 1024px) 100vw, 1024px\" \/><\/figure>\n\n\n\n<figure class=\"wp-block-image size-large\"><img loading=\"lazy\" decoding=\"async\" width=\"1024\" height=\"768\" src=\"https:\/\/mentalhelse.no\/content\/uploads\/sites\/284\/2025\/07\/bingo-spill-2-1024x768.jpg\" alt=\"\" class=\"wp-image-1595\" srcset=\"https:\/\/mentalhelse.no\/content\/uploads\/sites\/284\/2025\/07\/bingo-spill-2-1024x768.jpg 1024w, https:\/\/mentalhelse.no\/content\/uploads\/sites\/284\/2025\/07\/bingo-spill-2-300x225.jpg 300w, https:\/\/mentalhelse.no\/content\/uploads\/sites\/284\/2025\/07\/bingo-spill-2-768x576.jpg 768w, https:\/\/mentalhelse.no\/content\/uploads\/sites\/284\/2025\/07\/bingo-spill-2-1536x1152.jpg 1536w, https:\/\/mentalhelse.no\/content\/uploads\/sites\/284\/2025\/07\/bingo-spill-2.jpg 2040w\" sizes=\"auto, (max-width: 1024px) 100vw, 1024px\" \/><\/figure>\n\n\n\n<figure class=\"wp-block-image size-large\"><img loading=\"lazy\" decoding=\"async\" width=\"1024\" height=\"768\" src=\"https:\/\/mentalhelse.no\/content\/uploads\/sites\/284\/2025\/07\/forsyner-seg-pizza-1024x768.jpg\" alt=\"\" class=\"wp-image-1596\" srcset=\"https:\/\/mentalhelse.no\/content\/uploads\/sites\/284\/2025\/07\/forsyner-seg-pizza-1024x768.jpg 1024w, https:\/\/mentalhelse.no\/content\/uploads\/sites\/284\/2025\/07\/forsyner-seg-pizza-300x225.jpg 300w, https:\/\/mentalhelse.no\/content\/uploads\/sites\/284\/2025\/07\/forsyner-seg-pizza-768x576.jpg 768w, https:\/\/mentalhelse.no\/content\/uploads\/sites\/284\/2025\/07\/forsyner-seg-pizza-1536x1152.jpg 1536w, https:\/\/mentalhelse.no\/content\/uploads\/sites\/284\/2025\/07\/forsyner-seg-pizza-2048x1536.jpg 2048w\" sizes=\"auto, (max-width: 1024px) 100vw, 1024px\" \/><\/figure>\n\n\n\n<p>Bilder: Mauricio Evensen<\/p>\n\n\n\n\t\t<div class=\"mh-related-posts alignfull alignfull wp-block-mentalhelse-related-posts gray-mode\">\n\t\t\t<div class=\"mh-related-posts__inner\">\n\t\t\t\t\n\n<h3 class=\"wp-block-heading\" id=\"h-also-read\">Also read<\/h3>\n\n\n<div class=\"t2-featured-content-layout alignwide alignwide wp-block-t2-featured-content-layout\">\n<div class=\"t2-featured-query-post t2-featured-content is-post-type-news wp-block-t2-featured-query-post t2-featured-content-layout-col-4\"><a class=\"t2-post-link wp-block-t2-post-link\" href=\"https:\/\/mentalhelse.no\/skien\/aktuelt\/vel-overstatt-julebord\/\">\n\t<figure style=\"--t2-focal-point: 50% 50%;\" class=\"t2-post-featured-image has-image-ratio-16-9 wp-block-t2-post-featured-image\"><img loading=\"lazy\" decoding=\"async\" width=\"2048\" height=\"1536\" src=\"https:\/\/mentalhelse.no\/content\/uploads\/sites\/284\/2024\/12\/1000116181.jpg\" class=\"attachment-post-thumbnail size-post-thumbnail wp-post-image\" alt=\"\" srcset=\"https:\/\/mentalhelse.no\/content\/uploads\/sites\/284\/2024\/12\/1000116181.jpg 2048w, https:\/\/mentalhelse.no\/content\/uploads\/sites\/284\/2024\/12\/1000116181-300x225.jpg 300w, https:\/\/mentalhelse.no\/content\/uploads\/sites\/284\/2024\/12\/1000116181-1024x768.jpg 1024w, https:\/\/mentalhelse.no\/content\/uploads\/sites\/284\/2024\/12\/1000116181-768x576.jpg 768w, https:\/\/mentalhelse.no\/content\/uploads\/sites\/284\/2024\/12\/1000116181-1536x1152.jpg 1536w\" sizes=\"auto, (max-width: 2048px) 100vw, 2048px\" style=\"--focal-point: 50% 50%;\" \/><\/figure>\n<\/a>\n\n<div class=\"wp-block-group postinfo alignfull is-layout-flow wp-block-group-is-layout-flow\">\n\t<div class=\"wp-block-mentalhelse-post-category\">\n\t\t\t\t\t<div class=\"post-type\">\n\t\t\t\t\t\t<a href=\"https:\/\/mentalhelse.no\/skien\/aktuelt\/\">Nyheter<\/a>\n\t\t\t\t\t<\/div>\n\t\t\t\t\t\n\t\t\t\t\t<div class=\"post-category\">\n\t\t\t\t\t\t\n\t\t\t\t\t<\/div>\n\t\t\t<\/div>\n\t<a class=\"t2-post-link wp-block-t2-post-link\" href=\"https:\/\/mentalhelse.no\/skien\/aktuelt\/vel-overstatt-julebord\/\">\n\t<h2 class=\"t2-post-title wp-block-t2-post-title\">Vel overst\u00e5tt julebord<\/h2>\n\t<\/a>\n<\/div>\n\n<\/div>\n\n<div class=\"t2-featured-query-post t2-featured-content is-post-type-news wp-block-t2-featured-query-post t2-featured-content-layout-col-4\"><a class=\"t2-post-link wp-block-t2-post-link\" href=\"https:\/\/mentalhelse.no\/skien\/aktuelt\/vel-overstatt-arsmote\/\">\n\t<figure style=\"--t2-focal-point: 50% 50%;\" class=\"t2-post-featured-image has-image-ratio-16-9 wp-block-t2-post-featured-image\"><img loading=\"lazy\" decoding=\"async\" width=\"2279\" height=\"1282\" src=\"https:\/\/mentalhelse.no\/content\/uploads\/sites\/284\/2024\/02\/kake-arsmote-2024.jpg\" class=\"attachment-post-thumbnail size-post-thumbnail wp-post-image\" alt=\"\" srcset=\"https:\/\/mentalhelse.no\/content\/uploads\/sites\/284\/2024\/02\/kake-arsmote-2024.jpg 2279w, https:\/\/mentalhelse.no\/content\/uploads\/sites\/284\/2024\/02\/kake-arsmote-2024-300x169.jpg 300w, https:\/\/mentalhelse.no\/content\/uploads\/sites\/284\/2024\/02\/kake-arsmote-2024-1024x576.jpg 1024w, https:\/\/mentalhelse.no\/content\/uploads\/sites\/284\/2024\/02\/kake-arsmote-2024-768x432.jpg 768w, https:\/\/mentalhelse.no\/content\/uploads\/sites\/284\/2024\/02\/kake-arsmote-2024-1536x864.jpg 1536w, https:\/\/mentalhelse.no\/content\/uploads\/sites\/284\/2024\/02\/kake-arsmote-2024-2048x1152.jpg 2048w\" sizes=\"auto, (max-width: 2279px) 100vw, 2279px\" style=\"--focal-point: 50% 50%;\" \/><\/figure>\n<\/a>\n\n<div class=\"wp-block-group postinfo alignfull is-layout-flow wp-block-group-is-layout-flow\">\n\t<div class=\"wp-block-mentalhelse-post-category\">\n\t\t\t\t\t<div class=\"post-type\">\n\t\t\t\t\t\t<a href=\"https:\/\/mentalhelse.no\/skien\/aktuelt\/\">Nyheter<\/a>\n\t\t\t\t\t<\/div>\n\t\t\t\t\t\n\t\t\t\t\t<div class=\"post-category\">\n\t\t\t\t\t\t\n\t\t\t\t\t<\/div>\n\t\t\t<\/div>\n\t<a class=\"t2-post-link wp-block-t2-post-link\" href=\"https:\/\/mentalhelse.no\/skien\/aktuelt\/vel-overstatt-arsmote\/\">\n\t<h2 class=\"t2-post-title wp-block-t2-post-title\">Vel overst\u00e5tt \u00e5rsm\u00f8te<\/h2>\n\t<\/a>\n<\/div>\n\n<\/div>\n\n<div class=\"t2-featured-query-post t2-featured-content is-post-type-news wp-block-t2-featured-query-post t2-featured-content-layout-col-4\"><a class=\"t2-post-link wp-block-t2-post-link\" href=\"https:\/\/mentalhelse.no\/skien\/aktuelt\/menn-og-selvmord-temakveld\/\">\n\t<figure style=\"--t2-focal-point: 50% 50%;\" class=\"t2-post-featured-image has-image-ratio-16-9 wp-block-t2-post-featured-image\"><img loading=\"lazy\" decoding=\"async\" width=\"1920\" height=\"1080\" src=\"https:\/\/mentalhelse.no\/content\/uploads\/sites\/284\/2023\/11\/6_1.3.2.jpg\" class=\"attachment-post-thumbnail size-post-thumbnail wp-post-image\" alt=\"\" srcset=\"https:\/\/mentalhelse.no\/content\/uploads\/sites\/284\/2023\/11\/6_1.3.2.jpg 1920w, https:\/\/mentalhelse.no\/content\/uploads\/sites\/284\/2023\/11\/6_1.3.2-300x169.jpg 300w, https:\/\/mentalhelse.no\/content\/uploads\/sites\/284\/2023\/11\/6_1.3.2-1024x576.jpg 1024w, https:\/\/mentalhelse.no\/content\/uploads\/sites\/284\/2023\/11\/6_1.3.2-768x432.jpg 768w, https:\/\/mentalhelse.no\/content\/uploads\/sites\/284\/2023\/11\/6_1.3.2-1536x864.jpg 1536w\" sizes=\"auto, (max-width: 1920px) 100vw, 1920px\" style=\"--focal-point: 50% 50%;\" \/><\/figure>\n<\/a>\n\n<div class=\"wp-block-group postinfo alignfull is-layout-flow wp-block-group-is-layout-flow\">\n\t<div class=\"wp-block-mentalhelse-post-category\">\n\t\t\t\t\t<div class=\"post-type\">\n\t\t\t\t\t\t<a href=\"https:\/\/mentalhelse.no\/skien\/aktuelt\/\">Nyheter<\/a>\n\t\t\t\t\t<\/div>\n\t\t\t\t\t\n\t\t\t\t\t<div class=\"post-category\">\n\t\t\t\t\t\t\n\t\t\t\t\t<\/div>\n\t\t\t<\/div>\n\t<a class=\"t2-post-link wp-block-t2-post-link\" href=\"https:\/\/mentalhelse.no\/skien\/aktuelt\/menn-og-selvmord-temakveld\/\">\n\t<h2 class=\"t2-post-title wp-block-t2-post-title\">Menn og Selvmord Temakveld<\/h2>\n\t<\/a>\n<\/div>\n\n<\/div>\n<\/div>\n\n\t\t\t<\/div>\n\t\t<\/div>","protected":false},"excerpt":{"rendered":"<p>Vi samlet oss p\u00e5 Lie bydelshus. Sam Herlofsen holdt en fantastisk opptreden og sang utrolig bra.Det var rundt 25-30 personer til stede, og alle koste&#8230;<\/p>\n","protected":false},"author":46,"featured_media":1597,"parent":0,"template":"","meta":{"t2_featured_media_focal_point":{"x":0.5,"y":0.5},"mh_hide_title":true},"news_category":[],"class_list":["post-1590","news","type-news","status-publish","has-post-thumbnail","hentry"],"yoast_head":"<!-- This site is optimized with the Yoast SEO Premium plugin v21.2 (Yoast SEO v21.2) - https:\/\/yoast.com\/wordpress\/plugins\/seo\/ -->\n<title>Vi hadde sommersamling p\u00e5 l\u00f8rdagen og dagen var flott - Mental Helse - Skien<\/title>\n<meta name=\"robots\" content=\"index, follow, max-snippet:-1, max-image-preview:large, max-video-preview:-1\" \/>\n<link rel=\"canonical\" href=\"https:\/\/mentalhelse.no\/skien\/aktuelt\/vi-hadde-sommersamling-pa-lordagen-og-dagen-var-flott\/\" \/>\n<meta property=\"og:locale\" content=\"nb_NO\" \/>\n<meta property=\"og:type\" content=\"article\" \/>\n<meta property=\"og:title\" content=\"Vi hadde sommersamling p\u00e5 l\u00f8rdagen og dagen var flott\" \/>\n<meta property=\"og:description\" content=\"Vi samlet oss p\u00e5 Lie bydelshus. Sam Herlofsen holdt en fantastisk opptreden og sang utrolig bra.Det var rundt 25-30 personer til stede, og alle koste...\" \/>\n<meta property=\"og:url\" content=\"https:\/\/mentalhelse.no\/skien\/aktuelt\/vi-hadde-sommersamling-pa-lordagen-og-dagen-var-flott\/\" \/>\n<meta property=\"og:site_name\" content=\"Skien\" \/>\n<meta property=\"article:modified_time\" content=\"2025-07-01T09:48:18+00:00\" \/>\n<meta property=\"og:image\" content=\"https:\/\/mentalhelse.no\/content\/uploads\/sites\/284\/2025\/07\/apning-1-scaled.jpg\" \/>\n\t<meta property=\"og:image:width\" content=\"2560\" \/>\n\t<meta property=\"og:image:height\" content=\"1920\" \/>\n\t<meta property=\"og:image:type\" content=\"image\/jpeg\" \/>\n<meta name=\"twitter:card\" content=\"summary_large_image\" \/>\n<meta name=\"twitter:label1\" content=\"Ansl. lesetid\" \/>\n\t<meta name=\"twitter:data1\" content=\"2 minutter\" \/>\n<script type=\"application\/ld+json\" class=\"yoast-schema-graph\">{\"@context\":\"https:\/\/schema.org\",\"@graph\":[{\"@type\":\"WebPage\",\"@id\":\"https:\/\/mentalhelse.no\/skien\/aktuelt\/vi-hadde-sommersamling-pa-lordagen-og-dagen-var-flott\/\",\"url\":\"https:\/\/mentalhelse.no\/skien\/aktuelt\/vi-hadde-sommersamling-pa-lordagen-og-dagen-var-flott\/\",\"name\":\"Vi hadde sommersamling p\u00e5 l\u00f8rdagen og dagen var flott - Skien\",\"isPartOf\":{\"@id\":\"https:\/\/mentalhelse.no\/skien\/#website\"},\"datePublished\":\"2025-07-01T09:44:07+00:00\",\"dateModified\":\"2025-07-01T09:48:18+00:00\",\"breadcrumb\":{\"@id\":\"https:\/\/mentalhelse.no\/skien\/aktuelt\/vi-hadde-sommersamling-pa-lordagen-og-dagen-var-flott\/#breadcrumb\"},\"inLanguage\":\"nb-NO\",\"potentialAction\":[{\"@type\":\"ReadAction\",\"target\":[\"https:\/\/mentalhelse.no\/skien\/aktuelt\/vi-hadde-sommersamling-pa-lordagen-og-dagen-var-flott\/\"]}]},{\"@type\":\"BreadcrumbList\",\"@id\":\"https:\/\/mentalhelse.no\/skien\/aktuelt\/vi-hadde-sommersamling-pa-lordagen-og-dagen-var-flott\/#breadcrumb\",\"itemListElement\":[{\"@type\":\"ListItem\",\"position\":1,\"name\":\"Hjem\",\"item\":\"https:\/\/mentalhelse.no\/skien\/\"},{\"@type\":\"ListItem\",\"position\":2,\"name\":\"Nyheter\",\"item\":\"https:\/\/mentalhelse.no\/skien\/aktuelt\/\"},{\"@type\":\"ListItem\",\"position\":3,\"name\":\"Vi hadde sommersamling p\u00e5 l\u00f8rdagen og dagen var flott\"}]},{\"@type\":\"WebSite\",\"@id\":\"https:\/\/mentalhelse.no\/skien\/#website\",\"url\":\"https:\/\/mentalhelse.no\/skien\/\",\"name\":\"Skien\",\"description\":\"\",\"potentialAction\":[{\"@type\":\"SearchAction\",\"target\":{\"@type\":\"EntryPoint\",\"urlTemplate\":\"https:\/\/mentalhelse.no\/skien\/?s={search_term_string}\"},\"query-input\":\"required name=search_term_string\"}],\"inLanguage\":\"nb-NO\"}]}<\/script>\n<!-- \/ Yoast SEO Premium plugin. -->","yoast_head_json":{"title":"Vi hadde sommersamling p\u00e5 l\u00f8rdagen og dagen var flott - Mental Helse - Skien","robots":{"index":"index","follow":"follow","max-snippet":"max-snippet:-1","max-image-preview":"max-image-preview:large","max-video-preview":"max-video-preview:-1"},"canonical":"https:\/\/mentalhelse.no\/skien\/aktuelt\/vi-hadde-sommersamling-pa-lordagen-og-dagen-var-flott\/","og_locale":"nb_NO","og_type":"article","og_title":"Vi hadde sommersamling p\u00e5 l\u00f8rdagen og dagen var flott","og_description":"Vi samlet oss p\u00e5 Lie bydelshus. Sam Herlofsen holdt en fantastisk opptreden og sang utrolig bra.Det var rundt 25-30 personer til stede, og alle koste...","og_url":"https:\/\/mentalhelse.no\/skien\/aktuelt\/vi-hadde-sommersamling-pa-lordagen-og-dagen-var-flott\/","og_site_name":"Skien","article_modified_time":"2025-07-01T09:48:18+00:00","og_image":[{"width":2560,"height":1920,"url":"https:\/\/mentalhelse.no\/content\/uploads\/sites\/284\/2025\/07\/apning-1-scaled.jpg","type":"image\/jpeg"}],"twitter_card":"summary_large_image","twitter_misc":{"Ansl. lesetid":"2 minutter"},"schema":{"@context":"https:\/\/schema.org","@graph":[{"@type":"WebPage","@id":"https:\/\/mentalhelse.no\/skien\/aktuelt\/vi-hadde-sommersamling-pa-lordagen-og-dagen-var-flott\/","url":"https:\/\/mentalhelse.no\/skien\/aktuelt\/vi-hadde-sommersamling-pa-lordagen-og-dagen-var-flott\/","name":"Vi hadde sommersamling p\u00e5 l\u00f8rdagen og dagen var flott - Skien","isPartOf":{"@id":"https:\/\/mentalhelse.no\/skien\/#website"},"datePublished":"2025-07-01T09:44:07+00:00","dateModified":"2025-07-01T09:48:18+00:00","breadcrumb":{"@id":"https:\/\/mentalhelse.no\/skien\/aktuelt\/vi-hadde-sommersamling-pa-lordagen-og-dagen-var-flott\/#breadcrumb"},"inLanguage":"nb-NO","potentialAction":[{"@type":"ReadAction","target":["https:\/\/mentalhelse.no\/skien\/aktuelt\/vi-hadde-sommersamling-pa-lordagen-og-dagen-var-flott\/"]}]},{"@type":"BreadcrumbList","@id":"https:\/\/mentalhelse.no\/skien\/aktuelt\/vi-hadde-sommersamling-pa-lordagen-og-dagen-var-flott\/#breadcrumb","itemListElement":[{"@type":"ListItem","position":1,"name":"Hjem","item":"https:\/\/mentalhelse.no\/skien\/"},{"@type":"ListItem","position":2,"name":"Nyheter","item":"https:\/\/mentalhelse.no\/skien\/aktuelt\/"},{"@type":"ListItem","position":3,"name":"Vi hadde sommersamling p\u00e5 l\u00f8rdagen og dagen var flott"}]},{"@type":"WebSite","@id":"https:\/\/mentalhelse.no\/skien\/#website","url":"https:\/\/mentalhelse.no\/skien\/","name":"Skien","description":"","potentialAction":[{"@type":"SearchAction","target":{"@type":"EntryPoint","urlTemplate":"https:\/\/mentalhelse.no\/skien\/?s={search_term_string}"},"query-input":"required name=search_term_string"}],"inLanguage":"nb-NO"}]}},"_links":{"self":[{"href":"https:\/\/mentalhelse.no\/skien\/wp-json\/wp\/v2\/news\/1590","targetHints":{"allow":["GET"]}}],"collection":[{"href":"https:\/\/mentalhelse.no\/skien\/wp-json\/wp\/v2\/news"}],"about":[{"href":"https:\/\/mentalhelse.no\/skien\/wp-json\/wp\/v2\/types\/news"}],"author":[{"embeddable":true,"href":"https:\/\/mentalhelse.no\/skien\/wp-json\/wp\/v2\/users\/46"}],"wp:featuredmedia":[{"embeddable":true,"href":"https:\/\/mentalhelse.no\/skien\/wp-json\/wp\/v2\/media\/1597"}],"wp:attachment":[{"href":"https:\/\/mentalhelse.no\/skien\/wp-json\/wp\/v2\/media?parent=1590"}],"wp:term":[{"taxonomy":"news_category","embeddable":true,"href":"https:\/\/mentalhelse.no\/skien\/wp-json\/wp\/v2\/news_category?post=1590"}],"curies":[{"name":"wp","href":"https:\/\/api.w.org\/{rel}","templated":true}]}}