{"id":1150,"date":"2024-07-01T09:01:46","date_gmt":"2024-07-01T09:01:46","guid":{"rendered":"https:\/\/mentalhelse.no\/skodje-og-orskog\/?post_type=news&#038;p=1150"},"modified":"2024-07-01T09:01:47","modified_gmt":"2024-07-01T09:01:47","slug":"lokallagsamling-skodje-2024","status":"publish","type":"news","link":"https:\/\/mentalhelse.no\/skodje-og-orskog\/aktuelt\/lokallagsamling-skodje-2024\/","title":{"rendered":"Lokallagsamling Skodje 2024"},"content":{"rendered":"<figure class=\"alignwide wp-block-post-featured-image\"><img loading=\"lazy\" decoding=\"async\" width=\"2256\" height=\"1504\" src=\"https:\/\/mentalhelse.no\/content\/uploads\/sites\/348\/2024\/07\/IMG_0892.jpg\" class=\"attachment-post-thumbnail size-post-thumbnail wp-post-image\" alt=\"\" style=\"object-fit:cover; --focal-point: 50% 50%;\" srcset=\"https:\/\/mentalhelse.no\/content\/uploads\/sites\/348\/2024\/07\/IMG_0892.jpg 2256w, https:\/\/mentalhelse.no\/content\/uploads\/sites\/348\/2024\/07\/IMG_0892-300x200.jpg 300w, https:\/\/mentalhelse.no\/content\/uploads\/sites\/348\/2024\/07\/IMG_0892-1024x683.jpg 1024w, https:\/\/mentalhelse.no\/content\/uploads\/sites\/348\/2024\/07\/IMG_0892-768x512.jpg 768w, https:\/\/mentalhelse.no\/content\/uploads\/sites\/348\/2024\/07\/IMG_0892-1536x1024.jpg 1536w, https:\/\/mentalhelse.no\/content\/uploads\/sites\/348\/2024\/07\/IMG_0892-2048x1365.jpg 2048w\" sizes=\"auto, (max-width: 2256px) 100vw, 2256px\" \/><\/figure>\n\n<h1 class=\"wp-block-post-title\">Lokallagsamling Skodje 2024<\/h1>\n\n<div class=\"is-img-top mh-byline wp-block-mh-byline\">\n                  <div class=\"mh-byline__inner\">\n                  \t\n                  \t<div class=\"mh-byline__meta\">\n                  \t\t<div class=\"mh-byline__post\">\n                  \t\t\t<div class=\"entry-date\">01.07.2024<\/div>\n                  \t\t<\/div>\n                  \t\t<div class=\"mh-byline__author\">\n                  \t\t\t <span class=\"mh-byline__author-link\">lagskodjeorskog<\/span>\n\t\t\t\t\t\t<\/div>\n\t\t\t\t\t<\/div>\n\t\t\t\t<\/div>\n\t\t<\/div>\n\n\n<p>Lokallagssamling p\u00e5 Sk\u00f8ye vel gjennomf\u00f8rt&nbsp;<\/p>\n\n\n\n<p>S\u00f8ndag 09.06 m\u00f8tte det opp 64 medlemmer fra 8 forskjellige lokallag i M\u00f8re og Romsdal. Stedet var Nersk\u00f8yl\u00f8a p\u00e5 Skodje, hvor Mental Helse Skodje og \u00d8rskog var verter.&nbsp;<br>Regnet p\u00f8ste ned, men det satte ingen demper p\u00e5 stemningen. Gamle kjente hadde mye \u00e5 snakke om, og nye bekjentskaper ble stiftet.&nbsp;<\/p>\n\n\n\n<p>Bj\u00f8rn Nedreskodje fortalte lokalhistorien til Skodje, og viste mange flotte bilder fra omr\u00e5det. Dette var spennende \u00e5 h\u00f8re \u00e5 se p\u00e5.&nbsp;<\/p>\n\n\n\n<p>V\u00e5r kj\u00e6re kasserer Brit Ellen Carlsen stod for underholdningen, og med sin fabelaktige stemme sang hun 3 vakre sanger for oss. Dette er virkelig noe hun kan.&nbsp;<br>Deilig mat stod p\u00e5 menyen, og vi kunne velge mellom oksegryte og baccalao, og maten fikk bein \u00e5 g\u00e5 p\u00e5.&nbsp;<br>Vi fikk ogs\u00e5 meske oss med flere forskjellige kaker og fruktsalat og selvsagt kaffe og te.&nbsp;<\/p>\n\n\n\n<p>Arrangementet ble avsluttet ved at de som ville fikk se lokalene til Sommerfuglen Aktivitet, som drives av Mental Helse Skodje\/\u00d8rskog og \u00c5lesund kommune.&nbsp;<br>Alt i alt en superfin dag, og vi kunne dra hjem glade og forn\u00f8yde. Takk for en herlig stund med flotte folk.&nbsp;<\/p>\n\n\n\n<figure class=\"wp-block-image size-large\"><img loading=\"lazy\" decoding=\"async\" width=\"1024\" height=\"683\" src=\"https:\/\/mentalhelse.no\/content\/uploads\/sites\/348\/2024\/07\/IMG_0938-1024x683.jpg\" alt=\"\" class=\"wp-image-1151\" srcset=\"https:\/\/mentalhelse.no\/content\/uploads\/sites\/348\/2024\/07\/IMG_0938-1024x683.jpg 1024w, https:\/\/mentalhelse.no\/content\/uploads\/sites\/348\/2024\/07\/IMG_0938-300x200.jpg 300w, https:\/\/mentalhelse.no\/content\/uploads\/sites\/348\/2024\/07\/IMG_0938-768x512.jpg 768w, https:\/\/mentalhelse.no\/content\/uploads\/sites\/348\/2024\/07\/IMG_0938-1536x1024.jpg 1536w, https:\/\/mentalhelse.no\/content\/uploads\/sites\/348\/2024\/07\/IMG_0938-2048x1365.jpg 2048w\" sizes=\"auto, (max-width: 1024px) 100vw, 1024px\" \/><\/figure>\n\n\n\n\t\t<div class=\"mh-related-posts alignfull alignfull wp-block-mentalhelse-related-posts gray-mode\">\n\t\t\t<div class=\"mh-related-posts__inner\">\n\t\t\t\t\n\n<h3 class=\"wp-block-heading\" id=\"h-also-read\">Also read<\/h3>\n\n\n<div class=\"t2-featured-content-layout alignwide alignwide wp-block-t2-featured-content-layout\">\n<div class=\"t2-featured-query-post t2-featured-content is-post-type-news wp-block-t2-featured-query-post t2-featured-content-layout-col-4\"><a class=\"t2-post-link wp-block-t2-post-link\" href=\"https:\/\/mentalhelse.no\/skodje-og-orskog\/aktuelt\/hyggelig-prat-om-et-fellesskap-som-betyr-noe\/\">\n\t<figure style=\"--t2-focal-point: 48% 49%;\" class=\"t2-post-featured-image has-image-ratio-16-9 wp-block-t2-post-featured-image\"><img loading=\"lazy\" decoding=\"async\" width=\"2560\" height=\"1920\" src=\"https:\/\/mentalhelse.no\/content\/uploads\/sites\/348\/2026\/03\/Radio.jpeg\" class=\"attachment-post-thumbnail size-post-thumbnail wp-post-image\" alt=\"\" srcset=\"https:\/\/mentalhelse.no\/content\/uploads\/sites\/348\/2026\/03\/Radio.jpeg 2560w, https:\/\/mentalhelse.no\/content\/uploads\/sites\/348\/2026\/03\/Radio-300x225.jpeg 300w, https:\/\/mentalhelse.no\/content\/uploads\/sites\/348\/2026\/03\/Radio-1024x768.jpeg 1024w, https:\/\/mentalhelse.no\/content\/uploads\/sites\/348\/2026\/03\/Radio-768x576.jpeg 768w, https:\/\/mentalhelse.no\/content\/uploads\/sites\/348\/2026\/03\/Radio-1536x1152.jpeg 1536w, https:\/\/mentalhelse.no\/content\/uploads\/sites\/348\/2026\/03\/Radio-2048x1536.jpeg 2048w\" sizes=\"auto, (max-width: 2560px) 100vw, 2560px\" style=\"--focal-point: 48% 49%;\" \/><\/figure>\n<\/a>\n\n<div class=\"wp-block-group postinfo alignfull is-layout-flow wp-block-group-is-layout-flow\">\n\t<div class=\"wp-block-mentalhelse-post-category\">\n\t\t\t\t\t<div class=\"post-type\">\n\t\t\t\t\t\t<a href=\"https:\/\/mentalhelse.no\/skodje-og-orskog\/aktuelt\/\">Nyheter<\/a>\n\t\t\t\t\t<\/div>\n\t\t\t\t\t\n\t\t\t\t\t<div class=\"post-category\">\n\t\t\t\t\t\t\n\t\t\t\t\t<\/div>\n\t\t\t<\/div>\n\t<a class=\"t2-post-link wp-block-t2-post-link\" href=\"https:\/\/mentalhelse.no\/skodje-og-orskog\/aktuelt\/hyggelig-prat-om-et-fellesskap-som-betyr-noe\/\">\n\t<h2 class=\"t2-post-title wp-block-t2-post-title\">Hyggelig prat om et fellesskap som betyr noe<\/h2>\n\t<\/a>\n<\/div>\n\n<\/div>\n\n<div class=\"t2-featured-query-post t2-featured-content is-post-type-news wp-block-t2-featured-query-post t2-featured-content-layout-col-4\"><a class=\"t2-post-link wp-block-t2-post-link\" href=\"https:\/\/mentalhelse.no\/skodje-og-orskog\/aktuelt\/arsmotet-2026\/\">\n\t<figure style=\"--t2-focal-point: 50% 50%;\" class=\"t2-post-featured-image has-image-ratio-16-9 wp-block-t2-post-featured-image\"><img loading=\"lazy\" decoding=\"async\" width=\"1920\" height=\"1414\" src=\"https:\/\/mentalhelse.no\/content\/uploads\/sites\/348\/2026\/03\/openclipart-vectors-meeting-152506_1920.png\" class=\"attachment-post-thumbnail size-post-thumbnail wp-post-image\" alt=\"\" srcset=\"https:\/\/mentalhelse.no\/content\/uploads\/sites\/348\/2026\/03\/openclipart-vectors-meeting-152506_1920.png 1920w, https:\/\/mentalhelse.no\/content\/uploads\/sites\/348\/2026\/03\/openclipart-vectors-meeting-152506_1920-300x221.png 300w, https:\/\/mentalhelse.no\/content\/uploads\/sites\/348\/2026\/03\/openclipart-vectors-meeting-152506_1920-1024x754.png 1024w, https:\/\/mentalhelse.no\/content\/uploads\/sites\/348\/2026\/03\/openclipart-vectors-meeting-152506_1920-768x566.png 768w, https:\/\/mentalhelse.no\/content\/uploads\/sites\/348\/2026\/03\/openclipart-vectors-meeting-152506_1920-1536x1131.png 1536w\" sizes=\"auto, (max-width: 1920px) 100vw, 1920px\" style=\"--focal-point: 50% 50%;\" \/><\/figure>\n<\/a>\n\n<div class=\"wp-block-group postinfo alignfull is-layout-flow wp-block-group-is-layout-flow\">\n\t<div class=\"wp-block-mentalhelse-post-category\">\n\t\t\t\t\t<div class=\"post-type\">\n\t\t\t\t\t\t<a href=\"https:\/\/mentalhelse.no\/skodje-og-orskog\/aktuelt\/\">Nyheter<\/a>\n\t\t\t\t\t<\/div>\n\t\t\t\t\t\n\t\t\t\t\t<div class=\"post-category\">\n\t\t\t\t\t\t\n\t\t\t\t\t<\/div>\n\t\t\t<\/div>\n\t<a class=\"t2-post-link wp-block-t2-post-link\" href=\"https:\/\/mentalhelse.no\/skodje-og-orskog\/aktuelt\/arsmotet-2026\/\">\n\t<h2 class=\"t2-post-title wp-block-t2-post-title\">\u00c5rsm\u00f8tet 2026<\/h2>\n\t<\/a>\n<\/div>\n\n<\/div>\n\n<div class=\"t2-featured-query-post t2-featured-content is-post-type-news wp-block-t2-featured-query-post t2-featured-content-layout-col-4\"><a class=\"t2-post-link wp-block-t2-post-link\" href=\"https:\/\/mentalhelse.no\/skodje-og-orskog\/aktuelt\/julebord-i-festlig-lag\/\">\n\t<figure style=\"--t2-focal-point: 58% 36%;\" class=\"t2-post-featured-image has-image-ratio-16-9 wp-block-t2-post-featured-image\"><img loading=\"lazy\" decoding=\"async\" width=\"316\" height=\"298\" src=\"https:\/\/mentalhelse.no\/content\/uploads\/sites\/348\/2026\/01\/Bilde2.png\" class=\"attachment-post-thumbnail size-post-thumbnail wp-post-image\" alt=\"\" srcset=\"https:\/\/mentalhelse.no\/content\/uploads\/sites\/348\/2026\/01\/Bilde2.png 316w, https:\/\/mentalhelse.no\/content\/uploads\/sites\/348\/2026\/01\/Bilde2-300x283.png 300w\" sizes=\"auto, (max-width: 316px) 100vw, 316px\" style=\"--focal-point: 58% 36%;\" \/><\/figure>\n<\/a>\n\n<div class=\"wp-block-group postinfo alignfull is-layout-flow wp-block-group-is-layout-flow\">\n\t<div class=\"wp-block-mentalhelse-post-category\">\n\t\t\t\t\t<div class=\"post-type\">\n\t\t\t\t\t\t<a href=\"https:\/\/mentalhelse.no\/skodje-og-orskog\/aktuelt\/\">Nyheter<\/a>\n\t\t\t\t\t<\/div>\n\t\t\t\t\t\n\t\t\t\t\t<div class=\"post-category\">\n\t\t\t\t\t\t\n\t\t\t\t\t<\/div>\n\t\t\t<\/div>\n\t<a class=\"t2-post-link wp-block-t2-post-link\" href=\"https:\/\/mentalhelse.no\/skodje-og-orskog\/aktuelt\/julebord-i-festlig-lag\/\">\n\t<h2 class=\"t2-post-title wp-block-t2-post-title\">Julebord i festlig lag<\/h2>\n\t<\/a>\n<\/div>\n\n<\/div>\n<\/div>\n\n\t\t\t<\/div>\n\t\t<\/div>","protected":false},"excerpt":{"rendered":"<p>Lokallagssamling p\u00e5 Sk\u00f8ye vel gjennomf\u00f8rt&nbsp; S\u00f8ndag 09.06 m\u00f8tte det opp 64 medlemmer fra 8 forskjellige lokallag i M\u00f8re og Romsdal. Stedet var Nersk\u00f8yl\u00f8a p\u00e5 Skodje,&#8230;<\/p>\n","protected":false},"author":69,"featured_media":1152,"parent":0,"template":"","meta":{"t2_featured_media_focal_point":{"x":0.5,"y":0.5},"mh_hide_title":true},"news_category":[],"class_list":["post-1150","news","type-news","status-publish","has-post-thumbnail","hentry"],"yoast_head":"<!-- This site is optimized with the Yoast SEO Premium plugin v21.2 (Yoast SEO v21.2) - https:\/\/yoast.com\/wordpress\/plugins\/seo\/ -->\n<title>Lokallagsamling Skodje 2024 - Mental Helse - Skodje og \u00d8rskog<\/title>\n<meta name=\"robots\" content=\"index, follow, max-snippet:-1, max-image-preview:large, max-video-preview:-1\" \/>\n<link rel=\"canonical\" href=\"https:\/\/mentalhelse.no\/skodje-og-orskog\/aktuelt\/lokallagsamling-skodje-2024\/\" \/>\n<meta property=\"og:locale\" content=\"nb_NO\" \/>\n<meta property=\"og:type\" content=\"article\" \/>\n<meta property=\"og:title\" content=\"Lokallagsamling Skodje 2024\" \/>\n<meta property=\"og:description\" content=\"Lokallagssamling p\u00e5 Sk\u00f8ye vel gjennomf\u00f8rt&nbsp; S\u00f8ndag 09.06 m\u00f8tte det opp 64 medlemmer fra 8 forskjellige lokallag i M\u00f8re og Romsdal. Stedet var Nersk\u00f8yl\u00f8a p\u00e5 Skodje,...\" \/>\n<meta property=\"og:url\" content=\"https:\/\/mentalhelse.no\/skodje-og-orskog\/aktuelt\/lokallagsamling-skodje-2024\/\" \/>\n<meta property=\"og:site_name\" content=\"Skodje og \u00d8rskog\" \/>\n<meta property=\"article:modified_time\" content=\"2024-07-01T09:01:47+00:00\" \/>\n<meta property=\"og:image\" content=\"https:\/\/mentalhelse.no\/content\/uploads\/sites\/348\/2024\/07\/IMG_0892.jpg\" \/>\n\t<meta property=\"og:image:width\" content=\"2256\" \/>\n\t<meta property=\"og:image:height\" content=\"1504\" \/>\n\t<meta property=\"og:image:type\" content=\"image\/jpeg\" \/>\n<meta name=\"twitter:card\" content=\"summary_large_image\" \/>\n<meta name=\"twitter:label1\" content=\"Ansl. lesetid\" \/>\n\t<meta name=\"twitter:data1\" content=\"2 minutter\" \/>\n<script type=\"application\/ld+json\" class=\"yoast-schema-graph\">{\"@context\":\"https:\/\/schema.org\",\"@graph\":[{\"@type\":\"WebPage\",\"@id\":\"https:\/\/mentalhelse.no\/skodje-og-orskog\/aktuelt\/lokallagsamling-skodje-2024\/\",\"url\":\"https:\/\/mentalhelse.no\/skodje-og-orskog\/aktuelt\/lokallagsamling-skodje-2024\/\",\"name\":\"Lokallagsamling Skodje 2024 - Skodje og \u00d8rskog\",\"isPartOf\":{\"@id\":\"https:\/\/mentalhelse.no\/skodje-og-orskog\/#website\"},\"datePublished\":\"2024-07-01T09:01:46+00:00\",\"dateModified\":\"2024-07-01T09:01:47+00:00\",\"breadcrumb\":{\"@id\":\"https:\/\/mentalhelse.no\/skodje-og-orskog\/aktuelt\/lokallagsamling-skodje-2024\/#breadcrumb\"},\"inLanguage\":\"nb-NO\",\"potentialAction\":[{\"@type\":\"ReadAction\",\"target\":[\"https:\/\/mentalhelse.no\/skodje-og-orskog\/aktuelt\/lokallagsamling-skodje-2024\/\"]}]},{\"@type\":\"BreadcrumbList\",\"@id\":\"https:\/\/mentalhelse.no\/skodje-og-orskog\/aktuelt\/lokallagsamling-skodje-2024\/#breadcrumb\",\"itemListElement\":[{\"@type\":\"ListItem\",\"position\":1,\"name\":\"Hjem\",\"item\":\"https:\/\/mentalhelse.no\/skodje-og-orskog\/\"},{\"@type\":\"ListItem\",\"position\":2,\"name\":\"Nyheter\",\"item\":\"https:\/\/mentalhelse.no\/skodje-og-orskog\/aktuelt\/\"},{\"@type\":\"ListItem\",\"position\":3,\"name\":\"Lokallagsamling Skodje 2024\"}]},{\"@type\":\"WebSite\",\"@id\":\"https:\/\/mentalhelse.no\/skodje-og-orskog\/#website\",\"url\":\"https:\/\/mentalhelse.no\/skodje-og-orskog\/\",\"name\":\"Skodje og \u00d8rskog\",\"description\":\"\",\"potentialAction\":[{\"@type\":\"SearchAction\",\"target\":{\"@type\":\"EntryPoint\",\"urlTemplate\":\"https:\/\/mentalhelse.no\/skodje-og-orskog\/?s={search_term_string}\"},\"query-input\":\"required name=search_term_string\"}],\"inLanguage\":\"nb-NO\"}]}<\/script>\n<!-- \/ Yoast SEO Premium plugin. -->","yoast_head_json":{"title":"Lokallagsamling Skodje 2024 - Mental Helse - Skodje og \u00d8rskog","robots":{"index":"index","follow":"follow","max-snippet":"max-snippet:-1","max-image-preview":"max-image-preview:large","max-video-preview":"max-video-preview:-1"},"canonical":"https:\/\/mentalhelse.no\/skodje-og-orskog\/aktuelt\/lokallagsamling-skodje-2024\/","og_locale":"nb_NO","og_type":"article","og_title":"Lokallagsamling Skodje 2024","og_description":"Lokallagssamling p\u00e5 Sk\u00f8ye vel gjennomf\u00f8rt&nbsp; S\u00f8ndag 09.06 m\u00f8tte det opp 64 medlemmer fra 8 forskjellige lokallag i M\u00f8re og Romsdal. Stedet var Nersk\u00f8yl\u00f8a p\u00e5 Skodje,...","og_url":"https:\/\/mentalhelse.no\/skodje-og-orskog\/aktuelt\/lokallagsamling-skodje-2024\/","og_site_name":"Skodje og \u00d8rskog","article_modified_time":"2024-07-01T09:01:47+00:00","og_image":[{"width":2256,"height":1504,"url":"https:\/\/mentalhelse.no\/content\/uploads\/sites\/348\/2024\/07\/IMG_0892.jpg","type":"image\/jpeg"}],"twitter_card":"summary_large_image","twitter_misc":{"Ansl. lesetid":"2 minutter"},"schema":{"@context":"https:\/\/schema.org","@graph":[{"@type":"WebPage","@id":"https:\/\/mentalhelse.no\/skodje-og-orskog\/aktuelt\/lokallagsamling-skodje-2024\/","url":"https:\/\/mentalhelse.no\/skodje-og-orskog\/aktuelt\/lokallagsamling-skodje-2024\/","name":"Lokallagsamling Skodje 2024 - Skodje og \u00d8rskog","isPartOf":{"@id":"https:\/\/mentalhelse.no\/skodje-og-orskog\/#website"},"datePublished":"2024-07-01T09:01:46+00:00","dateModified":"2024-07-01T09:01:47+00:00","breadcrumb":{"@id":"https:\/\/mentalhelse.no\/skodje-og-orskog\/aktuelt\/lokallagsamling-skodje-2024\/#breadcrumb"},"inLanguage":"nb-NO","potentialAction":[{"@type":"ReadAction","target":["https:\/\/mentalhelse.no\/skodje-og-orskog\/aktuelt\/lokallagsamling-skodje-2024\/"]}]},{"@type":"BreadcrumbList","@id":"https:\/\/mentalhelse.no\/skodje-og-orskog\/aktuelt\/lokallagsamling-skodje-2024\/#breadcrumb","itemListElement":[{"@type":"ListItem","position":1,"name":"Hjem","item":"https:\/\/mentalhelse.no\/skodje-og-orskog\/"},{"@type":"ListItem","position":2,"name":"Nyheter","item":"https:\/\/mentalhelse.no\/skodje-og-orskog\/aktuelt\/"},{"@type":"ListItem","position":3,"name":"Lokallagsamling Skodje 2024"}]},{"@type":"WebSite","@id":"https:\/\/mentalhelse.no\/skodje-og-orskog\/#website","url":"https:\/\/mentalhelse.no\/skodje-og-orskog\/","name":"Skodje og \u00d8rskog","description":"","potentialAction":[{"@type":"SearchAction","target":{"@type":"EntryPoint","urlTemplate":"https:\/\/mentalhelse.no\/skodje-og-orskog\/?s={search_term_string}"},"query-input":"required name=search_term_string"}],"inLanguage":"nb-NO"}]}},"_links":{"self":[{"href":"https:\/\/mentalhelse.no\/skodje-og-orskog\/wp-json\/wp\/v2\/news\/1150","targetHints":{"allow":["GET"]}}],"collection":[{"href":"https:\/\/mentalhelse.no\/skodje-og-orskog\/wp-json\/wp\/v2\/news"}],"about":[{"href":"https:\/\/mentalhelse.no\/skodje-og-orskog\/wp-json\/wp\/v2\/types\/news"}],"author":[{"embeddable":true,"href":"https:\/\/mentalhelse.no\/skodje-og-orskog\/wp-json\/wp\/v2\/users\/69"}],"wp:featuredmedia":[{"embeddable":true,"href":"https:\/\/mentalhelse.no\/skodje-og-orskog\/wp-json\/wp\/v2\/media\/1152"}],"wp:attachment":[{"href":"https:\/\/mentalhelse.no\/skodje-og-orskog\/wp-json\/wp\/v2\/media?parent=1150"}],"wp:term":[{"taxonomy":"news_category","embeddable":true,"href":"https:\/\/mentalhelse.no\/skodje-og-orskog\/wp-json\/wp\/v2\/news_category?post=1150"}],"curies":[{"name":"wp","href":"https:\/\/api.w.org\/{rel}","templated":true}]}}