{"id":1173,"date":"2024-09-07T13:07:42","date_gmt":"2024-09-07T13:07:42","guid":{"rendered":"https:\/\/mentalhelse.no\/skodje-og-orskog\/?post_type=news&#038;p=1173"},"modified":"2024-09-07T13:07:43","modified_gmt":"2024-09-07T13:07:43","slug":"sommer-oppsummering","status":"publish","type":"news","link":"https:\/\/mentalhelse.no\/skodje-og-orskog\/aktuelt\/sommer-oppsummering\/","title":{"rendered":"Sommer oppsummering"},"content":{"rendered":"<figure class=\"alignwide wp-block-post-featured-image\"><img loading=\"lazy\" decoding=\"async\" width=\"1920\" height=\"2560\" src=\"https:\/\/mentalhelse.no\/content\/uploads\/sites\/348\/2024\/09\/marigna-roth-ab48MmH1Njk-unsplash-scaled.jpg\" class=\"attachment-post-thumbnail size-post-thumbnail wp-post-image\" alt=\"\" style=\"object-fit:cover; --focal-point: 50% 50%;\" srcset=\"https:\/\/mentalhelse.no\/content\/uploads\/sites\/348\/2024\/09\/marigna-roth-ab48MmH1Njk-unsplash-scaled.jpg 1920w, https:\/\/mentalhelse.no\/content\/uploads\/sites\/348\/2024\/09\/marigna-roth-ab48MmH1Njk-unsplash-225x300.jpg 225w, https:\/\/mentalhelse.no\/content\/uploads\/sites\/348\/2024\/09\/marigna-roth-ab48MmH1Njk-unsplash-768x1024.jpg 768w, https:\/\/mentalhelse.no\/content\/uploads\/sites\/348\/2024\/09\/marigna-roth-ab48MmH1Njk-unsplash-1152x1536.jpg 1152w, https:\/\/mentalhelse.no\/content\/uploads\/sites\/348\/2024\/09\/marigna-roth-ab48MmH1Njk-unsplash-1536x2048.jpg 1536w\" sizes=\"auto, (max-width: 1920px) 100vw, 1920px\" \/><\/figure>\n\n<h1 class=\"wp-block-post-title\">Sommer oppsummering<\/h1>\n\n<div class=\"is-img-top mh-byline wp-block-mh-byline\">\n                  <div class=\"mh-byline__inner\">\n                  \t\n                  \t<div class=\"mh-byline__meta\">\n                  \t\t<div class=\"mh-byline__post\">\n                  \t\t\t<div class=\"entry-date\">07.09.2024<\/div>\n                  \t\t<\/div>\n                  \t\t<div class=\"mh-byline__author\">\n                  \t\t\t <span class=\"mh-byline__author-link\">lagskodje<\/span>\n\t\t\t\t\t\t<\/div>\n\t\t\t\t\t<\/div>\n\t\t\t\t<\/div>\n\t\t<\/div>\n\n\n<h2 class=\"wp-block-heading\" id=\"h-sommer-oppsummering-sommerfuglen-aktivitet\">Sommer oppsummering &#8211; Sommerfuglen Aktivitet  <\/h2>\n\n\n\n<p><strong>N\u00e5 er sommeren p\u00e5 Sommerfuglen Aktivitet ferdig for dette \u00e5ret. Vi \u00f8nsker \u00e5 oppsummere siste tre m\u00e5neder.<\/strong><\/p>\n\n\n\n<p>Vi har holdt \u00e5pen hele sommer. Vi fikk flere kjekke bes\u00f8k, holdt litt forskjellige kurs og var p\u00e5 to dagsturer.<\/p>\n\n\n<ul class=\"t2-link-list has-1-items has-auto-columns wp-block-t2-link-list\">\n\t<li class=\"t2-link-list-item wp-block-t2-link-list-item\">\n\t\t<a\n\t\t\thref=\"https:\/\/mentalhelse.no\/skodje-og-orskog\/aktuelt\/sommerfuglen-aktivitet-pa-tur-til-geiranger\/\"\n\t\t\tclass=\"t2-link-list-item__link t2-link-list__icon--right\"\n\t\t\t\t\t>\n\t\t\t<span class=\"t2-link-list-item__icon\"><span class=\"t2-link-list-item__icon-box\"><\/span><svg xmlns=\"http:\/\/www.w3.org\/2000\/svg\" viewBox=\"0 0 24 24\" height=\"24\" width=\"24\" class=\"t2-icon t2-icon-mh-arrow-right\" aria-hidden=\"true\" focusable=\"false\"><path fill-rule=\"evenodd\" clip-rule=\"evenodd\" d=\"M11.6464 4.64645C11.8417 4.45118 12.1583 4.45118 12.3536 4.64645L19.3536 11.6464C19.5488 11.8417 19.5488 12.1583 19.3536 12.3536L12.3536 19.3536C12.1583 19.5488 11.8417 19.5488 11.6464 19.3536C11.4512 19.1583 11.4512 18.8417 11.6464 18.6464L17.7929 12.5H5C4.72386 12.5 4.5 12.2761 4.5 12C4.5 11.7239 4.72386 11.5 5 11.5H17.7929L11.6464 5.35355C11.4512 5.15829 11.4512 4.84171 11.6464 4.64645Z\" fill=\"currentColor\"\/><\/svg><\/span>\t\t\t<div class=\"t2-link-list-item__content\">\n\n\t\t\t\t\n\t\t\t\t<span class=\"t2-link-list-item__text\">\n\t\t\t\t\tSommerfuglen Aktivitet p\u00e5 tur til Geiranger &#8211; Mental Helse &#8211; Skodje og \u00d8rskog\t\t\t\t<\/span>\n\t\t\t\t\t\t\t<\/div>\n\t\t<\/a>\n\t<\/li>\n\t\n<\/ul>\n\n\n<p><strong>En h\u00f8ydepunkt i juli var Lokallagssamling!<\/strong> Her kan dere lese litt om det og se p\u00e5 bildet av alle som var med p\u00e5 samling. <\/p>\n\n\n<ul class=\"t2-link-list has-1-items has-auto-columns wp-block-t2-link-list\">\n\t<li class=\"t2-link-list-item wp-block-t2-link-list-item\">\n\t\t<a\n\t\t\thref=\"https:\/\/mentalhelse.no\/skodje-og-orskog\/aktuelt\/lokallagsamling-skodje-2024\/\"\n\t\t\tclass=\"t2-link-list-item__link t2-link-list__icon--right\"\n\t\t\t\t\t>\n\t\t\t<span class=\"t2-link-list-item__icon\"><span class=\"t2-link-list-item__icon-box\"><\/span><svg xmlns=\"http:\/\/www.w3.org\/2000\/svg\" viewBox=\"0 0 24 24\" height=\"24\" width=\"24\" class=\"t2-icon t2-icon-mh-arrow-right\" aria-hidden=\"true\" focusable=\"false\"><path fill-rule=\"evenodd\" clip-rule=\"evenodd\" d=\"M11.6464 4.64645C11.8417 4.45118 12.1583 4.45118 12.3536 4.64645L19.3536 11.6464C19.5488 11.8417 19.5488 12.1583 19.3536 12.3536L12.3536 19.3536C12.1583 19.5488 11.8417 19.5488 11.6464 19.3536C11.4512 19.1583 11.4512 18.8417 11.6464 18.6464L17.7929 12.5H5C4.72386 12.5 4.5 12.2761 4.5 12C4.5 11.7239 4.72386 11.5 5 11.5H17.7929L11.6464 5.35355C11.4512 5.15829 11.4512 4.84171 11.6464 4.64645Z\" fill=\"currentColor\"\/><\/svg><\/span>\t\t\t<div class=\"t2-link-list-item__content\">\n\n\t\t\t\t\n\t\t\t\t<span class=\"t2-link-list-item__text\">\n\t\t\t\t\tLokallagsamling Skodje 2024 &#8211; Mental Helse &#8211; Skodje og \u00d8rskog\t\t\t\t<\/span>\n\t\t\t\t\t\t\t<\/div>\n\t\t<\/a>\n\t<\/li>\n\t\n<\/ul>\n\n\n<p><\/p>\n\n\n\n<p>Midt p\u00e5 sommeren fikk Vi sjansen til \u00e5 bruke verkstedet til Prestemarka og det f\u00f8rte til at flere v\u00e5re brukere har l\u00e6rt seg noe nytt. V\u00e5r egen studieleder blir helt raser p\u00e5 treverk s\u00e5 vi h\u00e5per p\u00e5 flere kurs i treverk fremover! <\/p>\n\n\n\n<figure class=\"wp-block-image size-large\"><img loading=\"lazy\" decoding=\"async\" width=\"1024\" height=\"768\" src=\"https:\/\/mentalhelse.no\/content\/uploads\/sites\/348\/2024\/09\/453063834_2463593184030296_927293866055227664_n-1024x768.jpg\" alt=\"\" class=\"wp-image-1176\" srcset=\"https:\/\/mentalhelse.no\/content\/uploads\/sites\/348\/2024\/09\/453063834_2463593184030296_927293866055227664_n-1024x768.jpg 1024w, https:\/\/mentalhelse.no\/content\/uploads\/sites\/348\/2024\/09\/453063834_2463593184030296_927293866055227664_n-300x225.jpg 300w, https:\/\/mentalhelse.no\/content\/uploads\/sites\/348\/2024\/09\/453063834_2463593184030296_927293866055227664_n-768x576.jpg 768w, https:\/\/mentalhelse.no\/content\/uploads\/sites\/348\/2024\/09\/453063834_2463593184030296_927293866055227664_n-1536x1152.jpg 1536w, https:\/\/mentalhelse.no\/content\/uploads\/sites\/348\/2024\/09\/453063834_2463593184030296_927293866055227664_n.jpg 2048w\" sizes=\"auto, (max-width: 1024px) 100vw, 1024px\" \/><\/figure>\n\n\n\n<p><strong>Vi planlegger n\u00e5 en siste dagstur denne sommer &#8211; ut i september. Informasjon om det kommer snart!<\/strong><\/p>\n\n\n\n\t\t<div class=\"mh-related-posts alignfull alignfull wp-block-mentalhelse-related-posts gray-mode\">\n\t\t\t<div class=\"mh-related-posts__inner\">\n\t\t\t\t\n\n<h3 class=\"wp-block-heading\" id=\"h-also-read\">Also read<\/h3>\n\n\n<div class=\"t2-featured-content-layout alignwide alignwide wp-block-t2-featured-content-layout\">\n<div class=\"t2-featured-query-post t2-featured-content is-post-type-news wp-block-t2-featured-query-post t2-featured-content-layout-col-4\"><a class=\"t2-post-link wp-block-t2-post-link\" href=\"https:\/\/mentalhelse.no\/skodje-og-orskog\/aktuelt\/hyggelig-prat-om-et-fellesskap-som-betyr-noe\/\">\n\t<figure style=\"--t2-focal-point: 48% 49%;\" class=\"t2-post-featured-image has-image-ratio-16-9 wp-block-t2-post-featured-image\"><img loading=\"lazy\" decoding=\"async\" width=\"2560\" height=\"1920\" src=\"https:\/\/mentalhelse.no\/content\/uploads\/sites\/348\/2026\/03\/Radio.jpeg\" class=\"attachment-post-thumbnail size-post-thumbnail wp-post-image\" alt=\"\" srcset=\"https:\/\/mentalhelse.no\/content\/uploads\/sites\/348\/2026\/03\/Radio.jpeg 2560w, https:\/\/mentalhelse.no\/content\/uploads\/sites\/348\/2026\/03\/Radio-300x225.jpeg 300w, https:\/\/mentalhelse.no\/content\/uploads\/sites\/348\/2026\/03\/Radio-1024x768.jpeg 1024w, https:\/\/mentalhelse.no\/content\/uploads\/sites\/348\/2026\/03\/Radio-768x576.jpeg 768w, https:\/\/mentalhelse.no\/content\/uploads\/sites\/348\/2026\/03\/Radio-1536x1152.jpeg 1536w, https:\/\/mentalhelse.no\/content\/uploads\/sites\/348\/2026\/03\/Radio-2048x1536.jpeg 2048w\" sizes=\"auto, (max-width: 2560px) 100vw, 2560px\" style=\"--focal-point: 48% 49%;\" \/><\/figure>\n<\/a>\n\n<div class=\"wp-block-group postinfo alignfull is-layout-flow wp-block-group-is-layout-flow\">\n\t<div class=\"wp-block-mentalhelse-post-category\">\n\t\t\t\t\t<div class=\"post-type\">\n\t\t\t\t\t\t<a href=\"https:\/\/mentalhelse.no\/skodje-og-orskog\/aktuelt\/\">Nyheter<\/a>\n\t\t\t\t\t<\/div>\n\t\t\t\t\t\n\t\t\t\t\t<div class=\"post-category\">\n\t\t\t\t\t\t\n\t\t\t\t\t<\/div>\n\t\t\t<\/div>\n\t<a class=\"t2-post-link wp-block-t2-post-link\" href=\"https:\/\/mentalhelse.no\/skodje-og-orskog\/aktuelt\/hyggelig-prat-om-et-fellesskap-som-betyr-noe\/\">\n\t<h2 class=\"t2-post-title wp-block-t2-post-title\">Hyggelig prat om et fellesskap som betyr noe<\/h2>\n\t<\/a>\n<\/div>\n\n<\/div>\n\n<div class=\"t2-featured-query-post t2-featured-content is-post-type-news wp-block-t2-featured-query-post t2-featured-content-layout-col-4\"><a class=\"t2-post-link wp-block-t2-post-link\" href=\"https:\/\/mentalhelse.no\/skodje-og-orskog\/aktuelt\/arsmotet-2026\/\">\n\t<figure style=\"--t2-focal-point: 50% 50%;\" class=\"t2-post-featured-image has-image-ratio-16-9 wp-block-t2-post-featured-image\"><img loading=\"lazy\" decoding=\"async\" width=\"1920\" height=\"1414\" src=\"https:\/\/mentalhelse.no\/content\/uploads\/sites\/348\/2026\/03\/openclipart-vectors-meeting-152506_1920.png\" class=\"attachment-post-thumbnail size-post-thumbnail wp-post-image\" alt=\"\" srcset=\"https:\/\/mentalhelse.no\/content\/uploads\/sites\/348\/2026\/03\/openclipart-vectors-meeting-152506_1920.png 1920w, https:\/\/mentalhelse.no\/content\/uploads\/sites\/348\/2026\/03\/openclipart-vectors-meeting-152506_1920-300x221.png 300w, https:\/\/mentalhelse.no\/content\/uploads\/sites\/348\/2026\/03\/openclipart-vectors-meeting-152506_1920-1024x754.png 1024w, https:\/\/mentalhelse.no\/content\/uploads\/sites\/348\/2026\/03\/openclipart-vectors-meeting-152506_1920-768x566.png 768w, https:\/\/mentalhelse.no\/content\/uploads\/sites\/348\/2026\/03\/openclipart-vectors-meeting-152506_1920-1536x1131.png 1536w\" sizes=\"auto, (max-width: 1920px) 100vw, 1920px\" style=\"--focal-point: 50% 50%;\" \/><\/figure>\n<\/a>\n\n<div class=\"wp-block-group postinfo alignfull is-layout-flow wp-block-group-is-layout-flow\">\n\t<div class=\"wp-block-mentalhelse-post-category\">\n\t\t\t\t\t<div class=\"post-type\">\n\t\t\t\t\t\t<a href=\"https:\/\/mentalhelse.no\/skodje-og-orskog\/aktuelt\/\">Nyheter<\/a>\n\t\t\t\t\t<\/div>\n\t\t\t\t\t\n\t\t\t\t\t<div class=\"post-category\">\n\t\t\t\t\t\t\n\t\t\t\t\t<\/div>\n\t\t\t<\/div>\n\t<a class=\"t2-post-link wp-block-t2-post-link\" href=\"https:\/\/mentalhelse.no\/skodje-og-orskog\/aktuelt\/arsmotet-2026\/\">\n\t<h2 class=\"t2-post-title wp-block-t2-post-title\">\u00c5rsm\u00f8tet 2026<\/h2>\n\t<\/a>\n<\/div>\n\n<\/div>\n\n<div class=\"t2-featured-query-post t2-featured-content is-post-type-news wp-block-t2-featured-query-post t2-featured-content-layout-col-4\"><a class=\"t2-post-link wp-block-t2-post-link\" href=\"https:\/\/mentalhelse.no\/skodje-og-orskog\/aktuelt\/julebord-i-festlig-lag\/\">\n\t<figure style=\"--t2-focal-point: 58% 36%;\" class=\"t2-post-featured-image has-image-ratio-16-9 wp-block-t2-post-featured-image\"><img loading=\"lazy\" decoding=\"async\" width=\"316\" height=\"298\" src=\"https:\/\/mentalhelse.no\/content\/uploads\/sites\/348\/2026\/01\/Bilde2.png\" class=\"attachment-post-thumbnail size-post-thumbnail wp-post-image\" alt=\"\" srcset=\"https:\/\/mentalhelse.no\/content\/uploads\/sites\/348\/2026\/01\/Bilde2.png 316w, https:\/\/mentalhelse.no\/content\/uploads\/sites\/348\/2026\/01\/Bilde2-300x283.png 300w\" sizes=\"auto, (max-width: 316px) 100vw, 316px\" style=\"--focal-point: 58% 36%;\" \/><\/figure>\n<\/a>\n\n<div class=\"wp-block-group postinfo alignfull is-layout-flow wp-block-group-is-layout-flow\">\n\t<div class=\"wp-block-mentalhelse-post-category\">\n\t\t\t\t\t<div class=\"post-type\">\n\t\t\t\t\t\t<a href=\"https:\/\/mentalhelse.no\/skodje-og-orskog\/aktuelt\/\">Nyheter<\/a>\n\t\t\t\t\t<\/div>\n\t\t\t\t\t\n\t\t\t\t\t<div class=\"post-category\">\n\t\t\t\t\t\t\n\t\t\t\t\t<\/div>\n\t\t\t<\/div>\n\t<a class=\"t2-post-link wp-block-t2-post-link\" href=\"https:\/\/mentalhelse.no\/skodje-og-orskog\/aktuelt\/julebord-i-festlig-lag\/\">\n\t<h2 class=\"t2-post-title wp-block-t2-post-title\">Julebord i festlig lag<\/h2>\n\t<\/a>\n<\/div>\n\n<\/div>\n<\/div>\n\n\t\t\t<\/div>\n\t\t<\/div>","protected":false},"excerpt":{"rendered":"<p>Sommer oppsummering &#8211; Sommerfuglen Aktivitet N\u00e5 er sommeren p\u00e5 Sommerfuglen Aktivitet ferdig for dette \u00e5ret. Vi \u00f8nsker \u00e5 oppsummere siste tre m\u00e5neder. Vi har holdt&#8230;<\/p>\n","protected":false},"author":154,"featured_media":1175,"parent":0,"template":"","meta":{"t2_featured_media_focal_point":{"x":0.5,"y":0.5},"mh_hide_title":true},"news_category":[],"class_list":["post-1173","news","type-news","status-publish","has-post-thumbnail","hentry"],"yoast_head":"<!-- This site is optimized with the Yoast SEO Premium plugin v21.2 (Yoast SEO v21.2) - https:\/\/yoast.com\/wordpress\/plugins\/seo\/ -->\n<title>Sommer oppsummering - Mental Helse - Skodje og \u00d8rskog<\/title>\n<meta name=\"robots\" content=\"index, follow, max-snippet:-1, max-image-preview:large, max-video-preview:-1\" \/>\n<link rel=\"canonical\" href=\"https:\/\/mentalhelse.no\/skodje-og-orskog\/aktuelt\/sommer-oppsummering\/\" \/>\n<meta property=\"og:locale\" content=\"nb_NO\" \/>\n<meta property=\"og:type\" content=\"article\" \/>\n<meta property=\"og:title\" content=\"Sommer oppsummering\" \/>\n<meta property=\"og:description\" content=\"Sommer oppsummering &#8211; Sommerfuglen Aktivitet N\u00e5 er sommeren p\u00e5 Sommerfuglen Aktivitet ferdig for dette \u00e5ret. Vi \u00f8nsker \u00e5 oppsummere siste tre m\u00e5neder. Vi har holdt...\" \/>\n<meta property=\"og:url\" content=\"https:\/\/mentalhelse.no\/skodje-og-orskog\/aktuelt\/sommer-oppsummering\/\" \/>\n<meta property=\"og:site_name\" content=\"Skodje og \u00d8rskog\" \/>\n<meta property=\"article:modified_time\" content=\"2024-09-07T13:07:43+00:00\" \/>\n<meta property=\"og:image\" content=\"https:\/\/mentalhelse.no\/content\/uploads\/sites\/348\/2024\/09\/marigna-roth-ab48MmH1Njk-unsplash-scaled.jpg\" \/>\n\t<meta property=\"og:image:width\" content=\"1920\" \/>\n\t<meta property=\"og:image:height\" content=\"2560\" \/>\n\t<meta property=\"og:image:type\" content=\"image\/jpeg\" \/>\n<meta name=\"twitter:card\" content=\"summary_large_image\" \/>\n<meta name=\"twitter:label1\" content=\"Ansl. lesetid\" \/>\n\t<meta name=\"twitter:data1\" content=\"1 minutt\" \/>\n<script type=\"application\/ld+json\" class=\"yoast-schema-graph\">{\"@context\":\"https:\/\/schema.org\",\"@graph\":[{\"@type\":\"WebPage\",\"@id\":\"https:\/\/mentalhelse.no\/skodje-og-orskog\/aktuelt\/sommer-oppsummering\/\",\"url\":\"https:\/\/mentalhelse.no\/skodje-og-orskog\/aktuelt\/sommer-oppsummering\/\",\"name\":\"Sommer oppsummering - Skodje og \u00d8rskog\",\"isPartOf\":{\"@id\":\"https:\/\/mentalhelse.no\/skodje-og-orskog\/#website\"},\"datePublished\":\"2024-09-07T13:07:42+00:00\",\"dateModified\":\"2024-09-07T13:07:43+00:00\",\"breadcrumb\":{\"@id\":\"https:\/\/mentalhelse.no\/skodje-og-orskog\/aktuelt\/sommer-oppsummering\/#breadcrumb\"},\"inLanguage\":\"nb-NO\",\"potentialAction\":[{\"@type\":\"ReadAction\",\"target\":[\"https:\/\/mentalhelse.no\/skodje-og-orskog\/aktuelt\/sommer-oppsummering\/\"]}]},{\"@type\":\"BreadcrumbList\",\"@id\":\"https:\/\/mentalhelse.no\/skodje-og-orskog\/aktuelt\/sommer-oppsummering\/#breadcrumb\",\"itemListElement\":[{\"@type\":\"ListItem\",\"position\":1,\"name\":\"Hjem\",\"item\":\"https:\/\/mentalhelse.no\/skodje-og-orskog\/\"},{\"@type\":\"ListItem\",\"position\":2,\"name\":\"Nyheter\",\"item\":\"https:\/\/mentalhelse.no\/skodje-og-orskog\/aktuelt\/\"},{\"@type\":\"ListItem\",\"position\":3,\"name\":\"Sommer oppsummering\"}]},{\"@type\":\"WebSite\",\"@id\":\"https:\/\/mentalhelse.no\/skodje-og-orskog\/#website\",\"url\":\"https:\/\/mentalhelse.no\/skodje-og-orskog\/\",\"name\":\"Skodje og \u00d8rskog\",\"description\":\"\",\"potentialAction\":[{\"@type\":\"SearchAction\",\"target\":{\"@type\":\"EntryPoint\",\"urlTemplate\":\"https:\/\/mentalhelse.no\/skodje-og-orskog\/?s={search_term_string}\"},\"query-input\":\"required name=search_term_string\"}],\"inLanguage\":\"nb-NO\"}]}<\/script>\n<!-- \/ Yoast SEO Premium plugin. -->","yoast_head_json":{"title":"Sommer oppsummering - Mental Helse - Skodje og \u00d8rskog","robots":{"index":"index","follow":"follow","max-snippet":"max-snippet:-1","max-image-preview":"max-image-preview:large","max-video-preview":"max-video-preview:-1"},"canonical":"https:\/\/mentalhelse.no\/skodje-og-orskog\/aktuelt\/sommer-oppsummering\/","og_locale":"nb_NO","og_type":"article","og_title":"Sommer oppsummering","og_description":"Sommer oppsummering &#8211; Sommerfuglen Aktivitet N\u00e5 er sommeren p\u00e5 Sommerfuglen Aktivitet ferdig for dette \u00e5ret. Vi \u00f8nsker \u00e5 oppsummere siste tre m\u00e5neder. Vi har holdt...","og_url":"https:\/\/mentalhelse.no\/skodje-og-orskog\/aktuelt\/sommer-oppsummering\/","og_site_name":"Skodje og \u00d8rskog","article_modified_time":"2024-09-07T13:07:43+00:00","og_image":[{"width":1920,"height":2560,"url":"https:\/\/mentalhelse.no\/content\/uploads\/sites\/348\/2024\/09\/marigna-roth-ab48MmH1Njk-unsplash-scaled.jpg","type":"image\/jpeg"}],"twitter_card":"summary_large_image","twitter_misc":{"Ansl. lesetid":"1 minutt"},"schema":{"@context":"https:\/\/schema.org","@graph":[{"@type":"WebPage","@id":"https:\/\/mentalhelse.no\/skodje-og-orskog\/aktuelt\/sommer-oppsummering\/","url":"https:\/\/mentalhelse.no\/skodje-og-orskog\/aktuelt\/sommer-oppsummering\/","name":"Sommer oppsummering - Skodje og \u00d8rskog","isPartOf":{"@id":"https:\/\/mentalhelse.no\/skodje-og-orskog\/#website"},"datePublished":"2024-09-07T13:07:42+00:00","dateModified":"2024-09-07T13:07:43+00:00","breadcrumb":{"@id":"https:\/\/mentalhelse.no\/skodje-og-orskog\/aktuelt\/sommer-oppsummering\/#breadcrumb"},"inLanguage":"nb-NO","potentialAction":[{"@type":"ReadAction","target":["https:\/\/mentalhelse.no\/skodje-og-orskog\/aktuelt\/sommer-oppsummering\/"]}]},{"@type":"BreadcrumbList","@id":"https:\/\/mentalhelse.no\/skodje-og-orskog\/aktuelt\/sommer-oppsummering\/#breadcrumb","itemListElement":[{"@type":"ListItem","position":1,"name":"Hjem","item":"https:\/\/mentalhelse.no\/skodje-og-orskog\/"},{"@type":"ListItem","position":2,"name":"Nyheter","item":"https:\/\/mentalhelse.no\/skodje-og-orskog\/aktuelt\/"},{"@type":"ListItem","position":3,"name":"Sommer oppsummering"}]},{"@type":"WebSite","@id":"https:\/\/mentalhelse.no\/skodje-og-orskog\/#website","url":"https:\/\/mentalhelse.no\/skodje-og-orskog\/","name":"Skodje og \u00d8rskog","description":"","potentialAction":[{"@type":"SearchAction","target":{"@type":"EntryPoint","urlTemplate":"https:\/\/mentalhelse.no\/skodje-og-orskog\/?s={search_term_string}"},"query-input":"required name=search_term_string"}],"inLanguage":"nb-NO"}]}},"_links":{"self":[{"href":"https:\/\/mentalhelse.no\/skodje-og-orskog\/wp-json\/wp\/v2\/news\/1173","targetHints":{"allow":["GET"]}}],"collection":[{"href":"https:\/\/mentalhelse.no\/skodje-og-orskog\/wp-json\/wp\/v2\/news"}],"about":[{"href":"https:\/\/mentalhelse.no\/skodje-og-orskog\/wp-json\/wp\/v2\/types\/news"}],"author":[{"embeddable":true,"href":"https:\/\/mentalhelse.no\/skodje-og-orskog\/wp-json\/wp\/v2\/users\/154"}],"wp:featuredmedia":[{"embeddable":true,"href":"https:\/\/mentalhelse.no\/skodje-og-orskog\/wp-json\/wp\/v2\/media\/1175"}],"wp:attachment":[{"href":"https:\/\/mentalhelse.no\/skodje-og-orskog\/wp-json\/wp\/v2\/media?parent=1173"}],"wp:term":[{"taxonomy":"news_category","embeddable":true,"href":"https:\/\/mentalhelse.no\/skodje-og-orskog\/wp-json\/wp\/v2\/news_category?post=1173"}],"curies":[{"name":"wp","href":"https:\/\/api.w.org\/{rel}","templated":true}]}}