{"id":1263,"date":"2025-08-04T10:14:30","date_gmt":"2025-08-04T10:14:30","guid":{"rendered":"https:\/\/mentalhelse.no\/skodje-og-orskog\/?post_type=news&#038;p=1263"},"modified":"2025-08-04T10:14:30","modified_gmt":"2025-08-04T10:14:30","slug":"sommerfugler-pa-tur-til-valldal","status":"publish","type":"news","link":"https:\/\/mentalhelse.no\/skodje-og-orskog\/aktuelt\/sommerfugler-pa-tur-til-valldal\/","title":{"rendered":"Sommerfugler p\u00e5 tur til Valldal"},"content":{"rendered":"<figure class=\"alignwide wp-block-post-featured-image\"><img loading=\"lazy\" decoding=\"async\" width=\"2048\" height=\"1536\" src=\"https:\/\/mentalhelse.no\/content\/uploads\/sites\/348\/2025\/07\/43255a26-cce4-4549-9dff-292bdc48079d.jpg\" class=\"attachment-post-thumbnail size-post-thumbnail wp-post-image\" alt=\"\" style=\"object-fit:cover; --focal-point: 50% 50%;\" srcset=\"https:\/\/mentalhelse.no\/content\/uploads\/sites\/348\/2025\/07\/43255a26-cce4-4549-9dff-292bdc48079d.jpg 2048w, https:\/\/mentalhelse.no\/content\/uploads\/sites\/348\/2025\/07\/43255a26-cce4-4549-9dff-292bdc48079d-300x225.jpg 300w, https:\/\/mentalhelse.no\/content\/uploads\/sites\/348\/2025\/07\/43255a26-cce4-4549-9dff-292bdc48079d-1024x768.jpg 1024w, https:\/\/mentalhelse.no\/content\/uploads\/sites\/348\/2025\/07\/43255a26-cce4-4549-9dff-292bdc48079d-768x576.jpg 768w, https:\/\/mentalhelse.no\/content\/uploads\/sites\/348\/2025\/07\/43255a26-cce4-4549-9dff-292bdc48079d-1536x1152.jpg 1536w\" sizes=\"auto, (max-width: 2048px) 100vw, 2048px\" \/><\/figure>\n\n<h1 class=\"wp-block-post-title\">Sommerfugler p\u00e5 tur til Valldal<\/h1>\n\n<div class=\"is-img-top mh-byline wp-block-mh-byline\">\n                  <div class=\"mh-byline__inner\">\n                  \t\n                  \t<div class=\"mh-byline__meta\">\n                  \t\t<div class=\"mh-byline__post\">\n                  \t\t\t<div class=\"entry-date\">04.08.2025<\/div>\n                  \t\t<\/div>\n                  \t\t<div class=\"mh-byline__author\">\n                  \t\t\t <span class=\"mh-byline__author-link\">lagskodjeorskog<\/span>\n\t\t\t\t\t\t<\/div>\n\t\t\t\t\t<\/div>\n\t\t\t\t<\/div>\n\t\t<\/div>\n\n\n<p>En deilig dag i slutten av mai, dro en gjeng med flotte mennesker en tur til Valldal for \u00e5 kose seg og nyte livet.<br>F\u00f8rste stopp var i Stordal, der den obligatoriske softisen ble fort\u00e6rt.<br>Deretter fant vi veien til Omnoss\u00e6tra i Valldal. Her var det en nydelig plass med gapahuk og grill. Nydelig natur, flotte folk og grillede p\u00f8lser. Herlig!<br>Siste stopp p\u00e5 veien var Valldal sentrum, her kikka vi i butikker og tok en snartur p\u00e5 kafe for \u00e5 f\u00e5 en pust i bakken mellom slagene.<br>En deilig tur, og god avkobling i hverdagen.<\/p>\n\n\n\n<figure class=\"wp-block-image size-large\"><img loading=\"lazy\" decoding=\"async\" width=\"1024\" height=\"473\" src=\"https:\/\/mentalhelse.no\/content\/uploads\/sites\/348\/2025\/07\/3e097148-a450-43e3-b2dc-65112d0ee84b-1024x473.jpg\" alt=\"\" class=\"wp-image-1258\" srcset=\"https:\/\/mentalhelse.no\/content\/uploads\/sites\/348\/2025\/07\/3e097148-a450-43e3-b2dc-65112d0ee84b-1024x473.jpg 1024w, https:\/\/mentalhelse.no\/content\/uploads\/sites\/348\/2025\/07\/3e097148-a450-43e3-b2dc-65112d0ee84b-300x139.jpg 300w, https:\/\/mentalhelse.no\/content\/uploads\/sites\/348\/2025\/07\/3e097148-a450-43e3-b2dc-65112d0ee84b-768x355.jpg 768w, https:\/\/mentalhelse.no\/content\/uploads\/sites\/348\/2025\/07\/3e097148-a450-43e3-b2dc-65112d0ee84b-1536x710.jpg 1536w, https:\/\/mentalhelse.no\/content\/uploads\/sites\/348\/2025\/07\/3e097148-a450-43e3-b2dc-65112d0ee84b.jpg 2048w\" sizes=\"auto, (max-width: 1024px) 100vw, 1024px\" \/><\/figure>\n\n\n\n<figure class=\"wp-block-image size-large\"><img loading=\"lazy\" decoding=\"async\" width=\"1024\" height=\"768\" src=\"https:\/\/mentalhelse.no\/content\/uploads\/sites\/348\/2025\/06\/94921d84-a287-492c-942c-4d6bbd951f48-1024x768.jpg\" alt=\"\" class=\"wp-image-1254\" srcset=\"https:\/\/mentalhelse.no\/content\/uploads\/sites\/348\/2025\/06\/94921d84-a287-492c-942c-4d6bbd951f48-1024x768.jpg 1024w, https:\/\/mentalhelse.no\/content\/uploads\/sites\/348\/2025\/06\/94921d84-a287-492c-942c-4d6bbd951f48-300x225.jpg 300w, https:\/\/mentalhelse.no\/content\/uploads\/sites\/348\/2025\/06\/94921d84-a287-492c-942c-4d6bbd951f48-768x576.jpg 768w, https:\/\/mentalhelse.no\/content\/uploads\/sites\/348\/2025\/06\/94921d84-a287-492c-942c-4d6bbd951f48-1536x1152.jpg 1536w, https:\/\/mentalhelse.no\/content\/uploads\/sites\/348\/2025\/06\/94921d84-a287-492c-942c-4d6bbd951f48.jpg 2048w\" sizes=\"auto, (max-width: 1024px) 100vw, 1024px\" \/><\/figure>\n\n\n\n<figure class=\"wp-block-image size-large\"><img loading=\"lazy\" decoding=\"async\" width=\"473\" height=\"1024\" src=\"https:\/\/mentalhelse.no\/content\/uploads\/sites\/348\/2025\/07\/f7623528-988d-4020-9d6f-1d3754fbca96-473x1024.jpg\" alt=\"\" class=\"wp-image-1260\" srcset=\"https:\/\/mentalhelse.no\/content\/uploads\/sites\/348\/2025\/07\/f7623528-988d-4020-9d6f-1d3754fbca96-473x1024.jpg 473w, https:\/\/mentalhelse.no\/content\/uploads\/sites\/348\/2025\/07\/f7623528-988d-4020-9d6f-1d3754fbca96-139x300.jpg 139w, https:\/\/mentalhelse.no\/content\/uploads\/sites\/348\/2025\/07\/f7623528-988d-4020-9d6f-1d3754fbca96-768x1663.jpg 768w, https:\/\/mentalhelse.no\/content\/uploads\/sites\/348\/2025\/07\/f7623528-988d-4020-9d6f-1d3754fbca96-710x1536.jpg 710w, https:\/\/mentalhelse.no\/content\/uploads\/sites\/348\/2025\/07\/f7623528-988d-4020-9d6f-1d3754fbca96.jpg 946w\" sizes=\"auto, (max-width: 473px) 100vw, 473px\" \/><\/figure>\n\n\n\n\t\t<div class=\"mh-related-posts alignfull alignfull wp-block-mentalhelse-related-posts gray-mode\">\n\t\t\t<div class=\"mh-related-posts__inner\">\n\t\t\t\t\n\n<h3 class=\"wp-block-heading\" id=\"h-also-read\">Also read<\/h3>\n\n\n<div class=\"t2-featured-content-layout alignwide alignwide wp-block-t2-featured-content-layout\">\n<div class=\"t2-featured-query-post t2-featured-content is-post-type-news wp-block-t2-featured-query-post t2-featured-content-layout-col-4\"><a class=\"t2-post-link wp-block-t2-post-link\" href=\"https:\/\/mentalhelse.no\/skodje-og-orskog\/aktuelt\/hyggelig-prat-om-et-fellesskap-som-betyr-noe\/\">\n\t<figure style=\"--t2-focal-point: 48% 49%;\" class=\"t2-post-featured-image has-image-ratio-16-9 wp-block-t2-post-featured-image\"><img loading=\"lazy\" decoding=\"async\" width=\"2560\" height=\"1920\" src=\"https:\/\/mentalhelse.no\/content\/uploads\/sites\/348\/2026\/03\/Radio.jpeg\" class=\"attachment-post-thumbnail size-post-thumbnail wp-post-image\" alt=\"\" srcset=\"https:\/\/mentalhelse.no\/content\/uploads\/sites\/348\/2026\/03\/Radio.jpeg 2560w, https:\/\/mentalhelse.no\/content\/uploads\/sites\/348\/2026\/03\/Radio-300x225.jpeg 300w, https:\/\/mentalhelse.no\/content\/uploads\/sites\/348\/2026\/03\/Radio-1024x768.jpeg 1024w, https:\/\/mentalhelse.no\/content\/uploads\/sites\/348\/2026\/03\/Radio-768x576.jpeg 768w, https:\/\/mentalhelse.no\/content\/uploads\/sites\/348\/2026\/03\/Radio-1536x1152.jpeg 1536w, https:\/\/mentalhelse.no\/content\/uploads\/sites\/348\/2026\/03\/Radio-2048x1536.jpeg 2048w\" sizes=\"auto, (max-width: 2560px) 100vw, 2560px\" style=\"--focal-point: 48% 49%;\" \/><\/figure>\n<\/a>\n\n<div class=\"wp-block-group postinfo alignfull is-layout-flow wp-block-group-is-layout-flow\">\n\t<div class=\"wp-block-mentalhelse-post-category\">\n\t\t\t\t\t<div class=\"post-type\">\n\t\t\t\t\t\t<a href=\"https:\/\/mentalhelse.no\/skodje-og-orskog\/aktuelt\/\">Nyheter<\/a>\n\t\t\t\t\t<\/div>\n\t\t\t\t\t\n\t\t\t\t\t<div class=\"post-category\">\n\t\t\t\t\t\t\n\t\t\t\t\t<\/div>\n\t\t\t<\/div>\n\t<a class=\"t2-post-link wp-block-t2-post-link\" href=\"https:\/\/mentalhelse.no\/skodje-og-orskog\/aktuelt\/hyggelig-prat-om-et-fellesskap-som-betyr-noe\/\">\n\t<h2 class=\"t2-post-title wp-block-t2-post-title\">Hyggelig prat om et fellesskap som betyr noe<\/h2>\n\t<\/a>\n<\/div>\n\n<\/div>\n\n<div class=\"t2-featured-query-post t2-featured-content is-post-type-news wp-block-t2-featured-query-post t2-featured-content-layout-col-4\"><a class=\"t2-post-link wp-block-t2-post-link\" href=\"https:\/\/mentalhelse.no\/skodje-og-orskog\/aktuelt\/arsmotet-2026\/\">\n\t<figure style=\"--t2-focal-point: 50% 50%;\" class=\"t2-post-featured-image has-image-ratio-16-9 wp-block-t2-post-featured-image\"><img loading=\"lazy\" decoding=\"async\" width=\"1920\" height=\"1414\" src=\"https:\/\/mentalhelse.no\/content\/uploads\/sites\/348\/2026\/03\/openclipart-vectors-meeting-152506_1920.png\" class=\"attachment-post-thumbnail size-post-thumbnail wp-post-image\" alt=\"\" srcset=\"https:\/\/mentalhelse.no\/content\/uploads\/sites\/348\/2026\/03\/openclipart-vectors-meeting-152506_1920.png 1920w, https:\/\/mentalhelse.no\/content\/uploads\/sites\/348\/2026\/03\/openclipart-vectors-meeting-152506_1920-300x221.png 300w, https:\/\/mentalhelse.no\/content\/uploads\/sites\/348\/2026\/03\/openclipart-vectors-meeting-152506_1920-1024x754.png 1024w, https:\/\/mentalhelse.no\/content\/uploads\/sites\/348\/2026\/03\/openclipart-vectors-meeting-152506_1920-768x566.png 768w, https:\/\/mentalhelse.no\/content\/uploads\/sites\/348\/2026\/03\/openclipart-vectors-meeting-152506_1920-1536x1131.png 1536w\" sizes=\"auto, (max-width: 1920px) 100vw, 1920px\" style=\"--focal-point: 50% 50%;\" \/><\/figure>\n<\/a>\n\n<div class=\"wp-block-group postinfo alignfull is-layout-flow wp-block-group-is-layout-flow\">\n\t<div class=\"wp-block-mentalhelse-post-category\">\n\t\t\t\t\t<div class=\"post-type\">\n\t\t\t\t\t\t<a href=\"https:\/\/mentalhelse.no\/skodje-og-orskog\/aktuelt\/\">Nyheter<\/a>\n\t\t\t\t\t<\/div>\n\t\t\t\t\t\n\t\t\t\t\t<div class=\"post-category\">\n\t\t\t\t\t\t\n\t\t\t\t\t<\/div>\n\t\t\t<\/div>\n\t<a class=\"t2-post-link wp-block-t2-post-link\" href=\"https:\/\/mentalhelse.no\/skodje-og-orskog\/aktuelt\/arsmotet-2026\/\">\n\t<h2 class=\"t2-post-title wp-block-t2-post-title\">\u00c5rsm\u00f8tet 2026<\/h2>\n\t<\/a>\n<\/div>\n\n<\/div>\n\n<div class=\"t2-featured-query-post t2-featured-content is-post-type-news wp-block-t2-featured-query-post t2-featured-content-layout-col-4\"><a class=\"t2-post-link wp-block-t2-post-link\" href=\"https:\/\/mentalhelse.no\/skodje-og-orskog\/aktuelt\/julebord-i-festlig-lag\/\">\n\t<figure style=\"--t2-focal-point: 58% 36%;\" class=\"t2-post-featured-image has-image-ratio-16-9 wp-block-t2-post-featured-image\"><img loading=\"lazy\" decoding=\"async\" width=\"316\" height=\"298\" src=\"https:\/\/mentalhelse.no\/content\/uploads\/sites\/348\/2026\/01\/Bilde2.png\" class=\"attachment-post-thumbnail size-post-thumbnail wp-post-image\" alt=\"\" srcset=\"https:\/\/mentalhelse.no\/content\/uploads\/sites\/348\/2026\/01\/Bilde2.png 316w, https:\/\/mentalhelse.no\/content\/uploads\/sites\/348\/2026\/01\/Bilde2-300x283.png 300w\" sizes=\"auto, (max-width: 316px) 100vw, 316px\" style=\"--focal-point: 58% 36%;\" \/><\/figure>\n<\/a>\n\n<div class=\"wp-block-group postinfo alignfull is-layout-flow wp-block-group-is-layout-flow\">\n\t<div class=\"wp-block-mentalhelse-post-category\">\n\t\t\t\t\t<div class=\"post-type\">\n\t\t\t\t\t\t<a href=\"https:\/\/mentalhelse.no\/skodje-og-orskog\/aktuelt\/\">Nyheter<\/a>\n\t\t\t\t\t<\/div>\n\t\t\t\t\t\n\t\t\t\t\t<div class=\"post-category\">\n\t\t\t\t\t\t\n\t\t\t\t\t<\/div>\n\t\t\t<\/div>\n\t<a class=\"t2-post-link wp-block-t2-post-link\" href=\"https:\/\/mentalhelse.no\/skodje-og-orskog\/aktuelt\/julebord-i-festlig-lag\/\">\n\t<h2 class=\"t2-post-title wp-block-t2-post-title\">Julebord i festlig lag<\/h2>\n\t<\/a>\n<\/div>\n\n<\/div>\n<\/div>\n\n\t\t\t<\/div>\n\t\t<\/div>","protected":false},"excerpt":{"rendered":"<p>En deilig dag i slutten av mai, dro en gjeng med flotte mennesker en tur til Valldal for \u00e5 kose seg og nyte livet.F\u00f8rste stopp&#8230;<\/p>\n","protected":false},"author":69,"featured_media":1261,"parent":0,"template":"","meta":{"t2_featured_media_focal_point":{"x":0.5,"y":0.5},"mh_hide_title":true},"news_category":[],"class_list":["post-1263","news","type-news","status-publish","has-post-thumbnail","hentry"],"yoast_head":"<!-- This site is optimized with the Yoast SEO Premium plugin v21.2 (Yoast SEO v21.2) - https:\/\/yoast.com\/wordpress\/plugins\/seo\/ -->\n<title>Sommerfugler p\u00e5 tur til Valldal - Mental Helse - Skodje og \u00d8rskog<\/title>\n<meta name=\"robots\" content=\"index, follow, max-snippet:-1, max-image-preview:large, max-video-preview:-1\" \/>\n<link rel=\"canonical\" href=\"https:\/\/mentalhelse.no\/skodje-og-orskog\/aktuelt\/sommerfugler-pa-tur-til-valldal\/\" \/>\n<meta property=\"og:locale\" content=\"nb_NO\" \/>\n<meta property=\"og:type\" content=\"article\" \/>\n<meta property=\"og:title\" content=\"Sommerfugler p\u00e5 tur til Valldal\" \/>\n<meta property=\"og:description\" content=\"En deilig dag i slutten av mai, dro en gjeng med flotte mennesker en tur til Valldal for \u00e5 kose seg og nyte livet.F\u00f8rste stopp...\" \/>\n<meta property=\"og:url\" content=\"https:\/\/mentalhelse.no\/skodje-og-orskog\/aktuelt\/sommerfugler-pa-tur-til-valldal\/\" \/>\n<meta property=\"og:site_name\" content=\"Skodje og \u00d8rskog\" \/>\n<meta property=\"og:image\" content=\"https:\/\/mentalhelse.no\/content\/uploads\/sites\/348\/2025\/07\/43255a26-cce4-4549-9dff-292bdc48079d.jpg\" \/>\n\t<meta property=\"og:image:width\" content=\"2048\" \/>\n\t<meta property=\"og:image:height\" content=\"1536\" \/>\n\t<meta property=\"og:image:type\" content=\"image\/jpeg\" \/>\n<meta name=\"twitter:card\" content=\"summary_large_image\" \/>\n<meta name=\"twitter:label1\" content=\"Ansl. lesetid\" \/>\n\t<meta name=\"twitter:data1\" content=\"2 minutter\" \/>\n<script type=\"application\/ld+json\" class=\"yoast-schema-graph\">{\"@context\":\"https:\/\/schema.org\",\"@graph\":[{\"@type\":\"WebPage\",\"@id\":\"https:\/\/mentalhelse.no\/skodje-og-orskog\/aktuelt\/sommerfugler-pa-tur-til-valldal\/\",\"url\":\"https:\/\/mentalhelse.no\/skodje-og-orskog\/aktuelt\/sommerfugler-pa-tur-til-valldal\/\",\"name\":\"Sommerfugler p\u00e5 tur til Valldal - Skodje og \u00d8rskog\",\"isPartOf\":{\"@id\":\"https:\/\/mentalhelse.no\/skodje-og-orskog\/#website\"},\"datePublished\":\"2025-08-04T10:14:30+00:00\",\"dateModified\":\"2025-08-04T10:14:30+00:00\",\"breadcrumb\":{\"@id\":\"https:\/\/mentalhelse.no\/skodje-og-orskog\/aktuelt\/sommerfugler-pa-tur-til-valldal\/#breadcrumb\"},\"inLanguage\":\"nb-NO\",\"potentialAction\":[{\"@type\":\"ReadAction\",\"target\":[\"https:\/\/mentalhelse.no\/skodje-og-orskog\/aktuelt\/sommerfugler-pa-tur-til-valldal\/\"]}]},{\"@type\":\"BreadcrumbList\",\"@id\":\"https:\/\/mentalhelse.no\/skodje-og-orskog\/aktuelt\/sommerfugler-pa-tur-til-valldal\/#breadcrumb\",\"itemListElement\":[{\"@type\":\"ListItem\",\"position\":1,\"name\":\"Hjem\",\"item\":\"https:\/\/mentalhelse.no\/skodje-og-orskog\/\"},{\"@type\":\"ListItem\",\"position\":2,\"name\":\"Nyheter\",\"item\":\"https:\/\/mentalhelse.no\/skodje-og-orskog\/aktuelt\/\"},{\"@type\":\"ListItem\",\"position\":3,\"name\":\"Sommerfugler p\u00e5 tur til Valldal\"}]},{\"@type\":\"WebSite\",\"@id\":\"https:\/\/mentalhelse.no\/skodje-og-orskog\/#website\",\"url\":\"https:\/\/mentalhelse.no\/skodje-og-orskog\/\",\"name\":\"Skodje og \u00d8rskog\",\"description\":\"\",\"potentialAction\":[{\"@type\":\"SearchAction\",\"target\":{\"@type\":\"EntryPoint\",\"urlTemplate\":\"https:\/\/mentalhelse.no\/skodje-og-orskog\/?s={search_term_string}\"},\"query-input\":\"required name=search_term_string\"}],\"inLanguage\":\"nb-NO\"}]}<\/script>\n<!-- \/ Yoast SEO Premium plugin. -->","yoast_head_json":{"title":"Sommerfugler p\u00e5 tur til Valldal - Mental Helse - Skodje og \u00d8rskog","robots":{"index":"index","follow":"follow","max-snippet":"max-snippet:-1","max-image-preview":"max-image-preview:large","max-video-preview":"max-video-preview:-1"},"canonical":"https:\/\/mentalhelse.no\/skodje-og-orskog\/aktuelt\/sommerfugler-pa-tur-til-valldal\/","og_locale":"nb_NO","og_type":"article","og_title":"Sommerfugler p\u00e5 tur til Valldal","og_description":"En deilig dag i slutten av mai, dro en gjeng med flotte mennesker en tur til Valldal for \u00e5 kose seg og nyte livet.F\u00f8rste stopp...","og_url":"https:\/\/mentalhelse.no\/skodje-og-orskog\/aktuelt\/sommerfugler-pa-tur-til-valldal\/","og_site_name":"Skodje og \u00d8rskog","og_image":[{"width":2048,"height":1536,"url":"https:\/\/mentalhelse.no\/content\/uploads\/sites\/348\/2025\/07\/43255a26-cce4-4549-9dff-292bdc48079d.jpg","type":"image\/jpeg"}],"twitter_card":"summary_large_image","twitter_misc":{"Ansl. lesetid":"2 minutter"},"schema":{"@context":"https:\/\/schema.org","@graph":[{"@type":"WebPage","@id":"https:\/\/mentalhelse.no\/skodje-og-orskog\/aktuelt\/sommerfugler-pa-tur-til-valldal\/","url":"https:\/\/mentalhelse.no\/skodje-og-orskog\/aktuelt\/sommerfugler-pa-tur-til-valldal\/","name":"Sommerfugler p\u00e5 tur til Valldal - Skodje og \u00d8rskog","isPartOf":{"@id":"https:\/\/mentalhelse.no\/skodje-og-orskog\/#website"},"datePublished":"2025-08-04T10:14:30+00:00","dateModified":"2025-08-04T10:14:30+00:00","breadcrumb":{"@id":"https:\/\/mentalhelse.no\/skodje-og-orskog\/aktuelt\/sommerfugler-pa-tur-til-valldal\/#breadcrumb"},"inLanguage":"nb-NO","potentialAction":[{"@type":"ReadAction","target":["https:\/\/mentalhelse.no\/skodje-og-orskog\/aktuelt\/sommerfugler-pa-tur-til-valldal\/"]}]},{"@type":"BreadcrumbList","@id":"https:\/\/mentalhelse.no\/skodje-og-orskog\/aktuelt\/sommerfugler-pa-tur-til-valldal\/#breadcrumb","itemListElement":[{"@type":"ListItem","position":1,"name":"Hjem","item":"https:\/\/mentalhelse.no\/skodje-og-orskog\/"},{"@type":"ListItem","position":2,"name":"Nyheter","item":"https:\/\/mentalhelse.no\/skodje-og-orskog\/aktuelt\/"},{"@type":"ListItem","position":3,"name":"Sommerfugler p\u00e5 tur til Valldal"}]},{"@type":"WebSite","@id":"https:\/\/mentalhelse.no\/skodje-og-orskog\/#website","url":"https:\/\/mentalhelse.no\/skodje-og-orskog\/","name":"Skodje og \u00d8rskog","description":"","potentialAction":[{"@type":"SearchAction","target":{"@type":"EntryPoint","urlTemplate":"https:\/\/mentalhelse.no\/skodje-og-orskog\/?s={search_term_string}"},"query-input":"required name=search_term_string"}],"inLanguage":"nb-NO"}]}},"_links":{"self":[{"href":"https:\/\/mentalhelse.no\/skodje-og-orskog\/wp-json\/wp\/v2\/news\/1263","targetHints":{"allow":["GET"]}}],"collection":[{"href":"https:\/\/mentalhelse.no\/skodje-og-orskog\/wp-json\/wp\/v2\/news"}],"about":[{"href":"https:\/\/mentalhelse.no\/skodje-og-orskog\/wp-json\/wp\/v2\/types\/news"}],"author":[{"embeddable":true,"href":"https:\/\/mentalhelse.no\/skodje-og-orskog\/wp-json\/wp\/v2\/users\/69"}],"wp:featuredmedia":[{"embeddable":true,"href":"https:\/\/mentalhelse.no\/skodje-og-orskog\/wp-json\/wp\/v2\/media\/1261"}],"wp:attachment":[{"href":"https:\/\/mentalhelse.no\/skodje-og-orskog\/wp-json\/wp\/v2\/media?parent=1263"}],"wp:term":[{"taxonomy":"news_category","embeddable":true,"href":"https:\/\/mentalhelse.no\/skodje-og-orskog\/wp-json\/wp\/v2\/news_category?post=1263"}],"curies":[{"name":"wp","href":"https:\/\/api.w.org\/{rel}","templated":true}]}}