{"id":1095,"date":"2024-05-17T20:47:15","date_gmt":"2024-05-17T20:47:15","guid":{"rendered":"https:\/\/mentalhelse.no\/sola\/?post_type=news&#038;p=1095"},"modified":"2024-05-17T20:47:15","modified_gmt":"2024-05-17T20:47:15","slug":"17-mai-2024","status":"publish","type":"news","link":"https:\/\/mentalhelse.no\/sola\/aktuelt\/17-mai-2024\/","title":{"rendered":"17.mai 2024"},"content":{"rendered":"<figure class=\"alignwide wp-block-post-featured-image\"><img loading=\"lazy\" decoding=\"async\" width=\"1899\" height=\"1004\" src=\"https:\/\/mentalhelse.no\/content\/uploads\/sites\/261\/2024\/05\/17-mai-2.jpg\" class=\"attachment-post-thumbnail size-post-thumbnail wp-post-image\" alt=\"\" style=\"object-fit:cover; --focal-point: 50% 50%;\" srcset=\"https:\/\/mentalhelse.no\/content\/uploads\/sites\/261\/2024\/05\/17-mai-2.jpg 1899w, https:\/\/mentalhelse.no\/content\/uploads\/sites\/261\/2024\/05\/17-mai-2-300x159.jpg 300w, https:\/\/mentalhelse.no\/content\/uploads\/sites\/261\/2024\/05\/17-mai-2-1024x541.jpg 1024w, https:\/\/mentalhelse.no\/content\/uploads\/sites\/261\/2024\/05\/17-mai-2-768x406.jpg 768w, https:\/\/mentalhelse.no\/content\/uploads\/sites\/261\/2024\/05\/17-mai-2-1536x812.jpg 1536w\" sizes=\"auto, (max-width: 1899px) 100vw, 1899px\" \/><\/figure>\n\n<h1 class=\"wp-block-post-title\">17.mai 2024<\/h1>\n\n<div class=\"is-img-top mh-byline wp-block-mh-byline\">\n                  <div class=\"mh-byline__inner\">\n                  \t\n                  \t<div class=\"mh-byline__meta\">\n                  \t\t<div class=\"mh-byline__post\">\n                  \t\t\t<div class=\"entry-date\">17.05.2024<\/div>\n                  \t\t<\/div>\n                  \t\t<div class=\"mh-byline__author\">\n                  \t\t\t <span class=\"mh-byline__author-link\">lagsola<\/span>\n\t\t\t\t\t\t<\/div>\n\t\t\t\t\t<\/div>\n\t\t\t\t<\/div>\n\t\t<\/div>\n\n\n<p>17.mai deltok vi i folketoget p\u00e5 Sola. Astri og Magny hadde laget veldig fine faner s\u00e5 vi viste godt igjen. Det var en opplevelse \u00e5 g\u00e5 tett mellom V\u00e5ganes Fotballklubb som laget stor fotballstemning og skolekorpset som gikk rett bak med sin mer tradisjonelle 17.mai stemning. <\/p>\n\n\n\n\t\t<div class=\"mh-related-posts alignfull alignfull wp-block-mentalhelse-related-posts gray-mode\">\n\t\t\t<div class=\"mh-related-posts__inner\">\n\t\t\t\t\n\n<h3 class=\"wp-block-heading\" id=\"h-also-read\">Also read<\/h3>\n\n\n<div class=\"t2-featured-content-layout alignwide alignwide wp-block-t2-featured-content-layout\">\n<div class=\"t2-featured-query-post t2-featured-content is-post-type-news wp-block-t2-featured-query-post t2-featured-content-layout-col-4\"><a class=\"t2-post-link wp-block-t2-post-link\" href=\"https:\/\/mentalhelse.no\/sola\/aktuelt\/hva-skjer-i-sola\/\">\n\t<figure style=\"--t2-focal-point: 50% 50%;\" class=\"t2-post-featured-image has-image-ratio-16-9 wp-block-t2-post-featured-image\"><img loading=\"lazy\" decoding=\"async\" width=\"2083\" height=\"1791\" src=\"https:\/\/mentalhelse.no\/content\/uploads\/sites\/261\/2024\/08\/Bilde-2.jpeg\" class=\"attachment-post-thumbnail size-post-thumbnail wp-post-image\" alt=\"\" srcset=\"https:\/\/mentalhelse.no\/content\/uploads\/sites\/261\/2024\/08\/Bilde-2.jpeg 2083w, https:\/\/mentalhelse.no\/content\/uploads\/sites\/261\/2024\/08\/Bilde-2-300x258.jpeg 300w, https:\/\/mentalhelse.no\/content\/uploads\/sites\/261\/2024\/08\/Bilde-2-1024x880.jpeg 1024w, https:\/\/mentalhelse.no\/content\/uploads\/sites\/261\/2024\/08\/Bilde-2-768x660.jpeg 768w, https:\/\/mentalhelse.no\/content\/uploads\/sites\/261\/2024\/08\/Bilde-2-1536x1321.jpeg 1536w, https:\/\/mentalhelse.no\/content\/uploads\/sites\/261\/2024\/08\/Bilde-2-2048x1761.jpeg 2048w\" sizes=\"auto, (max-width: 2083px) 100vw, 2083px\" style=\"--focal-point: 50% 50%;\" \/><\/figure>\n<\/a>\n\n<div class=\"wp-block-group postinfo alignfull is-layout-flow wp-block-group-is-layout-flow\">\n\t<div class=\"wp-block-mentalhelse-post-category\">\n\t\t\t\t\t<div class=\"post-type\">\n\t\t\t\t\t\t<a href=\"https:\/\/mentalhelse.no\/sola\/aktuelt\/\">Nyheter<\/a>\n\t\t\t\t\t<\/div>\n\t\t\t\t\t\n\t\t\t\t\t<div class=\"post-category\">\n\t\t\t\t\t\t\n\t\t\t\t\t<\/div>\n\t\t\t<\/div>\n\t<a class=\"t2-post-link wp-block-t2-post-link\" href=\"https:\/\/mentalhelse.no\/sola\/aktuelt\/hva-skjer-i-sola\/\">\n\t<h2 class=\"t2-post-title wp-block-t2-post-title\">Hva skjer i Sola?<\/h2>\n\t<\/a>\n<\/div>\n\n<\/div>\n\n<div class=\"t2-featured-query-post t2-featured-content is-post-type-news wp-block-t2-featured-query-post t2-featured-content-layout-col-4\"><a class=\"t2-post-link wp-block-t2-post-link\" href=\"https:\/\/mentalhelse.no\/sola\/aktuelt\/17-mai-2025\/\">\n\t<figure style=\"--t2-focal-point: 50% 50%;\" class=\"t2-post-featured-image has-image-ratio-16-9 wp-block-t2-post-featured-image\"><img loading=\"lazy\" decoding=\"async\" width=\"997\" height=\"1477\" src=\"https:\/\/mentalhelse.no\/content\/uploads\/sites\/261\/2025\/05\/JPEG-bilde-4776-B317-C5-0.jpeg\" class=\"attachment-post-thumbnail size-post-thumbnail wp-post-image\" alt=\"\" srcset=\"https:\/\/mentalhelse.no\/content\/uploads\/sites\/261\/2025\/05\/JPEG-bilde-4776-B317-C5-0.jpeg 997w, https:\/\/mentalhelse.no\/content\/uploads\/sites\/261\/2025\/05\/JPEG-bilde-4776-B317-C5-0-203x300.jpeg 203w, https:\/\/mentalhelse.no\/content\/uploads\/sites\/261\/2025\/05\/JPEG-bilde-4776-B317-C5-0-691x1024.jpeg 691w, https:\/\/mentalhelse.no\/content\/uploads\/sites\/261\/2025\/05\/JPEG-bilde-4776-B317-C5-0-768x1138.jpeg 768w\" sizes=\"auto, (max-width: 997px) 100vw, 997px\" style=\"--focal-point: 50% 50%;\" \/><\/figure>\n<\/a>\n\n<div class=\"wp-block-group postinfo alignfull is-layout-flow wp-block-group-is-layout-flow\">\n\t<div class=\"wp-block-mentalhelse-post-category\">\n\t\t\t\t\t<div class=\"post-type\">\n\t\t\t\t\t\t<a href=\"https:\/\/mentalhelse.no\/sola\/aktuelt\/\">Nyheter<\/a>\n\t\t\t\t\t<\/div>\n\t\t\t\t\t\n\t\t\t\t\t<div class=\"post-category\">\n\t\t\t\t\t\t\n\t\t\t\t\t<\/div>\n\t\t\t<\/div>\n\t<a class=\"t2-post-link wp-block-t2-post-link\" href=\"https:\/\/mentalhelse.no\/sola\/aktuelt\/17-mai-2025\/\">\n\t<h2 class=\"t2-post-title wp-block-t2-post-title\">17. mai 2025<\/h2>\n\t<\/a>\n<\/div>\n\n<\/div>\n\n<div class=\"t2-featured-query-post t2-featured-content is-post-type-news wp-block-t2-featured-query-post t2-featured-content-layout-col-4\"><a class=\"t2-post-link wp-block-t2-post-link\" href=\"https:\/\/mentalhelse.no\/sola\/aktuelt\/sommertur-2025\/\">\n\t<figure style=\"--t2-focal-point: 50% 50%;\" class=\"t2-post-featured-image has-image-ratio-16-9 wp-block-t2-post-featured-image\"><img loading=\"lazy\" decoding=\"async\" width=\"640\" height=\"468\" src=\"https:\/\/mentalhelse.no\/content\/uploads\/sites\/261\/2025\/05\/van-150081_640.png\" class=\"attachment-post-thumbnail size-post-thumbnail wp-post-image\" alt=\"\" srcset=\"https:\/\/mentalhelse.no\/content\/uploads\/sites\/261\/2025\/05\/van-150081_640.png 640w, https:\/\/mentalhelse.no\/content\/uploads\/sites\/261\/2025\/05\/van-150081_640-300x219.png 300w\" sizes=\"auto, (max-width: 640px) 100vw, 640px\" style=\"--focal-point: 50% 50%;\" \/><\/figure>\n<\/a>\n\n<div class=\"wp-block-group postinfo alignfull is-layout-flow wp-block-group-is-layout-flow\">\n\t<div class=\"wp-block-mentalhelse-post-category\">\n\t\t\t\t\t<div class=\"post-type\">\n\t\t\t\t\t\t<a href=\"https:\/\/mentalhelse.no\/sola\/aktuelt\/\">Nyheter<\/a>\n\t\t\t\t\t<\/div>\n\t\t\t\t\t\n\t\t\t\t\t<div class=\"post-category\">\n\t\t\t\t\t\t\n\t\t\t\t\t<\/div>\n\t\t\t<\/div>\n\t<a class=\"t2-post-link wp-block-t2-post-link\" href=\"https:\/\/mentalhelse.no\/sola\/aktuelt\/sommertur-2025\/\">\n\t<h2 class=\"t2-post-title wp-block-t2-post-title\">Sommertur 2025<\/h2>\n\t<\/a>\n<\/div>\n\n<\/div>\n<\/div>\n\n\t\t\t<\/div>\n\t\t<\/div>","protected":false},"excerpt":{"rendered":"<p>17.mai deltok vi i folketoget p\u00e5 Sola. Astri og Magny hadde laget veldig fine faner s\u00e5 vi viste godt igjen. Det var en opplevelse \u00e5&#8230;<\/p>\n","protected":false},"author":38,"featured_media":1096,"parent":0,"template":"","meta":{"t2_featured_media_focal_point":{"x":0.5,"y":0.5},"mh_hide_title":true},"news_category":[],"class_list":["post-1095","news","type-news","status-publish","has-post-thumbnail","hentry"],"yoast_head":"<!-- This site is optimized with the Yoast SEO Premium plugin v21.2 (Yoast SEO v21.2) - https:\/\/yoast.com\/wordpress\/plugins\/seo\/ -->\n<title>17.mai 2024 - Mental Helse - Sola<\/title>\n<meta name=\"robots\" content=\"index, follow, max-snippet:-1, max-image-preview:large, max-video-preview:-1\" \/>\n<link rel=\"canonical\" href=\"https:\/\/mentalhelse.no\/sola\/aktuelt\/17-mai-2024\/\" \/>\n<meta property=\"og:locale\" content=\"nb_NO\" \/>\n<meta property=\"og:type\" content=\"article\" \/>\n<meta property=\"og:title\" content=\"17.mai 2024\" \/>\n<meta property=\"og:description\" content=\"17.mai deltok vi i folketoget p\u00e5 Sola. Astri og Magny hadde laget veldig fine faner s\u00e5 vi viste godt igjen. Det var en opplevelse \u00e5...\" \/>\n<meta property=\"og:url\" content=\"https:\/\/mentalhelse.no\/sola\/aktuelt\/17-mai-2024\/\" \/>\n<meta property=\"og:site_name\" content=\"Sola\" \/>\n<meta property=\"og:image\" content=\"https:\/\/mentalhelse.no\/content\/uploads\/sites\/261\/2024\/05\/17-mai-2.jpg\" \/>\n\t<meta property=\"og:image:width\" content=\"1899\" \/>\n\t<meta property=\"og:image:height\" content=\"1004\" \/>\n\t<meta property=\"og:image:type\" content=\"image\/jpeg\" \/>\n<meta name=\"twitter:card\" content=\"summary_large_image\" \/>\n<meta name=\"twitter:label1\" content=\"Ansl. lesetid\" \/>\n\t<meta name=\"twitter:data1\" content=\"1 minutt\" \/>\n<script type=\"application\/ld+json\" class=\"yoast-schema-graph\">{\"@context\":\"https:\/\/schema.org\",\"@graph\":[{\"@type\":\"WebPage\",\"@id\":\"https:\/\/mentalhelse.no\/sola\/aktuelt\/17-mai-2024\/\",\"url\":\"https:\/\/mentalhelse.no\/sola\/aktuelt\/17-mai-2024\/\",\"name\":\"17.mai 2024 - Sola\",\"isPartOf\":{\"@id\":\"https:\/\/mentalhelse.no\/sola\/#website\"},\"datePublished\":\"2024-05-17T20:47:15+00:00\",\"dateModified\":\"2024-05-17T20:47:15+00:00\",\"breadcrumb\":{\"@id\":\"https:\/\/mentalhelse.no\/sola\/aktuelt\/17-mai-2024\/#breadcrumb\"},\"inLanguage\":\"nb-NO\",\"potentialAction\":[{\"@type\":\"ReadAction\",\"target\":[\"https:\/\/mentalhelse.no\/sola\/aktuelt\/17-mai-2024\/\"]}]},{\"@type\":\"BreadcrumbList\",\"@id\":\"https:\/\/mentalhelse.no\/sola\/aktuelt\/17-mai-2024\/#breadcrumb\",\"itemListElement\":[{\"@type\":\"ListItem\",\"position\":1,\"name\":\"Hjem\",\"item\":\"https:\/\/mentalhelse.no\/sola\/\"},{\"@type\":\"ListItem\",\"position\":2,\"name\":\"Nyheter\",\"item\":\"https:\/\/mentalhelse.no\/sola\/aktuelt\/\"},{\"@type\":\"ListItem\",\"position\":3,\"name\":\"17.mai 2024\"}]},{\"@type\":\"WebSite\",\"@id\":\"https:\/\/mentalhelse.no\/sola\/#website\",\"url\":\"https:\/\/mentalhelse.no\/sola\/\",\"name\":\"Sola\",\"description\":\"\",\"potentialAction\":[{\"@type\":\"SearchAction\",\"target\":{\"@type\":\"EntryPoint\",\"urlTemplate\":\"https:\/\/mentalhelse.no\/sola\/?s={search_term_string}\"},\"query-input\":\"required name=search_term_string\"}],\"inLanguage\":\"nb-NO\"}]}<\/script>\n<!-- \/ Yoast SEO Premium plugin. -->","yoast_head_json":{"title":"17.mai 2024 - Mental Helse - Sola","robots":{"index":"index","follow":"follow","max-snippet":"max-snippet:-1","max-image-preview":"max-image-preview:large","max-video-preview":"max-video-preview:-1"},"canonical":"https:\/\/mentalhelse.no\/sola\/aktuelt\/17-mai-2024\/","og_locale":"nb_NO","og_type":"article","og_title":"17.mai 2024","og_description":"17.mai deltok vi i folketoget p\u00e5 Sola. Astri og Magny hadde laget veldig fine faner s\u00e5 vi viste godt igjen. Det var en opplevelse \u00e5...","og_url":"https:\/\/mentalhelse.no\/sola\/aktuelt\/17-mai-2024\/","og_site_name":"Sola","og_image":[{"width":1899,"height":1004,"url":"https:\/\/mentalhelse.no\/content\/uploads\/sites\/261\/2024\/05\/17-mai-2.jpg","type":"image\/jpeg"}],"twitter_card":"summary_large_image","twitter_misc":{"Ansl. lesetid":"1 minutt"},"schema":{"@context":"https:\/\/schema.org","@graph":[{"@type":"WebPage","@id":"https:\/\/mentalhelse.no\/sola\/aktuelt\/17-mai-2024\/","url":"https:\/\/mentalhelse.no\/sola\/aktuelt\/17-mai-2024\/","name":"17.mai 2024 - Sola","isPartOf":{"@id":"https:\/\/mentalhelse.no\/sola\/#website"},"datePublished":"2024-05-17T20:47:15+00:00","dateModified":"2024-05-17T20:47:15+00:00","breadcrumb":{"@id":"https:\/\/mentalhelse.no\/sola\/aktuelt\/17-mai-2024\/#breadcrumb"},"inLanguage":"nb-NO","potentialAction":[{"@type":"ReadAction","target":["https:\/\/mentalhelse.no\/sola\/aktuelt\/17-mai-2024\/"]}]},{"@type":"BreadcrumbList","@id":"https:\/\/mentalhelse.no\/sola\/aktuelt\/17-mai-2024\/#breadcrumb","itemListElement":[{"@type":"ListItem","position":1,"name":"Hjem","item":"https:\/\/mentalhelse.no\/sola\/"},{"@type":"ListItem","position":2,"name":"Nyheter","item":"https:\/\/mentalhelse.no\/sola\/aktuelt\/"},{"@type":"ListItem","position":3,"name":"17.mai 2024"}]},{"@type":"WebSite","@id":"https:\/\/mentalhelse.no\/sola\/#website","url":"https:\/\/mentalhelse.no\/sola\/","name":"Sola","description":"","potentialAction":[{"@type":"SearchAction","target":{"@type":"EntryPoint","urlTemplate":"https:\/\/mentalhelse.no\/sola\/?s={search_term_string}"},"query-input":"required name=search_term_string"}],"inLanguage":"nb-NO"}]}},"_links":{"self":[{"href":"https:\/\/mentalhelse.no\/sola\/wp-json\/wp\/v2\/news\/1095","targetHints":{"allow":["GET"]}}],"collection":[{"href":"https:\/\/mentalhelse.no\/sola\/wp-json\/wp\/v2\/news"}],"about":[{"href":"https:\/\/mentalhelse.no\/sola\/wp-json\/wp\/v2\/types\/news"}],"author":[{"embeddable":true,"href":"https:\/\/mentalhelse.no\/sola\/wp-json\/wp\/v2\/users\/38"}],"wp:featuredmedia":[{"embeddable":true,"href":"https:\/\/mentalhelse.no\/sola\/wp-json\/wp\/v2\/media\/1096"}],"wp:attachment":[{"href":"https:\/\/mentalhelse.no\/sola\/wp-json\/wp\/v2\/media?parent=1095"}],"wp:term":[{"taxonomy":"news_category","embeddable":true,"href":"https:\/\/mentalhelse.no\/sola\/wp-json\/wp\/v2\/news_category?post=1095"}],"curies":[{"name":"wp","href":"https:\/\/api.w.org\/{rel}","templated":true}]}}