{"id":1223,"date":"2026-01-05T05:30:50","date_gmt":"2026-01-05T05:30:50","guid":{"rendered":"https:\/\/mentalhelse.no\/solor\/?post_type=news&#038;p=1223"},"modified":"2026-02-27T17:01:59","modified_gmt":"2026-02-27T17:01:59","slug":"aktiviteter-vi-har-2026","status":"publish","type":"news","link":"https:\/\/mentalhelse.no\/solor\/aktuelt\/aktiviteter-vi-har-2026\/","title":{"rendered":"Aktiviteter vi har 2026"},"content":{"rendered":"<figure class=\"alignwide wp-block-post-featured-image\"><img loading=\"lazy\" decoding=\"async\" width=\"2560\" height=\"1764\" src=\"https:\/\/mentalhelse.no\/content\/uploads\/sites\/208\/2025\/04\/FS-latter-scaled.jpg\" class=\"attachment-post-thumbnail size-post-thumbnail wp-post-image\" alt=\"\" style=\"object-fit:cover; --focal-point: 50% 50%;\" srcset=\"https:\/\/mentalhelse.no\/content\/uploads\/sites\/208\/2025\/04\/FS-latter-scaled.jpg 2560w, https:\/\/mentalhelse.no\/content\/uploads\/sites\/208\/2025\/04\/FS-latter-300x207.jpg 300w, https:\/\/mentalhelse.no\/content\/uploads\/sites\/208\/2025\/04\/FS-latter-1024x706.jpg 1024w, https:\/\/mentalhelse.no\/content\/uploads\/sites\/208\/2025\/04\/FS-latter-768x529.jpg 768w, https:\/\/mentalhelse.no\/content\/uploads\/sites\/208\/2025\/04\/FS-latter-1536x1058.jpg 1536w, https:\/\/mentalhelse.no\/content\/uploads\/sites\/208\/2025\/04\/FS-latter-2048x1411.jpg 2048w\" sizes=\"auto, (max-width: 2560px) 100vw, 2560px\" \/><\/figure>\n\n<h1 class=\"wp-block-post-title\">Aktiviteter vi har 2026<\/h1>\n\n<div class=\"is-img-top mh-byline wp-block-mh-byline\">\n                  <div class=\"mh-byline__inner\">\n                  \t\n                  \t<div class=\"mh-byline__meta\">\n                  \t\t<div class=\"mh-byline__post\">\n                  \t\t\t<div class=\"entry-date\">05.01.2026<\/div>\n                  \t\t<\/div>\n                  \t\t<div class=\"mh-byline__author\">\n                  \t\t\t <span class=\"mh-byline__author-link\">Gry Halvorsen<\/span>\n\t\t\t\t\t\t<\/div>\n\t\t\t\t\t<\/div>\n\t\t\t\t<\/div>\n\t\t<\/div>\n\n\n<h2 class=\"wp-block-heading\" id=\"h-apent-hus\"><strong>\u00c5pent hus:<\/strong><\/h2>\n\n\n\n<ul class=\"wp-block-list\">\n<li>Hver tirsdag p\u00e5 S\u00f8ndre Hoel i V\u00e5ler kl. 16-20.<\/li>\n\n\n\n<li>F\u00f8rste torsdagen i m\u00e5neden p\u00e5 Midtpunktet Brukerstyrt senter i Grue kl. 12-15.<\/li>\n\n\n\n<li>Tredje torsdagen i m\u00e5neden p\u00e5 Kj\u00f8lar\u00f8nningen i \u00c5snes kl. 16-20.<\/li>\n<\/ul>\n\n\n\n<h2 class=\"wp-block-heading\" id=\"h-andre-aktiviteter\">Andre aktiviteter:<\/h2>\n\n\n\n<p>Bowling f\u00f8rste mandagen i m\u00e5neden p\u00e5 Flisa Bowling. Det er to runder bowling og vi koser oss med pizza. For medlemmer er dette gratis, for ikke medlemmer kr 100.<\/p>\n\n\n\n<p>13.6 Sommerfest med god mat og underholdning. Gratis for medlemmer, selvkost for ikke medlemmer.<\/p>\n\n\n\n<p>12.12. Juleavslutning med god mat og underholdning. Gratis for medlemmer, selvkost for ikke medlemmer.<\/p>\n\n\n\n<p>Temakvelder to ganger i \u00e5ret.<\/p>\n\n\n\n<p>Markering av verdensdagen for psykisk helse.<\/p>\n\n\n\n<p><\/p>\n\n\n\n<p><strong><em>F\u00f8lg oss p\u00e5 <a href=\"https:\/\/www.facebook.com\/profile.php?id=61574487064684\">Facebook<\/a> og i kalenderen her, s\u00e5 holder du deg orientert om oss.<\/em><\/strong><\/p>\n\n\n\n\t\t<div class=\"mh-related-posts alignfull alignfull wp-block-mentalhelse-related-posts gray-mode\">\n\t\t\t<div class=\"mh-related-posts__inner\">\n\t\t\t\t\n\n<h3 class=\"wp-block-heading\" id=\"h-also-read\">Also read<\/h3>\n\n\n<div class=\"t2-featured-content-layout alignwide alignwide wp-block-t2-featured-content-layout\">\n<div class=\"t2-featured-query-post t2-featured-content is-post-type-news wp-block-t2-featured-query-post t2-featured-content-layout-col-4\"><a class=\"t2-post-link wp-block-t2-post-link\" href=\"https:\/\/mentalhelse.no\/solor\/aktuelt\/takk-til-guru-utvikling\/\">\n\t<figure style=\"--t2-focal-point: 50% 50%;\" class=\"t2-post-featured-image has-image-ratio-16-9 wp-block-t2-post-featured-image\"><img decoding=\"async\" src=\"https:\/\/mentalhelse.no\/content\/uploads\/sites\/208\/2026\/03\/Guru-logo-25_bla.svg\" class=\"attachment-post-thumbnail size-post-thumbnail wp-post-image\" alt=\"logo guru utvikling\" style=\"--focal-point: 50% 50%;\" \/><\/figure>\n<\/a>\n\n<div class=\"wp-block-group postinfo alignfull is-layout-flow wp-block-group-is-layout-flow\">\n\t<div class=\"wp-block-mentalhelse-post-category\">\n\t\t\t\t\t<div class=\"post-type\">\n\t\t\t\t\t\t<a href=\"https:\/\/mentalhelse.no\/solor\/aktuelt\/\">Nyheter<\/a>\n\t\t\t\t\t<\/div>\n\t\t\t\t\t\n\t\t\t\t\t<div class=\"post-category\">\n\t\t\t\t\t\t\n\t\t\t\t\t<\/div>\n\t\t\t<\/div>\n\t<a class=\"t2-post-link wp-block-t2-post-link\" href=\"https:\/\/mentalhelse.no\/solor\/aktuelt\/takk-til-guru-utvikling\/\">\n\t<h2 class=\"t2-post-title wp-block-t2-post-title\">Takk til Guru Utvikling<\/h2>\n\t<\/a>\n<\/div>\n\n<\/div>\n\n<div class=\"t2-featured-query-post t2-featured-content is-post-type-news wp-block-t2-featured-query-post t2-featured-content-layout-col-4\"><a class=\"t2-post-link wp-block-t2-post-link\" href=\"https:\/\/mentalhelse.no\/solor\/aktuelt\/stott-oss-til-a-kunne-gjore-mer-aktivitet\/\">\n\t<figure style=\"--t2-focal-point: 50% 50%;\" class=\"t2-post-featured-image has-image-ratio-16-9 wp-block-t2-post-featured-image\"><img loading=\"lazy\" decoding=\"async\" width=\"1982\" height=\"2560\" src=\"https:\/\/mentalhelse.no\/content\/uploads\/sites\/208\/2025\/04\/Grasrot-vervekort-med-QR-kode-scaled.jpg\" class=\"attachment-post-thumbnail size-post-thumbnail wp-post-image\" alt=\"\" srcset=\"https:\/\/mentalhelse.no\/content\/uploads\/sites\/208\/2025\/04\/Grasrot-vervekort-med-QR-kode-scaled.jpg 1982w, https:\/\/mentalhelse.no\/content\/uploads\/sites\/208\/2025\/04\/Grasrot-vervekort-med-QR-kode-232x300.jpg 232w, https:\/\/mentalhelse.no\/content\/uploads\/sites\/208\/2025\/04\/Grasrot-vervekort-med-QR-kode-793x1024.jpg 793w, https:\/\/mentalhelse.no\/content\/uploads\/sites\/208\/2025\/04\/Grasrot-vervekort-med-QR-kode-768x992.jpg 768w, https:\/\/mentalhelse.no\/content\/uploads\/sites\/208\/2025\/04\/Grasrot-vervekort-med-QR-kode-1189x1536.jpg 1189w, https:\/\/mentalhelse.no\/content\/uploads\/sites\/208\/2025\/04\/Grasrot-vervekort-med-QR-kode-1586x2048.jpg 1586w\" sizes=\"auto, (max-width: 1982px) 100vw, 1982px\" style=\"--focal-point: 50% 50%;\" \/><\/figure>\n<\/a>\n\n<div class=\"wp-block-group postinfo alignfull is-layout-flow wp-block-group-is-layout-flow\">\n\t<div class=\"wp-block-mentalhelse-post-category\">\n\t\t\t\t\t<div class=\"post-type\">\n\t\t\t\t\t\t<a href=\"https:\/\/mentalhelse.no\/solor\/aktuelt\/\">Nyheter<\/a>\n\t\t\t\t\t<\/div>\n\t\t\t\t\t\n\t\t\t\t\t<div class=\"post-category\">\n\t\t\t\t\t\t\n\t\t\t\t\t<\/div>\n\t\t\t<\/div>\n\t<a class=\"t2-post-link wp-block-t2-post-link\" href=\"https:\/\/mentalhelse.no\/solor\/aktuelt\/stott-oss-til-a-kunne-gjore-mer-aktivitet\/\">\n\t<h2 class=\"t2-post-title wp-block-t2-post-title\">St\u00f8tt oss til \u00e5 kunne gj\u00f8re mer aktivitet<\/h2>\n\t<\/a>\n<\/div>\n\n<\/div>\n\n<div class=\"t2-featured-query-post t2-featured-content is-post-type-news wp-block-t2-featured-query-post t2-featured-content-layout-col-4\"><a class=\"t2-post-link wp-block-t2-post-link\" href=\"https:\/\/mentalhelse.no\/solor\/aktuelt\/mental-helse-valer-er-na-mental-helse-solor\/\">\n\t<figure style=\"--t2-focal-point: 50% 50%;\" class=\"t2-post-featured-image has-image-ratio-16-9 wp-block-t2-post-featured-image\"><img loading=\"lazy\" decoding=\"async\" width=\"980\" height=\"551\" src=\"https:\/\/mentalhelse.no\/content\/uploads\/sites\/208\/2024\/01\/landsmoete_size-large.jpg\" class=\"attachment-post-thumbnail size-post-thumbnail wp-post-image\" alt=\"\" srcset=\"https:\/\/mentalhelse.no\/content\/uploads\/sites\/208\/2024\/01\/landsmoete_size-large.jpg 980w, https:\/\/mentalhelse.no\/content\/uploads\/sites\/208\/2024\/01\/landsmoete_size-large-300x169.jpg 300w, https:\/\/mentalhelse.no\/content\/uploads\/sites\/208\/2024\/01\/landsmoete_size-large-768x432.jpg 768w\" sizes=\"auto, (max-width: 980px) 100vw, 980px\" style=\"--focal-point: 50% 50%;\" \/><\/figure>\n<\/a>\n\n<div class=\"wp-block-group postinfo alignfull is-layout-flow wp-block-group-is-layout-flow\">\n\t<div class=\"wp-block-mentalhelse-post-category\">\n\t\t\t\t\t<div class=\"post-type\">\n\t\t\t\t\t\t<a href=\"https:\/\/mentalhelse.no\/solor\/aktuelt\/\">Nyheter<\/a>\n\t\t\t\t\t<\/div>\n\t\t\t\t\t\n\t\t\t\t\t<div class=\"post-category\">\n\t\t\t\t\t\t\n\t\t\t\t\t<\/div>\n\t\t\t<\/div>\n\t<a class=\"t2-post-link wp-block-t2-post-link\" href=\"https:\/\/mentalhelse.no\/solor\/aktuelt\/mental-helse-valer-er-na-mental-helse-solor\/\">\n\t<h2 class=\"t2-post-title wp-block-t2-post-title\">Mental Helse V\u00e5ler er n\u00e5 Mental Helse Sol\u00f8r<\/h2>\n\t<\/a>\n<\/div>\n\n<\/div>\n<\/div>\n\n\t\t\t<\/div>\n\t\t<\/div>","protected":false},"excerpt":{"rendered":"<p>\u00c5pent hus: Andre aktiviteter: Bowling f\u00f8rste mandagen i m\u00e5neden p\u00e5 Flisa Bowling. Det er to runder bowling og vi koser oss med pizza. For medlemmer&#8230;<\/p>\n","protected":false},"author":94,"featured_media":1145,"parent":0,"template":"","meta":{"t2_featured_media_focal_point":{"x":0.5,"y":0.5},"mh_hide_title":true},"news_category":[],"class_list":["post-1223","news","type-news","status-publish","has-post-thumbnail","hentry"],"yoast_head":"<!-- This site is optimized with the Yoast SEO Premium plugin v21.2 (Yoast SEO v21.2) - https:\/\/yoast.com\/wordpress\/plugins\/seo\/ -->\n<title>Aktiviteter vi har 2026 - Mental Helse - Sol\u00f8r<\/title>\n<meta name=\"robots\" content=\"index, follow, max-snippet:-1, max-image-preview:large, max-video-preview:-1\" \/>\n<link rel=\"canonical\" href=\"https:\/\/mentalhelse.no\/solor\/aktuelt\/aktiviteter-vi-har-2026\/\" \/>\n<meta property=\"og:locale\" content=\"nb_NO\" \/>\n<meta property=\"og:type\" content=\"article\" \/>\n<meta property=\"og:title\" content=\"Aktiviteter vi har 2026\" \/>\n<meta property=\"og:description\" content=\"\u00c5pent hus: Andre aktiviteter: Bowling f\u00f8rste mandagen i m\u00e5neden p\u00e5 Flisa Bowling. Det er to runder bowling og vi koser oss med pizza. For medlemmer...\" \/>\n<meta property=\"og:url\" content=\"https:\/\/mentalhelse.no\/solor\/aktuelt\/aktiviteter-vi-har-2026\/\" \/>\n<meta property=\"og:site_name\" content=\"Sol\u00f8r\" \/>\n<meta property=\"article:modified_time\" content=\"2026-02-27T17:01:59+00:00\" \/>\n<meta property=\"og:image\" content=\"https:\/\/mentalhelse.no\/content\/uploads\/sites\/208\/2025\/04\/FS-latter-scaled.jpg\" \/>\n\t<meta property=\"og:image:width\" content=\"2560\" \/>\n\t<meta property=\"og:image:height\" content=\"1764\" \/>\n\t<meta property=\"og:image:type\" content=\"image\/jpeg\" \/>\n<meta name=\"twitter:card\" content=\"summary_large_image\" \/>\n<meta name=\"twitter:label1\" content=\"Ansl. lesetid\" \/>\n\t<meta name=\"twitter:data1\" content=\"1 minutt\" \/>\n<script type=\"application\/ld+json\" class=\"yoast-schema-graph\">{\"@context\":\"https:\/\/schema.org\",\"@graph\":[{\"@type\":\"WebPage\",\"@id\":\"https:\/\/mentalhelse.no\/solor\/aktuelt\/aktiviteter-vi-har-2026\/\",\"url\":\"https:\/\/mentalhelse.no\/solor\/aktuelt\/aktiviteter-vi-har-2026\/\",\"name\":\"Aktiviteter vi har 2026 - Sol\u00f8r\",\"isPartOf\":{\"@id\":\"https:\/\/mentalhelse.no\/solor\/#website\"},\"datePublished\":\"2026-01-05T05:30:50+00:00\",\"dateModified\":\"2026-02-27T17:01:59+00:00\",\"breadcrumb\":{\"@id\":\"https:\/\/mentalhelse.no\/solor\/aktuelt\/aktiviteter-vi-har-2026\/#breadcrumb\"},\"inLanguage\":\"nb-NO\",\"potentialAction\":[{\"@type\":\"ReadAction\",\"target\":[\"https:\/\/mentalhelse.no\/solor\/aktuelt\/aktiviteter-vi-har-2026\/\"]}]},{\"@type\":\"BreadcrumbList\",\"@id\":\"https:\/\/mentalhelse.no\/solor\/aktuelt\/aktiviteter-vi-har-2026\/#breadcrumb\",\"itemListElement\":[{\"@type\":\"ListItem\",\"position\":1,\"name\":\"Hjem\",\"item\":\"https:\/\/mentalhelse.no\/solor\/\"},{\"@type\":\"ListItem\",\"position\":2,\"name\":\"Nyheter\",\"item\":\"https:\/\/mentalhelse.no\/solor\/aktuelt\/\"},{\"@type\":\"ListItem\",\"position\":3,\"name\":\"Aktiviteter vi har 2026\"}]},{\"@type\":\"WebSite\",\"@id\":\"https:\/\/mentalhelse.no\/solor\/#website\",\"url\":\"https:\/\/mentalhelse.no\/solor\/\",\"name\":\"Sol\u00f8r\",\"description\":\"\",\"potentialAction\":[{\"@type\":\"SearchAction\",\"target\":{\"@type\":\"EntryPoint\",\"urlTemplate\":\"https:\/\/mentalhelse.no\/solor\/?s={search_term_string}\"},\"query-input\":\"required name=search_term_string\"}],\"inLanguage\":\"nb-NO\"}]}<\/script>\n<!-- \/ Yoast SEO Premium plugin. -->","yoast_head_json":{"title":"Aktiviteter vi har 2026 - Mental Helse - Sol\u00f8r","robots":{"index":"index","follow":"follow","max-snippet":"max-snippet:-1","max-image-preview":"max-image-preview:large","max-video-preview":"max-video-preview:-1"},"canonical":"https:\/\/mentalhelse.no\/solor\/aktuelt\/aktiviteter-vi-har-2026\/","og_locale":"nb_NO","og_type":"article","og_title":"Aktiviteter vi har 2026","og_description":"\u00c5pent hus: Andre aktiviteter: Bowling f\u00f8rste mandagen i m\u00e5neden p\u00e5 Flisa Bowling. Det er to runder bowling og vi koser oss med pizza. For medlemmer...","og_url":"https:\/\/mentalhelse.no\/solor\/aktuelt\/aktiviteter-vi-har-2026\/","og_site_name":"Sol\u00f8r","article_modified_time":"2026-02-27T17:01:59+00:00","og_image":[{"width":2560,"height":1764,"url":"https:\/\/mentalhelse.no\/content\/uploads\/sites\/208\/2025\/04\/FS-latter-scaled.jpg","type":"image\/jpeg"}],"twitter_card":"summary_large_image","twitter_misc":{"Ansl. lesetid":"1 minutt"},"schema":{"@context":"https:\/\/schema.org","@graph":[{"@type":"WebPage","@id":"https:\/\/mentalhelse.no\/solor\/aktuelt\/aktiviteter-vi-har-2026\/","url":"https:\/\/mentalhelse.no\/solor\/aktuelt\/aktiviteter-vi-har-2026\/","name":"Aktiviteter vi har 2026 - Sol\u00f8r","isPartOf":{"@id":"https:\/\/mentalhelse.no\/solor\/#website"},"datePublished":"2026-01-05T05:30:50+00:00","dateModified":"2026-02-27T17:01:59+00:00","breadcrumb":{"@id":"https:\/\/mentalhelse.no\/solor\/aktuelt\/aktiviteter-vi-har-2026\/#breadcrumb"},"inLanguage":"nb-NO","potentialAction":[{"@type":"ReadAction","target":["https:\/\/mentalhelse.no\/solor\/aktuelt\/aktiviteter-vi-har-2026\/"]}]},{"@type":"BreadcrumbList","@id":"https:\/\/mentalhelse.no\/solor\/aktuelt\/aktiviteter-vi-har-2026\/#breadcrumb","itemListElement":[{"@type":"ListItem","position":1,"name":"Hjem","item":"https:\/\/mentalhelse.no\/solor\/"},{"@type":"ListItem","position":2,"name":"Nyheter","item":"https:\/\/mentalhelse.no\/solor\/aktuelt\/"},{"@type":"ListItem","position":3,"name":"Aktiviteter vi har 2026"}]},{"@type":"WebSite","@id":"https:\/\/mentalhelse.no\/solor\/#website","url":"https:\/\/mentalhelse.no\/solor\/","name":"Sol\u00f8r","description":"","potentialAction":[{"@type":"SearchAction","target":{"@type":"EntryPoint","urlTemplate":"https:\/\/mentalhelse.no\/solor\/?s={search_term_string}"},"query-input":"required name=search_term_string"}],"inLanguage":"nb-NO"}]}},"_links":{"self":[{"href":"https:\/\/mentalhelse.no\/solor\/wp-json\/wp\/v2\/news\/1223","targetHints":{"allow":["GET"]}}],"collection":[{"href":"https:\/\/mentalhelse.no\/solor\/wp-json\/wp\/v2\/news"}],"about":[{"href":"https:\/\/mentalhelse.no\/solor\/wp-json\/wp\/v2\/types\/news"}],"author":[{"embeddable":true,"href":"https:\/\/mentalhelse.no\/solor\/wp-json\/wp\/v2\/users\/94"}],"wp:featuredmedia":[{"embeddable":true,"href":"https:\/\/mentalhelse.no\/solor\/wp-json\/wp\/v2\/media\/1145"}],"wp:attachment":[{"href":"https:\/\/mentalhelse.no\/solor\/wp-json\/wp\/v2\/media?parent=1223"}],"wp:term":[{"taxonomy":"news_category","embeddable":true,"href":"https:\/\/mentalhelse.no\/solor\/wp-json\/wp\/v2\/news_category?post=1223"}],"curies":[{"name":"wp","href":"https:\/\/api.w.org\/{rel}","templated":true}]}}