{"id":1073,"date":"2023-09-29T16:04:44","date_gmt":"2023-09-29T16:04:44","guid":{"rendered":"https:\/\/mentalhelse.no\/sorum\/?post_type=news&#038;p=1073"},"modified":"2025-05-23T16:35:08","modified_gmt":"2025-05-23T16:35:08","slug":"onsdagsgruppa","status":"publish","type":"news","link":"https:\/\/mentalhelse.no\/sorum\/aktuelt\/onsdagsgruppa\/","title":{"rendered":"&laquo;Onsdagsgruppa&raquo;."},"content":{"rendered":"<figure style=\"aspect-ratio:16\/9;\" class=\"alignfull is-style-round wp-block-post-featured-image\"><img loading=\"lazy\" decoding=\"async\" width=\"1920\" height=\"2560\" src=\"https:\/\/mentalhelse.no\/content\/uploads\/sites\/335\/2023\/09\/20181018_153633_449008ba-1-scaled.jpg\" class=\"attachment-post-thumbnail size-post-thumbnail wp-post-image\" alt=\"\" style=\"width:100%;height:100%;object-fit:cover; --focal-point: 50% 50%;\" srcset=\"https:\/\/mentalhelse.no\/content\/uploads\/sites\/335\/2023\/09\/20181018_153633_449008ba-1-scaled.jpg 1920w, https:\/\/mentalhelse.no\/content\/uploads\/sites\/335\/2023\/09\/20181018_153633_449008ba-1-225x300.jpg 225w, https:\/\/mentalhelse.no\/content\/uploads\/sites\/335\/2023\/09\/20181018_153633_449008ba-1-768x1024.jpg 768w, https:\/\/mentalhelse.no\/content\/uploads\/sites\/335\/2023\/09\/20181018_153633_449008ba-1-1152x1536.jpg 1152w, https:\/\/mentalhelse.no\/content\/uploads\/sites\/335\/2023\/09\/20181018_153633_449008ba-1-1536x2048.jpg 1536w\" sizes=\"auto, (max-width: 1920px) 100vw, 1920px\" \/><\/figure>\n\n<h1 class=\"wp-block-post-title\">&laquo;Onsdagsgruppa&raquo;.<\/h1>\n\n\n<h2 class=\"wp-block-heading\" id=\"h-samtalegruppe-siste-onsdag-hver-maned-med-fokus-pa-psykisk-helse\">Samtalegruppe siste onsdag hver m\u00e5ned, med fokus p\u00e5 psykisk helse.<\/h2>\n\n\n\n<p><\/p>\n\n\n\n<p><\/p>\n\n\n\n<ul class=\"wp-block-list\">\n<li>\u00c5 ha noen \u00e5 kunne dele livets opp -og nedturer med, er viktig. Gruppa er et tilbud til alle medlemmer i Mental Helse S\u00f8rum.<\/li>\n\n\n\n<li>Vi skal behandle alle tema og personer med respekt, og fors\u00f8ke \u00e5 unng\u00e5 avbrytelser og &laquo;ber\u00f8ringsangst&raquo; ovenfor vanskelige eller s\u00e5rbare emner.<\/li>\n\n\n\n<li>Det vil bli servert pizza og brus p\u00e5 hvert m\u00f8te. Gi oss beskjed p\u00e5 forh\u00e5nd om du kommer.<\/li>\n\n\n\n<li>Dette er en annerledes gruppe med litt dypere tematikk, og vi \u00f8nsker ikke at den skal ende opp med \u00e5 bli en arena kun for small-talk. Her skal vi utveksle erfaringer og snakke om mellommenneskelige og dypere tema som angst, depresjon, sorg, relasjoner, \u00e5ndelighet eller andre ting som ber\u00f8rer oss. Pr\u00f8v \u00e5 v\u00e6re \u00e5pen for innspill, og v\u00e6r en god lytter.<\/li>\n<\/ul>\n\n\n\n<p><strong>NB!<\/strong><\/p>\n\n\n\n<p><em>Det er viktig \u00e5 merke seg at Mental Helse S\u00f8rum kun best\u00e5r av frivillige uten helsefaglig bakgrunn, og at vi av den grunn ikke kan ha noe behandlende ansvar for den enkelte.<\/em><\/p>\n\n\n\n\t\t<div class=\"mh-related-posts alignfull alignfull wp-block-mentalhelse-related-posts gray-mode\">\n\t\t\t<div class=\"mh-related-posts__inner\">\n\t\t\t\t\n\n<h3 class=\"wp-block-heading\" id=\"h-also-read\">Also read<\/h3>\n\n\n<div class=\"t2-featured-content-layout alignwide alignwide wp-block-t2-featured-content-layout\">\n<div class=\"t2-featured-query-post t2-featured-content is-post-type-news wp-block-t2-featured-query-post t2-featured-content-layout-col-4\"><a class=\"t2-post-link wp-block-t2-post-link\" href=\"https:\/\/mentalhelse.no\/sorum\/aktuelt\/aktivitetsplan\/\">\n\t<figure style=\"--t2-focal-point: 50% 50%;\" class=\"t2-post-featured-image has-image-ratio-16-9 wp-block-t2-post-featured-image\"><img loading=\"lazy\" decoding=\"async\" width=\"1134\" height=\"756\" src=\"https:\/\/mentalhelse.no\/content\/uploads\/sites\/335\/2024\/04\/InkedMH-grilling_LI.jpg\" class=\"attachment-post-thumbnail size-post-thumbnail wp-post-image\" alt=\"\" srcset=\"https:\/\/mentalhelse.no\/content\/uploads\/sites\/335\/2024\/04\/InkedMH-grilling_LI.jpg 1134w, https:\/\/mentalhelse.no\/content\/uploads\/sites\/335\/2024\/04\/InkedMH-grilling_LI-300x200.jpg 300w, https:\/\/mentalhelse.no\/content\/uploads\/sites\/335\/2024\/04\/InkedMH-grilling_LI-1024x683.jpg 1024w, https:\/\/mentalhelse.no\/content\/uploads\/sites\/335\/2024\/04\/InkedMH-grilling_LI-768x512.jpg 768w\" sizes=\"auto, (max-width: 1134px) 100vw, 1134px\" style=\"--focal-point: 50% 50%;\" \/><\/figure>\n<\/a>\n\n<div class=\"wp-block-group postinfo alignfull is-layout-flow wp-block-group-is-layout-flow\">\n\t<div class=\"wp-block-mentalhelse-post-category\">\n\t\t\t\t\t<div class=\"post-type\">\n\t\t\t\t\t\t<a href=\"https:\/\/mentalhelse.no\/sorum\/aktuelt\/\">Nyheter<\/a>\n\t\t\t\t\t<\/div>\n\t\t\t\t\t\n\t\t\t\t\t<div class=\"post-category\">\n\t\t\t\t\t\t\n\t\t\t\t\t<\/div>\n\t\t\t<\/div>\n\t<a class=\"t2-post-link wp-block-t2-post-link\" href=\"https:\/\/mentalhelse.no\/sorum\/aktuelt\/aktivitetsplan\/\">\n\t<h2 class=\"t2-post-title wp-block-t2-post-title\">Aktivitetsplan<\/h2>\n\t<\/a>\n<\/div>\n\n<\/div>\n\n\n\n\n<\/div>\n\n\t\t\t<\/div>\n\t\t<\/div>","protected":false},"excerpt":{"rendered":"<p>Samtalegruppe siste onsdag hver m\u00e5ned, med fokus p\u00e5 psykisk helse. NB! Det er viktig \u00e5 merke seg at Mental Helse S\u00f8rum kun best\u00e5r av frivillige&#8230;<\/p>\n","protected":false},"author":32,"featured_media":1076,"parent":0,"template":"","meta":{"t2_featured_media_focal_point":{"x":0.5,"y":0.5},"mh_hide_title":false},"news_category":[],"class_list":["post-1073","news","type-news","status-publish","has-post-thumbnail","hentry"],"yoast_head":"<!-- This site is optimized with the Yoast SEO Premium plugin v21.2 (Yoast SEO v21.2) - https:\/\/yoast.com\/wordpress\/plugins\/seo\/ -->\n<title>&quot;Onsdagsgruppa&quot;. - Mental Helse - S\u00f8rum<\/title>\n<meta name=\"robots\" content=\"index, follow, max-snippet:-1, max-image-preview:large, max-video-preview:-1\" \/>\n<link rel=\"canonical\" href=\"https:\/\/mentalhelse.no\/sorum\/aktuelt\/onsdagsgruppa\/\" \/>\n<meta property=\"og:locale\" content=\"nb_NO\" \/>\n<meta property=\"og:type\" content=\"article\" \/>\n<meta property=\"og:title\" content=\"&quot;Onsdagsgruppa&quot;.\" \/>\n<meta property=\"og:description\" content=\"Samtalegruppe siste onsdag hver m\u00e5ned, med fokus p\u00e5 psykisk helse. NB! Det er viktig \u00e5 merke seg at Mental Helse S\u00f8rum kun best\u00e5r av frivillige...\" \/>\n<meta property=\"og:url\" content=\"https:\/\/mentalhelse.no\/sorum\/aktuelt\/onsdagsgruppa\/\" \/>\n<meta property=\"og:site_name\" content=\"S\u00f8rum\" \/>\n<meta property=\"article:modified_time\" content=\"2025-05-23T16:35:08+00:00\" \/>\n<meta property=\"og:image\" content=\"https:\/\/mentalhelse.no\/content\/uploads\/sites\/335\/2023\/09\/20181018_153633_449008ba-1-scaled.jpg\" \/>\n\t<meta property=\"og:image:width\" content=\"1920\" \/>\n\t<meta property=\"og:image:height\" content=\"2560\" \/>\n\t<meta property=\"og:image:type\" content=\"image\/jpeg\" \/>\n<meta name=\"twitter:card\" content=\"summary_large_image\" \/>\n<meta name=\"twitter:label1\" content=\"Ansl. lesetid\" \/>\n\t<meta name=\"twitter:data1\" content=\"1 minutt\" \/>\n<script type=\"application\/ld+json\" class=\"yoast-schema-graph\">{\"@context\":\"https:\/\/schema.org\",\"@graph\":[{\"@type\":\"WebPage\",\"@id\":\"https:\/\/mentalhelse.no\/sorum\/aktuelt\/onsdagsgruppa\/\",\"url\":\"https:\/\/mentalhelse.no\/sorum\/aktuelt\/onsdagsgruppa\/\",\"name\":\"\\\"Onsdagsgruppa\\\". - S\u00f8rum\",\"isPartOf\":{\"@id\":\"https:\/\/mentalhelse.no\/sorum\/#website\"},\"datePublished\":\"2023-09-29T16:04:44+00:00\",\"dateModified\":\"2025-05-23T16:35:08+00:00\",\"breadcrumb\":{\"@id\":\"https:\/\/mentalhelse.no\/sorum\/aktuelt\/onsdagsgruppa\/#breadcrumb\"},\"inLanguage\":\"nb-NO\",\"potentialAction\":[{\"@type\":\"ReadAction\",\"target\":[\"https:\/\/mentalhelse.no\/sorum\/aktuelt\/onsdagsgruppa\/\"]}]},{\"@type\":\"BreadcrumbList\",\"@id\":\"https:\/\/mentalhelse.no\/sorum\/aktuelt\/onsdagsgruppa\/#breadcrumb\",\"itemListElement\":[{\"@type\":\"ListItem\",\"position\":1,\"name\":\"Hjem\",\"item\":\"https:\/\/mentalhelse.no\/sorum\/\"},{\"@type\":\"ListItem\",\"position\":2,\"name\":\"Nyheter\",\"item\":\"https:\/\/mentalhelse.no\/sorum\/aktuelt\/\"},{\"@type\":\"ListItem\",\"position\":3,\"name\":\"&laquo;Onsdagsgruppa&raquo;.\"}]},{\"@type\":\"WebSite\",\"@id\":\"https:\/\/mentalhelse.no\/sorum\/#website\",\"url\":\"https:\/\/mentalhelse.no\/sorum\/\",\"name\":\"S\u00f8rum\",\"description\":\"\",\"potentialAction\":[{\"@type\":\"SearchAction\",\"target\":{\"@type\":\"EntryPoint\",\"urlTemplate\":\"https:\/\/mentalhelse.no\/sorum\/?s={search_term_string}\"},\"query-input\":\"required name=search_term_string\"}],\"inLanguage\":\"nb-NO\"},{\"@type\":\"Person\",\"@id\":\"https:\/\/mentalhelse.no\/sorum\/#\/schema\/person\/78069362a9d6ed5b0b5fe992edd369b9\",\"name\":\"lagsorum\",\"image\":{\"@type\":\"ImageObject\",\"inLanguage\":\"nb-NO\",\"@id\":\"https:\/\/mentalhelse.no\/sorum\/#\/schema\/person\/image\/\",\"url\":\"https:\/\/secure.gravatar.com\/avatar\/84213e72b21699933cab34f4553dc80d?s=96&d=mm&r=g\",\"contentUrl\":\"https:\/\/secure.gravatar.com\/avatar\/84213e72b21699933cab34f4553dc80d?s=96&d=mm&r=g\",\"caption\":\"lagsorum\"},\"sameAs\":[\"https:\/\/www.facebook.com\/groups\/1696590487242140\"],\"url\":\"https:\/\/mentalhelse.no\/sorum\/author\/lagsorum\/\"}]}<\/script>\n<!-- \/ Yoast SEO Premium plugin. -->","yoast_head_json":{"title":"\"Onsdagsgruppa\". - Mental Helse - S\u00f8rum","robots":{"index":"index","follow":"follow","max-snippet":"max-snippet:-1","max-image-preview":"max-image-preview:large","max-video-preview":"max-video-preview:-1"},"canonical":"https:\/\/mentalhelse.no\/sorum\/aktuelt\/onsdagsgruppa\/","og_locale":"nb_NO","og_type":"article","og_title":"\"Onsdagsgruppa\".","og_description":"Samtalegruppe siste onsdag hver m\u00e5ned, med fokus p\u00e5 psykisk helse. NB! Det er viktig \u00e5 merke seg at Mental Helse S\u00f8rum kun best\u00e5r av frivillige...","og_url":"https:\/\/mentalhelse.no\/sorum\/aktuelt\/onsdagsgruppa\/","og_site_name":"S\u00f8rum","article_modified_time":"2025-05-23T16:35:08+00:00","og_image":[{"width":1920,"height":2560,"url":"https:\/\/mentalhelse.no\/content\/uploads\/sites\/335\/2023\/09\/20181018_153633_449008ba-1-scaled.jpg","type":"image\/jpeg"}],"twitter_card":"summary_large_image","twitter_misc":{"Ansl. lesetid":"1 minutt"},"schema":{"@context":"https:\/\/schema.org","@graph":[{"@type":"WebPage","@id":"https:\/\/mentalhelse.no\/sorum\/aktuelt\/onsdagsgruppa\/","url":"https:\/\/mentalhelse.no\/sorum\/aktuelt\/onsdagsgruppa\/","name":"\"Onsdagsgruppa\". - S\u00f8rum","isPartOf":{"@id":"https:\/\/mentalhelse.no\/sorum\/#website"},"datePublished":"2023-09-29T16:04:44+00:00","dateModified":"2025-05-23T16:35:08+00:00","breadcrumb":{"@id":"https:\/\/mentalhelse.no\/sorum\/aktuelt\/onsdagsgruppa\/#breadcrumb"},"inLanguage":"nb-NO","potentialAction":[{"@type":"ReadAction","target":["https:\/\/mentalhelse.no\/sorum\/aktuelt\/onsdagsgruppa\/"]}]},{"@type":"BreadcrumbList","@id":"https:\/\/mentalhelse.no\/sorum\/aktuelt\/onsdagsgruppa\/#breadcrumb","itemListElement":[{"@type":"ListItem","position":1,"name":"Hjem","item":"https:\/\/mentalhelse.no\/sorum\/"},{"@type":"ListItem","position":2,"name":"Nyheter","item":"https:\/\/mentalhelse.no\/sorum\/aktuelt\/"},{"@type":"ListItem","position":3,"name":"&laquo;Onsdagsgruppa&raquo;."}]},{"@type":"WebSite","@id":"https:\/\/mentalhelse.no\/sorum\/#website","url":"https:\/\/mentalhelse.no\/sorum\/","name":"S\u00f8rum","description":"","potentialAction":[{"@type":"SearchAction","target":{"@type":"EntryPoint","urlTemplate":"https:\/\/mentalhelse.no\/sorum\/?s={search_term_string}"},"query-input":"required name=search_term_string"}],"inLanguage":"nb-NO"},{"@type":"Person","@id":"https:\/\/mentalhelse.no\/sorum\/#\/schema\/person\/78069362a9d6ed5b0b5fe992edd369b9","name":"lagsorum","image":{"@type":"ImageObject","inLanguage":"nb-NO","@id":"https:\/\/mentalhelse.no\/sorum\/#\/schema\/person\/image\/","url":"https:\/\/secure.gravatar.com\/avatar\/84213e72b21699933cab34f4553dc80d?s=96&d=mm&r=g","contentUrl":"https:\/\/secure.gravatar.com\/avatar\/84213e72b21699933cab34f4553dc80d?s=96&d=mm&r=g","caption":"lagsorum"},"sameAs":["https:\/\/www.facebook.com\/groups\/1696590487242140"],"url":"https:\/\/mentalhelse.no\/sorum\/author\/lagsorum\/"}]}},"_links":{"self":[{"href":"https:\/\/mentalhelse.no\/sorum\/wp-json\/wp\/v2\/news\/1073","targetHints":{"allow":["GET"]}}],"collection":[{"href":"https:\/\/mentalhelse.no\/sorum\/wp-json\/wp\/v2\/news"}],"about":[{"href":"https:\/\/mentalhelse.no\/sorum\/wp-json\/wp\/v2\/types\/news"}],"author":[{"embeddable":true,"href":"https:\/\/mentalhelse.no\/sorum\/wp-json\/wp\/v2\/users\/32"}],"wp:featuredmedia":[{"embeddable":true,"href":"https:\/\/mentalhelse.no\/sorum\/wp-json\/wp\/v2\/media\/1076"}],"wp:attachment":[{"href":"https:\/\/mentalhelse.no\/sorum\/wp-json\/wp\/v2\/media?parent=1073"}],"wp:term":[{"taxonomy":"news_category","embeddable":true,"href":"https:\/\/mentalhelse.no\/sorum\/wp-json\/wp\/v2\/news_category?post=1073"}],"curies":[{"name":"wp","href":"https:\/\/api.w.org\/{rel}","templated":true}]}}